{"id":8696,"date":"2023-08-17T09:57:14","date_gmt":"2023-08-17T13:57:14","guid":{"rendered":"https:\/\/www.infotetquebec.com\/?p=8696"},"modified":"2023-08-17T10:07:50","modified_gmt":"2023-08-17T14:07:50","slug":"informar-y-asistir-a-los-tet-de-la-granja-al-campo-de-futbol","status":"publish","type":"post","link":"https:\/\/www.infotetquebec.com\/es\/informar-y-asistir-a-los-tet-de-la-granja-al-campo-de-futbol\/","title":{"rendered":"Informar y asistir a los TET, de la granja al campo de f\u00fatbol"},"content":{"rendered":"\t\t<div data-elementor-type=\"wp-post\" data-elementor-id=\"8696\" class=\"elementor elementor-8696 elementor-8647\" data-elementor-post-type=\"post\">\n\t\t\t\t\t\t<section class=\"elementor-section elementor-top-section elementor-element elementor-element-1c994cb elementor-section-boxed elementor-section-height-default elementor-section-height-default\" data-id=\"1c994cb\" data-element_type=\"section\" data-e-type=\"section\">\n\t\t\t\t\t\t<div class=\"elementor-container elementor-column-gap-default\">\n\t\t\t\t\t<div class=\"elementor-column elementor-col-100 elementor-top-column elementor-element elementor-element-4486b87\" data-id=\"4486b87\" data-element_type=\"column\" data-e-type=\"column\">\n\t\t\t<div class=\"elementor-widget-wrap elementor-element-populated\">\n\t\t\t\t\t\t<div class=\"elementor-element elementor-element-f70a910 elementor-widget elementor-widget-text-editor\" data-id=\"f70a910\" data-element_type=\"widget\" data-e-type=\"widget\" data-widget_type=\"text-editor.default\">\n\t\t\t\t<div class=\"elementor-widget-container\">\n\t\t\t\t\t\t\t\t\t<p>Traducci\u00f3n : Francisco Salazar<\/p>\t\t\t\t\t\t\t\t<\/div>\n\t\t\t\t<\/div>\n\t\t\t\t<div class=\"elementor-element elementor-element-47d8217 elementor-widget elementor-widget-text-editor\" data-id=\"47d8217\" data-element_type=\"widget\" data-e-type=\"widget\" data-widget_type=\"text-editor.default\">\n\t\t\t\t<div class=\"elementor-widget-container\">\n\t\t\t\t\t\t\t\t\t<p style=\"font-weight: 400;\"><strong>Sandra Cerdeline lleg\u00f3 de Camer\u00fan hace unos diez a\u00f1os y recuerda como fueron sus primeros d\u00edas: como reci\u00e9n llegada, en ese momento sent\u00eda que no ten\u00eda toda la informaci\u00f3n, ni los recursos necesarios. Actualmente, como directora general de <a href=\"https:\/\/www.infotetquebec.com\/es\/complexe-x-immigration\/\">Complexe X Immigration<\/a>, una organizaci\u00f3n ubicada en Saint-Constant en la Mont\u00e9r\u00e9gie, supervisa un proyecto cuya misi\u00f3n consiste en asistir a los trabajadores extranjeros temporales agr\u00edcolas para acceder a la informaci\u00f3n y para romper el aislamiento social.<\/strong><\/p><p style=\"font-weight: 400;\">Su proyecto, que forma parte del Programa de Apoyo para los Trabajadores Migrantes financiado por el Gobierno de Canad\u00e1 y coordinado por Immigrant Qu\u00e9bec, incluye sesiones informativas presenciales y virtuales en las granjas, actividades espec\u00edficas como la entrega de bicicletas y las tardes de elotiza, pero sobre todo, una liga de f\u00fatbol al aire libre, que re\u00fane cada domingo a cientos de personas.<\/p><p style=\"font-weight: 400;\"><strong>InfoTET: \u00bfQu\u00e9 te motiv\u00f3 para iniciar este proyecto y ayudar a los trabajadores extranjeros temporales en el seno de Complexe X Immigration?<\/strong><\/p><p style=\"font-weight: 400;\"><strong>SC:<\/strong> Llevo ocho meses en Complexe X Immigration y, desde entonces, mi prop\u00f3sito ha sido el dejar volar mi creatividad. Cuando el proyecto de Immigrant Quebec toc\u00f3 a mi puerta, fue una interpelaci\u00f3n para m\u00ed. Soy inmigrante y, sinceramente, me hubiera gustado beneficiarme, hace diez a\u00f1os cuando llegu\u00e9 aqu\u00ed, de todos estos recursos, pero lamentablemente en esa \u00e9poca no hab\u00eda toda esta apertura. En ese entonces descubr\u00ed un lado oculto: la soledad. Tan pronto como me enter\u00e9 de este proyecto para los trabajadores extranjeros temporales, pens\u00e9 que era una buena oportunidad para m\u00ed de contribuir con esta causa.<\/p>\t\t\t\t\t\t\t\t<\/div>\n\t\t\t\t<\/div>\n\t\t\t\t\t<\/div>\n\t\t<\/div>\n\t\t\t\t\t<\/div>\n\t\t<\/section>\n\t\t\t\t<section class=\"elementor-section elementor-top-section elementor-element elementor-element-3dc2743 elementor-section-boxed elementor-section-height-default elementor-section-height-default\" data-id=\"3dc2743\" data-element_type=\"section\" data-e-type=\"section\">\n\t\t\t\t\t\t<div class=\"elementor-container elementor-column-gap-default\">\n\t\t\t\t\t<div class=\"elementor-column elementor-col-50 elementor-top-column elementor-element elementor-element-ea44781\" data-id=\"ea44781\" data-element_type=\"column\" data-e-type=\"column\">\n\t\t\t<div class=\"elementor-widget-wrap elementor-element-populated\">\n\t\t\t\t\t\t<div class=\"elementor-element elementor-element-860107a elementor-widget elementor-widget-image\" data-id=\"860107a\" data-element_type=\"widget\" data-e-type=\"widget\" data-widget_type=\"image.default\">\n\t\t\t\t<div class=\"elementor-widget-container\">\n\t\t\t\t\t\t\t\t\t\t\t\t<figure class=\"wp-caption\">\n\t\t\t\t\t\t\t\t\t\t<img fetchpriority=\"high\" decoding=\"async\" width=\"683\" height=\"1024\" src=\"https:\/\/www.infotetquebec.com\/wp-content\/uploads\/2023\/08\/Sandra_Cerdeline_3_Marie_Anne_Daye_InfoTET-683x1024.jpg\" class=\"attachment-large size-large wp-image-8650\" alt=\"\" srcset=\"https:\/\/www.infotetquebec.com\/wp-content\/uploads\/2023\/08\/Sandra_Cerdeline_3_Marie_Anne_Daye_InfoTET-683x1024.jpg 683w, https:\/\/www.infotetquebec.com\/wp-content\/uploads\/2023\/08\/Sandra_Cerdeline_3_Marie_Anne_Daye_InfoTET-200x300.jpg 200w, https:\/\/www.infotetquebec.com\/wp-content\/uploads\/2023\/08\/Sandra_Cerdeline_3_Marie_Anne_Daye_InfoTET-768x1152.jpg 768w, https:\/\/www.infotetquebec.com\/wp-content\/uploads\/2023\/08\/Sandra_Cerdeline_3_Marie_Anne_Daye_InfoTET-1024x1536.jpg 1024w, https:\/\/www.infotetquebec.com\/wp-content\/uploads\/2023\/08\/Sandra_Cerdeline_3_Marie_Anne_Daye_InfoTET-1365x2048.jpg 1365w, https:\/\/www.infotetquebec.com\/wp-content\/uploads\/2023\/08\/Sandra_Cerdeline_3_Marie_Anne_Daye_InfoTET-scaled.jpg 1707w\" sizes=\"(max-width: 683px) 100vw, 683px\" \/>\t\t\t\t\t\t\t\t\t\t\t<figcaption class=\"widget-image-caption wp-caption-text\">Photo Marie-Anne Day\u00e9<\/figcaption>\n\t\t\t\t\t\t\t\t\t\t<\/figure>\n\t\t\t\t\t\t\t\t\t<\/div>\n\t\t\t\t<\/div>\n\t\t\t\t\t<\/div>\n\t\t<\/div>\n\t\t\t\t<div class=\"elementor-column elementor-col-50 elementor-top-column elementor-element elementor-element-31d456f\" data-id=\"31d456f\" data-element_type=\"column\" data-e-type=\"column\">\n\t\t\t<div class=\"elementor-widget-wrap elementor-element-populated\">\n\t\t\t\t\t\t<div class=\"elementor-element elementor-element-8c70e8f elementor-widget elementor-widget-text-editor\" data-id=\"8c70e8f\" data-element_type=\"widget\" data-e-type=\"widget\" data-widget_type=\"text-editor.default\">\n\t\t\t\t<div class=\"elementor-widget-container\">\n\t\t\t\t\t\t\t\t\t<p style=\"font-weight: 400;\"><strong>InfoTET: \u00bfPor qu\u00e9 eligi\u00f3 el f\u00fatbol como punto de uni\u00f3n entre los TET?<\/strong><\/p>\n<p style=\"font-weight: 400;\"><strong>SC:<\/strong> Vengo de \u00c1frica y el deporte m\u00e1s popular es el f\u00fatbol. Entonces me dije: \u00bfqu\u00e9 podr\u00eda ser m\u00e1s hermoso que permitir que la gente se divierta y reciba, al final de la temporada, un trofeo antes de regresar a su casa? Entiendo muy bien la importancia de este gesto. Mis hermanos, alguna vez llegaron con una medalla y en la casa, \u00a1lo celebramos por m\u00e1s de una semana!<\/p>\n<p style=\"font-weight: 400;\">Tengo una coordinadora en el campo de juego y voluntarios, a pesar de eso, nunca me he perdido un s\u00f3lo partido de f\u00fatbol. A veces, no tengo un solo minuto para m\u00ed porque todo el mundo viene a verme. \u00a1Me he convertido en la madrina del f\u00fatbol!<\/p>\n<p style=\"font-weight: 400;\"><strong>InfoTET: \u00bfQu\u00e9 momento te ha marcado m\u00e1s en lo que llevamos de proyecto?<\/strong><\/p>\n<p style=\"font-weight: 400;\"><strong>SC:<\/strong> Sobre todo, yo dir\u00eda que es la emoci\u00f3n que emana de los TET. Cada vez que se termina una sesi\u00f3n informativa, siento una vibra de energ\u00eda. Esas personas que despu\u00e9s de una sesi\u00f3n vienen a abrazarme y me dicen \u201cLlevo 18 a\u00f1os viniendo a trabajar y regresando a mi pa\u00eds, pero nunca hab\u00eda sentido este aprecio que tenemos contigo, porque siempre est\u00e1s ah\u00ed para nosotros. Cuando nos hablas, viene del fondo de tu coraz\u00f3n y siempre nos hablas con la verdad. Con la gu\u00eda los oriento, les doy los n\u00fameros de tel\u00e9fono y los invito a que llamen y se informen. Sobre todo, lo que me conmueve es: saber que logramos transmitir el mensaje.<\/p>\n<p style=\"font-weight: 400;\">\n\t\t\t\t\t\t\t\t<\/div>\n\t\t\t\t<\/div>\n\t\t\t\t\t<\/div>\n\t\t<\/div>\n\t\t\t\t\t<\/div>\n\t\t<\/section>\n\t\t\t\t<section class=\"elementor-section elementor-top-section elementor-element elementor-element-c9b1a66 elementor-section-boxed elementor-section-height-default elementor-section-height-default\" data-id=\"c9b1a66\" data-element_type=\"section\" data-e-type=\"section\">\n\t\t\t\t\t\t<div class=\"elementor-container elementor-column-gap-default\">\n\t\t\t\t\t<div class=\"elementor-column elementor-col-100 elementor-top-column elementor-element elementor-element-16af2bf\" data-id=\"16af2bf\" data-element_type=\"column\" data-e-type=\"column\">\n\t\t\t<div class=\"elementor-widget-wrap elementor-element-populated\">\n\t\t\t\t\t\t<div class=\"elementor-element elementor-element-f0826b4 elementor-alert-warning elementor-widget elementor-widget-alert\" data-id=\"f0826b4\" data-element_type=\"widget\" data-e-type=\"widget\" data-widget_type=\"alert.default\">\n\t\t\t\t<div class=\"elementor-widget-container\">\n\t\t\t\t\t\t\t<div class=\"elementor-alert\" role=\"alert\">\n\n\t\t\t\t\t\t<span class=\"elementor-alert-title\">El f\u00fatbol, un deporte que une a la gente<\/span>\n\t\t\t\n\t\t\t\t\t\t<span class=\"elementor-alert-description\"><p style=\"font-weight: 400\">La liga de f\u00fatbol ha crecido de 6 equipos, al inicio del proyecto, a 32 en la actualidad. El 4 de junio de 2023, Complexe X Immigration inaugur\u00f3 la temporada de f\u00fatbol y entreg\u00f3 treinta bicicletas revalorizadas por Cyclo Nord-Sud. El 10 de septiembre se llevar\u00e1 a cabo la gran final del torneo.<\/p>\n<\/span>\n\t\t\t\n\t\t\t\t\t\t<button type=\"button\" class=\"elementor-alert-dismiss\" aria-label=\"Descartar esta alerta.\">\n\t\t\t\t\t\t\t\t\t<span aria-hidden=\"true\">&times;<\/span>\n\t\t\t\t\t\t\t<\/button>\n\t\t\t\n\t\t<\/div>\n\t\t\t\t\t\t<\/div>\n\t\t\t\t<\/div>\n\t\t\t\t<div class=\"elementor-element elementor-element-6e30595 elementor-widget elementor-widget-spacer\" data-id=\"6e30595\" data-element_type=\"widget\" data-e-type=\"widget\" data-widget_type=\"spacer.default\">\n\t\t\t\t<div class=\"elementor-widget-container\">\n\t\t\t\t\t\t\t<div class=\"elementor-spacer\">\n\t\t\t<div class=\"elementor-spacer-inner\"><\/div>\n\t\t<\/div>\n\t\t\t\t\t\t<\/div>\n\t\t\t\t<\/div>\n\t\t\t\t\t<\/div>\n\t\t<\/div>\n\t\t\t\t\t<\/div>\n\t\t<\/section>\n\t\t\t\t<section class=\"elementor-section elementor-top-section elementor-element elementor-element-5b94e0c elementor-section-boxed elementor-section-height-default elementor-section-height-default\" data-id=\"5b94e0c\" data-element_type=\"section\" data-e-type=\"section\">\n\t\t\t\t\t\t<div class=\"elementor-container elementor-column-gap-default\">\n\t\t\t\t\t<div class=\"elementor-column elementor-col-50 elementor-top-column elementor-element elementor-element-36d2fa1\" data-id=\"36d2fa1\" data-element_type=\"column\" data-e-type=\"column\">\n\t\t\t<div class=\"elementor-widget-wrap elementor-element-populated\">\n\t\t\t\t\t\t<div class=\"elementor-element elementor-element-eacd8c3 elementor-widget elementor-widget-image\" data-id=\"eacd8c3\" data-element_type=\"widget\" data-e-type=\"widget\" data-widget_type=\"image.default\">\n\t\t\t\t<div class=\"elementor-widget-container\">\n\t\t\t\t\t\t\t\t\t\t\t\t\t\t\t<img decoding=\"async\" width=\"1024\" height=\"768\" src=\"https:\/\/www.infotetquebec.com\/wp-content\/uploads\/2023\/08\/Complexe-X-3-1024x768.jpg\" class=\"attachment-large size-large wp-image-8660\" alt=\"\" srcset=\"https:\/\/www.infotetquebec.com\/wp-content\/uploads\/2023\/08\/Complexe-X-3-1024x768.jpg 1024w, https:\/\/www.infotetquebec.com\/wp-content\/uploads\/2023\/08\/Complexe-X-3-300x225.jpg 300w, https:\/\/www.infotetquebec.com\/wp-content\/uploads\/2023\/08\/Complexe-X-3-768x576.jpg 768w, https:\/\/www.infotetquebec.com\/wp-content\/uploads\/2023\/08\/Complexe-X-3-1536x1152.jpg 1536w, https:\/\/www.infotetquebec.com\/wp-content\/uploads\/2023\/08\/Complexe-X-3-702x526.jpg 702w, https:\/\/www.infotetquebec.com\/wp-content\/uploads\/2023\/08\/Complexe-X-3.jpg 2048w\" sizes=\"(max-width: 1024px) 100vw, 1024px\" \/>\t\t\t\t\t\t\t\t\t\t\t\t\t\t\t<\/div>\n\t\t\t\t<\/div>\n\t\t\t\t\t<\/div>\n\t\t<\/div>\n\t\t\t\t<div class=\"elementor-column elementor-col-50 elementor-top-column elementor-element elementor-element-6b93e55\" data-id=\"6b93e55\" data-element_type=\"column\" data-e-type=\"column\">\n\t\t\t<div class=\"elementor-widget-wrap elementor-element-populated\">\n\t\t\t\t\t\t<div class=\"elementor-element elementor-element-dee0907 elementor-widget elementor-widget-image\" data-id=\"dee0907\" data-element_type=\"widget\" data-e-type=\"widget\" data-widget_type=\"image.default\">\n\t\t\t\t<div class=\"elementor-widget-container\">\n\t\t\t\t\t\t\t\t\t\t\t\t\t\t\t<img decoding=\"async\" width=\"1024\" height=\"767\" src=\"https:\/\/www.infotetquebec.com\/wp-content\/uploads\/2023\/08\/Complexe-X-1024x767.jpg\" class=\"attachment-large size-large wp-image-8663\" alt=\"\" srcset=\"https:\/\/www.infotetquebec.com\/wp-content\/uploads\/2023\/08\/Complexe-X-1024x767.jpg 1024w, https:\/\/www.infotetquebec.com\/wp-content\/uploads\/2023\/08\/Complexe-X-300x225.jpg 300w, https:\/\/www.infotetquebec.com\/wp-content\/uploads\/2023\/08\/Complexe-X-768x575.jpg 768w, https:\/\/www.infotetquebec.com\/wp-content\/uploads\/2023\/08\/Complexe-X-702x526.jpg 702w, https:\/\/www.infotetquebec.com\/wp-content\/uploads\/2023\/08\/Complexe-X.jpg 1170w\" sizes=\"(max-width: 1024px) 100vw, 1024px\" \/>\t\t\t\t\t\t\t\t\t\t\t\t\t\t\t<\/div>\n\t\t\t\t<\/div>\n\t\t\t\t\t<\/div>\n\t\t<\/div>\n\t\t\t\t\t<\/div>\n\t\t<\/section>\n\t\t\t\t<section class=\"elementor-section elementor-top-section elementor-element elementor-element-7849dd7 elementor-section-boxed elementor-section-height-default elementor-section-height-default\" data-id=\"7849dd7\" data-element_type=\"section\" data-e-type=\"section\">\n\t\t\t\t\t\t<div class=\"elementor-container elementor-column-gap-default\">\n\t\t\t\t\t<div class=\"elementor-column elementor-col-100 elementor-top-column elementor-element elementor-element-db58fde\" data-id=\"db58fde\" data-element_type=\"column\" data-e-type=\"column\">\n\t\t\t<div class=\"elementor-widget-wrap elementor-element-populated\">\n\t\t\t\t\t\t<div class=\"elementor-element elementor-element-1e92579 elementor-widget elementor-widget-text-editor\" data-id=\"1e92579\" data-element_type=\"widget\" data-e-type=\"widget\" data-widget_type=\"text-editor.default\">\n\t\t\t\t<div class=\"elementor-widget-container\">\n\t\t\t\t\t\t\t\t\t<p>Fotos : <a href=\"https:\/\/www.facebook.com\/profile.php?id=100080992222529\">Complexe X Immigration<\/a><\/p>\n\t\t\t\t\t\t\t\t<\/div>\n\t\t\t\t<\/div>\n\t\t\t\t\t<\/div>\n\t\t<\/div>\n\t\t\t\t\t<\/div>\n\t\t<\/section>\n\t\t\t\t<section class=\"elementor-section elementor-top-section elementor-element elementor-element-e907bff elementor-section-boxed elementor-section-height-default elementor-section-height-default\" data-id=\"e907bff\" data-element_type=\"section\" data-e-type=\"section\">\n\t\t\t\t\t\t<div class=\"elementor-container elementor-column-gap-default\">\n\t\t\t\t\t<div class=\"elementor-column elementor-col-100 elementor-top-column elementor-element elementor-element-2dd0404\" data-id=\"2dd0404\" data-element_type=\"column\" data-e-type=\"column\">\n\t\t\t<div class=\"elementor-widget-wrap elementor-element-populated\">\n\t\t\t\t\t\t<div class=\"elementor-element elementor-element-5246414 elementor-widget elementor-widget-text-editor\" data-id=\"5246414\" data-element_type=\"widget\" data-e-type=\"widget\" data-widget_type=\"text-editor.default\">\n\t\t\t\t<div class=\"elementor-widget-container\">\n\t\t\t\t\t\t\t\t\t<p style=\"font-weight: 400;\"><strong>InfoTET: \u00bfQu\u00e9 mensaje quieres transmitir durante las sesiones informativas?<\/strong><\/p>\r\n<p style=\"font-weight: 400;\"><strong>SC:<\/strong> Hablo de la oportunidad que tenemos gracias a Immigrant Quebec y al Gobierno de Canad\u00e1 de poder apoyarlos a diario. Les digo que se abran, que se dejen ir. A trav\u00e9s de la capacitaci\u00f3n, los conduzco a comprender que la sumisi\u00f3n no existe en Quebec, que tienen derechos y que hay organizaciones que est\u00e1n dispuestas a ayudarlos y a acompa\u00f1arlos. Los invito a entender que es un regalo del cielo y que deben de aprovechar esta oportunidad porque no todo el mundo la puede tener.<\/p>\r\n<p style=\"font-weight: 400;\">Soy muy paciente, porque existe la barrera del idioma en nuestra comunicaci\u00f3n. No tienes que apresurarlos. Les digo que, si no han entendido todo lo que les he dicho, pueden acompa\u00f1arme los domingos en nuestro espacio, la cancha de f\u00fatbol.<\/p>\r\n<p style=\"font-weight: 400;\"><\/p>\r\n<p style=\"font-weight: 400;\"><em>Este proyecto est\u00e1 financiado por el Gobierno de Canad\u00e1.<\/em><\/p>\r\n<p style=\"font-weight: 400;\"><\/p>\t\t\t\t\t\t\t\t<\/div>\n\t\t\t\t<\/div>\n\t\t\t\t\t<\/div>\n\t\t<\/div>\n\t\t\t\t\t<\/div>\n\t\t<\/section>\n\t\t\t\t<\/div>\n\t\t","protected":false},"excerpt":{"rendered":"<p>Traducci\u00f3n : Francisco Salazar Sandra Cerdeline lleg\u00f3 de Camer\u00fan hace unos diez a\u00f1os y recuerda como fueron sus primeros d\u00edas: como reci\u00e9n llegada, en ese momento sent\u00eda que no ten\u00eda&#8230; <a class=\"more-link\" href=\"https:\/\/www.infotetquebec.com\/es\/informar-y-asistir-a-los-tet-de-la-granja-al-campo-de-futbol\/\">Leer m\u00e1s<\/a><\/p>\n","protected":false},"author":17,"featured_media":8677,"comment_status":"closed","ping_status":"open","sticky":false,"template":"","format":"standard","meta":{"_genesis_hide_title":false,"_genesis_hide_breadcrumbs":false,"_genesis_hide_singular_image":false,"_genesis_hide_footer_widgets":false,"_genesis_custom_body_class":"","_genesis_custom_post_class":"","_genesis_layout":"","footnotes":""},"categories":[54],"tags":[203],"class_list":["post-8696","post","type-post","status-publish","format-standard","has-post-thumbnail","category-noticias","tag-complexe-x-immigration","entry"],"yoast_head":"<!-- This site is optimized with the Yoast SEO plugin v27.5 - https:\/\/yoast.com\/product\/yoast-seo-wordpress\/ -->\n<title>Informar y asistir a los TET, de la granja al campo de f\u00fatbol - Infotetquebec<\/title>\n<meta name=\"description\" content=\"El proyecto de Complexe X Immigration consiste en informar y apoyar a los trabajadores temporales extranjeros (TET) a trav\u00e9s del f\u00fatbol.\" \/>\n<meta name=\"robots\" content=\"index, follow, max-snippet:-1, max-image-preview:large, max-video-preview:-1\" \/>\n<link rel=\"canonical\" href=\"https:\/\/www.infotetquebec.com\/es\/informar-y-asistir-a-los-tet-de-la-granja-al-campo-de-futbol\/\" \/>\n<meta property=\"og:locale\" content=\"es_ES\" \/>\n<meta property=\"og:type\" content=\"article\" \/>\n<meta property=\"og:title\" content=\"Informar y asistir a los TET, de la granja al campo de f\u00fatbol - Infotetquebec\" \/>\n<meta property=\"og:description\" content=\"El proyecto de Complexe X Immigration consiste en informar y apoyar a los trabajadores temporales extranjeros (TET) a trav\u00e9s del f\u00fatbol.\" \/>\n<meta property=\"og:url\" content=\"https:\/\/www.infotetquebec.com\/es\/informar-y-asistir-a-los-tet-de-la-granja-al-campo-de-futbol\/\" \/>\n<meta property=\"og:site_name\" content=\"Infotetquebec\" \/>\n<meta property=\"article:publisher\" content=\"https:\/\/www.facebook.com\/profile.php?id=100089616676260\" \/>\n<meta property=\"article:published_time\" content=\"2023-08-17T13:57:14+00:00\" \/>\n<meta property=\"article:modified_time\" content=\"2023-08-17T14:07:50+00:00\" \/>\n<meta property=\"og:image\" content=\"https:\/\/www.infotetquebec.com\/wp-content\/uploads\/2023\/08\/Sandra_Cerdeline_4_Marie_Anne_Daye_InfoTET-scaled.jpg\" \/>\n\t<meta property=\"og:image:width\" content=\"2560\" \/>\n\t<meta property=\"og:image:height\" content=\"1707\" \/>\n\t<meta property=\"og:image:type\" content=\"image\/jpeg\" \/>\n<meta name=\"author\" content=\"Francisco Salazar\" \/>\n<meta name=\"twitter:card\" content=\"summary_large_image\" \/>\n<meta name=\"twitter:label1\" content=\"Escrito por\" \/>\n\t<meta name=\"twitter:data1\" content=\"Francisco Salazar\" \/>\n\t<meta name=\"twitter:label2\" content=\"Tiempo de lectura\" \/>\n\t<meta name=\"twitter:data2\" content=\"4 minutos\" \/>\n<script type=\"application\/ld+json\" class=\"yoast-schema-graph\">{\"@context\":\"https:\\\/\\\/schema.org\",\"@graph\":[{\"@type\":\"Article\",\"@id\":\"https:\\\/\\\/www.infotetquebec.com\\\/es\\\/informar-y-asistir-a-los-tet-de-la-granja-al-campo-de-futbol\\\/#article\",\"isPartOf\":{\"@id\":\"https:\\\/\\\/www.infotetquebec.com\\\/es\\\/informar-y-asistir-a-los-tet-de-la-granja-al-campo-de-futbol\\\/\"},\"author\":{\"name\":\"Francisco Salazar\",\"@id\":\"https:\\\/\\\/www.infotetquebec.com\\\/es\\\/#\\\/schema\\\/person\\\/2e6e3396cc4022408f480098052d9329\"},\"headline\":\"Informar y asistir a los TET, de la granja al campo de f\u00fatbol\",\"datePublished\":\"2023-08-17T13:57:14+00:00\",\"dateModified\":\"2023-08-17T14:07:50+00:00\",\"mainEntityOfPage\":{\"@id\":\"https:\\\/\\\/www.infotetquebec.com\\\/es\\\/informar-y-asistir-a-los-tet-de-la-granja-al-campo-de-futbol\\\/\"},\"wordCount\":800,\"publisher\":{\"@id\":\"https:\\\/\\\/www.infotetquebec.com\\\/es\\\/#organization\"},\"image\":{\"@id\":\"https:\\\/\\\/www.infotetquebec.com\\\/es\\\/informar-y-asistir-a-los-tet-de-la-granja-al-campo-de-futbol\\\/#primaryimage\"},\"thumbnailUrl\":\"https:\\\/\\\/www.infotetquebec.com\\\/wp-content\\\/uploads\\\/2023\\\/08\\\/Sandra_Cerdeline_4_Marie_Anne_Daye_InfoTET-scaled.jpg\",\"keywords\":[\"complexe x immigration\"],\"articleSection\":[\"Art\u00edculos\"],\"inLanguage\":\"es\"},{\"@type\":\"WebPage\",\"@id\":\"https:\\\/\\\/www.infotetquebec.com\\\/es\\\/informar-y-asistir-a-los-tet-de-la-granja-al-campo-de-futbol\\\/\",\"url\":\"https:\\\/\\\/www.infotetquebec.com\\\/es\\\/informar-y-asistir-a-los-tet-de-la-granja-al-campo-de-futbol\\\/\",\"name\":\"Informar y asistir a los TET, de la granja al campo de f\u00fatbol - Infotetquebec\",\"isPartOf\":{\"@id\":\"https:\\\/\\\/www.infotetquebec.com\\\/es\\\/#website\"},\"primaryImageOfPage\":{\"@id\":\"https:\\\/\\\/www.infotetquebec.com\\\/es\\\/informar-y-asistir-a-los-tet-de-la-granja-al-campo-de-futbol\\\/#primaryimage\"},\"image\":{\"@id\":\"https:\\\/\\\/www.infotetquebec.com\\\/es\\\/informar-y-asistir-a-los-tet-de-la-granja-al-campo-de-futbol\\\/#primaryimage\"},\"thumbnailUrl\":\"https:\\\/\\\/www.infotetquebec.com\\\/wp-content\\\/uploads\\\/2023\\\/08\\\/Sandra_Cerdeline_4_Marie_Anne_Daye_InfoTET-scaled.jpg\",\"datePublished\":\"2023-08-17T13:57:14+00:00\",\"dateModified\":\"2023-08-17T14:07:50+00:00\",\"description\":\"El proyecto de Complexe X Immigration consiste en informar y apoyar a los trabajadores temporales extranjeros (TET) a trav\u00e9s del f\u00fatbol.\",\"breadcrumb\":{\"@id\":\"https:\\\/\\\/www.infotetquebec.com\\\/es\\\/informar-y-asistir-a-los-tet-de-la-granja-al-campo-de-futbol\\\/#breadcrumb\"},\"inLanguage\":\"es\",\"potentialAction\":[{\"@type\":\"ReadAction\",\"target\":[\"https:\\\/\\\/www.infotetquebec.com\\\/es\\\/informar-y-asistir-a-los-tet-de-la-granja-al-campo-de-futbol\\\/\"]}]},{\"@type\":\"ImageObject\",\"inLanguage\":\"es\",\"@id\":\"https:\\\/\\\/www.infotetquebec.com\\\/es\\\/informar-y-asistir-a-los-tet-de-la-granja-al-campo-de-futbol\\\/#primaryimage\",\"url\":\"https:\\\/\\\/www.infotetquebec.com\\\/wp-content\\\/uploads\\\/2023\\\/08\\\/Sandra_Cerdeline_4_Marie_Anne_Daye_InfoTET-scaled.jpg\",\"contentUrl\":\"https:\\\/\\\/www.infotetquebec.com\\\/wp-content\\\/uploads\\\/2023\\\/08\\\/Sandra_Cerdeline_4_Marie_Anne_Daye_InfoTET-scaled.jpg\",\"width\":2560,\"height\":1707,\"caption\":\"Foto: Marie-Anne Day\u00e9\"},{\"@type\":\"BreadcrumbList\",\"@id\":\"https:\\\/\\\/www.infotetquebec.com\\\/es\\\/informar-y-asistir-a-los-tet-de-la-granja-al-campo-de-futbol\\\/#breadcrumb\",\"itemListElement\":[{\"@type\":\"ListItem\",\"position\":1,\"name\":\"Accueil\",\"item\":\"https:\\\/\\\/www.infotetquebec.com\\\/es\\\/\"},{\"@type\":\"ListItem\",\"position\":2,\"name\":\"Informar y asistir a los TET, de la granja al campo de f\u00fatbol\"}]},{\"@type\":\"WebSite\",\"@id\":\"https:\\\/\\\/www.infotetquebec.com\\\/es\\\/#website\",\"url\":\"https:\\\/\\\/www.infotetquebec.com\\\/es\\\/\",\"name\":\"Infotetquebec\",\"description\":\"Info et soutien aux TET\",\"publisher\":{\"@id\":\"https:\\\/\\\/www.infotetquebec.com\\\/es\\\/#organization\"},\"potentialAction\":[{\"@type\":\"SearchAction\",\"target\":{\"@type\":\"EntryPoint\",\"urlTemplate\":\"https:\\\/\\\/www.infotetquebec.com\\\/es\\\/?s={search_term_string}\"},\"query-input\":{\"@type\":\"PropertyValueSpecification\",\"valueRequired\":true,\"valueName\":\"search_term_string\"}}],\"inLanguage\":\"es\"},{\"@type\":\"Organization\",\"@id\":\"https:\\\/\\\/www.infotetquebec.com\\\/es\\\/#organization\",\"name\":\"InfoTETQuebec\",\"url\":\"https:\\\/\\\/www.infotetquebec.com\\\/es\\\/\",\"logo\":{\"@type\":\"ImageObject\",\"inLanguage\":\"es\",\"@id\":\"https:\\\/\\\/www.infotetquebec.com\\\/es\\\/#\\\/schema\\\/logo\\\/image\\\/\",\"url\":\"https:\\\/\\\/www.infotetquebec.com\\\/wp-content\\\/uploads\\\/2021\\\/02\\\/cropped-IMQC_TET_Favicon_Fav-Icon_Fav-Icon-1.png\",\"contentUrl\":\"https:\\\/\\\/www.infotetquebec.com\\\/wp-content\\\/uploads\\\/2021\\\/02\\\/cropped-IMQC_TET_Favicon_Fav-Icon_Fav-Icon-1.png\",\"width\":512,\"height\":512,\"caption\":\"InfoTETQuebec\"},\"image\":{\"@id\":\"https:\\\/\\\/www.infotetquebec.com\\\/es\\\/#\\\/schema\\\/logo\\\/image\\\/\"},\"sameAs\":[\"https:\\\/\\\/www.facebook.com\\\/profile.php?id=100089616676260\"]},{\"@type\":\"Person\",\"@id\":\"https:\\\/\\\/www.infotetquebec.com\\\/es\\\/#\\\/schema\\\/person\\\/2e6e3396cc4022408f480098052d9329\",\"name\":\"Francisco Salazar\",\"image\":{\"@type\":\"ImageObject\",\"inLanguage\":\"es\",\"@id\":\"https:\\\/\\\/secure.gravatar.com\\\/avatar\\\/817253c5e9df69797a44385a77c231c8e9f92864af0861b091a2081006623cc3?s=96&d=mm&r=g\",\"url\":\"https:\\\/\\\/secure.gravatar.com\\\/avatar\\\/817253c5e9df69797a44385a77c231c8e9f92864af0861b091a2081006623cc3?s=96&d=mm&r=g\",\"contentUrl\":\"https:\\\/\\\/secure.gravatar.com\\\/avatar\\\/817253c5e9df69797a44385a77c231c8e9f92864af0861b091a2081006623cc3?s=96&d=mm&r=g\",\"caption\":\"Francisco Salazar\"},\"description\":\"Superviseur \u00e0 la coordination\",\"url\":\"https:\\\/\\\/www.infotetquebec.com\\\/es\\\/author\\\/francisco-salazarimmigrantquebec-com\\\/\"}]}<\/script>\n<!-- \/ Yoast SEO plugin. -->","yoast_head_json":{"title":"Informar y asistir a los TET, de la granja al campo de f\u00fatbol - Infotetquebec","description":"El proyecto de Complexe X Immigration consiste en informar y apoyar a los trabajadores temporales extranjeros (TET) a trav\u00e9s del f\u00fatbol.","robots":{"index":"index","follow":"follow","max-snippet":"max-snippet:-1","max-image-preview":"max-image-preview:large","max-video-preview":"max-video-preview:-1"},"canonical":"https:\/\/www.infotetquebec.com\/es\/informar-y-asistir-a-los-tet-de-la-granja-al-campo-de-futbol\/","og_locale":"es_ES","og_type":"article","og_title":"Informar y asistir a los TET, de la granja al campo de f\u00fatbol - Infotetquebec","og_description":"El proyecto de Complexe X Immigration consiste en informar y apoyar a los trabajadores temporales extranjeros (TET) a trav\u00e9s del f\u00fatbol.","og_url":"https:\/\/www.infotetquebec.com\/es\/informar-y-asistir-a-los-tet-de-la-granja-al-campo-de-futbol\/","og_site_name":"Infotetquebec","article_publisher":"https:\/\/www.facebook.com\/profile.php?id=100089616676260","article_published_time":"2023-08-17T13:57:14+00:00","article_modified_time":"2023-08-17T14:07:50+00:00","og_image":[{"width":2560,"height":1707,"url":"https:\/\/www.infotetquebec.com\/wp-content\/uploads\/2023\/08\/Sandra_Cerdeline_4_Marie_Anne_Daye_InfoTET-scaled.jpg","type":"image\/jpeg"}],"author":"Francisco Salazar","twitter_card":"summary_large_image","twitter_misc":{"Escrito por":"Francisco Salazar","Tiempo de lectura":"4 minutos"},"schema":{"@context":"https:\/\/schema.org","@graph":[{"@type":"Article","@id":"https:\/\/www.infotetquebec.com\/es\/informar-y-asistir-a-los-tet-de-la-granja-al-campo-de-futbol\/#article","isPartOf":{"@id":"https:\/\/www.infotetquebec.com\/es\/informar-y-asistir-a-los-tet-de-la-granja-al-campo-de-futbol\/"},"author":{"name":"Francisco Salazar","@id":"https:\/\/www.infotetquebec.com\/es\/#\/schema\/person\/2e6e3396cc4022408f480098052d9329"},"headline":"Informar y asistir a los TET, de la granja al campo de f\u00fatbol","datePublished":"2023-08-17T13:57:14+00:00","dateModified":"2023-08-17T14:07:50+00:00","mainEntityOfPage":{"@id":"https:\/\/www.infotetquebec.com\/es\/informar-y-asistir-a-los-tet-de-la-granja-al-campo-de-futbol\/"},"wordCount":800,"publisher":{"@id":"https:\/\/www.infotetquebec.com\/es\/#organization"},"image":{"@id":"https:\/\/www.infotetquebec.com\/es\/informar-y-asistir-a-los-tet-de-la-granja-al-campo-de-futbol\/#primaryimage"},"thumbnailUrl":"https:\/\/www.infotetquebec.com\/wp-content\/uploads\/2023\/08\/Sandra_Cerdeline_4_Marie_Anne_Daye_InfoTET-scaled.jpg","keywords":["complexe x immigration"],"articleSection":["Art\u00edculos"],"inLanguage":"es"},{"@type":"WebPage","@id":"https:\/\/www.infotetquebec.com\/es\/informar-y-asistir-a-los-tet-de-la-granja-al-campo-de-futbol\/","url":"https:\/\/www.infotetquebec.com\/es\/informar-y-asistir-a-los-tet-de-la-granja-al-campo-de-futbol\/","name":"Informar y asistir a los TET, de la granja al campo de f\u00fatbol - Infotetquebec","isPartOf":{"@id":"https:\/\/www.infotetquebec.com\/es\/#website"},"primaryImageOfPage":{"@id":"https:\/\/www.infotetquebec.com\/es\/informar-y-asistir-a-los-tet-de-la-granja-al-campo-de-futbol\/#primaryimage"},"image":{"@id":"https:\/\/www.infotetquebec.com\/es\/informar-y-asistir-a-los-tet-de-la-granja-al-campo-de-futbol\/#primaryimage"},"thumbnailUrl":"https:\/\/www.infotetquebec.com\/wp-content\/uploads\/2023\/08\/Sandra_Cerdeline_4_Marie_Anne_Daye_InfoTET-scaled.jpg","datePublished":"2023-08-17T13:57:14+00:00","dateModified":"2023-08-17T14:07:50+00:00","description":"El proyecto de Complexe X Immigration consiste en informar y apoyar a los trabajadores temporales extranjeros (TET) a trav\u00e9s del f\u00fatbol.","breadcrumb":{"@id":"https:\/\/www.infotetquebec.com\/es\/informar-y-asistir-a-los-tet-de-la-granja-al-campo-de-futbol\/#breadcrumb"},"inLanguage":"es","potentialAction":[{"@type":"ReadAction","target":["https:\/\/www.infotetquebec.com\/es\/informar-y-asistir-a-los-tet-de-la-granja-al-campo-de-futbol\/"]}]},{"@type":"ImageObject","inLanguage":"es","@id":"https:\/\/www.infotetquebec.com\/es\/informar-y-asistir-a-los-tet-de-la-granja-al-campo-de-futbol\/#primaryimage","url":"https:\/\/www.infotetquebec.com\/wp-content\/uploads\/2023\/08\/Sandra_Cerdeline_4_Marie_Anne_Daye_InfoTET-scaled.jpg","contentUrl":"https:\/\/www.infotetquebec.com\/wp-content\/uploads\/2023\/08\/Sandra_Cerdeline_4_Marie_Anne_Daye_InfoTET-scaled.jpg","width":2560,"height":1707,"caption":"Foto: Marie-Anne Day\u00e9"},{"@type":"BreadcrumbList","@id":"https:\/\/www.infotetquebec.com\/es\/informar-y-asistir-a-los-tet-de-la-granja-al-campo-de-futbol\/#breadcrumb","itemListElement":[{"@type":"ListItem","position":1,"name":"Accueil","item":"https:\/\/www.infotetquebec.com\/es\/"},{"@type":"ListItem","position":2,"name":"Informar y asistir a los TET, de la granja al campo de f\u00fatbol"}]},{"@type":"WebSite","@id":"https:\/\/www.infotetquebec.com\/es\/#website","url":"https:\/\/www.infotetquebec.com\/es\/","name":"Infotetquebec","description":"Info et soutien aux TET","publisher":{"@id":"https:\/\/www.infotetquebec.com\/es\/#organization"},"potentialAction":[{"@type":"SearchAction","target":{"@type":"EntryPoint","urlTemplate":"https:\/\/www.infotetquebec.com\/es\/?s={search_term_string}"},"query-input":{"@type":"PropertyValueSpecification","valueRequired":true,"valueName":"search_term_string"}}],"inLanguage":"es"},{"@type":"Organization","@id":"https:\/\/www.infotetquebec.com\/es\/#organization","name":"InfoTETQuebec","url":"https:\/\/www.infotetquebec.com\/es\/","logo":{"@type":"ImageObject","inLanguage":"es","@id":"https:\/\/www.infotetquebec.com\/es\/#\/schema\/logo\/image\/","url":"https:\/\/www.infotetquebec.com\/wp-content\/uploads\/2021\/02\/cropped-IMQC_TET_Favicon_Fav-Icon_Fav-Icon-1.png","contentUrl":"https:\/\/www.infotetquebec.com\/wp-content\/uploads\/2021\/02\/cropped-IMQC_TET_Favicon_Fav-Icon_Fav-Icon-1.png","width":512,"height":512,"caption":"InfoTETQuebec"},"image":{"@id":"https:\/\/www.infotetquebec.com\/es\/#\/schema\/logo\/image\/"},"sameAs":["https:\/\/www.facebook.com\/profile.php?id=100089616676260"]},{"@type":"Person","@id":"https:\/\/www.infotetquebec.com\/es\/#\/schema\/person\/2e6e3396cc4022408f480098052d9329","name":"Francisco Salazar","image":{"@type":"ImageObject","inLanguage":"es","@id":"https:\/\/secure.gravatar.com\/avatar\/817253c5e9df69797a44385a77c231c8e9f92864af0861b091a2081006623cc3?s=96&d=mm&r=g","url":"https:\/\/secure.gravatar.com\/avatar\/817253c5e9df69797a44385a77c231c8e9f92864af0861b091a2081006623cc3?s=96&d=mm&r=g","contentUrl":"https:\/\/secure.gravatar.com\/avatar\/817253c5e9df69797a44385a77c231c8e9f92864af0861b091a2081006623cc3?s=96&d=mm&r=g","caption":"Francisco Salazar"},"description":"Superviseur \u00e0 la coordination","url":"https:\/\/www.infotetquebec.com\/es\/author\/francisco-salazarimmigrantquebec-com\/"}]}},"rttpg_featured_image_url":{"full":["https:\/\/www.infotetquebec.com\/wp-content\/uploads\/2023\/08\/Sandra_Cerdeline_4_Marie_Anne_Daye_InfoTET-scaled.jpg",2560,1707,false],"landscape":["https:\/\/www.infotetquebec.com\/wp-content\/uploads\/2023\/08\/Sandra_Cerdeline_4_Marie_Anne_Daye_InfoTET-scaled.jpg",2560,1707,false],"portraits":["https:\/\/www.infotetquebec.com\/wp-content\/uploads\/2023\/08\/Sandra_Cerdeline_4_Marie_Anne_Daye_InfoTET-scaled.jpg",2560,1707,false],"thumbnail":["https:\/\/www.infotetquebec.com\/wp-content\/uploads\/2023\/08\/Sandra_Cerdeline_4_Marie_Anne_Daye_InfoTET-300x150.jpg",300,150,true],"medium":["https:\/\/www.infotetquebec.com\/wp-content\/uploads\/2023\/08\/Sandra_Cerdeline_4_Marie_Anne_Daye_InfoTET-300x200.jpg",300,200,true],"large":["https:\/\/www.infotetquebec.com\/wp-content\/uploads\/2023\/08\/Sandra_Cerdeline_4_Marie_Anne_Daye_InfoTET-1024x683.jpg",1024,683,true],"1536x1536":["https:\/\/www.infotetquebec.com\/wp-content\/uploads\/2023\/08\/Sandra_Cerdeline_4_Marie_Anne_Daye_InfoTET-1536x1024.jpg",1536,1024,true],"2048x2048":["https:\/\/www.infotetquebec.com\/wp-content\/uploads\/2023\/08\/Sandra_Cerdeline_4_Marie_Anne_Daye_InfoTET-2048x1365.jpg",2048,1365,true],"sidebar-featured":["https:\/\/www.infotetquebec.com\/wp-content\/uploads\/2023\/08\/Sandra_Cerdeline_4_Marie_Anne_Daye_InfoTET-75x75.jpg",75,75,true],"genesis-singular-images":["https:\/\/www.infotetquebec.com\/wp-content\/uploads\/2023\/08\/Sandra_Cerdeline_4_Marie_Anne_Daye_InfoTET-702x526.jpg",702,526,true]},"rttpg_author":{"display_name":"Francisco Salazar","author_link":"https:\/\/www.infotetquebec.com\/es\/author\/francisco-salazarimmigrantquebec-com\/"},"rttpg_comment":0,"rttpg_category":"<a href=\"https:\/\/www.infotetquebec.com\/es\/noticias\/\" rel=\"category tag\">Art\u00edculos<\/a>","rttpg_excerpt":"Traducci\u00f3n : Francisco Salazar Sandra Cerdeline lleg\u00f3 de Camer\u00fan hace unos diez a\u00f1os y recuerda como fueron sus primeros d\u00edas: como reci\u00e9n llegada, en ese momento sent\u00eda que no ten\u00eda... Leer m\u00e1s","_links":{"self":[{"href":"https:\/\/www.infotetquebec.com\/es\/wp-json\/wp\/v2\/posts\/8696","targetHints":{"allow":["GET"]}}],"collection":[{"href":"https:\/\/www.infotetquebec.com\/es\/wp-json\/wp\/v2\/posts"}],"about":[{"href":"https:\/\/www.infotetquebec.com\/es\/wp-json\/wp\/v2\/types\/post"}],"author":[{"embeddable":true,"href":"https:\/\/www.infotetquebec.com\/es\/wp-json\/wp\/v2\/users\/17"}],"replies":[{"embeddable":true,"href":"https:\/\/www.infotetquebec.com\/es\/wp-json\/wp\/v2\/comments?post=8696"}],"version-history":[{"count":5,"href":"https:\/\/www.infotetquebec.com\/es\/wp-json\/wp\/v2\/posts\/8696\/revisions"}],"predecessor-version":[{"id":8706,"href":"https:\/\/www.infotetquebec.com\/es\/wp-json\/wp\/v2\/posts\/8696\/revisions\/8706"}],"wp:featuredmedia":[{"embeddable":true,"href":"https:\/\/www.infotetquebec.com\/es\/wp-json\/wp\/v2\/media\/8677"}],"wp:attachment":[{"href":"https:\/\/www.infotetquebec.com\/es\/wp-json\/wp\/v2\/media?parent=8696"}],"wp:term":[{"taxonomy":"category","embeddable":true,"href":"https:\/\/www.infotetquebec.com\/es\/wp-json\/wp\/v2\/categories?post=8696"},{"taxonomy":"post_tag","embeddable":true,"href":"https:\/\/www.infotetquebec.com\/es\/wp-json\/wp\/v2\/tags?post=8696"}],"curies":[{"name":"wp","href":"https:\/\/api.w.org\/{rel}","templated":true}]}}