{"id":8383,"date":"2023-08-09T16:58:32","date_gmt":"2023-08-09T20:58:32","guid":{"rendered":"https:\/\/www.infotetquebec.com\/?p=8383"},"modified":"2023-08-15T15:09:26","modified_gmt":"2023-08-15T19:09:26","slug":"con-dedicacion-y-pasion-roberto-hernandez-cultiva-su-exito","status":"publish","type":"post","link":"https:\/\/www.infotetquebec.com\/es\/con-dedicacion-y-pasion-roberto-hernandez-cultiva-su-exito\/","title":{"rendered":"Con dedicaci\u00f3n y pasi\u00f3n, Roberto Hern\u00e1ndez cultiva su \u00e9xito"},"content":{"rendered":"\t\t<div data-elementor-type=\"wp-post\" data-elementor-id=\"8383\" class=\"elementor elementor-8383 elementor-8231\" data-elementor-post-type=\"post\">\n\t\t\t\t\t\t<section class=\"elementor-section elementor-top-section elementor-element elementor-element-b357d6e elementor-section-boxed elementor-section-height-default elementor-section-height-default\" data-id=\"b357d6e\" data-element_type=\"section\" data-e-type=\"section\">\n\t\t\t\t\t\t<div class=\"elementor-container elementor-column-gap-default\">\n\t\t\t\t\t<div class=\"elementor-column elementor-col-100 elementor-top-column elementor-element elementor-element-100038e\" data-id=\"100038e\" data-element_type=\"column\" data-e-type=\"column\">\n\t\t\t<div class=\"elementor-widget-wrap elementor-element-populated\">\n\t\t\t\t\t\t<div class=\"elementor-element elementor-element-609d5d9 elementor-widget elementor-widget-text-editor\" data-id=\"609d5d9\" data-element_type=\"widget\" data-e-type=\"widget\" data-widget_type=\"text-editor.default\">\n\t\t\t\t<div class=\"elementor-widget-container\">\n\t\t\t\t\t\t\t\t\t<p style=\"font-weight: 400;\"><strong>Trabajador extranjero temporal en Les Fraises de l&#8217;\u00cele d&#8217;Orl\u00e9ans desde hace nueve a\u00f1os, Roberto Hern\u00e1ndez, originario de M\u00e9xico, no se detiene un segundo: entre su trabajo exigente, una disciplina personal rigurosa y responsabilidades familiares, a\u00fan as\u00ed, puede hacer crecer su huerto y correr 25 km por semana. <\/strong><\/p>\n\t\t\t\t\t\t\t\t<\/div>\n\t\t\t\t<\/div>\n\t\t\t\t\t<\/div>\n\t\t<\/div>\n\t\t\t\t\t<\/div>\n\t\t<\/section>\n\t\t\t\t<section class=\"elementor-section elementor-top-section elementor-element elementor-element-5e7a9e4 elementor-section-boxed elementor-section-height-default elementor-section-height-default\" data-id=\"5e7a9e4\" data-element_type=\"section\" data-e-type=\"section\">\n\t\t\t\t\t\t<div class=\"elementor-container elementor-column-gap-default\">\n\t\t\t\t\t<div class=\"elementor-column elementor-col-100 elementor-top-column elementor-element elementor-element-6f7c9c0\" data-id=\"6f7c9c0\" data-element_type=\"column\" data-e-type=\"column\">\n\t\t\t<div class=\"elementor-widget-wrap elementor-element-populated\">\n\t\t\t\t\t\t<div class=\"elementor-element elementor-element-43b5f46 elementor-widget elementor-widget-text-editor\" data-id=\"43b5f46\" data-element_type=\"widget\" data-e-type=\"widget\" data-widget_type=\"text-editor.default\">\n\t\t\t\t<div class=\"elementor-widget-container\">\n\t\t\t\t\t\t\t\t\t<p>Traducido por <a href=\"https:\/\/www.infotetquebec.com\/es\/service-dinterprete-daide-et-de-reference-aux-immigrants-siari\/\">SIARI<\/a><\/p><p style=\"font-weight: 400;\">Delante de una de las viviendas de los 180 TET agr\u00edcolas contratados por la empresa <a href=\"http:\/\/fioinc.ca\">Les Fraises de l&#8217;\u00cele d&#8217;Orl\u00e9ans<\/a> se encuentra un huerto ordenado, verde y desbordante de verduras. Es obra de Roberto Hern\u00e1ndez, trabajador extranjero temporal de origen mexicano fiel al puesto desde hace nueve a\u00f1os. El hombre de 37 a\u00f1os, que parece incansable, pone mucha energ\u00eda en hacer crecer calabacines, pepinos, melones y tomatillos (que servir\u00e1n para preparar la famosa salsa verde). \u00abEs el primer a\u00f1o que hago un huerto aqu\u00ed, \u00a1y me gusta! \u00bb, dijo Roberto.<\/p>\t\t\t\t\t\t\t\t<\/div>\n\t\t\t\t<\/div>\n\t\t\t\t<div class=\"elementor-element elementor-element-97446ff elementor-widget elementor-widget-image\" data-id=\"97446ff\" data-element_type=\"widget\" data-e-type=\"widget\" data-widget_type=\"image.default\">\n\t\t\t\t<div class=\"elementor-widget-container\">\n\t\t\t\t\t\t\t\t\t\t\t\t<figure class=\"wp-caption\">\n\t\t\t\t\t\t\t\t\t\t<img fetchpriority=\"high\" decoding=\"async\" width=\"1024\" height=\"633\" src=\"https:\/\/www.infotetquebec.com\/wp-content\/uploads\/2023\/08\/Roberto_InfoTET_MarieAnneDaye2-1024x633.jpg\" class=\"attachment-large size-large wp-image-8238\" alt=\"\" srcset=\"https:\/\/www.infotetquebec.com\/wp-content\/uploads\/2023\/08\/Roberto_InfoTET_MarieAnneDaye2-1024x633.jpg 1024w, https:\/\/www.infotetquebec.com\/wp-content\/uploads\/2023\/08\/Roberto_InfoTET_MarieAnneDaye2-300x185.jpg 300w, https:\/\/www.infotetquebec.com\/wp-content\/uploads\/2023\/08\/Roberto_InfoTET_MarieAnneDaye2-768x475.jpg 768w, https:\/\/www.infotetquebec.com\/wp-content\/uploads\/2023\/08\/Roberto_InfoTET_MarieAnneDaye2-1536x949.jpg 1536w, https:\/\/www.infotetquebec.com\/wp-content\/uploads\/2023\/08\/Roberto_InfoTET_MarieAnneDaye2-2048x1266.jpg 2048w\" sizes=\"(max-width: 1024px) 100vw, 1024px\" \/>\t\t\t\t\t\t\t\t\t\t\t<figcaption class=\"widget-image-caption wp-caption-text\">Adem\u00e1s de sus tareas profesionales, Roberto tiene que regar su huerto tres veces al d\u00eda. Con sus abundantes cosechas, puede incluso beneficiar a su hermano y a algunos amigos cercanos. Foto Marie-Anne Day\u00e9.<\/figcaption>\n\t\t\t\t\t\t\t\t\t\t<\/figure>\n\t\t\t\t\t\t\t\t\t<\/div>\n\t\t\t\t<\/div>\n\t\t\t\t\t<\/div>\n\t\t<\/div>\n\t\t\t\t\t<\/div>\n\t\t<\/section>\n\t\t\t\t<section class=\"elementor-section elementor-top-section elementor-element elementor-element-748e423 elementor-section-boxed elementor-section-height-default elementor-section-height-default\" data-id=\"748e423\" data-element_type=\"section\" data-e-type=\"section\">\n\t\t\t\t\t\t<div class=\"elementor-container elementor-column-gap-default\">\n\t\t\t\t\t<div class=\"elementor-column elementor-col-100 elementor-top-column elementor-element elementor-element-7a03158\" data-id=\"7a03158\" data-element_type=\"column\" data-e-type=\"column\">\n\t\t\t<div class=\"elementor-widget-wrap elementor-element-populated\">\n\t\t\t\t\t\t<div class=\"elementor-element elementor-element-b2c225c elementor-widget elementor-widget-text-editor\" data-id=\"b2c225c\" data-element_type=\"widget\" data-e-type=\"widget\" data-widget_type=\"text-editor.default\">\n\t\t\t\t<div class=\"elementor-widget-container\">\n\t\t\t\t\t\t\t\t\t<p style=\"font-weight: 400;\"><strong>Una disciplina bien afinada <\/strong><\/p><p style=\"font-weight: 400;\"><strong>\u00a0<\/strong>Este jard\u00edn ordenado testimonia el rigor que demuestra en su trabajo, pero tambi\u00e9n en su rutina personal. Despu\u00e9s de seis jornadas consecutivas de trabajo de unas 11 o 12 horas cada una durante la temporada de cosecha*, dedica su d\u00eda de descanso, el viernes, a diversas actividades. En el programa, un trote de no menos de 25 km en dos horas, la cocina de platos mexicanos o asi\u00e1ticos, un desv\u00edo a la tienda, as\u00ed como una llamada a su esposa y sus hijos Samuel, que pronto soplar\u00e1 sus 3 velas y Diego Asael de 8 a\u00f1os. Lo m\u00e1s probable es que vaya a la f\u00e1brica de chocolate de la esquina a comprar un helado. \u00abTengo que ir a comer un helado de cuatro sabores, de lo contrario no es un d\u00eda de descanso. La verdad es que no s\u00e9 si es una enfermedad, \u00a1pero soy un fan\u00e1tico del az\u00facar!\u00bb, dice.<\/p><p style=\"font-weight: 400;\">Tambi\u00e9n est\u00e1 ocupado limpiando la peque\u00f1a casa que comparte con tres colegas, entre ellos su hermano. \u00abSi la casa est\u00e1 limpia, es m\u00e1s f\u00e1cil para nosotros relajarnos\u00bb, constata.<\/p>\t\t\t\t\t\t\t\t<\/div>\n\t\t\t\t<\/div>\n\t\t\t\t\t<\/div>\n\t\t<\/div>\n\t\t\t\t\t<\/div>\n\t\t<\/section>\n\t\t\t\t<section class=\"elementor-section elementor-top-section elementor-element elementor-element-5e530f7 elementor-section-boxed elementor-section-height-default elementor-section-height-default\" data-id=\"5e530f7\" data-element_type=\"section\" data-e-type=\"section\">\n\t\t\t\t\t\t<div class=\"elementor-container elementor-column-gap-default\">\n\t\t\t\t\t<div class=\"elementor-column elementor-col-100 elementor-top-column elementor-element elementor-element-3b20b5e\" data-id=\"3b20b5e\" data-element_type=\"column\" data-e-type=\"column\">\n\t\t\t<div class=\"elementor-widget-wrap elementor-element-populated\">\n\t\t\t\t\t\t<section class=\"elementor-section elementor-inner-section elementor-element elementor-element-c54edeb elementor-section-boxed elementor-section-height-default elementor-section-height-default\" data-id=\"c54edeb\" data-element_type=\"section\" data-e-type=\"section\">\n\t\t\t\t\t\t<div class=\"elementor-container elementor-column-gap-default\">\n\t\t\t\t\t<div class=\"elementor-column elementor-col-33 elementor-inner-column elementor-element elementor-element-7cf9d3f\" data-id=\"7cf9d3f\" data-element_type=\"column\" data-e-type=\"column\">\n\t\t\t<div class=\"elementor-widget-wrap\">\n\t\t\t\t\t\t\t<\/div>\n\t\t<\/div>\n\t\t\t\t<div class=\"elementor-column elementor-col-33 elementor-inner-column elementor-element elementor-element-f28298a\" data-id=\"f28298a\" data-element_type=\"column\" data-e-type=\"column\">\n\t\t\t<div class=\"elementor-widget-wrap elementor-element-populated\">\n\t\t\t\t\t\t<div class=\"elementor-element elementor-element-ef1d56c elementor-alert-warning elementor-widget elementor-widget-alert\" data-id=\"ef1d56c\" data-element_type=\"widget\" data-e-type=\"widget\" data-widget_type=\"alert.default\">\n\t\t\t\t<div class=\"elementor-widget-container\">\n\t\t\t\t\t\t\t<div class=\"elementor-alert\" role=\"alert\">\n\n\t\t\t\t\t\t<span class=\"elementor-alert-title\">*32 horas consecutivas <\/span>\n\t\t\t\n\t\t\t\t\t\t<span class=\"elementor-alert-description\"><p>El trabajador tendr\u00e1 derecho a un per\u00edodo de descanso de al menos 32 horas consecutivas cada semana. En el caso de los trabajadores agr\u00edcolas, la licencia podr\u00e1 aplazarse una vez, hasta la semana siguiente, si as\u00ed lo acuerdan.<\/p>\n<\/span>\n\t\t\t\n\t\t\t\n\t\t<\/div>\n\t\t\t\t\t\t<\/div>\n\t\t\t\t<\/div>\n\t\t\t\t<div class=\"elementor-element elementor-element-f323d53 elementor-widget elementor-widget-spacer\" data-id=\"f323d53\" data-element_type=\"widget\" data-e-type=\"widget\" data-widget_type=\"spacer.default\">\n\t\t\t\t<div class=\"elementor-widget-container\">\n\t\t\t\t\t\t\t<div class=\"elementor-spacer\">\n\t\t\t<div class=\"elementor-spacer-inner\"><\/div>\n\t\t<\/div>\n\t\t\t\t\t\t<\/div>\n\t\t\t\t<\/div>\n\t\t\t\t\t<\/div>\n\t\t<\/div>\n\t\t\t\t<div class=\"elementor-column elementor-col-33 elementor-inner-column elementor-element elementor-element-820aace\" data-id=\"820aace\" data-element_type=\"column\" data-e-type=\"column\">\n\t\t\t<div class=\"elementor-widget-wrap\">\n\t\t\t\t\t\t\t<\/div>\n\t\t<\/div>\n\t\t\t\t\t<\/div>\n\t\t<\/section>\n\t\t\t\t<section class=\"elementor-section elementor-inner-section elementor-element elementor-element-419c786 elementor-section-boxed elementor-section-height-default elementor-section-height-default\" data-id=\"419c786\" data-element_type=\"section\" data-e-type=\"section\">\n\t\t\t\t\t\t<div class=\"elementor-container elementor-column-gap-default\">\n\t\t\t\t\t<div class=\"elementor-column elementor-col-50 elementor-inner-column elementor-element elementor-element-778fdaa\" data-id=\"778fdaa\" data-element_type=\"column\" data-e-type=\"column\">\n\t\t\t<div class=\"elementor-widget-wrap elementor-element-populated\">\n\t\t\t\t\t\t<div class=\"elementor-element elementor-element-05244dc elementor-widget elementor-widget-image\" data-id=\"05244dc\" data-element_type=\"widget\" data-e-type=\"widget\" data-widget_type=\"image.default\">\n\t\t\t\t<div class=\"elementor-widget-container\">\n\t\t\t\t\t\t\t\t\t\t\t\t<figure class=\"wp-caption\">\n\t\t\t\t\t\t\t\t\t\t<img decoding=\"async\" width=\"1024\" height=\"683\" src=\"https:\/\/www.infotetquebec.com\/wp-content\/uploads\/2023\/08\/Roberto_InfoTET_MarieAnneDaye3-1024x683.jpg\" class=\"attachment-large size-large wp-image-8241\" alt=\"\" srcset=\"https:\/\/www.infotetquebec.com\/wp-content\/uploads\/2023\/08\/Roberto_InfoTET_MarieAnneDaye3-1024x683.jpg 1024w, https:\/\/www.infotetquebec.com\/wp-content\/uploads\/2023\/08\/Roberto_InfoTET_MarieAnneDaye3-300x200.jpg 300w, https:\/\/www.infotetquebec.com\/wp-content\/uploads\/2023\/08\/Roberto_InfoTET_MarieAnneDaye3-768x512.jpg 768w, https:\/\/www.infotetquebec.com\/wp-content\/uploads\/2023\/08\/Roberto_InfoTET_MarieAnneDaye3-1536x1024.jpg 1536w, https:\/\/www.infotetquebec.com\/wp-content\/uploads\/2023\/08\/Roberto_InfoTET_MarieAnneDaye3-2048x1365.jpg 2048w\" sizes=\"(max-width: 1024px) 100vw, 1024px\" \/>\t\t\t\t\t\t\t\t\t\t\t<figcaption class=\"widget-image-caption wp-caption-text\">Los tomatillos que Roberto cultiva le sirven para preparar la famosa salsa verde mexicana. Foto Marie-Anne Day\u00e9.<\/figcaption>\n\t\t\t\t\t\t\t\t\t\t<\/figure>\n\t\t\t\t\t\t\t\t\t<\/div>\n\t\t\t\t<\/div>\n\t\t\t\t\t<\/div>\n\t\t<\/div>\n\t\t\t\t<div class=\"elementor-column elementor-col-50 elementor-inner-column elementor-element elementor-element-e98d942\" data-id=\"e98d942\" data-element_type=\"column\" data-e-type=\"column\">\n\t\t\t<div class=\"elementor-widget-wrap elementor-element-populated\">\n\t\t\t\t\t\t<div class=\"elementor-element elementor-element-b11befa elementor-widget elementor-widget-text-editor\" data-id=\"b11befa\" data-element_type=\"widget\" data-e-type=\"widget\" data-widget_type=\"text-editor.default\">\n\t\t\t\t<div class=\"elementor-widget-container\">\n\t\t\t\t\t\t\t\t\t<p style=\"font-weight: 400;\"><strong>El largo camino hacia l\u2019\u00cele d\u2019Orl\u00e9ans<\/strong><\/p>\r\n<span style=\"font-weight: 400;\">Antes de aterrizar en la isla de Orleans, Roberto vivi\u00f3 la experiencia de trabajar en los Estados Unidos sin estatus legal, como lo hab\u00eda hecho su padre antes. Aunque sus padres esperaban que su hijo continuara sus estudios universitarios despu\u00e9s del colegio, \u00e9ste ya no se encontraba en el lugar. M\u00e1s bien quer\u00eda trabajar y construir una casa para \u00e9l y su novia Maria Lorenza &#8211; que ahora es su esposa y la madre de sus hijos. En 2004, cruz\u00f3 la peligrosa frontera entre M\u00e9xico y los Estados Unidos pagando $1.400 a los traficantes (una epopeya que ahora cuesta entre $8.000 y $10.000) y esquivando a los agentes fronterizos.<\/span>\t\t\t\t\t\t\t\t<\/div>\n\t\t\t\t<\/div>\n\t\t\t\t\t<\/div>\n\t\t<\/div>\n\t\t\t\t\t<\/div>\n\t\t<\/section>\n\t\t\t\t<section class=\"elementor-section elementor-inner-section elementor-element elementor-element-1068be0 elementor-section-boxed elementor-section-height-default elementor-section-height-default\" data-id=\"1068be0\" data-element_type=\"section\" data-e-type=\"section\">\n\t\t\t\t\t\t<div class=\"elementor-container elementor-column-gap-default\">\n\t\t\t\t\t<div class=\"elementor-column elementor-col-100 elementor-inner-column elementor-element elementor-element-d4aafba\" data-id=\"d4aafba\" data-element_type=\"column\" data-e-type=\"column\">\n\t\t\t<div class=\"elementor-widget-wrap elementor-element-populated\">\n\t\t\t\t\t\t<div class=\"elementor-element elementor-element-36d4e56 elementor-widget elementor-widget-text-editor\" data-id=\"36d4e56\" data-element_type=\"widget\" data-e-type=\"widget\" data-widget_type=\"text-editor.default\">\n\t\t\t\t<div class=\"elementor-widget-container\">\n\t\t\t\t\t\t\t\t\t<p style=\"font-weight: 400;\">Se instal\u00f3 entonces durante siete a\u00f1os en el pa\u00eds vecino, lejos de los suyos.<\/p>\n<p style=\"font-weight: 400;\">Ante una disminuci\u00f3n de las necesidades de mano de obra en su sector de actividad en 2010, tom\u00f3 la decisi\u00f3n de regresar a su casa, en Irapuato. Trabaj\u00f3 como carpintero &#8211; profesi\u00f3n que todav\u00eda ejerce hoy cuando regresa a M\u00e9xico, y luego una oportunidad para venir a trabajar a las Fraises de l\u2019\u00cele d\u2019Orl\u00e9ans se le ofreci\u00f3 en 2015. Era el comienzo de otra gran aventura, que fue desgarradora, porque su primer hijo iba a nacer el mismo a\u00f1o.<\/p>\n<p style=\"font-weight: 400;\">Desde entonces, cada a\u00f1o, en marzo, deposita sus maletas en esta isla f\u00e9rtil y reanuda un vuelo hacia M\u00e9xico en noviembre. \u00abEstoy aqu\u00ed para trabajar mucho, ayudar a la empresa y ganar mucho dinero. \u00bb Echa de menos a su familia, evidentemente, excepto que cuando comienza la temporada, \u00abcambia de chip\u00bb, explica, para concentrarse en su trabajo.<\/p>\n\t\t\t\t\t\t\t\t<\/div>\n\t\t\t\t<\/div>\n\t\t\t\t\t<\/div>\n\t\t<\/div>\n\t\t\t\t\t<\/div>\n\t\t<\/section>\n\t\t\t\t<div class=\"elementor-element elementor-element-1be5120 elementor-widget elementor-widget-image\" data-id=\"1be5120\" data-element_type=\"widget\" data-e-type=\"widget\" data-widget_type=\"image.default\">\n\t\t\t\t<div class=\"elementor-widget-container\">\n\t\t\t\t\t\t\t\t\t\t\t\t<figure class=\"wp-caption\">\n\t\t\t\t\t\t\t\t\t\t<img decoding=\"async\" width=\"1024\" height=\"683\" src=\"https:\/\/www.infotetquebec.com\/wp-content\/uploads\/2023\/08\/Roberto_InfoTET_MarieAnneDaye4.jpg\" class=\"attachment-large size-large wp-image-8341\" alt=\"\" srcset=\"https:\/\/www.infotetquebec.com\/wp-content\/uploads\/2023\/08\/Roberto_InfoTET_MarieAnneDaye4.jpg 1024w, https:\/\/www.infotetquebec.com\/wp-content\/uploads\/2023\/08\/Roberto_InfoTET_MarieAnneDaye4-300x200.jpg 300w, https:\/\/www.infotetquebec.com\/wp-content\/uploads\/2023\/08\/Roberto_InfoTET_MarieAnneDaye4-768x512.jpg 768w\" sizes=\"(max-width: 1024px) 100vw, 1024px\" \/>\t\t\t\t\t\t\t\t\t\t\t<figcaption class=\"widget-image-caption wp-caption-text\">A pesar de la distancia, Roberto sigue profundamente comprometido con la educaci\u00f3n de sus hijos. Encontr\u00f3 cuadernos de ejercicios para su hijo Diego Asael para que aprendiera franc\u00e9s e ingl\u00e9s. Adem\u00e1s, el joven est\u00e1 tomando clases de pintura al \u00f3leo, y Roberto muestra con orgullo una de sus pinturas como foto de perfil de WhatsApp. Foto Marie-Anne Day\u00e9.<\/figcaption>\n\t\t\t\t\t\t\t\t\t\t<\/figure>\n\t\t\t\t\t\t\t\t\t<\/div>\n\t\t\t\t<\/div>\n\t\t\t\t<div class=\"elementor-element elementor-element-488138a elementor-widget elementor-widget-text-editor\" data-id=\"488138a\" data-element_type=\"widget\" data-e-type=\"widget\" data-widget_type=\"text-editor.default\">\n\t\t\t\t<div class=\"elementor-widget-container\">\n\t\t\t\t\t\t\t\t\t<p style=\"font-weight: 400;\"><strong>La importancia de una relaci\u00f3n rec\u00edproca<\/strong><\/p><p style=\"font-weight: 400;\">En el trabajo se siente \u00fatil y apreciado por su empleador, que ahora le conf\u00eda tareas como la fertilizaci\u00f3n y el riego de la producci\u00f3n, entre otras cosas. Como la empresa es tambi\u00e9n un centro de investigaci\u00f3n y desarrollo, Roberto participa a menudo en la implantaci\u00f3n de nuevas t\u00e9cnicas y equipos innovadores para mejorar los cultivos. Las relaciones son buenas con sus superiores y colegas &#8211; que les gusta burlarse de \u00e9l, y viceversa. Sin embargo, cuando algo va mal, no duda en dar su opini\u00f3n y conoce bien <a href=\"https:\/\/www.infotetquebec.com\/es\/guia\/\">sus derechos y responsabilidades<\/a>. \u00abNosotros, como trabajadores agr\u00edcolas, tenemos los mismos derechos que los trabajadores quebequenses\u00bb, afirma a\u00f1adiendo que el respeto debe venir de ambas partes. \u00abPara m\u00ed es importante que se reconozcan los esfuerzos de las manos que hacen que las plantas sean verdes porque creo que es el trabajo menos valorado\u00bb.<\/p>\t\t\t\t\t\t\t\t<\/div>\n\t\t\t\t<\/div>\n\t\t\t\t<div class=\"elementor-element elementor-element-c7ceccc elementor-widget elementor-widget-image\" data-id=\"c7ceccc\" data-element_type=\"widget\" data-e-type=\"widget\" data-widget_type=\"image.default\">\n\t\t\t\t<div class=\"elementor-widget-container\">\n\t\t\t\t\t\t\t\t\t\t\t\t<figure class=\"wp-caption\">\n\t\t\t\t\t\t\t\t\t\t<img loading=\"lazy\" decoding=\"async\" width=\"1024\" height=\"683\" src=\"https:\/\/www.infotetquebec.com\/wp-content\/uploads\/2023\/08\/Roberto_InfoTET_MarieAnneDaye5-1024x683.jpg\" class=\"attachment-large size-large wp-image-8371\" alt=\"\" srcset=\"https:\/\/www.infotetquebec.com\/wp-content\/uploads\/2023\/08\/Roberto_InfoTET_MarieAnneDaye5-1024x683.jpg 1024w, https:\/\/www.infotetquebec.com\/wp-content\/uploads\/2023\/08\/Roberto_InfoTET_MarieAnneDaye5-300x200.jpg 300w, https:\/\/www.infotetquebec.com\/wp-content\/uploads\/2023\/08\/Roberto_InfoTET_MarieAnneDaye5-768x512.jpg 768w, https:\/\/www.infotetquebec.com\/wp-content\/uploads\/2023\/08\/Roberto_InfoTET_MarieAnneDaye5-1536x1024.jpg 1536w, https:\/\/www.infotetquebec.com\/wp-content\/uploads\/2023\/08\/Roberto_InfoTET_MarieAnneDaye5-2048x1365.jpg 2048w\" sizes=\"(max-width: 1024px) 100vw, 1024px\" \/>\t\t\t\t\t\t\t\t\t\t\t<figcaption class=\"widget-image-caption wp-caption-text\">Roberto, en busca de las moras m\u00e1s hermosas. Foto Marie-Anne Day\u00e9.<\/figcaption>\n\t\t\t\t\t\t\t\t\t\t<\/figure>\n\t\t\t\t\t\t\t\t\t<\/div>\n\t\t\t\t<\/div>\n\t\t\t\t<div class=\"elementor-element elementor-element-657d43f elementor-widget elementor-widget-text-editor\" data-id=\"657d43f\" data-element_type=\"widget\" data-e-type=\"widget\" data-widget_type=\"text-editor.default\">\n\t\t\t\t<div class=\"elementor-widget-container\">\n\t\t\t\t\t\t\t\t\t<p style=\"font-weight: 400;\">\u00c9l sabe que cuando la temporada termine, tampoco estar\u00e1 desempleado en M\u00e9xico. Los clientes que quieren tener muebles con el toque de Roberto lo esperan, y tambi\u00e9n tiene una hect\u00e1rea de tierra &#8211; ofrecido por su padre a su hijo Diego Asael -, para mantener.<\/p>\n<p style=\"font-weight: 400;\">En 2026, deber\u00e1 tomar la decisi\u00f3n de renovar o no su pasaporte, ya que \u00e9ste expirar\u00e1, de volver a Quebec como lo hace cada a\u00f1o o permanecer definitivamente en M\u00e9xico. En cualquier caso, seguir\u00e1 aplicando lo que se le ense\u00f1\u00f3 en sus inicios en la carpinter\u00eda: hay que hacer algo diferente de los dem\u00e1s y siempre innovar. Sin duda, a Roberto no le costar\u00e1 cumplir esa promesa, ya sea en M\u00e9xico, en Quebec o en cualquier otro lugar.<\/p>\n<p style=\"font-weight: 400;\">&#8211;<\/p>\n<p style=\"font-weight: 400;\"><em>El proyecto fue financiado por el Gobierno de Canad\u00e1.<\/em><\/p>\n\t\t\t\t\t\t\t\t<\/div>\n\t\t\t\t<\/div>\n\t\t\t\t\t<\/div>\n\t\t<\/div>\n\t\t\t\t\t<\/div>\n\t\t<\/section>\n\t\t\t\t<\/div>\n\t\t","protected":false},"excerpt":{"rendered":"<p>Trabajador extranjero temporal en Les Fraises de l&#8217;\u00cele d&#8217;Orl\u00e9ans desde hace nueve a\u00f1os, Roberto Hern\u00e1ndez, originario de M\u00e9xico, no se detiene un segundo: entre su trabajo exigente, una disciplina personal&#8230; <a class=\"more-link\" href=\"https:\/\/www.infotetquebec.com\/es\/con-dedicacion-y-pasion-roberto-hernandez-cultiva-su-exito\/\">Leer m\u00e1s<\/a><\/p>\n","protected":false},"author":17,"featured_media":8235,"comment_status":"closed","ping_status":"open","sticky":false,"template":"","format":"standard","meta":{"_genesis_hide_title":false,"_genesis_hide_breadcrumbs":false,"_genesis_hide_singular_image":false,"_genesis_hide_footer_widgets":false,"_genesis_custom_body_class":"","_genesis_custom_post_class":"","_genesis_layout":"","footnotes":""},"categories":[54],"tags":[238],"class_list":["post-8383","post","type-post","status-publish","format-standard","has-post-thumbnail","category-noticias","tag-new-es","entry"],"yoast_head":"<!-- This site is optimized with the Yoast SEO plugin v27.4 - https:\/\/yoast.com\/product\/yoast-seo-wordpress\/ -->\n<title>Con dedicaci\u00f3n y pasi\u00f3n, Roberto Hern\u00e1ndez cultiva su \u00e9xito - Infotetquebec<\/title>\n<meta name=\"description\" content=\"Historia de Roberto Hern\u00e1ndez, originario de M\u00e9xico, trabajador extranjero temporal en Les Fraises de l&#039;\u00cele d&#039;Orl\u00e9ans, Qu\u00e9bec.\" \/>\n<meta name=\"robots\" content=\"index, follow, max-snippet:-1, max-image-preview:large, max-video-preview:-1\" \/>\n<link rel=\"canonical\" href=\"https:\/\/www.infotetquebec.com\/es\/con-dedicacion-y-pasion-roberto-hernandez-cultiva-su-exito\/\" \/>\n<meta property=\"og:locale\" content=\"es_ES\" \/>\n<meta property=\"og:type\" content=\"article\" \/>\n<meta property=\"og:title\" content=\"Con dedicaci\u00f3n y pasi\u00f3n, Roberto Hern\u00e1ndez cultiva su \u00e9xito - Infotetquebec\" \/>\n<meta property=\"og:description\" content=\"Historia de Roberto Hern\u00e1ndez, originario de M\u00e9xico, trabajador extranjero temporal en Les Fraises de l&#039;\u00cele d&#039;Orl\u00e9ans, Qu\u00e9bec.\" \/>\n<meta property=\"og:url\" content=\"https:\/\/www.infotetquebec.com\/es\/con-dedicacion-y-pasion-roberto-hernandez-cultiva-su-exito\/\" \/>\n<meta property=\"og:site_name\" content=\"Infotetquebec\" \/>\n<meta property=\"article:publisher\" content=\"https:\/\/www.facebook.com\/profile.php?id=100089616676260\" \/>\n<meta property=\"article:published_time\" content=\"2023-08-09T20:58:32+00:00\" \/>\n<meta property=\"article:modified_time\" content=\"2023-08-15T19:09:26+00:00\" \/>\n<meta property=\"og:image\" content=\"https:\/\/www.infotetquebec.com\/wp-content\/uploads\/2023\/08\/Roberto_InfoTET_MarieAnneDaye1-scaled.jpg\" \/>\n\t<meta property=\"og:image:width\" content=\"2560\" \/>\n\t<meta property=\"og:image:height\" content=\"1771\" \/>\n\t<meta property=\"og:image:type\" content=\"image\/jpeg\" \/>\n<meta name=\"author\" content=\"Francisco Salazar\" \/>\n<meta name=\"twitter:card\" content=\"summary_large_image\" \/>\n<meta name=\"twitter:label1\" content=\"Escrito por\" \/>\n\t<meta name=\"twitter:data1\" content=\"Francisco Salazar\" \/>\n\t<meta name=\"twitter:label2\" content=\"Tiempo de lectura\" \/>\n\t<meta name=\"twitter:data2\" content=\"6 minutos\" \/>\n<script type=\"application\/ld+json\" class=\"yoast-schema-graph\">{\"@context\":\"https:\\\/\\\/schema.org\",\"@graph\":[{\"@type\":\"Article\",\"@id\":\"https:\\\/\\\/www.infotetquebec.com\\\/es\\\/con-dedicacion-y-pasion-roberto-hernandez-cultiva-su-exito\\\/#article\",\"isPartOf\":{\"@id\":\"https:\\\/\\\/www.infotetquebec.com\\\/es\\\/con-dedicacion-y-pasion-roberto-hernandez-cultiva-su-exito\\\/\"},\"author\":{\"name\":\"Francisco Salazar\",\"@id\":\"https:\\\/\\\/www.infotetquebec.com\\\/es\\\/#\\\/schema\\\/person\\\/2e6e3396cc4022408f480098052d9329\"},\"headline\":\"Con dedicaci\u00f3n y pasi\u00f3n, Roberto Hern\u00e1ndez cultiva su \u00e9xito\",\"datePublished\":\"2023-08-09T20:58:32+00:00\",\"dateModified\":\"2023-08-15T19:09:26+00:00\",\"mainEntityOfPage\":{\"@id\":\"https:\\\/\\\/www.infotetquebec.com\\\/es\\\/con-dedicacion-y-pasion-roberto-hernandez-cultiva-su-exito\\\/\"},\"wordCount\":1106,\"publisher\":{\"@id\":\"https:\\\/\\\/www.infotetquebec.com\\\/es\\\/#organization\"},\"image\":{\"@id\":\"https:\\\/\\\/www.infotetquebec.com\\\/es\\\/con-dedicacion-y-pasion-roberto-hernandez-cultiva-su-exito\\\/#primaryimage\"},\"thumbnailUrl\":\"https:\\\/\\\/www.infotetquebec.com\\\/wp-content\\\/uploads\\\/2023\\\/08\\\/Roberto_InfoTET_MarieAnneDaye1-scaled.jpg\",\"keywords\":[\"NEW\"],\"articleSection\":[\"Art\u00edculos\"],\"inLanguage\":\"es\"},{\"@type\":\"WebPage\",\"@id\":\"https:\\\/\\\/www.infotetquebec.com\\\/es\\\/con-dedicacion-y-pasion-roberto-hernandez-cultiva-su-exito\\\/\",\"url\":\"https:\\\/\\\/www.infotetquebec.com\\\/es\\\/con-dedicacion-y-pasion-roberto-hernandez-cultiva-su-exito\\\/\",\"name\":\"Con dedicaci\u00f3n y pasi\u00f3n, Roberto Hern\u00e1ndez cultiva su \u00e9xito - Infotetquebec\",\"isPartOf\":{\"@id\":\"https:\\\/\\\/www.infotetquebec.com\\\/es\\\/#website\"},\"primaryImageOfPage\":{\"@id\":\"https:\\\/\\\/www.infotetquebec.com\\\/es\\\/con-dedicacion-y-pasion-roberto-hernandez-cultiva-su-exito\\\/#primaryimage\"},\"image\":{\"@id\":\"https:\\\/\\\/www.infotetquebec.com\\\/es\\\/con-dedicacion-y-pasion-roberto-hernandez-cultiva-su-exito\\\/#primaryimage\"},\"thumbnailUrl\":\"https:\\\/\\\/www.infotetquebec.com\\\/wp-content\\\/uploads\\\/2023\\\/08\\\/Roberto_InfoTET_MarieAnneDaye1-scaled.jpg\",\"datePublished\":\"2023-08-09T20:58:32+00:00\",\"dateModified\":\"2023-08-15T19:09:26+00:00\",\"description\":\"Historia de Roberto Hern\u00e1ndez, originario de M\u00e9xico, trabajador extranjero temporal en Les Fraises de l'\u00cele d'Orl\u00e9ans, Qu\u00e9bec.\",\"breadcrumb\":{\"@id\":\"https:\\\/\\\/www.infotetquebec.com\\\/es\\\/con-dedicacion-y-pasion-roberto-hernandez-cultiva-su-exito\\\/#breadcrumb\"},\"inLanguage\":\"es\",\"potentialAction\":[{\"@type\":\"ReadAction\",\"target\":[\"https:\\\/\\\/www.infotetquebec.com\\\/es\\\/con-dedicacion-y-pasion-roberto-hernandez-cultiva-su-exito\\\/\"]}]},{\"@type\":\"ImageObject\",\"inLanguage\":\"es\",\"@id\":\"https:\\\/\\\/www.infotetquebec.com\\\/es\\\/con-dedicacion-y-pasion-roberto-hernandez-cultiva-su-exito\\\/#primaryimage\",\"url\":\"https:\\\/\\\/www.infotetquebec.com\\\/wp-content\\\/uploads\\\/2023\\\/08\\\/Roberto_InfoTET_MarieAnneDaye1-scaled.jpg\",\"contentUrl\":\"https:\\\/\\\/www.infotetquebec.com\\\/wp-content\\\/uploads\\\/2023\\\/08\\\/Roberto_InfoTET_MarieAnneDaye1-scaled.jpg\",\"width\":2560,\"height\":1771},{\"@type\":\"BreadcrumbList\",\"@id\":\"https:\\\/\\\/www.infotetquebec.com\\\/es\\\/con-dedicacion-y-pasion-roberto-hernandez-cultiva-su-exito\\\/#breadcrumb\",\"itemListElement\":[{\"@type\":\"ListItem\",\"position\":1,\"name\":\"Accueil\",\"item\":\"https:\\\/\\\/www.infotetquebec.com\\\/es\\\/\"},{\"@type\":\"ListItem\",\"position\":2,\"name\":\"Con dedicaci\u00f3n y pasi\u00f3n, Roberto Hern\u00e1ndez cultiva su \u00e9xito\"}]},{\"@type\":\"WebSite\",\"@id\":\"https:\\\/\\\/www.infotetquebec.com\\\/es\\\/#website\",\"url\":\"https:\\\/\\\/www.infotetquebec.com\\\/es\\\/\",\"name\":\"Infotetquebec\",\"description\":\"Info et soutien aux TET\",\"publisher\":{\"@id\":\"https:\\\/\\\/www.infotetquebec.com\\\/es\\\/#organization\"},\"potentialAction\":[{\"@type\":\"SearchAction\",\"target\":{\"@type\":\"EntryPoint\",\"urlTemplate\":\"https:\\\/\\\/www.infotetquebec.com\\\/es\\\/?s={search_term_string}\"},\"query-input\":{\"@type\":\"PropertyValueSpecification\",\"valueRequired\":true,\"valueName\":\"search_term_string\"}}],\"inLanguage\":\"es\"},{\"@type\":\"Organization\",\"@id\":\"https:\\\/\\\/www.infotetquebec.com\\\/es\\\/#organization\",\"name\":\"InfoTETQuebec\",\"url\":\"https:\\\/\\\/www.infotetquebec.com\\\/es\\\/\",\"logo\":{\"@type\":\"ImageObject\",\"inLanguage\":\"es\",\"@id\":\"https:\\\/\\\/www.infotetquebec.com\\\/es\\\/#\\\/schema\\\/logo\\\/image\\\/\",\"url\":\"https:\\\/\\\/www.infotetquebec.com\\\/wp-content\\\/uploads\\\/2021\\\/02\\\/cropped-IMQC_TET_Favicon_Fav-Icon_Fav-Icon-1.png\",\"contentUrl\":\"https:\\\/\\\/www.infotetquebec.com\\\/wp-content\\\/uploads\\\/2021\\\/02\\\/cropped-IMQC_TET_Favicon_Fav-Icon_Fav-Icon-1.png\",\"width\":512,\"height\":512,\"caption\":\"InfoTETQuebec\"},\"image\":{\"@id\":\"https:\\\/\\\/www.infotetquebec.com\\\/es\\\/#\\\/schema\\\/logo\\\/image\\\/\"},\"sameAs\":[\"https:\\\/\\\/www.facebook.com\\\/profile.php?id=100089616676260\"]},{\"@type\":\"Person\",\"@id\":\"https:\\\/\\\/www.infotetquebec.com\\\/es\\\/#\\\/schema\\\/person\\\/2e6e3396cc4022408f480098052d9329\",\"name\":\"Francisco Salazar\",\"image\":{\"@type\":\"ImageObject\",\"inLanguage\":\"es\",\"@id\":\"https:\\\/\\\/secure.gravatar.com\\\/avatar\\\/817253c5e9df69797a44385a77c231c8e9f92864af0861b091a2081006623cc3?s=96&d=mm&r=g\",\"url\":\"https:\\\/\\\/secure.gravatar.com\\\/avatar\\\/817253c5e9df69797a44385a77c231c8e9f92864af0861b091a2081006623cc3?s=96&d=mm&r=g\",\"contentUrl\":\"https:\\\/\\\/secure.gravatar.com\\\/avatar\\\/817253c5e9df69797a44385a77c231c8e9f92864af0861b091a2081006623cc3?s=96&d=mm&r=g\",\"caption\":\"Francisco Salazar\"},\"description\":\"Superviseur \u00e0 la coordination\",\"url\":\"https:\\\/\\\/www.infotetquebec.com\\\/es\\\/author\\\/francisco-salazarimmigrantquebec-com\\\/\"}]}<\/script>\n<!-- \/ Yoast SEO plugin. -->","yoast_head_json":{"title":"Con dedicaci\u00f3n y pasi\u00f3n, Roberto Hern\u00e1ndez cultiva su \u00e9xito - Infotetquebec","description":"Historia de Roberto Hern\u00e1ndez, originario de M\u00e9xico, trabajador extranjero temporal en Les Fraises de l'\u00cele d'Orl\u00e9ans, Qu\u00e9bec.","robots":{"index":"index","follow":"follow","max-snippet":"max-snippet:-1","max-image-preview":"max-image-preview:large","max-video-preview":"max-video-preview:-1"},"canonical":"https:\/\/www.infotetquebec.com\/es\/con-dedicacion-y-pasion-roberto-hernandez-cultiva-su-exito\/","og_locale":"es_ES","og_type":"article","og_title":"Con dedicaci\u00f3n y pasi\u00f3n, Roberto Hern\u00e1ndez cultiva su \u00e9xito - Infotetquebec","og_description":"Historia de Roberto Hern\u00e1ndez, originario de M\u00e9xico, trabajador extranjero temporal en Les Fraises de l'\u00cele d'Orl\u00e9ans, Qu\u00e9bec.","og_url":"https:\/\/www.infotetquebec.com\/es\/con-dedicacion-y-pasion-roberto-hernandez-cultiva-su-exito\/","og_site_name":"Infotetquebec","article_publisher":"https:\/\/www.facebook.com\/profile.php?id=100089616676260","article_published_time":"2023-08-09T20:58:32+00:00","article_modified_time":"2023-08-15T19:09:26+00:00","og_image":[{"width":2560,"height":1771,"url":"https:\/\/www.infotetquebec.com\/wp-content\/uploads\/2023\/08\/Roberto_InfoTET_MarieAnneDaye1-scaled.jpg","type":"image\/jpeg"}],"author":"Francisco Salazar","twitter_card":"summary_large_image","twitter_misc":{"Escrito por":"Francisco Salazar","Tiempo de lectura":"6 minutos"},"schema":{"@context":"https:\/\/schema.org","@graph":[{"@type":"Article","@id":"https:\/\/www.infotetquebec.com\/es\/con-dedicacion-y-pasion-roberto-hernandez-cultiva-su-exito\/#article","isPartOf":{"@id":"https:\/\/www.infotetquebec.com\/es\/con-dedicacion-y-pasion-roberto-hernandez-cultiva-su-exito\/"},"author":{"name":"Francisco Salazar","@id":"https:\/\/www.infotetquebec.com\/es\/#\/schema\/person\/2e6e3396cc4022408f480098052d9329"},"headline":"Con dedicaci\u00f3n y pasi\u00f3n, Roberto Hern\u00e1ndez cultiva su \u00e9xito","datePublished":"2023-08-09T20:58:32+00:00","dateModified":"2023-08-15T19:09:26+00:00","mainEntityOfPage":{"@id":"https:\/\/www.infotetquebec.com\/es\/con-dedicacion-y-pasion-roberto-hernandez-cultiva-su-exito\/"},"wordCount":1106,"publisher":{"@id":"https:\/\/www.infotetquebec.com\/es\/#organization"},"image":{"@id":"https:\/\/www.infotetquebec.com\/es\/con-dedicacion-y-pasion-roberto-hernandez-cultiva-su-exito\/#primaryimage"},"thumbnailUrl":"https:\/\/www.infotetquebec.com\/wp-content\/uploads\/2023\/08\/Roberto_InfoTET_MarieAnneDaye1-scaled.jpg","keywords":["NEW"],"articleSection":["Art\u00edculos"],"inLanguage":"es"},{"@type":"WebPage","@id":"https:\/\/www.infotetquebec.com\/es\/con-dedicacion-y-pasion-roberto-hernandez-cultiva-su-exito\/","url":"https:\/\/www.infotetquebec.com\/es\/con-dedicacion-y-pasion-roberto-hernandez-cultiva-su-exito\/","name":"Con dedicaci\u00f3n y pasi\u00f3n, Roberto Hern\u00e1ndez cultiva su \u00e9xito - Infotetquebec","isPartOf":{"@id":"https:\/\/www.infotetquebec.com\/es\/#website"},"primaryImageOfPage":{"@id":"https:\/\/www.infotetquebec.com\/es\/con-dedicacion-y-pasion-roberto-hernandez-cultiva-su-exito\/#primaryimage"},"image":{"@id":"https:\/\/www.infotetquebec.com\/es\/con-dedicacion-y-pasion-roberto-hernandez-cultiva-su-exito\/#primaryimage"},"thumbnailUrl":"https:\/\/www.infotetquebec.com\/wp-content\/uploads\/2023\/08\/Roberto_InfoTET_MarieAnneDaye1-scaled.jpg","datePublished":"2023-08-09T20:58:32+00:00","dateModified":"2023-08-15T19:09:26+00:00","description":"Historia de Roberto Hern\u00e1ndez, originario de M\u00e9xico, trabajador extranjero temporal en Les Fraises de l'\u00cele d'Orl\u00e9ans, Qu\u00e9bec.","breadcrumb":{"@id":"https:\/\/www.infotetquebec.com\/es\/con-dedicacion-y-pasion-roberto-hernandez-cultiva-su-exito\/#breadcrumb"},"inLanguage":"es","potentialAction":[{"@type":"ReadAction","target":["https:\/\/www.infotetquebec.com\/es\/con-dedicacion-y-pasion-roberto-hernandez-cultiva-su-exito\/"]}]},{"@type":"ImageObject","inLanguage":"es","@id":"https:\/\/www.infotetquebec.com\/es\/con-dedicacion-y-pasion-roberto-hernandez-cultiva-su-exito\/#primaryimage","url":"https:\/\/www.infotetquebec.com\/wp-content\/uploads\/2023\/08\/Roberto_InfoTET_MarieAnneDaye1-scaled.jpg","contentUrl":"https:\/\/www.infotetquebec.com\/wp-content\/uploads\/2023\/08\/Roberto_InfoTET_MarieAnneDaye1-scaled.jpg","width":2560,"height":1771},{"@type":"BreadcrumbList","@id":"https:\/\/www.infotetquebec.com\/es\/con-dedicacion-y-pasion-roberto-hernandez-cultiva-su-exito\/#breadcrumb","itemListElement":[{"@type":"ListItem","position":1,"name":"Accueil","item":"https:\/\/www.infotetquebec.com\/es\/"},{"@type":"ListItem","position":2,"name":"Con dedicaci\u00f3n y pasi\u00f3n, Roberto Hern\u00e1ndez cultiva su \u00e9xito"}]},{"@type":"WebSite","@id":"https:\/\/www.infotetquebec.com\/es\/#website","url":"https:\/\/www.infotetquebec.com\/es\/","name":"Infotetquebec","description":"Info et soutien aux TET","publisher":{"@id":"https:\/\/www.infotetquebec.com\/es\/#organization"},"potentialAction":[{"@type":"SearchAction","target":{"@type":"EntryPoint","urlTemplate":"https:\/\/www.infotetquebec.com\/es\/?s={search_term_string}"},"query-input":{"@type":"PropertyValueSpecification","valueRequired":true,"valueName":"search_term_string"}}],"inLanguage":"es"},{"@type":"Organization","@id":"https:\/\/www.infotetquebec.com\/es\/#organization","name":"InfoTETQuebec","url":"https:\/\/www.infotetquebec.com\/es\/","logo":{"@type":"ImageObject","inLanguage":"es","@id":"https:\/\/www.infotetquebec.com\/es\/#\/schema\/logo\/image\/","url":"https:\/\/www.infotetquebec.com\/wp-content\/uploads\/2021\/02\/cropped-IMQC_TET_Favicon_Fav-Icon_Fav-Icon-1.png","contentUrl":"https:\/\/www.infotetquebec.com\/wp-content\/uploads\/2021\/02\/cropped-IMQC_TET_Favicon_Fav-Icon_Fav-Icon-1.png","width":512,"height":512,"caption":"InfoTETQuebec"},"image":{"@id":"https:\/\/www.infotetquebec.com\/es\/#\/schema\/logo\/image\/"},"sameAs":["https:\/\/www.facebook.com\/profile.php?id=100089616676260"]},{"@type":"Person","@id":"https:\/\/www.infotetquebec.com\/es\/#\/schema\/person\/2e6e3396cc4022408f480098052d9329","name":"Francisco Salazar","image":{"@type":"ImageObject","inLanguage":"es","@id":"https:\/\/secure.gravatar.com\/avatar\/817253c5e9df69797a44385a77c231c8e9f92864af0861b091a2081006623cc3?s=96&d=mm&r=g","url":"https:\/\/secure.gravatar.com\/avatar\/817253c5e9df69797a44385a77c231c8e9f92864af0861b091a2081006623cc3?s=96&d=mm&r=g","contentUrl":"https:\/\/secure.gravatar.com\/avatar\/817253c5e9df69797a44385a77c231c8e9f92864af0861b091a2081006623cc3?s=96&d=mm&r=g","caption":"Francisco Salazar"},"description":"Superviseur \u00e0 la coordination","url":"https:\/\/www.infotetquebec.com\/es\/author\/francisco-salazarimmigrantquebec-com\/"}]}},"rttpg_featured_image_url":{"full":["https:\/\/www.infotetquebec.com\/wp-content\/uploads\/2023\/08\/Roberto_InfoTET_MarieAnneDaye1-scaled.jpg",2560,1771,false],"landscape":["https:\/\/www.infotetquebec.com\/wp-content\/uploads\/2023\/08\/Roberto_InfoTET_MarieAnneDaye1-scaled.jpg",2560,1771,false],"portraits":["https:\/\/www.infotetquebec.com\/wp-content\/uploads\/2023\/08\/Roberto_InfoTET_MarieAnneDaye1-scaled.jpg",2560,1771,false],"thumbnail":["https:\/\/www.infotetquebec.com\/wp-content\/uploads\/2023\/08\/Roberto_InfoTET_MarieAnneDaye1-300x150.jpg",300,150,true],"medium":["https:\/\/www.infotetquebec.com\/wp-content\/uploads\/2023\/08\/Roberto_InfoTET_MarieAnneDaye1-300x208.jpg",300,208,true],"large":["https:\/\/www.infotetquebec.com\/wp-content\/uploads\/2023\/08\/Roberto_InfoTET_MarieAnneDaye1-1024x709.jpg",1024,709,true],"1536x1536":["https:\/\/www.infotetquebec.com\/wp-content\/uploads\/2023\/08\/Roberto_InfoTET_MarieAnneDaye1-1536x1063.jpg",1536,1063,true],"2048x2048":["https:\/\/www.infotetquebec.com\/wp-content\/uploads\/2023\/08\/Roberto_InfoTET_MarieAnneDaye1-2048x1417.jpg",2048,1417,true],"sidebar-featured":["https:\/\/www.infotetquebec.com\/wp-content\/uploads\/2023\/08\/Roberto_InfoTET_MarieAnneDaye1-75x75.jpg",75,75,true],"genesis-singular-images":["https:\/\/www.infotetquebec.com\/wp-content\/uploads\/2023\/08\/Roberto_InfoTET_MarieAnneDaye1-702x526.jpg",702,526,true]},"rttpg_author":{"display_name":"Francisco Salazar","author_link":"https:\/\/www.infotetquebec.com\/es\/author\/francisco-salazarimmigrantquebec-com\/"},"rttpg_comment":0,"rttpg_category":"<a href=\"https:\/\/www.infotetquebec.com\/es\/noticias\/\" rel=\"category tag\">Art\u00edculos<\/a>","rttpg_excerpt":"Trabajador extranjero temporal en Les Fraises de l&#8217;\u00cele d&#8217;Orl\u00e9ans desde hace nueve a\u00f1os, Roberto Hern\u00e1ndez, originario de M\u00e9xico, no se detiene un segundo: entre su trabajo exigente, una disciplina personal... Leer m\u00e1s","_links":{"self":[{"href":"https:\/\/www.infotetquebec.com\/es\/wp-json\/wp\/v2\/posts\/8383","targetHints":{"allow":["GET"]}}],"collection":[{"href":"https:\/\/www.infotetquebec.com\/es\/wp-json\/wp\/v2\/posts"}],"about":[{"href":"https:\/\/www.infotetquebec.com\/es\/wp-json\/wp\/v2\/types\/post"}],"author":[{"embeddable":true,"href":"https:\/\/www.infotetquebec.com\/es\/wp-json\/wp\/v2\/users\/17"}],"replies":[{"embeddable":true,"href":"https:\/\/www.infotetquebec.com\/es\/wp-json\/wp\/v2\/comments?post=8383"}],"version-history":[{"count":26,"href":"https:\/\/www.infotetquebec.com\/es\/wp-json\/wp\/v2\/posts\/8383\/revisions"}],"predecessor-version":[{"id":8628,"href":"https:\/\/www.infotetquebec.com\/es\/wp-json\/wp\/v2\/posts\/8383\/revisions\/8628"}],"wp:featuredmedia":[{"embeddable":true,"href":"https:\/\/www.infotetquebec.com\/es\/wp-json\/wp\/v2\/media\/8235"}],"wp:attachment":[{"href":"https:\/\/www.infotetquebec.com\/es\/wp-json\/wp\/v2\/media?parent=8383"}],"wp:term":[{"taxonomy":"category","embeddable":true,"href":"https:\/\/www.infotetquebec.com\/es\/wp-json\/wp\/v2\/categories?post=8383"},{"taxonomy":"post_tag","embeddable":true,"href":"https:\/\/www.infotetquebec.com\/es\/wp-json\/wp\/v2\/tags?post=8383"}],"curies":[{"name":"wp","href":"https:\/\/api.w.org\/{rel}","templated":true}]}}