{"id":5835,"date":"2023-02-15T16:40:00","date_gmt":"2023-02-15T21:40:00","guid":{"rendered":"https:\/\/www.infotetquebec.com\/?p=5835"},"modified":"2023-02-16T09:24:09","modified_gmt":"2023-02-16T14:24:09","slug":"el-camino-de-los-tet-guatemaltecos-en-pintura","status":"publish","type":"post","link":"https:\/\/www.infotetquebec.com\/es\/el-camino-de-los-tet-guatemaltecos-en-pintura\/","title":{"rendered":"El camino de los TET guatemaltecos en pintura"},"content":{"rendered":"<p style=\"font-weight: 400;\"><strong>En las oficinas del Consulado de Guatemala en Montreal hay una obra de arte que ilustra el viaje de los trabajadores temporales extranjeros desde su tierra natal hasta Quebec. El artista detr\u00e1s de la pintura es Jos\u00e9 Orlando Cajbon, un talentoso pintor que trabaja desde hace 14 a\u00f1os para una empresa en Saint-Michel.<\/strong><\/p>\n<p>Texto Marie-Anne Day\u00e9<\/p>\n<figure id=\"attachment_5809\" aria-describedby=\"caption-attachment-5809\" style=\"width: 1080px\" class=\"wp-caption aligncenter\"><a href=\"https:\/\/www.infotetquebec.com\/wp-content\/uploads\/2023\/02\/PHOTO-2023-02-04-21-35-24.jpg\"><img fetchpriority=\"high\" decoding=\"async\" class=\"size-full wp-image-5807\" src=\"https:\/\/www.infotetquebec.com\/wp-content\/uploads\/2023\/02\/PHOTO-2023-02-04-21-35-24.jpg\" alt=\"\" width=\"1080\" height=\"738\" srcset=\"https:\/\/www.infotetquebec.com\/wp-content\/uploads\/2023\/02\/PHOTO-2023-02-04-21-35-24.jpg 1080w, https:\/\/www.infotetquebec.com\/wp-content\/uploads\/2023\/02\/PHOTO-2023-02-04-21-35-24-300x205.jpg 300w, https:\/\/www.infotetquebec.com\/wp-content\/uploads\/2023\/02\/PHOTO-2023-02-04-21-35-24-1024x700.jpg 1024w, https:\/\/www.infotetquebec.com\/wp-content\/uploads\/2023\/02\/PHOTO-2023-02-04-21-35-24-768x525.jpg 768w\" sizes=\"(max-width: 1080px) 100vw, 1080px\" \/><\/a><figcaption id=\"caption-attachment-5809\" class=\"wp-caption-text\">Fotograf\u00eda facilitada por Jos\u00e9 Orlando Cajbon.<\/figcaption><\/figure>\n<p style=\"font-weight: 400;\">La realidad que describe en esta obra es la de miles de trabajadores agr\u00edcolas extranjeros que llegan cada a\u00f1o a Quebec para asegurar un futuro mejor a sus familias. Este viaje no est\u00e1 exento de sacrificios: implica pasar varios meses fuera de casa, mientras los hijos crecen.<\/p>\n<p style=\"font-weight: 400;\">Jos\u00e9 Orlando, de 44 a\u00f1os, lleva 14 a\u00f1os envasando papas para la misma empresa. Actualmente vive en una casa proporcionada por su empleador, que comparte con 14 compa\u00f1eros guatemaltecos. Trabaja 8 horas al d\u00eda, 5 d\u00edas a la semana y, a veces, algunas horas los fines de semana.<\/p>\n<p>&nbsp;<\/p>\n<figure id=\"attachment_5748\" aria-describedby=\"caption-attachment-5748\" style=\"width: 542px\" class=\"wp-caption aligncenter\"><a href=\"https:\/\/www.infotetquebec.com\/wp-content\/uploads\/2023\/02\/DSCF2329-scaled.jpg\"><img decoding=\"async\" class=\" wp-image-5746\" src=\"https:\/\/www.infotetquebec.com\/wp-content\/uploads\/2023\/02\/DSCF2329-scaled.jpg\" alt=\"\" width=\"542\" height=\"813\" srcset=\"https:\/\/www.infotetquebec.com\/wp-content\/uploads\/2023\/02\/DSCF2329-scaled.jpg 1707w, https:\/\/www.infotetquebec.com\/wp-content\/uploads\/2023\/02\/DSCF2329-200x300.jpg 200w, https:\/\/www.infotetquebec.com\/wp-content\/uploads\/2023\/02\/DSCF2329-683x1024.jpg 683w, https:\/\/www.infotetquebec.com\/wp-content\/uploads\/2023\/02\/DSCF2329-768x1152.jpg 768w, https:\/\/www.infotetquebec.com\/wp-content\/uploads\/2023\/02\/DSCF2329-1024x1536.jpg 1024w, https:\/\/www.infotetquebec.com\/wp-content\/uploads\/2023\/02\/DSCF2329-1365x2048.jpg 1365w\" sizes=\"(max-width: 542px) 100vw, 542px\" \/><\/a><figcaption id=\"caption-attachment-5748\" class=\"wp-caption-text\"><br \/>Jos\u00e9 Orlando Cajbon, en la casa de Saint-Michel donde vive con sus colegas guatemaltecos.\u00a0Foto Marie-Anne Day\u00e9.<\/figcaption><\/figure>\n<p>&nbsp;<\/p>\n<p style=\"font-weight: 400;\">Cuando est\u00e1 en Sumpango, Guatemala, su vida es muy diferente. Dedica su tiempo a su familia y a contar la cultura de su pa\u00eds a trav\u00e9s de su arte. En el pasado, ha vendido varias obras a turistas europeos y estadounidenses, entre otros. &#8220;Nunca hab\u00eda viajado antes de venir a Quebec, pero mis cuadros s\u00ed&#8221;, dice. Sin embargo, los atentados del 11 de septiembre de 2001 afectaron al turismo y provocaron el cierre de varias galer\u00edas, se\u00f1ala. Pero eso no le impidi\u00f3 seguir expres\u00e1ndose a trav\u00e9s del arte. La obra expuesta en el Consulado de Guatemala en Montreal fue creada en Saint-R\u00e9mi en 2012. &#8220;Quer\u00eda que fuera algo muy personal sobre lo que vivimos aqu\u00ed, sobre nuestros pensamientos&#8221;.<\/p>\n<p style=\"font-weight: 400;\">Cada escena representa un elemento del viaje de un trabajador guatemalteco: el viaje, la familia que queda atr\u00e1s, la dura jornada de trabajo agr\u00edcola que realizan en Quebec, la comunicaci\u00f3n a larga distancia, el orgullo de ver a sus hijos triunfar. En la parte inferior derecha se ve la iglesia de Saint-R\u00e9mi, que representa a la comunidad de acogida.<\/p>\n<pre data-reactid=\".0.$project.0.2.1.0\"><span data-reactid=\".0.$project.0.2.1.0.2\">\t<div data-id=\"5811\" class=\"codeneric-img-public-container\"><\/div>\n\t\r\n\r\n<\/span><\/pre>\n<h6 style=\"font-weight: 400; text-align: center;\">Fotograf\u00edas facilitadas por Jos\u00e9 Orlando Cajbon.<\/h6>\n<p>&nbsp;<\/p>\n<p style=\"font-weight: 400;\"><strong>Ojos que no ven, coraz\u00f3n que no siente<\/strong><\/p>\n<p style=\"font-weight: 400;\">Lo que m\u00e1s le cuesta a Jos\u00e9 Orlando es estar lejos de sus seres queridos. Tiene cuatro hijas de 9, 10, 14 y 16 a\u00f1os. La mayor se graduar\u00e1 este a\u00f1o. &#8220;Desde mi punto de vista, me gustar\u00eda pasar m\u00e1s tiempo con mi familia, pero tambi\u00e9n quiero que mis hijas prosperen. Por eso sigo viniendo a Quebec&#8221;, dice, mencionando de pasada que el dinero ganado aqu\u00ed permite a trabajadores como \u00e9l mejorar gradualmente sus casas en Guatemala y pagar la educaci\u00f3n de sus hijos.<\/p>\n<p style=\"font-weight: 400;\">Estar lejos de casa a veces significa perder a los seres queridos sin poder agarrarles la mano antes de partir. Por desgracia, esto es lo que le ocurri\u00f3 a Jos\u00e9 Orlando hace cuatro a\u00f1os. Su mujer falleci\u00f3 en circunstancias extra\u00f1as, un d\u00eda antes de que \u00e9l regresara a Guatemala. &#8220;Todo iba bien, ten\u00edamos planes, \u00edbamos a vernos al d\u00eda siguiente, y un d\u00eda ella ya no estaba, no me lo pod\u00eda creer&#8221;, cuenta emocionado. Tambi\u00e9n tuvo que despedirse de su padre a distancia en diciembre de 2022, cuando acababa de regresar a Saint-R\u00e9mi. Son grandes pruebas humanas por las que estos hombres deben pasar sin dejar de trabajar duro.<\/p>\n<p style=\"font-weight: 400;\">Si tiene la oportunidad &#8211; y el tiempo y el material &#8211; a Jos\u00e9 Orlando le gustar\u00eda seguir pintando. Tambi\u00e9n le gustar\u00eda aprender franc\u00e9s, esta vez con m\u00e1s asiduidad, pero los recursos para hacerlo son limitados, dice. Tambi\u00e9n aspira a obtener la residencia permanente para tener m\u00e1s oportunidades.<\/p>\n","protected":false},"excerpt":{"rendered":"<p>En las oficinas del Consulado de Guatemala en Montreal hay una obra de arte que ilustra el viaje de los trabajadores temporales extranjeros desde su tierra natal hasta Quebec. El&#8230; <a class=\"more-link\" href=\"https:\/\/www.infotetquebec.com\/es\/el-camino-de-los-tet-guatemaltecos-en-pintura\/\">Leer m\u00e1s<\/a><\/p>\n","protected":false},"author":17,"featured_media":5809,"comment_status":"closed","ping_status":"open","sticky":false,"template":"","format":"standard","meta":{"_genesis_hide_title":false,"_genesis_hide_breadcrumbs":false,"_genesis_hide_singular_image":false,"_genesis_hide_footer_widgets":false,"_genesis_custom_body_class":"","_genesis_custom_post_class":"","_genesis_layout":"","footnotes":""},"categories":[54,4],"tags":[],"class_list":["post-5835","post","type-post","status-publish","format-standard","has-post-thumbnail","category-noticias","category-sin-categorizar","entry"],"yoast_head":"<!-- This site is optimized with the Yoast SEO plugin v27.5 - https:\/\/yoast.com\/product\/yoast-seo-wordpress\/ -->\n<title>El camino de los TET guatemaltecos en pintura - Infotetquebec<\/title>\n<meta name=\"robots\" content=\"index, follow, max-snippet:-1, max-image-preview:large, max-video-preview:-1\" \/>\n<link rel=\"canonical\" href=\"https:\/\/www.infotetquebec.com\/es\/el-camino-de-los-tet-guatemaltecos-en-pintura\/\" \/>\n<meta property=\"og:locale\" content=\"es_ES\" \/>\n<meta property=\"og:type\" content=\"article\" \/>\n<meta property=\"og:title\" content=\"El camino de los TET guatemaltecos en pintura - Infotetquebec\" \/>\n<meta property=\"og:description\" content=\"En las oficinas del Consulado de Guatemala en Montreal hay una obra de arte que ilustra el viaje de los trabajadores temporales extranjeros desde su tierra natal hasta Quebec. El... Leer m\u00e1s\" \/>\n<meta property=\"og:url\" content=\"https:\/\/www.infotetquebec.com\/es\/el-camino-de-los-tet-guatemaltecos-en-pintura\/\" \/>\n<meta property=\"og:site_name\" content=\"Infotetquebec\" \/>\n<meta property=\"article:publisher\" content=\"https:\/\/www.facebook.com\/profile.php?id=100089616676260\" \/>\n<meta property=\"article:published_time\" content=\"2023-02-15T21:40:00+00:00\" \/>\n<meta property=\"article:modified_time\" content=\"2023-02-16T14:24:09+00:00\" \/>\n<meta property=\"og:image\" content=\"https:\/\/www.infotetquebec.com\/wp-content\/uploads\/2023\/02\/PHOTO-2023-02-04-21-35-24.jpg\" \/>\n\t<meta property=\"og:image:width\" content=\"1080\" \/>\n\t<meta property=\"og:image:height\" content=\"738\" \/>\n\t<meta property=\"og:image:type\" content=\"image\/jpeg\" \/>\n<meta name=\"author\" content=\"Francisco Salazar\" \/>\n<meta name=\"twitter:card\" content=\"summary_large_image\" \/>\n<meta name=\"twitter:label1\" content=\"Escrito por\" \/>\n\t<meta name=\"twitter:data1\" content=\"Francisco Salazar\" \/>\n\t<meta name=\"twitter:label2\" content=\"Tiempo de lectura\" \/>\n\t<meta name=\"twitter:data2\" content=\"4 minutos\" \/>\n<script type=\"application\/ld+json\" class=\"yoast-schema-graph\">{\"@context\":\"https:\\\/\\\/schema.org\",\"@graph\":[{\"@type\":\"Article\",\"@id\":\"https:\\\/\\\/www.infotetquebec.com\\\/es\\\/el-camino-de-los-tet-guatemaltecos-en-pintura\\\/#article\",\"isPartOf\":{\"@id\":\"https:\\\/\\\/www.infotetquebec.com\\\/es\\\/el-camino-de-los-tet-guatemaltecos-en-pintura\\\/\"},\"author\":{\"name\":\"Francisco Salazar\",\"@id\":\"https:\\\/\\\/www.infotetquebec.com\\\/es\\\/#\\\/schema\\\/person\\\/2e6e3396cc4022408f480098052d9329\"},\"headline\":\"El camino de los TET guatemaltecos en pintura\",\"datePublished\":\"2023-02-15T21:40:00+00:00\",\"dateModified\":\"2023-02-16T14:24:09+00:00\",\"mainEntityOfPage\":{\"@id\":\"https:\\\/\\\/www.infotetquebec.com\\\/es\\\/el-camino-de-los-tet-guatemaltecos-en-pintura\\\/\"},\"wordCount\":665,\"publisher\":{\"@id\":\"https:\\\/\\\/www.infotetquebec.com\\\/es\\\/#organization\"},\"image\":{\"@id\":\"https:\\\/\\\/www.infotetquebec.com\\\/es\\\/el-camino-de-los-tet-guatemaltecos-en-pintura\\\/#primaryimage\"},\"thumbnailUrl\":\"https:\\\/\\\/www.infotetquebec.com\\\/wp-content\\\/uploads\\\/2023\\\/02\\\/PHOTO-2023-02-04-21-35-24.jpg\",\"articleSection\":[\"Art\u00edculos\",\"Sin categorizar\"],\"inLanguage\":\"es\"},{\"@type\":\"WebPage\",\"@id\":\"https:\\\/\\\/www.infotetquebec.com\\\/es\\\/el-camino-de-los-tet-guatemaltecos-en-pintura\\\/\",\"url\":\"https:\\\/\\\/www.infotetquebec.com\\\/es\\\/el-camino-de-los-tet-guatemaltecos-en-pintura\\\/\",\"name\":\"El camino de los TET guatemaltecos en pintura - Infotetquebec\",\"isPartOf\":{\"@id\":\"https:\\\/\\\/www.infotetquebec.com\\\/es\\\/#website\"},\"primaryImageOfPage\":{\"@id\":\"https:\\\/\\\/www.infotetquebec.com\\\/es\\\/el-camino-de-los-tet-guatemaltecos-en-pintura\\\/#primaryimage\"},\"image\":{\"@id\":\"https:\\\/\\\/www.infotetquebec.com\\\/es\\\/el-camino-de-los-tet-guatemaltecos-en-pintura\\\/#primaryimage\"},\"thumbnailUrl\":\"https:\\\/\\\/www.infotetquebec.com\\\/wp-content\\\/uploads\\\/2023\\\/02\\\/PHOTO-2023-02-04-21-35-24.jpg\",\"datePublished\":\"2023-02-15T21:40:00+00:00\",\"dateModified\":\"2023-02-16T14:24:09+00:00\",\"breadcrumb\":{\"@id\":\"https:\\\/\\\/www.infotetquebec.com\\\/es\\\/el-camino-de-los-tet-guatemaltecos-en-pintura\\\/#breadcrumb\"},\"inLanguage\":\"es\",\"potentialAction\":[{\"@type\":\"ReadAction\",\"target\":[\"https:\\\/\\\/www.infotetquebec.com\\\/es\\\/el-camino-de-los-tet-guatemaltecos-en-pintura\\\/\"]}]},{\"@type\":\"ImageObject\",\"inLanguage\":\"es\",\"@id\":\"https:\\\/\\\/www.infotetquebec.com\\\/es\\\/el-camino-de-los-tet-guatemaltecos-en-pintura\\\/#primaryimage\",\"url\":\"https:\\\/\\\/www.infotetquebec.com\\\/wp-content\\\/uploads\\\/2023\\\/02\\\/PHOTO-2023-02-04-21-35-24.jpg\",\"contentUrl\":\"https:\\\/\\\/www.infotetquebec.com\\\/wp-content\\\/uploads\\\/2023\\\/02\\\/PHOTO-2023-02-04-21-35-24.jpg\",\"width\":1080,\"height\":738,\"caption\":\"Photo fournie par Jos\u00e9 Orlando Cajbon.\"},{\"@type\":\"BreadcrumbList\",\"@id\":\"https:\\\/\\\/www.infotetquebec.com\\\/es\\\/el-camino-de-los-tet-guatemaltecos-en-pintura\\\/#breadcrumb\",\"itemListElement\":[{\"@type\":\"ListItem\",\"position\":1,\"name\":\"Accueil\",\"item\":\"https:\\\/\\\/www.infotetquebec.com\\\/es\\\/\"},{\"@type\":\"ListItem\",\"position\":2,\"name\":\"El camino de los TET guatemaltecos en pintura\"}]},{\"@type\":\"WebSite\",\"@id\":\"https:\\\/\\\/www.infotetquebec.com\\\/es\\\/#website\",\"url\":\"https:\\\/\\\/www.infotetquebec.com\\\/es\\\/\",\"name\":\"Infotetquebec\",\"description\":\"Info et soutien aux TET\",\"publisher\":{\"@id\":\"https:\\\/\\\/www.infotetquebec.com\\\/es\\\/#organization\"},\"potentialAction\":[{\"@type\":\"SearchAction\",\"target\":{\"@type\":\"EntryPoint\",\"urlTemplate\":\"https:\\\/\\\/www.infotetquebec.com\\\/es\\\/?s={search_term_string}\"},\"query-input\":{\"@type\":\"PropertyValueSpecification\",\"valueRequired\":true,\"valueName\":\"search_term_string\"}}],\"inLanguage\":\"es\"},{\"@type\":\"Organization\",\"@id\":\"https:\\\/\\\/www.infotetquebec.com\\\/es\\\/#organization\",\"name\":\"InfoTETQuebec\",\"url\":\"https:\\\/\\\/www.infotetquebec.com\\\/es\\\/\",\"logo\":{\"@type\":\"ImageObject\",\"inLanguage\":\"es\",\"@id\":\"https:\\\/\\\/www.infotetquebec.com\\\/es\\\/#\\\/schema\\\/logo\\\/image\\\/\",\"url\":\"https:\\\/\\\/www.infotetquebec.com\\\/wp-content\\\/uploads\\\/2021\\\/02\\\/cropped-IMQC_TET_Favicon_Fav-Icon_Fav-Icon-1.png\",\"contentUrl\":\"https:\\\/\\\/www.infotetquebec.com\\\/wp-content\\\/uploads\\\/2021\\\/02\\\/cropped-IMQC_TET_Favicon_Fav-Icon_Fav-Icon-1.png\",\"width\":512,\"height\":512,\"caption\":\"InfoTETQuebec\"},\"image\":{\"@id\":\"https:\\\/\\\/www.infotetquebec.com\\\/es\\\/#\\\/schema\\\/logo\\\/image\\\/\"},\"sameAs\":[\"https:\\\/\\\/www.facebook.com\\\/profile.php?id=100089616676260\"]},{\"@type\":\"Person\",\"@id\":\"https:\\\/\\\/www.infotetquebec.com\\\/es\\\/#\\\/schema\\\/person\\\/2e6e3396cc4022408f480098052d9329\",\"name\":\"Francisco Salazar\",\"image\":{\"@type\":\"ImageObject\",\"inLanguage\":\"es\",\"@id\":\"https:\\\/\\\/secure.gravatar.com\\\/avatar\\\/817253c5e9df69797a44385a77c231c8e9f92864af0861b091a2081006623cc3?s=96&d=mm&r=g\",\"url\":\"https:\\\/\\\/secure.gravatar.com\\\/avatar\\\/817253c5e9df69797a44385a77c231c8e9f92864af0861b091a2081006623cc3?s=96&d=mm&r=g\",\"contentUrl\":\"https:\\\/\\\/secure.gravatar.com\\\/avatar\\\/817253c5e9df69797a44385a77c231c8e9f92864af0861b091a2081006623cc3?s=96&d=mm&r=g\",\"caption\":\"Francisco Salazar\"},\"description\":\"Superviseur \u00e0 la coordination\",\"url\":\"https:\\\/\\\/www.infotetquebec.com\\\/es\\\/author\\\/francisco-salazarimmigrantquebec-com\\\/\"}]}<\/script>\n<!-- \/ Yoast SEO plugin. -->","yoast_head_json":{"title":"El camino de los TET guatemaltecos en pintura - Infotetquebec","robots":{"index":"index","follow":"follow","max-snippet":"max-snippet:-1","max-image-preview":"max-image-preview:large","max-video-preview":"max-video-preview:-1"},"canonical":"https:\/\/www.infotetquebec.com\/es\/el-camino-de-los-tet-guatemaltecos-en-pintura\/","og_locale":"es_ES","og_type":"article","og_title":"El camino de los TET guatemaltecos en pintura - Infotetquebec","og_description":"En las oficinas del Consulado de Guatemala en Montreal hay una obra de arte que ilustra el viaje de los trabajadores temporales extranjeros desde su tierra natal hasta Quebec. El... Leer m\u00e1s","og_url":"https:\/\/www.infotetquebec.com\/es\/el-camino-de-los-tet-guatemaltecos-en-pintura\/","og_site_name":"Infotetquebec","article_publisher":"https:\/\/www.facebook.com\/profile.php?id=100089616676260","article_published_time":"2023-02-15T21:40:00+00:00","article_modified_time":"2023-02-16T14:24:09+00:00","og_image":[{"width":1080,"height":738,"url":"https:\/\/www.infotetquebec.com\/wp-content\/uploads\/2023\/02\/PHOTO-2023-02-04-21-35-24.jpg","type":"image\/jpeg"}],"author":"Francisco Salazar","twitter_card":"summary_large_image","twitter_misc":{"Escrito por":"Francisco Salazar","Tiempo de lectura":"4 minutos"},"schema":{"@context":"https:\/\/schema.org","@graph":[{"@type":"Article","@id":"https:\/\/www.infotetquebec.com\/es\/el-camino-de-los-tet-guatemaltecos-en-pintura\/#article","isPartOf":{"@id":"https:\/\/www.infotetquebec.com\/es\/el-camino-de-los-tet-guatemaltecos-en-pintura\/"},"author":{"name":"Francisco Salazar","@id":"https:\/\/www.infotetquebec.com\/es\/#\/schema\/person\/2e6e3396cc4022408f480098052d9329"},"headline":"El camino de los TET guatemaltecos en pintura","datePublished":"2023-02-15T21:40:00+00:00","dateModified":"2023-02-16T14:24:09+00:00","mainEntityOfPage":{"@id":"https:\/\/www.infotetquebec.com\/es\/el-camino-de-los-tet-guatemaltecos-en-pintura\/"},"wordCount":665,"publisher":{"@id":"https:\/\/www.infotetquebec.com\/es\/#organization"},"image":{"@id":"https:\/\/www.infotetquebec.com\/es\/el-camino-de-los-tet-guatemaltecos-en-pintura\/#primaryimage"},"thumbnailUrl":"https:\/\/www.infotetquebec.com\/wp-content\/uploads\/2023\/02\/PHOTO-2023-02-04-21-35-24.jpg","articleSection":["Art\u00edculos","Sin categorizar"],"inLanguage":"es"},{"@type":"WebPage","@id":"https:\/\/www.infotetquebec.com\/es\/el-camino-de-los-tet-guatemaltecos-en-pintura\/","url":"https:\/\/www.infotetquebec.com\/es\/el-camino-de-los-tet-guatemaltecos-en-pintura\/","name":"El camino de los TET guatemaltecos en pintura - Infotetquebec","isPartOf":{"@id":"https:\/\/www.infotetquebec.com\/es\/#website"},"primaryImageOfPage":{"@id":"https:\/\/www.infotetquebec.com\/es\/el-camino-de-los-tet-guatemaltecos-en-pintura\/#primaryimage"},"image":{"@id":"https:\/\/www.infotetquebec.com\/es\/el-camino-de-los-tet-guatemaltecos-en-pintura\/#primaryimage"},"thumbnailUrl":"https:\/\/www.infotetquebec.com\/wp-content\/uploads\/2023\/02\/PHOTO-2023-02-04-21-35-24.jpg","datePublished":"2023-02-15T21:40:00+00:00","dateModified":"2023-02-16T14:24:09+00:00","breadcrumb":{"@id":"https:\/\/www.infotetquebec.com\/es\/el-camino-de-los-tet-guatemaltecos-en-pintura\/#breadcrumb"},"inLanguage":"es","potentialAction":[{"@type":"ReadAction","target":["https:\/\/www.infotetquebec.com\/es\/el-camino-de-los-tet-guatemaltecos-en-pintura\/"]}]},{"@type":"ImageObject","inLanguage":"es","@id":"https:\/\/www.infotetquebec.com\/es\/el-camino-de-los-tet-guatemaltecos-en-pintura\/#primaryimage","url":"https:\/\/www.infotetquebec.com\/wp-content\/uploads\/2023\/02\/PHOTO-2023-02-04-21-35-24.jpg","contentUrl":"https:\/\/www.infotetquebec.com\/wp-content\/uploads\/2023\/02\/PHOTO-2023-02-04-21-35-24.jpg","width":1080,"height":738,"caption":"Photo fournie par Jos\u00e9 Orlando Cajbon."},{"@type":"BreadcrumbList","@id":"https:\/\/www.infotetquebec.com\/es\/el-camino-de-los-tet-guatemaltecos-en-pintura\/#breadcrumb","itemListElement":[{"@type":"ListItem","position":1,"name":"Accueil","item":"https:\/\/www.infotetquebec.com\/es\/"},{"@type":"ListItem","position":2,"name":"El camino de los TET guatemaltecos en pintura"}]},{"@type":"WebSite","@id":"https:\/\/www.infotetquebec.com\/es\/#website","url":"https:\/\/www.infotetquebec.com\/es\/","name":"Infotetquebec","description":"Info et soutien aux TET","publisher":{"@id":"https:\/\/www.infotetquebec.com\/es\/#organization"},"potentialAction":[{"@type":"SearchAction","target":{"@type":"EntryPoint","urlTemplate":"https:\/\/www.infotetquebec.com\/es\/?s={search_term_string}"},"query-input":{"@type":"PropertyValueSpecification","valueRequired":true,"valueName":"search_term_string"}}],"inLanguage":"es"},{"@type":"Organization","@id":"https:\/\/www.infotetquebec.com\/es\/#organization","name":"InfoTETQuebec","url":"https:\/\/www.infotetquebec.com\/es\/","logo":{"@type":"ImageObject","inLanguage":"es","@id":"https:\/\/www.infotetquebec.com\/es\/#\/schema\/logo\/image\/","url":"https:\/\/www.infotetquebec.com\/wp-content\/uploads\/2021\/02\/cropped-IMQC_TET_Favicon_Fav-Icon_Fav-Icon-1.png","contentUrl":"https:\/\/www.infotetquebec.com\/wp-content\/uploads\/2021\/02\/cropped-IMQC_TET_Favicon_Fav-Icon_Fav-Icon-1.png","width":512,"height":512,"caption":"InfoTETQuebec"},"image":{"@id":"https:\/\/www.infotetquebec.com\/es\/#\/schema\/logo\/image\/"},"sameAs":["https:\/\/www.facebook.com\/profile.php?id=100089616676260"]},{"@type":"Person","@id":"https:\/\/www.infotetquebec.com\/es\/#\/schema\/person\/2e6e3396cc4022408f480098052d9329","name":"Francisco Salazar","image":{"@type":"ImageObject","inLanguage":"es","@id":"https:\/\/secure.gravatar.com\/avatar\/817253c5e9df69797a44385a77c231c8e9f92864af0861b091a2081006623cc3?s=96&d=mm&r=g","url":"https:\/\/secure.gravatar.com\/avatar\/817253c5e9df69797a44385a77c231c8e9f92864af0861b091a2081006623cc3?s=96&d=mm&r=g","contentUrl":"https:\/\/secure.gravatar.com\/avatar\/817253c5e9df69797a44385a77c231c8e9f92864af0861b091a2081006623cc3?s=96&d=mm&r=g","caption":"Francisco Salazar"},"description":"Superviseur \u00e0 la coordination","url":"https:\/\/www.infotetquebec.com\/es\/author\/francisco-salazarimmigrantquebec-com\/"}]}},"rttpg_featured_image_url":{"full":["https:\/\/www.infotetquebec.com\/wp-content\/uploads\/2023\/02\/PHOTO-2023-02-04-21-35-24.jpg",1080,738,false],"landscape":["https:\/\/www.infotetquebec.com\/wp-content\/uploads\/2023\/02\/PHOTO-2023-02-04-21-35-24.jpg",1080,738,false],"portraits":["https:\/\/www.infotetquebec.com\/wp-content\/uploads\/2023\/02\/PHOTO-2023-02-04-21-35-24.jpg",1080,738,false],"thumbnail":["https:\/\/www.infotetquebec.com\/wp-content\/uploads\/2023\/02\/PHOTO-2023-02-04-21-35-24-300x150.jpg",300,150,true],"medium":["https:\/\/www.infotetquebec.com\/wp-content\/uploads\/2023\/02\/PHOTO-2023-02-04-21-35-24-300x205.jpg",300,205,true],"large":["https:\/\/www.infotetquebec.com\/wp-content\/uploads\/2023\/02\/PHOTO-2023-02-04-21-35-24-1024x700.jpg",1024,700,true],"1536x1536":["https:\/\/www.infotetquebec.com\/wp-content\/uploads\/2023\/02\/PHOTO-2023-02-04-21-35-24.jpg",1080,738,false],"2048x2048":["https:\/\/www.infotetquebec.com\/wp-content\/uploads\/2023\/02\/PHOTO-2023-02-04-21-35-24.jpg",1080,738,false],"sidebar-featured":["https:\/\/www.infotetquebec.com\/wp-content\/uploads\/2023\/02\/PHOTO-2023-02-04-21-35-24-75x75.jpg",75,75,true],"genesis-singular-images":["https:\/\/www.infotetquebec.com\/wp-content\/uploads\/2023\/02\/PHOTO-2023-02-04-21-35-24-702x526.jpg",702,526,true]},"rttpg_author":{"display_name":"Francisco Salazar","author_link":"https:\/\/www.infotetquebec.com\/es\/author\/francisco-salazarimmigrantquebec-com\/"},"rttpg_comment":0,"rttpg_category":"<a href=\"https:\/\/www.infotetquebec.com\/es\/noticias\/\" rel=\"category tag\">Art\u00edculos<\/a> <a href=\"https:\/\/www.infotetquebec.com\/es\/sin-categorizar\/\" rel=\"category tag\">Sin categorizar<\/a>","rttpg_excerpt":"En las oficinas del Consulado de Guatemala en Montreal hay una obra de arte que ilustra el viaje de los trabajadores temporales extranjeros desde su tierra natal hasta Quebec. El... Leer m\u00e1s","_links":{"self":[{"href":"https:\/\/www.infotetquebec.com\/es\/wp-json\/wp\/v2\/posts\/5835","targetHints":{"allow":["GET"]}}],"collection":[{"href":"https:\/\/www.infotetquebec.com\/es\/wp-json\/wp\/v2\/posts"}],"about":[{"href":"https:\/\/www.infotetquebec.com\/es\/wp-json\/wp\/v2\/types\/post"}],"author":[{"embeddable":true,"href":"https:\/\/www.infotetquebec.com\/es\/wp-json\/wp\/v2\/users\/17"}],"replies":[{"embeddable":true,"href":"https:\/\/www.infotetquebec.com\/es\/wp-json\/wp\/v2\/comments?post=5835"}],"version-history":[{"count":2,"href":"https:\/\/www.infotetquebec.com\/es\/wp-json\/wp\/v2\/posts\/5835\/revisions"}],"predecessor-version":[{"id":5843,"href":"https:\/\/www.infotetquebec.com\/es\/wp-json\/wp\/v2\/posts\/5835\/revisions\/5843"}],"wp:featuredmedia":[{"embeddable":true,"href":"https:\/\/www.infotetquebec.com\/es\/wp-json\/wp\/v2\/media\/5809"}],"wp:attachment":[{"href":"https:\/\/www.infotetquebec.com\/es\/wp-json\/wp\/v2\/media?parent=5835"}],"wp:term":[{"taxonomy":"category","embeddable":true,"href":"https:\/\/www.infotetquebec.com\/es\/wp-json\/wp\/v2\/categories?post=5835"},{"taxonomy":"post_tag","embeddable":true,"href":"https:\/\/www.infotetquebec.com\/es\/wp-json\/wp\/v2\/tags?post=5835"}],"curies":[{"name":"wp","href":"https:\/\/api.w.org\/{rel}","templated":true}]}}