{"id":5141,"date":"2022-12-20T11:38:14","date_gmt":"2022-12-20T16:38:14","guid":{"rendered":"https:\/\/www.infotetquebec.com\/?p=5141"},"modified":"2022-12-20T16:08:45","modified_gmt":"2022-12-20T21:08:45","slug":"linea-directa-upa-heidi-y-karina-al-telefono","status":"publish","type":"post","link":"https:\/\/www.infotetquebec.com\/es\/linea-directa-upa-heidi-y-karina-al-telefono\/","title":{"rendered":"L\u00ednea directa UPA: Heidi y Karina al tel\u00e9fono"},"content":{"rendered":"<p style=\"font-weight: 400;\"><strong>La l\u00ednea telef\u00f3nica inaugurada por la F\u00e9d\u00e9ration de l&#8217;Union des producteurs agricoles (UPA) de la Mont\u00e9r\u00e9gie puede responder a las preguntas de miles de trabajadores temporales extranjeros. Conozca a los agentes que, al final de la l\u00ednea, alivian las preocupaciones de estos trabajadores.<\/strong><\/p>\n<h6>Texto y fotos Marie-Anne Day\u00e9<\/h6>\n<p><a href=\"https:\/\/www.infotetquebec.com\/wp-content\/uploads\/2022\/12\/Ligne_UPA_8dec2022_Marie-Anne-Daye-1.jpg-1-scaled.jpg\"><img fetchpriority=\"high\" decoding=\"async\" class=\"aligncenter wp-image-5147\" src=\"https:\/\/www.infotetquebec.com\/wp-content\/uploads\/2022\/12\/Ligne_UPA_8dec2022_Marie-Anne-Daye-1.jpg-1-scaled.jpg\" alt=\"\" width=\"561\" height=\"421\" srcset=\"https:\/\/www.infotetquebec.com\/wp-content\/uploads\/2022\/12\/Ligne_UPA_8dec2022_Marie-Anne-Daye-1.jpg-1-scaled.jpg 2560w, https:\/\/www.infotetquebec.com\/wp-content\/uploads\/2022\/12\/Ligne_UPA_8dec2022_Marie-Anne-Daye-1.jpg-1-300x225.jpg 300w, https:\/\/www.infotetquebec.com\/wp-content\/uploads\/2022\/12\/Ligne_UPA_8dec2022_Marie-Anne-Daye-1.jpg-1-1024x769.jpg 1024w, https:\/\/www.infotetquebec.com\/wp-content\/uploads\/2022\/12\/Ligne_UPA_8dec2022_Marie-Anne-Daye-1.jpg-1-768x577.jpg 768w, https:\/\/www.infotetquebec.com\/wp-content\/uploads\/2022\/12\/Ligne_UPA_8dec2022_Marie-Anne-Daye-1.jpg-1-1536x1153.jpg 1536w, https:\/\/www.infotetquebec.com\/wp-content\/uploads\/2022\/12\/Ligne_UPA_8dec2022_Marie-Anne-Daye-1.jpg-1-2048x1538.jpg 2048w, https:\/\/www.infotetquebec.com\/wp-content\/uploads\/2022\/12\/Ligne_UPA_8dec2022_Marie-Anne-Daye-1.jpg-1-702x526.jpg 702w\" sizes=\"(max-width: 561px) 100vw, 561px\" \/><\/a><\/p>\n<p>&#8220;\u00bfPor qu\u00e9 no he recibido mi cheque del Estado?&#8221;, &#8220;\u00bfc\u00f3mo solicito las prestaciones parentales?&#8221;, &#8220;\u00bfqu\u00e9 cubre mi seguro de enfermedad?&#8221; son el tipo de preguntas que Heidi Barajas Silva y Karina Badel responden en espa\u00f1ol en el tel\u00e9fono de atenci\u00f3n de la Federaci\u00f3n de Productores Agr\u00edcolas de Mont\u00e9r\u00e9gie (UPA).<\/p>\n<p><strong>6.000 llamadas en un a\u00f1o<\/strong><\/p>\n<p>Puesta en marcha en 2021 por iniciativa de Julie Tremblay, directora del Centre d&#8217;emploi agricole et formation agricole de l&#8217;UPA Mont\u00e9r\u00e9gie, y gracias a la financiaci\u00f3n del Gobierno de Canad\u00e1, esta l\u00ednea telef\u00f3nica de referencia es un centro de informaci\u00f3n para los trabajadores agr\u00edcolas extranjeros temporales. De lunes a viernes, Heidi, con la ayuda de Karina y su colega Fernando durante los per\u00edodos de mayor afluencia de marzo a octubre, hacen todo lo posible por responder a las preguntas de los trabajadores que, en su mayor\u00eda, acaban de llegar a Quebec y no hablan franc\u00e9s. En un a\u00f1o recibieron m\u00e1s de 6.000 llamadas.<\/p>\n<p>Cuando la cuesti\u00f3n se refiere a la fiscalidad, la UPA es capaz de aportar soluciones. De hecho, la organizaci\u00f3n elabora 21.000 declaraciones fiscales al a\u00f1o para los TET, solicitudes de prestaciones parentales y planes de pensiones. Sin embargo, si el trabajador tiene una petici\u00f3n legal o relacionada con su salud, por ejemplo, se le remite a una agencia u organismo gubernamental que pueda ayudarle.<\/p>\n<figure id=\"attachment_5069\" aria-describedby=\"caption-attachment-5069\" style=\"width: 588px\" class=\"wp-caption aligncenter\"><a href=\"https:\/\/www.infotetquebec.com\/wp-content\/uploads\/2022\/12\/Ligne_UPA_8dec2022_Marie-Anne-Daye2-scaled.jpg\"><img decoding=\"async\" class=\" wp-image-5067\" src=\"https:\/\/www.infotetquebec.com\/wp-content\/uploads\/2022\/12\/Ligne_UPA_8dec2022_Marie-Anne-Daye2-scaled.jpg\" alt=\"\" width=\"588\" height=\"441\" srcset=\"https:\/\/www.infotetquebec.com\/wp-content\/uploads\/2022\/12\/Ligne_UPA_8dec2022_Marie-Anne-Daye2-scaled.jpg 2560w, https:\/\/www.infotetquebec.com\/wp-content\/uploads\/2022\/12\/Ligne_UPA_8dec2022_Marie-Anne-Daye2-300x225.jpg 300w, https:\/\/www.infotetquebec.com\/wp-content\/uploads\/2022\/12\/Ligne_UPA_8dec2022_Marie-Anne-Daye2-1024x768.jpg 1024w\" sizes=\"(max-width: 588px) 100vw, 588px\" \/><\/a><figcaption id=\"caption-attachment-5069\" class=\"wp-caption-text\">Heidi atiende llamadas de lunes a viernes de 8.00 a 16.30 horas entre el 15 de noviembre y el 30 de abril. Del 1 de mayo al 14 de noviembre, el servicio se ofrece los martes, mi\u00e9rcoles y viernes de 8.00 a 16.30 horas, y los lunes y jueves de 8.00 a 19.00 horas. Foto Marie-Anne Day\u00e9.<\/figcaption><\/figure>\n<blockquote>\n<p style=\"font-weight: 400;\"><em>Como la l\u00ednea no funciona las 24 horas del d\u00eda, el equipo ha creado un n\u00famero de WhatsApp para que el servicio sea lo m\u00e1s accesible posible. Los trabajadores pueden enviar un mensaje el fin de semana, antes de su turno a las 6 de la ma\u00f1ana o a \u00faltima hora de la noche, y se les contestar\u00e1 durante el horario laboral. El trabajador tambi\u00e9n puede hacer preguntas en el grupo de Facebook, al que no tienen acceso los productores para preservar la confidencialidad del trabajador.<\/em><\/p>\n<\/blockquote>\n<p>Para Karina Badel, originaria de Colombia y licenciada en econom\u00eda y cooperaci\u00f3n internacional, el \u00e9xito de la l\u00ednea se debe a que ella, Heidi y Fernando hablan espa\u00f1ol y franc\u00e9s. &#8220;Intentamos explicar las cosas lo m\u00e1s claramente posible al trabajador, y a veces al productor. Por supuesto, en pa\u00edses como Guatemala y M\u00e9xico, las leyes fiscales no son las mismas que aqu\u00ed&#8221;, dice.<\/p>\n<p><strong>Construir puentes s\u00f3lidos entre los TET y los empleadores<\/strong><\/p>\n<p>Antes de que existiera la l\u00ednea, el trabajador se dirig\u00eda en la mayor\u00eda de los casos a su empresario para preguntarle, quien a su vez se dirig\u00eda a la UPA. Sin embargo, podr\u00eda haber una sucesi\u00f3n de &#8220;mensajes contradictorios&#8221; debidos a malentendidos y barreras ling\u00fc\u00edsticas, dice Julie. As\u00ed, en lugar de tener este intermediario, el trabajador puede ponerse en contacto directamente con la UPA en su lengua materna. &#8220;Desarrolla su autonom\u00eda y quita carga al productor, as\u00ed que todos ganamos&#8221;, explica el director del centro de empleo. A veces, la UPA intenta calmar los \u00e1nimos en caso de desacuerdo o confusi\u00f3n antes de que &#8220;las cosas exploten y el trabajador no quiera volver&#8221;, dice. &#8220;Nos gustar\u00eda tener unas relaciones armoniosas entre trabajadores y productores. Por eso es importante trabajar juntos&#8221;, a\u00f1ade Karina.<\/p>\n<figure id=\"attachment_5072\" aria-describedby=\"caption-attachment-5072\" style=\"width: 545px\" class=\"wp-caption aligncenter\"><a href=\"https:\/\/www.infotetquebec.com\/wp-content\/uploads\/2022\/12\/Ligne_UPA_8dec2022_Marie-Anne-Daye3-scaled.jpg\"><img decoding=\"async\" class=\" wp-image-5070\" src=\"https:\/\/www.infotetquebec.com\/wp-content\/uploads\/2022\/12\/Ligne_UPA_8dec2022_Marie-Anne-Daye3-scaled.jpg\" alt=\"\" width=\"545\" height=\"474\" srcset=\"https:\/\/www.infotetquebec.com\/wp-content\/uploads\/2022\/12\/Ligne_UPA_8dec2022_Marie-Anne-Daye3-scaled.jpg 2560w, https:\/\/www.infotetquebec.com\/wp-content\/uploads\/2022\/12\/Ligne_UPA_8dec2022_Marie-Anne-Daye3-300x261.jpg 300w, https:\/\/www.infotetquebec.com\/wp-content\/uploads\/2022\/12\/Ligne_UPA_8dec2022_Marie-Anne-Daye3-1024x891.jpg 1024w, https:\/\/www.infotetquebec.com\/wp-content\/uploads\/2022\/12\/Ligne_UPA_8dec2022_Marie-Anne-Daye3-768x669.jpg 768w\" sizes=\"(max-width: 545px) 100vw, 545px\" \/><\/a><figcaption id=\"caption-attachment-5072\" class=\"wp-caption-text\">&#8220;Aceptaron un gran reto&#8221;, dice Julie Tremblay (en medio) a Heidi (delante) y Karina (detr\u00e1s). Foto Marie-Anne Day\u00e9.<\/figcaption><\/figure>\n<p><strong>Escucha y paciencia\u00a0\u00a0<\/strong><\/p>\n<p>En algunos casos, el servicio va m\u00e1s all\u00e1 de la mera informaci\u00f3n. &#8220;Hay historias de trabajadores que est\u00e1n solos en Canad\u00e1, que est\u00e1n deprimidos. Necesitan el apoyo de una agencia&#8221;, dice Heidi, que ha tenido que responder a llamadas desgarradoras. Como psic\u00f3loga en M\u00e9xico, su pa\u00eds de origen, est\u00e1 bien preparada para hacerlo.<\/p>\n<p>Heidi dice que le &#8220;apasiona&#8221; su trabajo. &#8220;Me encanta hablar con los trabajadores. Yo tambi\u00e9n soy inmigrante, sensibilizo y remito a la gente a consulados o agencias. Karina mira a su colega y a\u00f1ade: &#8220;Para hacer este tipo de trabajo, tambi\u00e9n hay que saber escuchar y tener paciencia. Un trabajador viene aqu\u00ed y no sabe nada. Hay que explicarle una, dos, tres veces c\u00f3mo funcionan las cosas aqu\u00ed y darle soluciones.<\/p>\n<p>Las tres plataformas (la l\u00ednea directa, el grupo de WhatsApp y el grupo de Facebook) son excelentes formas de comunicar informaci\u00f3n importante a los trabajadores, como consejos para evitar fraudes, listas de control y fechas importantes. Por ejemplo, suelen recordar a los TET que no cierren sus cuentas bancarias cuando salgan de Canad\u00e1, ya que podr\u00edan no recibir determinadas devoluciones del gobierno.<\/p>\n<p>La l\u00ednea UPA se centra principalmente en la regi\u00f3n de Mont\u00e9r\u00e9gie, aunque los agentes hacen todo lo posible por atender a los trabajadores de otras regiones. A Julie Tremblay le gustar\u00eda que el servicio se extendiera a otras partes de la provincia para ofrecer a los trabajadores la informaci\u00f3n m\u00e1s local posible.<\/p>\n<p><strong>L\u00ednea de atenci\u00f3n telef\u00f3nica de UPA de la Mont\u00e9r\u00e9gie : 1 888 454-3998<\/strong><\/p>\n<p><strong>N\u00famero de WhatsApp: 514 235-2765<\/strong><\/p>\n<p><strong>Grupo de Facebook:<\/strong> <a href=\"https:\/\/www.facebook.com\/groups\/tatquebec\">facebook.com\/groups\/tatquebec<\/a><\/p>\n<p><a href=\"https:\/\/www.infotetquebec.com\/wp-content\/uploads\/2022\/12\/Ligne_UPA_infos.png\"><img loading=\"lazy\" decoding=\"async\" class=\"aligncenter wp-image-5129\" src=\"https:\/\/www.infotetquebec.com\/wp-content\/uploads\/2022\/12\/Ligne_UPA_infos.png\" alt=\"\" width=\"611\" height=\"320\" srcset=\"https:\/\/www.infotetquebec.com\/wp-content\/uploads\/2022\/12\/Ligne_UPA_infos.png 960w, https:\/\/www.infotetquebec.com\/wp-content\/uploads\/2022\/12\/Ligne_UPA_infos-300x157.png 300w, https:\/\/www.infotetquebec.com\/wp-content\/uploads\/2022\/12\/Ligne_UPA_infos-768x402.png 768w\" sizes=\"(max-width: 611px) 100vw, 611px\" \/><\/a><\/p>\n<p style=\"font-weight: 400;\">\n","protected":false},"excerpt":{"rendered":"<p>La l\u00ednea telef\u00f3nica inaugurada por la F\u00e9d\u00e9ration de l&#8217;Union des producteurs agricoles (UPA) de la Mont\u00e9r\u00e9gie puede responder a las preguntas de miles de trabajadores temporales extranjeros. Conozca a los&#8230; <a class=\"more-link\" href=\"https:\/\/www.infotetquebec.com\/es\/linea-directa-upa-heidi-y-karina-al-telefono\/\">Leer m\u00e1s<\/a><\/p>\n","protected":false},"author":17,"featured_media":5147,"comment_status":"closed","ping_status":"open","sticky":false,"template":"","format":"standard","meta":{"_genesis_hide_title":false,"_genesis_hide_breadcrumbs":false,"_genesis_hide_singular_image":false,"_genesis_hide_footer_widgets":false,"_genesis_custom_body_class":"","_genesis_custom_post_class":"","_genesis_layout":"","footnotes":""},"categories":[54,4],"tags":[151,127,150],"class_list":["post-5141","post","type-post","status-publish","format-standard","has-post-thumbnail","category-noticias","category-sin-categorizar","tag-linea-directa","tag-upa-monteregie-es","tag-whatsapp-es","entry"],"yoast_head":"<!-- This site is optimized with the Yoast SEO plugin v27.5 - https:\/\/yoast.com\/product\/yoast-seo-wordpress\/ -->\n<title>L\u00ednea directa UPA: Heidi y Karina al tel\u00e9fono - Infotetquebec<\/title>\n<meta name=\"robots\" content=\"index, follow, max-snippet:-1, max-image-preview:large, max-video-preview:-1\" \/>\n<link rel=\"canonical\" href=\"https:\/\/www.infotetquebec.com\/es\/linea-directa-upa-heidi-y-karina-al-telefono\/\" \/>\n<meta property=\"og:locale\" content=\"es_ES\" \/>\n<meta property=\"og:type\" content=\"article\" \/>\n<meta property=\"og:title\" content=\"L\u00ednea directa UPA: Heidi y Karina al tel\u00e9fono - Infotetquebec\" \/>\n<meta property=\"og:description\" content=\"La l\u00ednea telef\u00f3nica inaugurada por la F\u00e9d\u00e9ration de l&#8217;Union des producteurs agricoles (UPA) de la Mont\u00e9r\u00e9gie puede responder a las preguntas de miles de trabajadores temporales extranjeros. Conozca a los... Leer m\u00e1s\" \/>\n<meta property=\"og:url\" content=\"https:\/\/www.infotetquebec.com\/es\/linea-directa-upa-heidi-y-karina-al-telefono\/\" \/>\n<meta property=\"og:site_name\" content=\"Infotetquebec\" \/>\n<meta property=\"article:publisher\" content=\"https:\/\/www.facebook.com\/profile.php?id=100089616676260\" \/>\n<meta property=\"article:published_time\" content=\"2022-12-20T16:38:14+00:00\" \/>\n<meta property=\"article:modified_time\" content=\"2022-12-20T21:08:45+00:00\" \/>\n<meta property=\"og:image\" content=\"https:\/\/www.infotetquebec.com\/wp-content\/uploads\/2022\/12\/Ligne_UPA_8dec2022_Marie-Anne-Daye-1.jpg-1-scaled.jpg\" \/>\n\t<meta property=\"og:image:width\" content=\"2560\" \/>\n\t<meta property=\"og:image:height\" content=\"1922\" \/>\n\t<meta property=\"og:image:type\" content=\"image\/jpeg\" \/>\n<meta name=\"author\" content=\"Francisco Salazar\" \/>\n<meta name=\"twitter:card\" content=\"summary_large_image\" \/>\n<meta name=\"twitter:label1\" content=\"Escrito por\" \/>\n\t<meta name=\"twitter:data1\" content=\"Francisco Salazar\" \/>\n\t<meta name=\"twitter:label2\" content=\"Tiempo de lectura\" \/>\n\t<meta name=\"twitter:data2\" content=\"6 minutos\" \/>\n<script type=\"application\/ld+json\" class=\"yoast-schema-graph\">{\"@context\":\"https:\\\/\\\/schema.org\",\"@graph\":[{\"@type\":\"Article\",\"@id\":\"https:\\\/\\\/www.infotetquebec.com\\\/es\\\/linea-directa-upa-heidi-y-karina-al-telefono\\\/#article\",\"isPartOf\":{\"@id\":\"https:\\\/\\\/www.infotetquebec.com\\\/es\\\/linea-directa-upa-heidi-y-karina-al-telefono\\\/\"},\"author\":{\"name\":\"Francisco Salazar\",\"@id\":\"https:\\\/\\\/www.infotetquebec.com\\\/es\\\/#\\\/schema\\\/person\\\/2e6e3396cc4022408f480098052d9329\"},\"headline\":\"L\u00ednea directa UPA: Heidi y Karina al tel\u00e9fono\",\"datePublished\":\"2022-12-20T16:38:14+00:00\",\"dateModified\":\"2022-12-20T21:08:45+00:00\",\"mainEntityOfPage\":{\"@id\":\"https:\\\/\\\/www.infotetquebec.com\\\/es\\\/linea-directa-upa-heidi-y-karina-al-telefono\\\/\"},\"wordCount\":994,\"publisher\":{\"@id\":\"https:\\\/\\\/www.infotetquebec.com\\\/es\\\/#organization\"},\"image\":{\"@id\":\"https:\\\/\\\/www.infotetquebec.com\\\/es\\\/linea-directa-upa-heidi-y-karina-al-telefono\\\/#primaryimage\"},\"thumbnailUrl\":\"https:\\\/\\\/www.infotetquebec.com\\\/wp-content\\\/uploads\\\/2022\\\/12\\\/Ligne_UPA_8dec2022_Marie-Anne-Daye-1.jpg-1-scaled.jpg\",\"keywords\":[\"L\u00ednea directa\",\"UPA Mont\u00e9r\u00e9gie\",\"WhatsApp\"],\"articleSection\":[\"Art\u00edculos\",\"Sin categorizar\"],\"inLanguage\":\"es\"},{\"@type\":\"WebPage\",\"@id\":\"https:\\\/\\\/www.infotetquebec.com\\\/es\\\/linea-directa-upa-heidi-y-karina-al-telefono\\\/\",\"url\":\"https:\\\/\\\/www.infotetquebec.com\\\/es\\\/linea-directa-upa-heidi-y-karina-al-telefono\\\/\",\"name\":\"L\u00ednea directa UPA: Heidi y Karina al tel\u00e9fono - Infotetquebec\",\"isPartOf\":{\"@id\":\"https:\\\/\\\/www.infotetquebec.com\\\/es\\\/#website\"},\"primaryImageOfPage\":{\"@id\":\"https:\\\/\\\/www.infotetquebec.com\\\/es\\\/linea-directa-upa-heidi-y-karina-al-telefono\\\/#primaryimage\"},\"image\":{\"@id\":\"https:\\\/\\\/www.infotetquebec.com\\\/es\\\/linea-directa-upa-heidi-y-karina-al-telefono\\\/#primaryimage\"},\"thumbnailUrl\":\"https:\\\/\\\/www.infotetquebec.com\\\/wp-content\\\/uploads\\\/2022\\\/12\\\/Ligne_UPA_8dec2022_Marie-Anne-Daye-1.jpg-1-scaled.jpg\",\"datePublished\":\"2022-12-20T16:38:14+00:00\",\"dateModified\":\"2022-12-20T21:08:45+00:00\",\"breadcrumb\":{\"@id\":\"https:\\\/\\\/www.infotetquebec.com\\\/es\\\/linea-directa-upa-heidi-y-karina-al-telefono\\\/#breadcrumb\"},\"inLanguage\":\"es\",\"potentialAction\":[{\"@type\":\"ReadAction\",\"target\":[\"https:\\\/\\\/www.infotetquebec.com\\\/es\\\/linea-directa-upa-heidi-y-karina-al-telefono\\\/\"]}]},{\"@type\":\"ImageObject\",\"inLanguage\":\"es\",\"@id\":\"https:\\\/\\\/www.infotetquebec.com\\\/es\\\/linea-directa-upa-heidi-y-karina-al-telefono\\\/#primaryimage\",\"url\":\"https:\\\/\\\/www.infotetquebec.com\\\/wp-content\\\/uploads\\\/2022\\\/12\\\/Ligne_UPA_8dec2022_Marie-Anne-Daye-1.jpg-1-scaled.jpg\",\"contentUrl\":\"https:\\\/\\\/www.infotetquebec.com\\\/wp-content\\\/uploads\\\/2022\\\/12\\\/Ligne_UPA_8dec2022_Marie-Anne-Daye-1.jpg-1-scaled.jpg\",\"width\":2560,\"height\":1922},{\"@type\":\"BreadcrumbList\",\"@id\":\"https:\\\/\\\/www.infotetquebec.com\\\/es\\\/linea-directa-upa-heidi-y-karina-al-telefono\\\/#breadcrumb\",\"itemListElement\":[{\"@type\":\"ListItem\",\"position\":1,\"name\":\"Accueil\",\"item\":\"https:\\\/\\\/www.infotetquebec.com\\\/es\\\/\"},{\"@type\":\"ListItem\",\"position\":2,\"name\":\"L\u00ednea directa UPA: Heidi y Karina al tel\u00e9fono\"}]},{\"@type\":\"WebSite\",\"@id\":\"https:\\\/\\\/www.infotetquebec.com\\\/es\\\/#website\",\"url\":\"https:\\\/\\\/www.infotetquebec.com\\\/es\\\/\",\"name\":\"Infotetquebec\",\"description\":\"Info et soutien aux TET\",\"publisher\":{\"@id\":\"https:\\\/\\\/www.infotetquebec.com\\\/es\\\/#organization\"},\"potentialAction\":[{\"@type\":\"SearchAction\",\"target\":{\"@type\":\"EntryPoint\",\"urlTemplate\":\"https:\\\/\\\/www.infotetquebec.com\\\/es\\\/?s={search_term_string}\"},\"query-input\":{\"@type\":\"PropertyValueSpecification\",\"valueRequired\":true,\"valueName\":\"search_term_string\"}}],\"inLanguage\":\"es\"},{\"@type\":\"Organization\",\"@id\":\"https:\\\/\\\/www.infotetquebec.com\\\/es\\\/#organization\",\"name\":\"InfoTETQuebec\",\"url\":\"https:\\\/\\\/www.infotetquebec.com\\\/es\\\/\",\"logo\":{\"@type\":\"ImageObject\",\"inLanguage\":\"es\",\"@id\":\"https:\\\/\\\/www.infotetquebec.com\\\/es\\\/#\\\/schema\\\/logo\\\/image\\\/\",\"url\":\"https:\\\/\\\/www.infotetquebec.com\\\/wp-content\\\/uploads\\\/2021\\\/02\\\/cropped-IMQC_TET_Favicon_Fav-Icon_Fav-Icon-1.png\",\"contentUrl\":\"https:\\\/\\\/www.infotetquebec.com\\\/wp-content\\\/uploads\\\/2021\\\/02\\\/cropped-IMQC_TET_Favicon_Fav-Icon_Fav-Icon-1.png\",\"width\":512,\"height\":512,\"caption\":\"InfoTETQuebec\"},\"image\":{\"@id\":\"https:\\\/\\\/www.infotetquebec.com\\\/es\\\/#\\\/schema\\\/logo\\\/image\\\/\"},\"sameAs\":[\"https:\\\/\\\/www.facebook.com\\\/profile.php?id=100089616676260\"]},{\"@type\":\"Person\",\"@id\":\"https:\\\/\\\/www.infotetquebec.com\\\/es\\\/#\\\/schema\\\/person\\\/2e6e3396cc4022408f480098052d9329\",\"name\":\"Francisco Salazar\",\"image\":{\"@type\":\"ImageObject\",\"inLanguage\":\"es\",\"@id\":\"https:\\\/\\\/secure.gravatar.com\\\/avatar\\\/817253c5e9df69797a44385a77c231c8e9f92864af0861b091a2081006623cc3?s=96&d=mm&r=g\",\"url\":\"https:\\\/\\\/secure.gravatar.com\\\/avatar\\\/817253c5e9df69797a44385a77c231c8e9f92864af0861b091a2081006623cc3?s=96&d=mm&r=g\",\"contentUrl\":\"https:\\\/\\\/secure.gravatar.com\\\/avatar\\\/817253c5e9df69797a44385a77c231c8e9f92864af0861b091a2081006623cc3?s=96&d=mm&r=g\",\"caption\":\"Francisco Salazar\"},\"description\":\"Superviseur \u00e0 la coordination\",\"url\":\"https:\\\/\\\/www.infotetquebec.com\\\/es\\\/author\\\/francisco-salazarimmigrantquebec-com\\\/\"}]}<\/script>\n<!-- \/ Yoast SEO plugin. -->","yoast_head_json":{"title":"L\u00ednea directa UPA: Heidi y Karina al tel\u00e9fono - Infotetquebec","robots":{"index":"index","follow":"follow","max-snippet":"max-snippet:-1","max-image-preview":"max-image-preview:large","max-video-preview":"max-video-preview:-1"},"canonical":"https:\/\/www.infotetquebec.com\/es\/linea-directa-upa-heidi-y-karina-al-telefono\/","og_locale":"es_ES","og_type":"article","og_title":"L\u00ednea directa UPA: Heidi y Karina al tel\u00e9fono - Infotetquebec","og_description":"La l\u00ednea telef\u00f3nica inaugurada por la F\u00e9d\u00e9ration de l&#8217;Union des producteurs agricoles (UPA) de la Mont\u00e9r\u00e9gie puede responder a las preguntas de miles de trabajadores temporales extranjeros. Conozca a los... Leer m\u00e1s","og_url":"https:\/\/www.infotetquebec.com\/es\/linea-directa-upa-heidi-y-karina-al-telefono\/","og_site_name":"Infotetquebec","article_publisher":"https:\/\/www.facebook.com\/profile.php?id=100089616676260","article_published_time":"2022-12-20T16:38:14+00:00","article_modified_time":"2022-12-20T21:08:45+00:00","og_image":[{"width":2560,"height":1922,"url":"https:\/\/www.infotetquebec.com\/wp-content\/uploads\/2022\/12\/Ligne_UPA_8dec2022_Marie-Anne-Daye-1.jpg-1-scaled.jpg","type":"image\/jpeg"}],"author":"Francisco Salazar","twitter_card":"summary_large_image","twitter_misc":{"Escrito por":"Francisco Salazar","Tiempo de lectura":"6 minutos"},"schema":{"@context":"https:\/\/schema.org","@graph":[{"@type":"Article","@id":"https:\/\/www.infotetquebec.com\/es\/linea-directa-upa-heidi-y-karina-al-telefono\/#article","isPartOf":{"@id":"https:\/\/www.infotetquebec.com\/es\/linea-directa-upa-heidi-y-karina-al-telefono\/"},"author":{"name":"Francisco Salazar","@id":"https:\/\/www.infotetquebec.com\/es\/#\/schema\/person\/2e6e3396cc4022408f480098052d9329"},"headline":"L\u00ednea directa UPA: Heidi y Karina al tel\u00e9fono","datePublished":"2022-12-20T16:38:14+00:00","dateModified":"2022-12-20T21:08:45+00:00","mainEntityOfPage":{"@id":"https:\/\/www.infotetquebec.com\/es\/linea-directa-upa-heidi-y-karina-al-telefono\/"},"wordCount":994,"publisher":{"@id":"https:\/\/www.infotetquebec.com\/es\/#organization"},"image":{"@id":"https:\/\/www.infotetquebec.com\/es\/linea-directa-upa-heidi-y-karina-al-telefono\/#primaryimage"},"thumbnailUrl":"https:\/\/www.infotetquebec.com\/wp-content\/uploads\/2022\/12\/Ligne_UPA_8dec2022_Marie-Anne-Daye-1.jpg-1-scaled.jpg","keywords":["L\u00ednea directa","UPA Mont\u00e9r\u00e9gie","WhatsApp"],"articleSection":["Art\u00edculos","Sin categorizar"],"inLanguage":"es"},{"@type":"WebPage","@id":"https:\/\/www.infotetquebec.com\/es\/linea-directa-upa-heidi-y-karina-al-telefono\/","url":"https:\/\/www.infotetquebec.com\/es\/linea-directa-upa-heidi-y-karina-al-telefono\/","name":"L\u00ednea directa UPA: Heidi y Karina al tel\u00e9fono - Infotetquebec","isPartOf":{"@id":"https:\/\/www.infotetquebec.com\/es\/#website"},"primaryImageOfPage":{"@id":"https:\/\/www.infotetquebec.com\/es\/linea-directa-upa-heidi-y-karina-al-telefono\/#primaryimage"},"image":{"@id":"https:\/\/www.infotetquebec.com\/es\/linea-directa-upa-heidi-y-karina-al-telefono\/#primaryimage"},"thumbnailUrl":"https:\/\/www.infotetquebec.com\/wp-content\/uploads\/2022\/12\/Ligne_UPA_8dec2022_Marie-Anne-Daye-1.jpg-1-scaled.jpg","datePublished":"2022-12-20T16:38:14+00:00","dateModified":"2022-12-20T21:08:45+00:00","breadcrumb":{"@id":"https:\/\/www.infotetquebec.com\/es\/linea-directa-upa-heidi-y-karina-al-telefono\/#breadcrumb"},"inLanguage":"es","potentialAction":[{"@type":"ReadAction","target":["https:\/\/www.infotetquebec.com\/es\/linea-directa-upa-heidi-y-karina-al-telefono\/"]}]},{"@type":"ImageObject","inLanguage":"es","@id":"https:\/\/www.infotetquebec.com\/es\/linea-directa-upa-heidi-y-karina-al-telefono\/#primaryimage","url":"https:\/\/www.infotetquebec.com\/wp-content\/uploads\/2022\/12\/Ligne_UPA_8dec2022_Marie-Anne-Daye-1.jpg-1-scaled.jpg","contentUrl":"https:\/\/www.infotetquebec.com\/wp-content\/uploads\/2022\/12\/Ligne_UPA_8dec2022_Marie-Anne-Daye-1.jpg-1-scaled.jpg","width":2560,"height":1922},{"@type":"BreadcrumbList","@id":"https:\/\/www.infotetquebec.com\/es\/linea-directa-upa-heidi-y-karina-al-telefono\/#breadcrumb","itemListElement":[{"@type":"ListItem","position":1,"name":"Accueil","item":"https:\/\/www.infotetquebec.com\/es\/"},{"@type":"ListItem","position":2,"name":"L\u00ednea directa UPA: Heidi y Karina al tel\u00e9fono"}]},{"@type":"WebSite","@id":"https:\/\/www.infotetquebec.com\/es\/#website","url":"https:\/\/www.infotetquebec.com\/es\/","name":"Infotetquebec","description":"Info et soutien aux TET","publisher":{"@id":"https:\/\/www.infotetquebec.com\/es\/#organization"},"potentialAction":[{"@type":"SearchAction","target":{"@type":"EntryPoint","urlTemplate":"https:\/\/www.infotetquebec.com\/es\/?s={search_term_string}"},"query-input":{"@type":"PropertyValueSpecification","valueRequired":true,"valueName":"search_term_string"}}],"inLanguage":"es"},{"@type":"Organization","@id":"https:\/\/www.infotetquebec.com\/es\/#organization","name":"InfoTETQuebec","url":"https:\/\/www.infotetquebec.com\/es\/","logo":{"@type":"ImageObject","inLanguage":"es","@id":"https:\/\/www.infotetquebec.com\/es\/#\/schema\/logo\/image\/","url":"https:\/\/www.infotetquebec.com\/wp-content\/uploads\/2021\/02\/cropped-IMQC_TET_Favicon_Fav-Icon_Fav-Icon-1.png","contentUrl":"https:\/\/www.infotetquebec.com\/wp-content\/uploads\/2021\/02\/cropped-IMQC_TET_Favicon_Fav-Icon_Fav-Icon-1.png","width":512,"height":512,"caption":"InfoTETQuebec"},"image":{"@id":"https:\/\/www.infotetquebec.com\/es\/#\/schema\/logo\/image\/"},"sameAs":["https:\/\/www.facebook.com\/profile.php?id=100089616676260"]},{"@type":"Person","@id":"https:\/\/www.infotetquebec.com\/es\/#\/schema\/person\/2e6e3396cc4022408f480098052d9329","name":"Francisco Salazar","image":{"@type":"ImageObject","inLanguage":"es","@id":"https:\/\/secure.gravatar.com\/avatar\/817253c5e9df69797a44385a77c231c8e9f92864af0861b091a2081006623cc3?s=96&d=mm&r=g","url":"https:\/\/secure.gravatar.com\/avatar\/817253c5e9df69797a44385a77c231c8e9f92864af0861b091a2081006623cc3?s=96&d=mm&r=g","contentUrl":"https:\/\/secure.gravatar.com\/avatar\/817253c5e9df69797a44385a77c231c8e9f92864af0861b091a2081006623cc3?s=96&d=mm&r=g","caption":"Francisco Salazar"},"description":"Superviseur \u00e0 la coordination","url":"https:\/\/www.infotetquebec.com\/es\/author\/francisco-salazarimmigrantquebec-com\/"}]}},"rttpg_featured_image_url":{"full":["https:\/\/www.infotetquebec.com\/wp-content\/uploads\/2022\/12\/Ligne_UPA_8dec2022_Marie-Anne-Daye-1.jpg-1-scaled.jpg",2560,1922,false],"landscape":["https:\/\/www.infotetquebec.com\/wp-content\/uploads\/2022\/12\/Ligne_UPA_8dec2022_Marie-Anne-Daye-1.jpg-1-scaled.jpg",2560,1922,false],"portraits":["https:\/\/www.infotetquebec.com\/wp-content\/uploads\/2022\/12\/Ligne_UPA_8dec2022_Marie-Anne-Daye-1.jpg-1-scaled.jpg",2560,1922,false],"thumbnail":["https:\/\/www.infotetquebec.com\/wp-content\/uploads\/2022\/12\/Ligne_UPA_8dec2022_Marie-Anne-Daye-1.jpg-1-300x150.jpg",300,150,true],"medium":["https:\/\/www.infotetquebec.com\/wp-content\/uploads\/2022\/12\/Ligne_UPA_8dec2022_Marie-Anne-Daye-1.jpg-1-300x225.jpg",300,225,true],"large":["https:\/\/www.infotetquebec.com\/wp-content\/uploads\/2022\/12\/Ligne_UPA_8dec2022_Marie-Anne-Daye-1.jpg-1-1024x769.jpg",1024,769,true],"1536x1536":["https:\/\/www.infotetquebec.com\/wp-content\/uploads\/2022\/12\/Ligne_UPA_8dec2022_Marie-Anne-Daye-1.jpg-1-1536x1153.jpg",1536,1153,true],"2048x2048":["https:\/\/www.infotetquebec.com\/wp-content\/uploads\/2022\/12\/Ligne_UPA_8dec2022_Marie-Anne-Daye-1.jpg-1-2048x1538.jpg",2048,1538,true],"sidebar-featured":["https:\/\/www.infotetquebec.com\/wp-content\/uploads\/2022\/12\/Ligne_UPA_8dec2022_Marie-Anne-Daye-1.jpg-1-75x75.jpg",75,75,true],"genesis-singular-images":["https:\/\/www.infotetquebec.com\/wp-content\/uploads\/2022\/12\/Ligne_UPA_8dec2022_Marie-Anne-Daye-1.jpg-1-702x526.jpg",702,526,true]},"rttpg_author":{"display_name":"Francisco Salazar","author_link":"https:\/\/www.infotetquebec.com\/es\/author\/francisco-salazarimmigrantquebec-com\/"},"rttpg_comment":0,"rttpg_category":"<a href=\"https:\/\/www.infotetquebec.com\/es\/noticias\/\" rel=\"category tag\">Art\u00edculos<\/a> <a href=\"https:\/\/www.infotetquebec.com\/es\/sin-categorizar\/\" rel=\"category tag\">Sin categorizar<\/a>","rttpg_excerpt":"La l\u00ednea telef\u00f3nica inaugurada por la F\u00e9d\u00e9ration de l&#8217;Union des producteurs agricoles (UPA) de la Mont\u00e9r\u00e9gie puede responder a las preguntas de miles de trabajadores temporales extranjeros. Conozca a los... Leer m\u00e1s","_links":{"self":[{"href":"https:\/\/www.infotetquebec.com\/es\/wp-json\/wp\/v2\/posts\/5141","targetHints":{"allow":["GET"]}}],"collection":[{"href":"https:\/\/www.infotetquebec.com\/es\/wp-json\/wp\/v2\/posts"}],"about":[{"href":"https:\/\/www.infotetquebec.com\/es\/wp-json\/wp\/v2\/types\/post"}],"author":[{"embeddable":true,"href":"https:\/\/www.infotetquebec.com\/es\/wp-json\/wp\/v2\/users\/17"}],"replies":[{"embeddable":true,"href":"https:\/\/www.infotetquebec.com\/es\/wp-json\/wp\/v2\/comments?post=5141"}],"version-history":[{"count":6,"href":"https:\/\/www.infotetquebec.com\/es\/wp-json\/wp\/v2\/posts\/5141\/revisions"}],"predecessor-version":[{"id":5162,"href":"https:\/\/www.infotetquebec.com\/es\/wp-json\/wp\/v2\/posts\/5141\/revisions\/5162"}],"wp:featuredmedia":[{"embeddable":true,"href":"https:\/\/www.infotetquebec.com\/es\/wp-json\/wp\/v2\/media\/5147"}],"wp:attachment":[{"href":"https:\/\/www.infotetquebec.com\/es\/wp-json\/wp\/v2\/media?parent=5141"}],"wp:term":[{"taxonomy":"category","embeddable":true,"href":"https:\/\/www.infotetquebec.com\/es\/wp-json\/wp\/v2\/categories?post=5141"},{"taxonomy":"post_tag","embeddable":true,"href":"https:\/\/www.infotetquebec.com\/es\/wp-json\/wp\/v2\/tags?post=5141"}],"curies":[{"name":"wp","href":"https:\/\/api.w.org\/{rel}","templated":true}]}}