{"id":3255,"date":"2022-06-22T16:02:16","date_gmt":"2022-06-22T20:02:16","guid":{"rendered":"https:\/\/www.infotetquebec.com\/seguir-construyendo-relaciones-en-torno-a-los-trabajadores-extranjeros-temporales\/"},"modified":"2022-06-22T16:02:18","modified_gmt":"2022-06-22T20:02:18","slug":"seguir-construyendo-relaciones-en-torno-a-los-trabajadores-extranjeros-temporales","status":"publish","type":"post","link":"https:\/\/www.infotetquebec.com\/es\/seguir-construyendo-relaciones-en-torno-a-los-trabajadores-extranjeros-temporales\/","title":{"rendered":"Seguir construyendo relaciones en torno a los trabajadores extranjeros temporales"},"content":{"rendered":"<p><em>Reuniones con los representantes del consulado, creaci\u00f3n de nuevos canales de comunicaci\u00f3n, organizaci\u00f3n del Salon de l&#8217;immigration et de l&#8217;int\u00e9gration: las \u00faltimas semanas no s\u00f3lo nos han permitido preparar la llegada de nuevos trabajadores extranjeros temporales a Quebec, sino tambi\u00e9n reforzar el ecosistema que rodea a estos reci\u00e9n llegados.<\/em> <\/p>\n<p>En abril de 2022, catorce de las organizaciones comunitarias apoyadas por el Gobierno de Canad\u00e1 a trav\u00e9s de una convocatoria de proyectos gestionada por Immigrant Qu\u00e9bec en el marco del Programa de Trabajadores Extranjeros Temporales se reunieron con representantes de los consulados de M\u00e9xico y Guatemala. Estos intercambios permitieron a todos estos grupos comprender mejor el papel de cada uno y sus respectivos campos de acci\u00f3n.<\/p>\n<p><br data-mce-bogus=\"1\"><\/p>\n<p><strong>Grupos de WhatsApp para M\u00e9xico y Guatemala<\/strong><\/p>\n<p>Tras las reuniones, se crearon dos grupos de WhatsApp, uno para M\u00e9xico y otro para Guatemala. Estos canales re\u00fanen a representantes tanto de los consulados como de las organizaciones que ofrecen servicios a los trabajadores agr\u00edcolas extranjeros temporales, que participaron activamente en las reuniones. En esta red, que cuenta con m\u00e1s de 30 abonados, tambi\u00e9n participan representantes de Immigrant Qu\u00e9bec.<\/p>\n<p>&#8220;En un principio, el consulado guatemalteco buscaba una plataforma para enviar r\u00e1pidamente informaci\u00f3n e intercambiar con los grupos, ya que recibe muchas solicitudes de los trabajadores para recibir apoyo jur\u00eddico o psicol\u00f3gico, por ejemplo, y no tiene necesariamente los recursos para responder&#8221;, recuerda Agn\u00e8s Merlin, responsable del proyecto &#8220;Apoyo a los trabajadores extranjeros temporales durante el COVID-19&#8221; en Immigrant Qu\u00e9bec.<\/p>\n<p>Estos dos nuevos grupos de WhatsApp tambi\u00e9n facilitan la comunicaci\u00f3n de los trabajadores entre s\u00ed, evitando los intermediarios. &#8220;Tambi\u00e9n es \u00fatil porque las organizaciones pueden remitir a los trabajadores que no est\u00e1n en su regi\u00f3n, por ejemplo, o hacer preguntas sobre casos concretos&#8221;, a\u00f1ade. En definitiva, estos canales permiten aprovechar la experiencia de los dem\u00e1s.<\/p>\n<p><br data-mce-bogus=\"1\"><\/p>\n<p><strong>Movimiento en las regiones<\/strong><\/p>\n<p>Por invitaci\u00f3n del consulado mexicano, representantes de Immigrant Qu\u00e9bec tambi\u00e9n acudieron a Sherbrooke para asistir a una sesi\u00f3n informativa para trabajadores extranjeros temporales. M\u00e1s de una veintena de ellos asistieron a diversas presentaciones de organizaciones comunitarias como AIDE o de instituciones bancarias como Desjardins. Se trataron temas como los recibos de sueldo, las transferencias bancarias y los seguros.<\/p>\n<p>Immigrant Qu\u00e9bec est\u00e1 preparando una gira por las regiones para participar en diversas actividades durante el verano. La organizaci\u00f3n quiere recorrer las 17 organizaciones que participan en el proyecto en las pr\u00f3ximas semanas. Es una forma de conectar mejor con el campo.<\/p>\n<p><br data-mce-bogus=\"1\"><\/p>\n<p><strong>Conocer a los reci\u00e9n llegados<\/strong><\/p>\n<p>Immigrant Qu\u00e9bec tambi\u00e9n tuvo un stand en el Salon de l&#8217;immigration et de l&#8217;int\u00e9gration au Qu\u00e9bec, que se celebr\u00f3 los d\u00edas 25 y 26 de mayo de 2022 en Montreal. Durante dos d\u00edas, estuvieron presentes una quincena de organizaciones que participan en el Programa de Trabajadores Extranjeros Temporales, as\u00ed como los consulados de M\u00e9xico y Guatemala. Esta presencia les permiti\u00f3 conocer a los reci\u00e9n llegados, presentar sus diversos proyectos y responder a las preguntas de los participantes. Para la ocasi\u00f3n, tambi\u00e9n se expuso un gran mapa de Quebec que presentaba estos diferentes recursos, as\u00ed como v\u00eddeos de presentaci\u00f3n de los proyectos. Tambi\u00e9n se distribuyeron postales y folletos biling\u00fces a los visitantes.<\/p>\n<p>Organizada por Immigrant Qu\u00e9bec, la Feria de la Inmigraci\u00f3n reuni\u00f3 a m\u00e1s de 260 expositores en el Palacio de Congresos de Montreal. El objetivo de este evento es ayudar a los reci\u00e9n llegados a integrarse en todos los \u00e1mbitos de su vida, ya sea profesional, familiar o educativo&#8221;, dijo Agn\u00e8s Merlin. Adem\u00e1s de los reclutadores in situ, varias organizaciones presentes tambi\u00e9n ofrecen ayuda a estas personas para instalarse, inscribir a sus hijos en la escuela o la guarder\u00eda, o encontrar alojamiento. Al final, la feria atrajo a m\u00e1s de 7.000 personas. M\u00e1s de un tercio de ellos (37%) eran inmigrantes que llegaron a Quebec en 2022.<\/p>\n<p><br data-mce-bogus=\"1\"><\/p>\n<p><strong>Otras actividades a tener en cuenta<\/strong><\/p>\n<p>Adem\u00e1s de las actividades trimestrales de creaci\u00f3n de redes entre las organizaciones de trabajadores extranjeros temporales e Immigrant Qu\u00e9bec, la organizaci\u00f3n tambi\u00e9n est\u00e1 preparando la pr\u00f3xima Cumbre de la Inmigraci\u00f3n de Quebec. Este evento, que tendr\u00e1 lugar en Drummondville el 16 de noviembre de 2022, reunir\u00e1 a m\u00e1s de 400 profesionales que trabajan en este campo y a representantes de departamentos gubernamentales. Un a\u00f1o m\u00e1s, se invitar\u00e1 a las organizaciones del Programa de Trabajadores Extranjeros Temporales a crear redes y compartir sus mejores pr\u00e1cticas.<\/p>\n<p>Inmigrantes de Quebec tambi\u00e9n ha sido invitado, junto con otras tres organizaciones, a participar en una convocatoria de proyectos organizada por el Gobierno de Canad\u00e1. Si la organizaci\u00f3n gana, podr\u00e1 seguir gestionando las actividades en Quebec en torno al programa de apoyo a los trabajadores extranjeros temporales durante el periodo COVID-19 hasta 2024. Con ello, el equipo quiere aumentar el n\u00famero de organizaciones apoyadas por este proyecto de 17 a 30. Adem\u00e1s, Immigrant Qu\u00e9bec tiene previsto ampliar sus actividades en algunas regiones que actualmente est\u00e1n menos cubiertas, como Gasp\u00e9sie, Nord-du-Qu\u00e9bec y Outaouais&#8221;, afirma Agn\u00e8s Merlin. \u00a1Un archivo a seguir!<\/p>\n","protected":false},"excerpt":{"rendered":"<p>Reuniones con los representantes del consulado, creaci\u00f3n de nuevos canales de comunicaci\u00f3n, organizaci\u00f3n del Salon de l&#8217;immigration et de l&#8217;int\u00e9gration: las \u00faltimas semanas no s\u00f3lo nos han permitido preparar la&#8230; <a class=\"more-link\" href=\"https:\/\/www.infotetquebec.com\/es\/seguir-construyendo-relaciones-en-torno-a-los-trabajadores-extranjeros-temporales\/\">Leer m\u00e1s<\/a><\/p>\n","protected":false},"author":16,"featured_media":3253,"comment_status":"closed","ping_status":"open","sticky":false,"template":"","format":"standard","meta":{"_genesis_hide_title":false,"_genesis_hide_breadcrumbs":false,"_genesis_hide_singular_image":false,"_genesis_hide_footer_widgets":false,"_genesis_custom_body_class":"","_genesis_custom_post_class":"","_genesis_layout":"","footnotes":""},"categories":[54],"tags":[123,369],"class_list":["post-3255","post","type-post","status-publish","format-standard","has-post-thumbnail","category-noticias","tag-aide-es","tag-desjardins-es","entry"],"yoast_head":"<!-- This site is optimized with the Yoast SEO plugin v27.5 - https:\/\/yoast.com\/product\/yoast-seo-wordpress\/ -->\n<title>Seguir construyendo relaciones en torno a los trabajadores extranjeros temporales - Infotetquebec<\/title>\n<meta name=\"robots\" content=\"index, follow, max-snippet:-1, max-image-preview:large, max-video-preview:-1\" \/>\n<link rel=\"canonical\" href=\"https:\/\/www.infotetquebec.com\/es\/seguir-construyendo-relaciones-en-torno-a-los-trabajadores-extranjeros-temporales\/\" \/>\n<meta property=\"og:locale\" content=\"es_ES\" \/>\n<meta property=\"og:type\" content=\"article\" \/>\n<meta property=\"og:title\" content=\"Seguir construyendo relaciones en torno a los trabajadores extranjeros temporales - Infotetquebec\" \/>\n<meta property=\"og:description\" content=\"Reuniones con los representantes del consulado, creaci\u00f3n de nuevos canales de comunicaci\u00f3n, organizaci\u00f3n del Salon de l&#8217;immigration et de l&#8217;int\u00e9gration: las \u00faltimas semanas no s\u00f3lo nos han permitido preparar la... Leer m\u00e1s\" \/>\n<meta property=\"og:url\" content=\"https:\/\/www.infotetquebec.com\/es\/seguir-construyendo-relaciones-en-torno-a-los-trabajadores-extranjeros-temporales\/\" \/>\n<meta property=\"og:site_name\" content=\"Infotetquebec\" \/>\n<meta property=\"article:publisher\" content=\"https:\/\/www.facebook.com\/profile.php?id=100089616676260\" \/>\n<meta property=\"article:published_time\" content=\"2022-06-22T20:02:16+00:00\" \/>\n<meta property=\"article:modified_time\" content=\"2022-06-22T20:02:18+00:00\" \/>\n<meta property=\"og:image\" content=\"https:\/\/www.infotetquebec.com\/wp-content\/uploads\/2022\/06\/markus-spiske-vrbZVyX2k4I-unsplash-1.jpg\" \/>\n\t<meta property=\"og:image:width\" content=\"640\" \/>\n\t<meta property=\"og:image:height\" content=\"427\" \/>\n\t<meta property=\"og:image:type\" content=\"image\/jpeg\" \/>\n<meta name=\"author\" content=\"Soufian AJLANI\" \/>\n<meta name=\"twitter:card\" content=\"summary_large_image\" \/>\n<meta name=\"twitter:label1\" content=\"Escrito por\" \/>\n\t<meta name=\"twitter:data1\" content=\"Soufian AJLANI\" \/>\n\t<meta name=\"twitter:label2\" content=\"Tiempo de lectura\" \/>\n\t<meta name=\"twitter:data2\" content=\"4 minutos\" \/>\n<script type=\"application\/ld+json\" class=\"yoast-schema-graph\">{\"@context\":\"https:\\\/\\\/schema.org\",\"@graph\":[{\"@type\":\"Article\",\"@id\":\"https:\\\/\\\/www.infotetquebec.com\\\/es\\\/seguir-construyendo-relaciones-en-torno-a-los-trabajadores-extranjeros-temporales\\\/#article\",\"isPartOf\":{\"@id\":\"https:\\\/\\\/www.infotetquebec.com\\\/es\\\/seguir-construyendo-relaciones-en-torno-a-los-trabajadores-extranjeros-temporales\\\/\"},\"author\":{\"name\":\"Soufian AJLANI\",\"@id\":\"https:\\\/\\\/www.infotetquebec.com\\\/es\\\/#\\\/schema\\\/person\\\/a939d4846cedfe6088b540ee8e2e2309\"},\"headline\":\"Seguir construyendo relaciones en torno a los trabajadores extranjeros temporales\",\"datePublished\":\"2022-06-22T20:02:16+00:00\",\"dateModified\":\"2022-06-22T20:02:18+00:00\",\"mainEntityOfPage\":{\"@id\":\"https:\\\/\\\/www.infotetquebec.com\\\/es\\\/seguir-construyendo-relaciones-en-torno-a-los-trabajadores-extranjeros-temporales\\\/\"},\"wordCount\":894,\"publisher\":{\"@id\":\"https:\\\/\\\/www.infotetquebec.com\\\/es\\\/#organization\"},\"image\":{\"@id\":\"https:\\\/\\\/www.infotetquebec.com\\\/es\\\/seguir-construyendo-relaciones-en-torno-a-los-trabajadores-extranjeros-temporales\\\/#primaryimage\"},\"thumbnailUrl\":\"https:\\\/\\\/www.infotetquebec.com\\\/wp-content\\\/uploads\\\/2022\\\/06\\\/markus-spiske-vrbZVyX2k4I-unsplash-1.jpg\",\"keywords\":[\"AIDE\",\"Desjardins\"],\"articleSection\":[\"Art\u00edculos\"],\"inLanguage\":\"es\"},{\"@type\":\"WebPage\",\"@id\":\"https:\\\/\\\/www.infotetquebec.com\\\/es\\\/seguir-construyendo-relaciones-en-torno-a-los-trabajadores-extranjeros-temporales\\\/\",\"url\":\"https:\\\/\\\/www.infotetquebec.com\\\/es\\\/seguir-construyendo-relaciones-en-torno-a-los-trabajadores-extranjeros-temporales\\\/\",\"name\":\"Seguir construyendo relaciones en torno a los trabajadores extranjeros temporales - Infotetquebec\",\"isPartOf\":{\"@id\":\"https:\\\/\\\/www.infotetquebec.com\\\/es\\\/#website\"},\"primaryImageOfPage\":{\"@id\":\"https:\\\/\\\/www.infotetquebec.com\\\/es\\\/seguir-construyendo-relaciones-en-torno-a-los-trabajadores-extranjeros-temporales\\\/#primaryimage\"},\"image\":{\"@id\":\"https:\\\/\\\/www.infotetquebec.com\\\/es\\\/seguir-construyendo-relaciones-en-torno-a-los-trabajadores-extranjeros-temporales\\\/#primaryimage\"},\"thumbnailUrl\":\"https:\\\/\\\/www.infotetquebec.com\\\/wp-content\\\/uploads\\\/2022\\\/06\\\/markus-spiske-vrbZVyX2k4I-unsplash-1.jpg\",\"datePublished\":\"2022-06-22T20:02:16+00:00\",\"dateModified\":\"2022-06-22T20:02:18+00:00\",\"breadcrumb\":{\"@id\":\"https:\\\/\\\/www.infotetquebec.com\\\/es\\\/seguir-construyendo-relaciones-en-torno-a-los-trabajadores-extranjeros-temporales\\\/#breadcrumb\"},\"inLanguage\":\"es\",\"potentialAction\":[{\"@type\":\"ReadAction\",\"target\":[\"https:\\\/\\\/www.infotetquebec.com\\\/es\\\/seguir-construyendo-relaciones-en-torno-a-los-trabajadores-extranjeros-temporales\\\/\"]}]},{\"@type\":\"ImageObject\",\"inLanguage\":\"es\",\"@id\":\"https:\\\/\\\/www.infotetquebec.com\\\/es\\\/seguir-construyendo-relaciones-en-torno-a-los-trabajadores-extranjeros-temporales\\\/#primaryimage\",\"url\":\"https:\\\/\\\/www.infotetquebec.com\\\/wp-content\\\/uploads\\\/2022\\\/06\\\/markus-spiske-vrbZVyX2k4I-unsplash-1.jpg\",\"contentUrl\":\"https:\\\/\\\/www.infotetquebec.com\\\/wp-content\\\/uploads\\\/2022\\\/06\\\/markus-spiske-vrbZVyX2k4I-unsplash-1.jpg\",\"width\":640,\"height\":427},{\"@type\":\"BreadcrumbList\",\"@id\":\"https:\\\/\\\/www.infotetquebec.com\\\/es\\\/seguir-construyendo-relaciones-en-torno-a-los-trabajadores-extranjeros-temporales\\\/#breadcrumb\",\"itemListElement\":[{\"@type\":\"ListItem\",\"position\":1,\"name\":\"Accueil\",\"item\":\"https:\\\/\\\/www.infotetquebec.com\\\/es\\\/\"},{\"@type\":\"ListItem\",\"position\":2,\"name\":\"Seguir construyendo relaciones en torno a los trabajadores extranjeros temporales\"}]},{\"@type\":\"WebSite\",\"@id\":\"https:\\\/\\\/www.infotetquebec.com\\\/es\\\/#website\",\"url\":\"https:\\\/\\\/www.infotetquebec.com\\\/es\\\/\",\"name\":\"Infotetquebec\",\"description\":\"Info et soutien aux TET\",\"publisher\":{\"@id\":\"https:\\\/\\\/www.infotetquebec.com\\\/es\\\/#organization\"},\"potentialAction\":[{\"@type\":\"SearchAction\",\"target\":{\"@type\":\"EntryPoint\",\"urlTemplate\":\"https:\\\/\\\/www.infotetquebec.com\\\/es\\\/?s={search_term_string}\"},\"query-input\":{\"@type\":\"PropertyValueSpecification\",\"valueRequired\":true,\"valueName\":\"search_term_string\"}}],\"inLanguage\":\"es\"},{\"@type\":\"Organization\",\"@id\":\"https:\\\/\\\/www.infotetquebec.com\\\/es\\\/#organization\",\"name\":\"InfoTETQuebec\",\"url\":\"https:\\\/\\\/www.infotetquebec.com\\\/es\\\/\",\"logo\":{\"@type\":\"ImageObject\",\"inLanguage\":\"es\",\"@id\":\"https:\\\/\\\/www.infotetquebec.com\\\/es\\\/#\\\/schema\\\/logo\\\/image\\\/\",\"url\":\"https:\\\/\\\/www.infotetquebec.com\\\/wp-content\\\/uploads\\\/2021\\\/02\\\/cropped-IMQC_TET_Favicon_Fav-Icon_Fav-Icon-1.png\",\"contentUrl\":\"https:\\\/\\\/www.infotetquebec.com\\\/wp-content\\\/uploads\\\/2021\\\/02\\\/cropped-IMQC_TET_Favicon_Fav-Icon_Fav-Icon-1.png\",\"width\":512,\"height\":512,\"caption\":\"InfoTETQuebec\"},\"image\":{\"@id\":\"https:\\\/\\\/www.infotetquebec.com\\\/es\\\/#\\\/schema\\\/logo\\\/image\\\/\"},\"sameAs\":[\"https:\\\/\\\/www.facebook.com\\\/profile.php?id=100089616676260\"]},{\"@type\":\"Person\",\"@id\":\"https:\\\/\\\/www.infotetquebec.com\\\/es\\\/#\\\/schema\\\/person\\\/a939d4846cedfe6088b540ee8e2e2309\",\"name\":\"Soufian AJLANI\",\"image\":{\"@type\":\"ImageObject\",\"inLanguage\":\"es\",\"@id\":\"https:\\\/\\\/secure.gravatar.com\\\/avatar\\\/718c60b28c96a06d8f84b06639bc4cc6d8602bed2dec125d3261d0e1ec69b9c7?s=96&d=mm&r=g\",\"url\":\"https:\\\/\\\/secure.gravatar.com\\\/avatar\\\/718c60b28c96a06d8f84b06639bc4cc6d8602bed2dec125d3261d0e1ec69b9c7?s=96&d=mm&r=g\",\"contentUrl\":\"https:\\\/\\\/secure.gravatar.com\\\/avatar\\\/718c60b28c96a06d8f84b06639bc4cc6d8602bed2dec125d3261d0e1ec69b9c7?s=96&d=mm&r=g\",\"caption\":\"Soufian AJLANI\"},\"sameAs\":[\"http:\\\/\\\/immigrantquebec.com\"],\"url\":\"https:\\\/\\\/www.infotetquebec.com\\\/es\\\/author\\\/soufian_iq\\\/\"}]}<\/script>\n<!-- \/ Yoast SEO plugin. -->","yoast_head_json":{"title":"Seguir construyendo relaciones en torno a los trabajadores extranjeros temporales - Infotetquebec","robots":{"index":"index","follow":"follow","max-snippet":"max-snippet:-1","max-image-preview":"max-image-preview:large","max-video-preview":"max-video-preview:-1"},"canonical":"https:\/\/www.infotetquebec.com\/es\/seguir-construyendo-relaciones-en-torno-a-los-trabajadores-extranjeros-temporales\/","og_locale":"es_ES","og_type":"article","og_title":"Seguir construyendo relaciones en torno a los trabajadores extranjeros temporales - Infotetquebec","og_description":"Reuniones con los representantes del consulado, creaci\u00f3n de nuevos canales de comunicaci\u00f3n, organizaci\u00f3n del Salon de l&#8217;immigration et de l&#8217;int\u00e9gration: las \u00faltimas semanas no s\u00f3lo nos han permitido preparar la... Leer m\u00e1s","og_url":"https:\/\/www.infotetquebec.com\/es\/seguir-construyendo-relaciones-en-torno-a-los-trabajadores-extranjeros-temporales\/","og_site_name":"Infotetquebec","article_publisher":"https:\/\/www.facebook.com\/profile.php?id=100089616676260","article_published_time":"2022-06-22T20:02:16+00:00","article_modified_time":"2022-06-22T20:02:18+00:00","og_image":[{"width":640,"height":427,"url":"https:\/\/www.infotetquebec.com\/wp-content\/uploads\/2022\/06\/markus-spiske-vrbZVyX2k4I-unsplash-1.jpg","type":"image\/jpeg"}],"author":"Soufian AJLANI","twitter_card":"summary_large_image","twitter_misc":{"Escrito por":"Soufian AJLANI","Tiempo de lectura":"4 minutos"},"schema":{"@context":"https:\/\/schema.org","@graph":[{"@type":"Article","@id":"https:\/\/www.infotetquebec.com\/es\/seguir-construyendo-relaciones-en-torno-a-los-trabajadores-extranjeros-temporales\/#article","isPartOf":{"@id":"https:\/\/www.infotetquebec.com\/es\/seguir-construyendo-relaciones-en-torno-a-los-trabajadores-extranjeros-temporales\/"},"author":{"name":"Soufian AJLANI","@id":"https:\/\/www.infotetquebec.com\/es\/#\/schema\/person\/a939d4846cedfe6088b540ee8e2e2309"},"headline":"Seguir construyendo relaciones en torno a los trabajadores extranjeros temporales","datePublished":"2022-06-22T20:02:16+00:00","dateModified":"2022-06-22T20:02:18+00:00","mainEntityOfPage":{"@id":"https:\/\/www.infotetquebec.com\/es\/seguir-construyendo-relaciones-en-torno-a-los-trabajadores-extranjeros-temporales\/"},"wordCount":894,"publisher":{"@id":"https:\/\/www.infotetquebec.com\/es\/#organization"},"image":{"@id":"https:\/\/www.infotetquebec.com\/es\/seguir-construyendo-relaciones-en-torno-a-los-trabajadores-extranjeros-temporales\/#primaryimage"},"thumbnailUrl":"https:\/\/www.infotetquebec.com\/wp-content\/uploads\/2022\/06\/markus-spiske-vrbZVyX2k4I-unsplash-1.jpg","keywords":["AIDE","Desjardins"],"articleSection":["Art\u00edculos"],"inLanguage":"es"},{"@type":"WebPage","@id":"https:\/\/www.infotetquebec.com\/es\/seguir-construyendo-relaciones-en-torno-a-los-trabajadores-extranjeros-temporales\/","url":"https:\/\/www.infotetquebec.com\/es\/seguir-construyendo-relaciones-en-torno-a-los-trabajadores-extranjeros-temporales\/","name":"Seguir construyendo relaciones en torno a los trabajadores extranjeros temporales - Infotetquebec","isPartOf":{"@id":"https:\/\/www.infotetquebec.com\/es\/#website"},"primaryImageOfPage":{"@id":"https:\/\/www.infotetquebec.com\/es\/seguir-construyendo-relaciones-en-torno-a-los-trabajadores-extranjeros-temporales\/#primaryimage"},"image":{"@id":"https:\/\/www.infotetquebec.com\/es\/seguir-construyendo-relaciones-en-torno-a-los-trabajadores-extranjeros-temporales\/#primaryimage"},"thumbnailUrl":"https:\/\/www.infotetquebec.com\/wp-content\/uploads\/2022\/06\/markus-spiske-vrbZVyX2k4I-unsplash-1.jpg","datePublished":"2022-06-22T20:02:16+00:00","dateModified":"2022-06-22T20:02:18+00:00","breadcrumb":{"@id":"https:\/\/www.infotetquebec.com\/es\/seguir-construyendo-relaciones-en-torno-a-los-trabajadores-extranjeros-temporales\/#breadcrumb"},"inLanguage":"es","potentialAction":[{"@type":"ReadAction","target":["https:\/\/www.infotetquebec.com\/es\/seguir-construyendo-relaciones-en-torno-a-los-trabajadores-extranjeros-temporales\/"]}]},{"@type":"ImageObject","inLanguage":"es","@id":"https:\/\/www.infotetquebec.com\/es\/seguir-construyendo-relaciones-en-torno-a-los-trabajadores-extranjeros-temporales\/#primaryimage","url":"https:\/\/www.infotetquebec.com\/wp-content\/uploads\/2022\/06\/markus-spiske-vrbZVyX2k4I-unsplash-1.jpg","contentUrl":"https:\/\/www.infotetquebec.com\/wp-content\/uploads\/2022\/06\/markus-spiske-vrbZVyX2k4I-unsplash-1.jpg","width":640,"height":427},{"@type":"BreadcrumbList","@id":"https:\/\/www.infotetquebec.com\/es\/seguir-construyendo-relaciones-en-torno-a-los-trabajadores-extranjeros-temporales\/#breadcrumb","itemListElement":[{"@type":"ListItem","position":1,"name":"Accueil","item":"https:\/\/www.infotetquebec.com\/es\/"},{"@type":"ListItem","position":2,"name":"Seguir construyendo relaciones en torno a los trabajadores extranjeros temporales"}]},{"@type":"WebSite","@id":"https:\/\/www.infotetquebec.com\/es\/#website","url":"https:\/\/www.infotetquebec.com\/es\/","name":"Infotetquebec","description":"Info et soutien aux TET","publisher":{"@id":"https:\/\/www.infotetquebec.com\/es\/#organization"},"potentialAction":[{"@type":"SearchAction","target":{"@type":"EntryPoint","urlTemplate":"https:\/\/www.infotetquebec.com\/es\/?s={search_term_string}"},"query-input":{"@type":"PropertyValueSpecification","valueRequired":true,"valueName":"search_term_string"}}],"inLanguage":"es"},{"@type":"Organization","@id":"https:\/\/www.infotetquebec.com\/es\/#organization","name":"InfoTETQuebec","url":"https:\/\/www.infotetquebec.com\/es\/","logo":{"@type":"ImageObject","inLanguage":"es","@id":"https:\/\/www.infotetquebec.com\/es\/#\/schema\/logo\/image\/","url":"https:\/\/www.infotetquebec.com\/wp-content\/uploads\/2021\/02\/cropped-IMQC_TET_Favicon_Fav-Icon_Fav-Icon-1.png","contentUrl":"https:\/\/www.infotetquebec.com\/wp-content\/uploads\/2021\/02\/cropped-IMQC_TET_Favicon_Fav-Icon_Fav-Icon-1.png","width":512,"height":512,"caption":"InfoTETQuebec"},"image":{"@id":"https:\/\/www.infotetquebec.com\/es\/#\/schema\/logo\/image\/"},"sameAs":["https:\/\/www.facebook.com\/profile.php?id=100089616676260"]},{"@type":"Person","@id":"https:\/\/www.infotetquebec.com\/es\/#\/schema\/person\/a939d4846cedfe6088b540ee8e2e2309","name":"Soufian AJLANI","image":{"@type":"ImageObject","inLanguage":"es","@id":"https:\/\/secure.gravatar.com\/avatar\/718c60b28c96a06d8f84b06639bc4cc6d8602bed2dec125d3261d0e1ec69b9c7?s=96&d=mm&r=g","url":"https:\/\/secure.gravatar.com\/avatar\/718c60b28c96a06d8f84b06639bc4cc6d8602bed2dec125d3261d0e1ec69b9c7?s=96&d=mm&r=g","contentUrl":"https:\/\/secure.gravatar.com\/avatar\/718c60b28c96a06d8f84b06639bc4cc6d8602bed2dec125d3261d0e1ec69b9c7?s=96&d=mm&r=g","caption":"Soufian AJLANI"},"sameAs":["http:\/\/immigrantquebec.com"],"url":"https:\/\/www.infotetquebec.com\/es\/author\/soufian_iq\/"}]}},"rttpg_featured_image_url":{"full":["https:\/\/www.infotetquebec.com\/wp-content\/uploads\/2022\/06\/markus-spiske-vrbZVyX2k4I-unsplash-1.jpg",640,427,false],"landscape":["https:\/\/www.infotetquebec.com\/wp-content\/uploads\/2022\/06\/markus-spiske-vrbZVyX2k4I-unsplash-1.jpg",640,427,false],"portraits":["https:\/\/www.infotetquebec.com\/wp-content\/uploads\/2022\/06\/markus-spiske-vrbZVyX2k4I-unsplash-1.jpg",640,427,false],"thumbnail":["https:\/\/www.infotetquebec.com\/wp-content\/uploads\/2022\/06\/markus-spiske-vrbZVyX2k4I-unsplash-1-300x150.jpg",300,150,true],"medium":["https:\/\/www.infotetquebec.com\/wp-content\/uploads\/2022\/06\/markus-spiske-vrbZVyX2k4I-unsplash-1-300x200.jpg",300,200,true],"large":["https:\/\/www.infotetquebec.com\/wp-content\/uploads\/2022\/06\/markus-spiske-vrbZVyX2k4I-unsplash-1.jpg",640,427,false],"1536x1536":["https:\/\/www.infotetquebec.com\/wp-content\/uploads\/2022\/06\/markus-spiske-vrbZVyX2k4I-unsplash-1.jpg",640,427,false],"2048x2048":["https:\/\/www.infotetquebec.com\/wp-content\/uploads\/2022\/06\/markus-spiske-vrbZVyX2k4I-unsplash-1.jpg",640,427,false],"sidebar-featured":["https:\/\/www.infotetquebec.com\/wp-content\/uploads\/2022\/06\/markus-spiske-vrbZVyX2k4I-unsplash-1-75x75.jpg",75,75,true],"genesis-singular-images":["https:\/\/www.infotetquebec.com\/wp-content\/uploads\/2022\/06\/markus-spiske-vrbZVyX2k4I-unsplash-1.jpg",640,427,false]},"rttpg_author":{"display_name":"Soufian AJLANI","author_link":"https:\/\/www.infotetquebec.com\/es\/author\/soufian_iq\/"},"rttpg_comment":0,"rttpg_category":"<a href=\"https:\/\/www.infotetquebec.com\/es\/noticias\/\" rel=\"category tag\">Art\u00edculos<\/a>","rttpg_excerpt":"Reuniones con los representantes del consulado, creaci\u00f3n de nuevos canales de comunicaci\u00f3n, organizaci\u00f3n del Salon de l&#8217;immigration et de l&#8217;int\u00e9gration: las \u00faltimas semanas no s\u00f3lo nos han permitido preparar la... Leer m\u00e1s","_links":{"self":[{"href":"https:\/\/www.infotetquebec.com\/es\/wp-json\/wp\/v2\/posts\/3255","targetHints":{"allow":["GET"]}}],"collection":[{"href":"https:\/\/www.infotetquebec.com\/es\/wp-json\/wp\/v2\/posts"}],"about":[{"href":"https:\/\/www.infotetquebec.com\/es\/wp-json\/wp\/v2\/types\/post"}],"author":[{"embeddable":true,"href":"https:\/\/www.infotetquebec.com\/es\/wp-json\/wp\/v2\/users\/16"}],"replies":[{"embeddable":true,"href":"https:\/\/www.infotetquebec.com\/es\/wp-json\/wp\/v2\/comments?post=3255"}],"version-history":[{"count":1,"href":"https:\/\/www.infotetquebec.com\/es\/wp-json\/wp\/v2\/posts\/3255\/revisions"}],"predecessor-version":[{"id":3256,"href":"https:\/\/www.infotetquebec.com\/es\/wp-json\/wp\/v2\/posts\/3255\/revisions\/3256"}],"wp:featuredmedia":[{"embeddable":true,"href":"https:\/\/www.infotetquebec.com\/es\/wp-json\/wp\/v2\/media\/3253"}],"wp:attachment":[{"href":"https:\/\/www.infotetquebec.com\/es\/wp-json\/wp\/v2\/media?parent=3255"}],"wp:term":[{"taxonomy":"category","embeddable":true,"href":"https:\/\/www.infotetquebec.com\/es\/wp-json\/wp\/v2\/categories?post=3255"},{"taxonomy":"post_tag","embeddable":true,"href":"https:\/\/www.infotetquebec.com\/es\/wp-json\/wp\/v2\/tags?post=3255"}],"curies":[{"name":"wp","href":"https:\/\/api.w.org\/{rel}","templated":true}]}}