{"id":28527,"date":"2026-04-27T11:04:34","date_gmt":"2026-04-27T15:04:34","guid":{"rendered":"https:\/\/www.infotetquebec.com\/sesion-informativa-sobre-el-sistema-financiero-canadiense-para-trabajadores-extranjeros-temporales\/"},"modified":"2026-04-29T11:06:15","modified_gmt":"2026-04-29T15:06:15","slug":"sesion-informativa-sobre-el-sistema-financiero-canadiense-para-trabajadores-extranjeros-temporales","status":"publish","type":"post","link":"https:\/\/www.infotetquebec.com\/es\/sesion-informativa-sobre-el-sistema-financiero-canadiense-para-trabajadores-extranjeros-temporales\/","title":{"rendered":"Sesi\u00f3n informativa sobre el sistema financiero canadiense para trabajadores extranjeros temporales"},"content":{"rendered":"\t\t<div data-elementor-type=\"wp-post\" data-elementor-id=\"28527\" class=\"elementor elementor-28527 elementor-28505\" data-elementor-post-type=\"post\">\n\t\t\t\t\t\t<section class=\"elementor-section elementor-top-section elementor-element elementor-element-dd25f3c elementor-section-boxed elementor-section-height-default elementor-section-height-default\" data-id=\"dd25f3c\" data-element_type=\"section\" data-e-type=\"section\">\n\t\t\t\t\t\t<div class=\"elementor-container elementor-column-gap-default\">\n\t\t\t\t\t<div class=\"elementor-column elementor-col-100 elementor-top-column elementor-element elementor-element-be91aa7\" data-id=\"be91aa7\" data-element_type=\"column\" data-e-type=\"column\">\n\t\t\t<div class=\"elementor-widget-wrap elementor-element-populated\">\n\t\t\t\t\t\t<div class=\"elementor-element elementor-element-3a90dfc elementor-widget elementor-widget-text-editor\" data-id=\"3a90dfc\" data-element_type=\"widget\" data-e-type=\"widget\" data-widget_type=\"text-editor.default\">\n\t\t\t\t<div class=\"elementor-widget-container\">\n\t\t\t\t\t\t\t\t\t<p><span style=\"font-weight: 400;\">Se llev\u00f3 a cabo en <\/span><b>Granby<\/b><span style=\"font-weight: 400;\"> una sesi\u00f3n informativa sobre el sistema financiero canadiense dirigida a trabajadores extranjeros temporales (TET), con la participaci\u00f3n de aproximadamente 45 TET provenientes de la ciudad y sus alrededores.<\/span><\/p>\n<p><span style=\"font-weight: 400;\">La actividad permiti\u00f3 abordar temas clave relacionados con las finanzas personales en Canad\u00e1, como la gesti\u00f3n de tarjetas de cr\u00e9dito, los pr\u00e9stamos, el env\u00edo de dinero a los pa\u00edses de origen, as\u00ed como la importancia de construir y mantener un buen historial crediticio. Tambi\u00e9n se destac\u00f3 la relevancia de cumplir con los pagos a tiempo para mantener una buena salud financiera y facilitar la integraci\u00f3n al sistema financiero canadiense.<\/span><\/p>\n<p><span style=\"font-weight: 400;\">Los participantes tuvieron la oportunidad de hacer preguntas y compartir sus experiencias, lo que hizo de la sesi\u00f3n un espacio muy din\u00e1mico, pr\u00e1ctico y \u00fatil para su proceso de integraci\u00f3n financiera.<\/span><\/p>\n\t\t\t\t\t\t\t\t<\/div>\n\t\t\t\t<\/div>\n\t\t\t\t<section class=\"elementor-section elementor-inner-section elementor-element elementor-element-ca43ce1 elementor-section-boxed elementor-section-height-default elementor-section-height-default\" data-id=\"ca43ce1\" data-element_type=\"section\" data-e-type=\"section\">\n\t\t\t\t\t\t<div class=\"elementor-container elementor-column-gap-default\">\n\t\t\t\t\t<div class=\"elementor-column elementor-col-50 elementor-inner-column elementor-element elementor-element-35086cf\" data-id=\"35086cf\" data-element_type=\"column\" data-e-type=\"column\">\n\t\t\t<div class=\"elementor-widget-wrap elementor-element-populated\">\n\t\t\t\t\t\t<div class=\"elementor-element elementor-element-0798ff5 elementor-widget elementor-widget-image\" data-id=\"0798ff5\" data-element_type=\"widget\" data-e-type=\"widget\" data-widget_type=\"image.default\">\n\t\t\t\t<div class=\"elementor-widget-container\">\n\t\t\t\t\t\t\t\t\t\t\t\t\t\t\t<img fetchpriority=\"high\" decoding=\"async\" width=\"702\" height=\"526\" src=\"https:\/\/www.infotetquebec.com\/wp-content\/uploads\/2026\/04\/3.-2026.04.17-Granby-QC-_-Seance-dinformation-sur-le-systeme-financier-canadien-pour-les-TET.-Granby-Industriel-et-Desjardins-702x526.jpeg\" class=\"attachment-genesis-singular-images size-genesis-singular-images wp-image-28516\" alt=\"\" \/>\t\t\t\t\t\t\t\t\t\t\t\t\t\t\t<\/div>\n\t\t\t\t<\/div>\n\t\t\t\t\t<\/div>\n\t\t<\/div>\n\t\t\t\t<div class=\"elementor-column elementor-col-50 elementor-inner-column elementor-element elementor-element-9e845b1\" data-id=\"9e845b1\" data-element_type=\"column\" data-e-type=\"column\">\n\t\t\t<div class=\"elementor-widget-wrap elementor-element-populated\">\n\t\t\t\t\t\t<div class=\"elementor-element elementor-element-9d3e828 elementor-widget elementor-widget-image\" data-id=\"9d3e828\" data-element_type=\"widget\" data-e-type=\"widget\" data-widget_type=\"image.default\">\n\t\t\t\t<div class=\"elementor-widget-container\">\n\t\t\t\t\t\t\t\t\t\t\t\t\t\t\t<img decoding=\"async\" width=\"702\" height=\"526\" src=\"https:\/\/www.infotetquebec.com\/wp-content\/uploads\/2026\/04\/2.-2026.04.17-Granby-QC-_-Seance-dinformation-sur-le-systeme-financier-canadien-pour-les-TET.-Granby-Industriel-et-Desjardins-702x526.jpeg\" class=\"attachment-genesis-singular-images size-genesis-singular-images wp-image-28513\" alt=\"\" \/>\t\t\t\t\t\t\t\t\t\t\t\t\t\t\t<\/div>\n\t\t\t\t<\/div>\n\t\t\t\t\t<\/div>\n\t\t<\/div>\n\t\t\t\t\t<\/div>\n\t\t<\/section>\n\t\t\t\t<div class=\"elementor-element elementor-element-4f20017 elementor-widget elementor-widget-text-editor\" data-id=\"4f20017\" data-element_type=\"widget\" data-e-type=\"widget\" data-widget_type=\"text-editor.default\">\n\t\t\t\t<div class=\"elementor-widget-container\">\n\t\t\t\t\t\t\t\t\t<p><span style=\"font-weight: 400;\">La sesi\u00f3n estuvo a cargo de <\/span><b>Alejandra Orozco<\/b><span style=\"font-weight: 400;\"> de <\/span><a href=\"https:\/\/www.desjardins.com\/qc\/fr\/offres\/nouveaux-arrivants-canada.html\"><b>Desjardins<\/b><\/a><span style=\"font-weight: 400;\">, quien comparti\u00f3 recomendaciones y orientaciones adaptadas a la realidad de los trabajadores extranjeros temporales. Adem\u00e1s, se ofreci\u00f3 un almuerzo a los participantes, generando un ambiente m\u00e1s cercano y propicio para el intercambio.<\/span><\/p>\n<p><span style=\"font-weight: 400;\">En el marco de esta actividad, Jonathan Buitrago, coordinador regional de <\/span><a href=\"https:\/\/www.infotetquebec.com\/es\/\"><b>InfoTET<\/b><\/a><span style=\"font-weight: 400;\"> de <\/span><a href=\"https:\/\/immigrantquebec.com\/fr\/\"><b>Immigrant Qu\u00e9bec<\/b><\/a><span style=\"font-weight: 400;\">, present\u00f3 el programa <\/span><a href=\"https:\/\/www.infotetquebec.com\/es\/\"><b>InfoTET<\/b><\/a><span style=\"font-weight: 400;\"> Qu\u00e9bec y realiz\u00f3 la entrega de la gu\u00eda informativa dirigida a los TET. Este recurso ofrece herramientas pr\u00e1cticas sobre los derechos y obligaciones de los trabajadores temporales, adem\u00e1s de informaci\u00f3n clave sobre los servicios y recursos disponibles en la provincia. El intercambio con los participantes fue especialmente enriquecedor, permitiendo responder a sus inquietudes, identificar necesidades y reforzar la misi\u00f3n de <\/span><a href=\"https:\/\/www.infotetquebec.com\/es\/\"><b>InfoTET<\/b><\/a><span style=\"font-weight: 400;\">: brindar informaci\u00f3n clara, accesible y \u00fatil para acompa\u00f1ar a los trabajadores extranjeros temporales durante toda su estancia en Qu\u00e9bec.<\/span><\/p>\n\t\t\t\t\t\t\t\t<\/div>\n\t\t\t\t<\/div>\n\t\t\t\t<section class=\"elementor-section elementor-inner-section elementor-element elementor-element-5e7c9eb elementor-section-boxed elementor-section-height-default elementor-section-height-default\" data-id=\"5e7c9eb\" data-element_type=\"section\" data-e-type=\"section\">\n\t\t\t\t\t\t<div class=\"elementor-container elementor-column-gap-default\">\n\t\t\t\t\t<div class=\"elementor-column elementor-col-50 elementor-inner-column elementor-element elementor-element-c9e3cc7\" data-id=\"c9e3cc7\" data-element_type=\"column\" data-e-type=\"column\">\n\t\t\t<div class=\"elementor-widget-wrap elementor-element-populated\">\n\t\t\t\t\t\t<div class=\"elementor-element elementor-element-8d88c43 elementor-widget elementor-widget-image\" data-id=\"8d88c43\" data-element_type=\"widget\" data-e-type=\"widget\" data-widget_type=\"image.default\">\n\t\t\t\t<div class=\"elementor-widget-container\">\n\t\t\t\t\t\t\t\t\t\t\t\t\t\t\t<img decoding=\"async\" width=\"702\" height=\"526\" src=\"https:\/\/www.infotetquebec.com\/wp-content\/uploads\/2026\/04\/5.-2026.04.17-Granby-QC-_-Seance-dinformation-sur-le-systeme-financier-canadien-pour-les-TET.-Granby-Industriel-et-Desjardins-702x526.jpeg\" class=\"attachment-genesis-singular-images size-genesis-singular-images wp-image-28519\" alt=\"\" \/>\t\t\t\t\t\t\t\t\t\t\t\t\t\t\t<\/div>\n\t\t\t\t<\/div>\n\t\t\t\t\t<\/div>\n\t\t<\/div>\n\t\t\t\t<div class=\"elementor-column elementor-col-50 elementor-inner-column elementor-element elementor-element-61d2215\" data-id=\"61d2215\" data-element_type=\"column\" data-e-type=\"column\">\n\t\t\t<div class=\"elementor-widget-wrap elementor-element-populated\">\n\t\t\t\t\t\t<div class=\"elementor-element elementor-element-ca6fa62 elementor-widget elementor-widget-image\" data-id=\"ca6fa62\" data-element_type=\"widget\" data-e-type=\"widget\" data-widget_type=\"image.default\">\n\t\t\t\t<div class=\"elementor-widget-container\">\n\t\t\t\t\t\t\t\t\t\t\t\t\t\t\t<img loading=\"lazy\" decoding=\"async\" width=\"702\" height=\"526\" src=\"https:\/\/www.infotetquebec.com\/wp-content\/uploads\/2026\/04\/4.-2026.04.17-Granby-QC-_-Seance-dinformation-sur-le-systeme-financier-canadien-pour-les-TET.-Granby-Industriel-et-Desjardins-702x526.jpeg\" class=\"attachment-genesis-singular-images size-genesis-singular-images wp-image-28522\" alt=\"\" \/>\t\t\t\t\t\t\t\t\t\t\t\t\t\t\t<\/div>\n\t\t\t\t<\/div>\n\t\t\t\t\t<\/div>\n\t\t<\/div>\n\t\t\t\t\t<\/div>\n\t\t<\/section>\n\t\t\t\t<div class=\"elementor-element elementor-element-74facb5 elementor-widget elementor-widget-text-editor\" data-id=\"74facb5\" data-element_type=\"widget\" data-e-type=\"widget\" data-widget_type=\"text-editor.default\">\n\t\t\t\t<div class=\"elementor-widget-container\">\n\t\t\t\t\t\t\t\t\t<p><span style=\"font-weight: 400;\">Agradecemos sinceramente a <\/span><b>Gloria Amparo Brand Escobar<\/b><span style=\"font-weight: 400;\"> de <\/span><a href=\"https:\/\/granby-industriel.com\/\"><b>Granby Industriel<\/b><\/a><span style=\"font-weight: 400;\"> y a <\/span><b>Alejandra Orozco <\/b><span style=\"font-weight: 400;\">de <\/span><a href=\"https:\/\/www.desjardins.com\/qc\/fr\/offres\/nouveaux-arrivants-canada.html\"><b>Desjardins<\/b><\/a><span style=\"font-weight: 400;\"> por la organizaci\u00f3n y la facilitaci\u00f3n de esta actividad enriquecedora.<\/span><\/p>\n\t\t\t\t\t\t\t\t<\/div>\n\t\t\t\t<\/div>\n\t\t\t\t\t<\/div>\n\t\t<\/div>\n\t\t\t\t\t<\/div>\n\t\t<\/section>\n\t\t\t\t<\/div>\n\t\t","protected":false},"excerpt":{"rendered":"<p>Se llev\u00f3 a cabo en Granby una sesi\u00f3n informativa sobre el sistema financiero canadiense dirigida a trabajadores extranjeros temporales (TET), con la participaci\u00f3n de aproximadamente 45 TET provenientes de la&#8230; <a class=\"more-link\" href=\"https:\/\/www.infotetquebec.com\/es\/sesion-informativa-sobre-el-sistema-financiero-canadiense-para-trabajadores-extranjeros-temporales\/\">Leer m\u00e1s<\/a><\/p>\n","protected":false},"author":24,"featured_media":28508,"comment_status":"closed","ping_status":"open","sticky":false,"template":"","format":"standard","meta":{"_genesis_hide_title":false,"_genesis_hide_breadcrumbs":false,"_genesis_hide_singular_image":false,"_genesis_hide_footer_widgets":false,"_genesis_custom_body_class":"","_genesis_custom_post_class":"","_genesis_layout":"","footnotes":""},"categories":[54],"tags":[],"class_list":["post-28527","post","type-post","status-publish","format-standard","has-post-thumbnail","category-noticias","entry"],"yoast_head":"<!-- This site is optimized with the Yoast SEO plugin v27.5 - https:\/\/yoast.com\/product\/yoast-seo-wordpress\/ -->\n<title>Sesi\u00f3n informativa sobre el sistema financiero canadiense para trabajadores extranjeros temporales - Infotetquebec<\/title>\n<meta name=\"robots\" content=\"index, follow, max-snippet:-1, max-image-preview:large, max-video-preview:-1\" \/>\n<link rel=\"canonical\" href=\"https:\/\/www.infotetquebec.com\/es\/sesion-informativa-sobre-el-sistema-financiero-canadiense-para-trabajadores-extranjeros-temporales\/\" \/>\n<meta property=\"og:locale\" content=\"es_ES\" \/>\n<meta property=\"og:type\" content=\"article\" \/>\n<meta property=\"og:title\" content=\"Sesi\u00f3n informativa sobre el sistema financiero canadiense para trabajadores extranjeros temporales - Infotetquebec\" \/>\n<meta property=\"og:description\" content=\"Se llev\u00f3 a cabo en Granby una sesi\u00f3n informativa sobre el sistema financiero canadiense dirigida a trabajadores extranjeros temporales (TET), con la participaci\u00f3n de aproximadamente 45 TET provenientes de la... Leer m\u00e1s\" \/>\n<meta property=\"og:url\" content=\"https:\/\/www.infotetquebec.com\/es\/sesion-informativa-sobre-el-sistema-financiero-canadiense-para-trabajadores-extranjeros-temporales\/\" \/>\n<meta property=\"og:site_name\" content=\"Infotetquebec\" \/>\n<meta property=\"article:publisher\" content=\"https:\/\/www.facebook.com\/profile.php?id=100089616676260\" \/>\n<meta property=\"article:published_time\" content=\"2026-04-27T15:04:34+00:00\" \/>\n<meta property=\"article:modified_time\" content=\"2026-04-29T15:06:15+00:00\" \/>\n<meta property=\"og:image\" content=\"https:\/\/www.infotetquebec.com\/wp-content\/uploads\/2026\/04\/af81d74a-d07c-48a4-8639-23aa83a3ed3d.jpg\" \/>\n\t<meta property=\"og:image:width\" content=\"1603\" \/>\n\t<meta property=\"og:image:height\" content=\"840\" \/>\n\t<meta property=\"og:image:type\" content=\"image\/jpeg\" \/>\n<meta name=\"author\" content=\"Alejandra Salas\" \/>\n<meta name=\"twitter:card\" content=\"summary_large_image\" \/>\n<meta name=\"twitter:label1\" content=\"Escrito por\" \/>\n\t<meta name=\"twitter:data1\" content=\"Alejandra Salas\" \/>\n\t<meta name=\"twitter:label2\" content=\"Tiempo de lectura\" \/>\n\t<meta name=\"twitter:data2\" content=\"3 minutos\" \/>\n<script type=\"application\/ld+json\" class=\"yoast-schema-graph\">{\"@context\":\"https:\\\/\\\/schema.org\",\"@graph\":[{\"@type\":\"Article\",\"@id\":\"https:\\\/\\\/www.infotetquebec.com\\\/es\\\/sesion-informativa-sobre-el-sistema-financiero-canadiense-para-trabajadores-extranjeros-temporales\\\/#article\",\"isPartOf\":{\"@id\":\"https:\\\/\\\/www.infotetquebec.com\\\/es\\\/sesion-informativa-sobre-el-sistema-financiero-canadiense-para-trabajadores-extranjeros-temporales\\\/\"},\"author\":{\"name\":\"Alejandra Salas\",\"@id\":\"https:\\\/\\\/www.infotetquebec.com\\\/es\\\/#\\\/schema\\\/person\\\/4d7d5cae14ea1c0896c0d0a1f00a3f77\"},\"headline\":\"Sesi\u00f3n informativa sobre el sistema financiero canadiense para trabajadores extranjeros temporales\",\"datePublished\":\"2026-04-27T15:04:34+00:00\",\"dateModified\":\"2026-04-29T15:06:15+00:00\",\"mainEntityOfPage\":{\"@id\":\"https:\\\/\\\/www.infotetquebec.com\\\/es\\\/sesion-informativa-sobre-el-sistema-financiero-canadiense-para-trabajadores-extranjeros-temporales\\\/\"},\"wordCount\":340,\"publisher\":{\"@id\":\"https:\\\/\\\/www.infotetquebec.com\\\/es\\\/#organization\"},\"image\":{\"@id\":\"https:\\\/\\\/www.infotetquebec.com\\\/es\\\/sesion-informativa-sobre-el-sistema-financiero-canadiense-para-trabajadores-extranjeros-temporales\\\/#primaryimage\"},\"thumbnailUrl\":\"https:\\\/\\\/www.infotetquebec.com\\\/wp-content\\\/uploads\\\/2026\\\/04\\\/af81d74a-d07c-48a4-8639-23aa83a3ed3d.jpg\",\"articleSection\":[\"Art\u00edculos\"],\"inLanguage\":\"es\"},{\"@type\":\"WebPage\",\"@id\":\"https:\\\/\\\/www.infotetquebec.com\\\/es\\\/sesion-informativa-sobre-el-sistema-financiero-canadiense-para-trabajadores-extranjeros-temporales\\\/\",\"url\":\"https:\\\/\\\/www.infotetquebec.com\\\/es\\\/sesion-informativa-sobre-el-sistema-financiero-canadiense-para-trabajadores-extranjeros-temporales\\\/\",\"name\":\"Sesi\u00f3n informativa sobre el sistema financiero canadiense para trabajadores extranjeros temporales - Infotetquebec\",\"isPartOf\":{\"@id\":\"https:\\\/\\\/www.infotetquebec.com\\\/es\\\/#website\"},\"primaryImageOfPage\":{\"@id\":\"https:\\\/\\\/www.infotetquebec.com\\\/es\\\/sesion-informativa-sobre-el-sistema-financiero-canadiense-para-trabajadores-extranjeros-temporales\\\/#primaryimage\"},\"image\":{\"@id\":\"https:\\\/\\\/www.infotetquebec.com\\\/es\\\/sesion-informativa-sobre-el-sistema-financiero-canadiense-para-trabajadores-extranjeros-temporales\\\/#primaryimage\"},\"thumbnailUrl\":\"https:\\\/\\\/www.infotetquebec.com\\\/wp-content\\\/uploads\\\/2026\\\/04\\\/af81d74a-d07c-48a4-8639-23aa83a3ed3d.jpg\",\"datePublished\":\"2026-04-27T15:04:34+00:00\",\"dateModified\":\"2026-04-29T15:06:15+00:00\",\"breadcrumb\":{\"@id\":\"https:\\\/\\\/www.infotetquebec.com\\\/es\\\/sesion-informativa-sobre-el-sistema-financiero-canadiense-para-trabajadores-extranjeros-temporales\\\/#breadcrumb\"},\"inLanguage\":\"es\",\"potentialAction\":[{\"@type\":\"ReadAction\",\"target\":[\"https:\\\/\\\/www.infotetquebec.com\\\/es\\\/sesion-informativa-sobre-el-sistema-financiero-canadiense-para-trabajadores-extranjeros-temporales\\\/\"]}]},{\"@type\":\"ImageObject\",\"inLanguage\":\"es\",\"@id\":\"https:\\\/\\\/www.infotetquebec.com\\\/es\\\/sesion-informativa-sobre-el-sistema-financiero-canadiense-para-trabajadores-extranjeros-temporales\\\/#primaryimage\",\"url\":\"https:\\\/\\\/www.infotetquebec.com\\\/wp-content\\\/uploads\\\/2026\\\/04\\\/af81d74a-d07c-48a4-8639-23aa83a3ed3d.jpg\",\"contentUrl\":\"https:\\\/\\\/www.infotetquebec.com\\\/wp-content\\\/uploads\\\/2026\\\/04\\\/af81d74a-d07c-48a4-8639-23aa83a3ed3d.jpg\",\"width\":1603,\"height\":840},{\"@type\":\"BreadcrumbList\",\"@id\":\"https:\\\/\\\/www.infotetquebec.com\\\/es\\\/sesion-informativa-sobre-el-sistema-financiero-canadiense-para-trabajadores-extranjeros-temporales\\\/#breadcrumb\",\"itemListElement\":[{\"@type\":\"ListItem\",\"position\":1,\"name\":\"Accueil\",\"item\":\"https:\\\/\\\/www.infotetquebec.com\\\/es\\\/\"},{\"@type\":\"ListItem\",\"position\":2,\"name\":\"Sesi\u00f3n informativa sobre el sistema financiero canadiense para trabajadores extranjeros temporales\"}]},{\"@type\":\"WebSite\",\"@id\":\"https:\\\/\\\/www.infotetquebec.com\\\/es\\\/#website\",\"url\":\"https:\\\/\\\/www.infotetquebec.com\\\/es\\\/\",\"name\":\"Infotetquebec\",\"description\":\"Info et soutien aux TET\",\"publisher\":{\"@id\":\"https:\\\/\\\/www.infotetquebec.com\\\/es\\\/#organization\"},\"potentialAction\":[{\"@type\":\"SearchAction\",\"target\":{\"@type\":\"EntryPoint\",\"urlTemplate\":\"https:\\\/\\\/www.infotetquebec.com\\\/es\\\/?s={search_term_string}\"},\"query-input\":{\"@type\":\"PropertyValueSpecification\",\"valueRequired\":true,\"valueName\":\"search_term_string\"}}],\"inLanguage\":\"es\"},{\"@type\":\"Organization\",\"@id\":\"https:\\\/\\\/www.infotetquebec.com\\\/es\\\/#organization\",\"name\":\"InfoTETQuebec\",\"url\":\"https:\\\/\\\/www.infotetquebec.com\\\/es\\\/\",\"logo\":{\"@type\":\"ImageObject\",\"inLanguage\":\"es\",\"@id\":\"https:\\\/\\\/www.infotetquebec.com\\\/es\\\/#\\\/schema\\\/logo\\\/image\\\/\",\"url\":\"https:\\\/\\\/www.infotetquebec.com\\\/wp-content\\\/uploads\\\/2021\\\/02\\\/cropped-IMQC_TET_Favicon_Fav-Icon_Fav-Icon-1.png\",\"contentUrl\":\"https:\\\/\\\/www.infotetquebec.com\\\/wp-content\\\/uploads\\\/2021\\\/02\\\/cropped-IMQC_TET_Favicon_Fav-Icon_Fav-Icon-1.png\",\"width\":512,\"height\":512,\"caption\":\"InfoTETQuebec\"},\"image\":{\"@id\":\"https:\\\/\\\/www.infotetquebec.com\\\/es\\\/#\\\/schema\\\/logo\\\/image\\\/\"},\"sameAs\":[\"https:\\\/\\\/www.facebook.com\\\/profile.php?id=100089616676260\"]},{\"@type\":\"Person\",\"@id\":\"https:\\\/\\\/www.infotetquebec.com\\\/es\\\/#\\\/schema\\\/person\\\/4d7d5cae14ea1c0896c0d0a1f00a3f77\",\"name\":\"Alejandra Salas\",\"image\":{\"@type\":\"ImageObject\",\"inLanguage\":\"es\",\"@id\":\"https:\\\/\\\/secure.gravatar.com\\\/avatar\\\/f4349ead7189b7991510bb355af676e7cf0f0627b750dbc8bcd4a69e99cd1341?s=96&d=mm&r=g\",\"url\":\"https:\\\/\\\/secure.gravatar.com\\\/avatar\\\/f4349ead7189b7991510bb355af676e7cf0f0627b750dbc8bcd4a69e99cd1341?s=96&d=mm&r=g\",\"contentUrl\":\"https:\\\/\\\/secure.gravatar.com\\\/avatar\\\/f4349ead7189b7991510bb355af676e7cf0f0627b750dbc8bcd4a69e99cd1341?s=96&d=mm&r=g\",\"caption\":\"Alejandra Salas\"},\"url\":\"https:\\\/\\\/www.infotetquebec.com\\\/es\\\/author\\\/alejandra-salas\\\/\"}]}<\/script>\n<!-- \/ Yoast SEO plugin. -->","yoast_head_json":{"title":"Sesi\u00f3n informativa sobre el sistema financiero canadiense para trabajadores extranjeros temporales - Infotetquebec","robots":{"index":"index","follow":"follow","max-snippet":"max-snippet:-1","max-image-preview":"max-image-preview:large","max-video-preview":"max-video-preview:-1"},"canonical":"https:\/\/www.infotetquebec.com\/es\/sesion-informativa-sobre-el-sistema-financiero-canadiense-para-trabajadores-extranjeros-temporales\/","og_locale":"es_ES","og_type":"article","og_title":"Sesi\u00f3n informativa sobre el sistema financiero canadiense para trabajadores extranjeros temporales - Infotetquebec","og_description":"Se llev\u00f3 a cabo en Granby una sesi\u00f3n informativa sobre el sistema financiero canadiense dirigida a trabajadores extranjeros temporales (TET), con la participaci\u00f3n de aproximadamente 45 TET provenientes de la... Leer m\u00e1s","og_url":"https:\/\/www.infotetquebec.com\/es\/sesion-informativa-sobre-el-sistema-financiero-canadiense-para-trabajadores-extranjeros-temporales\/","og_site_name":"Infotetquebec","article_publisher":"https:\/\/www.facebook.com\/profile.php?id=100089616676260","article_published_time":"2026-04-27T15:04:34+00:00","article_modified_time":"2026-04-29T15:06:15+00:00","og_image":[{"width":1603,"height":840,"url":"https:\/\/www.infotetquebec.com\/wp-content\/uploads\/2026\/04\/af81d74a-d07c-48a4-8639-23aa83a3ed3d.jpg","type":"image\/jpeg"}],"author":"Alejandra Salas","twitter_card":"summary_large_image","twitter_misc":{"Escrito por":"Alejandra Salas","Tiempo de lectura":"3 minutos"},"schema":{"@context":"https:\/\/schema.org","@graph":[{"@type":"Article","@id":"https:\/\/www.infotetquebec.com\/es\/sesion-informativa-sobre-el-sistema-financiero-canadiense-para-trabajadores-extranjeros-temporales\/#article","isPartOf":{"@id":"https:\/\/www.infotetquebec.com\/es\/sesion-informativa-sobre-el-sistema-financiero-canadiense-para-trabajadores-extranjeros-temporales\/"},"author":{"name":"Alejandra Salas","@id":"https:\/\/www.infotetquebec.com\/es\/#\/schema\/person\/4d7d5cae14ea1c0896c0d0a1f00a3f77"},"headline":"Sesi\u00f3n informativa sobre el sistema financiero canadiense para trabajadores extranjeros temporales","datePublished":"2026-04-27T15:04:34+00:00","dateModified":"2026-04-29T15:06:15+00:00","mainEntityOfPage":{"@id":"https:\/\/www.infotetquebec.com\/es\/sesion-informativa-sobre-el-sistema-financiero-canadiense-para-trabajadores-extranjeros-temporales\/"},"wordCount":340,"publisher":{"@id":"https:\/\/www.infotetquebec.com\/es\/#organization"},"image":{"@id":"https:\/\/www.infotetquebec.com\/es\/sesion-informativa-sobre-el-sistema-financiero-canadiense-para-trabajadores-extranjeros-temporales\/#primaryimage"},"thumbnailUrl":"https:\/\/www.infotetquebec.com\/wp-content\/uploads\/2026\/04\/af81d74a-d07c-48a4-8639-23aa83a3ed3d.jpg","articleSection":["Art\u00edculos"],"inLanguage":"es"},{"@type":"WebPage","@id":"https:\/\/www.infotetquebec.com\/es\/sesion-informativa-sobre-el-sistema-financiero-canadiense-para-trabajadores-extranjeros-temporales\/","url":"https:\/\/www.infotetquebec.com\/es\/sesion-informativa-sobre-el-sistema-financiero-canadiense-para-trabajadores-extranjeros-temporales\/","name":"Sesi\u00f3n informativa sobre el sistema financiero canadiense para trabajadores extranjeros temporales - Infotetquebec","isPartOf":{"@id":"https:\/\/www.infotetquebec.com\/es\/#website"},"primaryImageOfPage":{"@id":"https:\/\/www.infotetquebec.com\/es\/sesion-informativa-sobre-el-sistema-financiero-canadiense-para-trabajadores-extranjeros-temporales\/#primaryimage"},"image":{"@id":"https:\/\/www.infotetquebec.com\/es\/sesion-informativa-sobre-el-sistema-financiero-canadiense-para-trabajadores-extranjeros-temporales\/#primaryimage"},"thumbnailUrl":"https:\/\/www.infotetquebec.com\/wp-content\/uploads\/2026\/04\/af81d74a-d07c-48a4-8639-23aa83a3ed3d.jpg","datePublished":"2026-04-27T15:04:34+00:00","dateModified":"2026-04-29T15:06:15+00:00","breadcrumb":{"@id":"https:\/\/www.infotetquebec.com\/es\/sesion-informativa-sobre-el-sistema-financiero-canadiense-para-trabajadores-extranjeros-temporales\/#breadcrumb"},"inLanguage":"es","potentialAction":[{"@type":"ReadAction","target":["https:\/\/www.infotetquebec.com\/es\/sesion-informativa-sobre-el-sistema-financiero-canadiense-para-trabajadores-extranjeros-temporales\/"]}]},{"@type":"ImageObject","inLanguage":"es","@id":"https:\/\/www.infotetquebec.com\/es\/sesion-informativa-sobre-el-sistema-financiero-canadiense-para-trabajadores-extranjeros-temporales\/#primaryimage","url":"https:\/\/www.infotetquebec.com\/wp-content\/uploads\/2026\/04\/af81d74a-d07c-48a4-8639-23aa83a3ed3d.jpg","contentUrl":"https:\/\/www.infotetquebec.com\/wp-content\/uploads\/2026\/04\/af81d74a-d07c-48a4-8639-23aa83a3ed3d.jpg","width":1603,"height":840},{"@type":"BreadcrumbList","@id":"https:\/\/www.infotetquebec.com\/es\/sesion-informativa-sobre-el-sistema-financiero-canadiense-para-trabajadores-extranjeros-temporales\/#breadcrumb","itemListElement":[{"@type":"ListItem","position":1,"name":"Accueil","item":"https:\/\/www.infotetquebec.com\/es\/"},{"@type":"ListItem","position":2,"name":"Sesi\u00f3n informativa sobre el sistema financiero canadiense para trabajadores extranjeros temporales"}]},{"@type":"WebSite","@id":"https:\/\/www.infotetquebec.com\/es\/#website","url":"https:\/\/www.infotetquebec.com\/es\/","name":"Infotetquebec","description":"Info et soutien aux TET","publisher":{"@id":"https:\/\/www.infotetquebec.com\/es\/#organization"},"potentialAction":[{"@type":"SearchAction","target":{"@type":"EntryPoint","urlTemplate":"https:\/\/www.infotetquebec.com\/es\/?s={search_term_string}"},"query-input":{"@type":"PropertyValueSpecification","valueRequired":true,"valueName":"search_term_string"}}],"inLanguage":"es"},{"@type":"Organization","@id":"https:\/\/www.infotetquebec.com\/es\/#organization","name":"InfoTETQuebec","url":"https:\/\/www.infotetquebec.com\/es\/","logo":{"@type":"ImageObject","inLanguage":"es","@id":"https:\/\/www.infotetquebec.com\/es\/#\/schema\/logo\/image\/","url":"https:\/\/www.infotetquebec.com\/wp-content\/uploads\/2021\/02\/cropped-IMQC_TET_Favicon_Fav-Icon_Fav-Icon-1.png","contentUrl":"https:\/\/www.infotetquebec.com\/wp-content\/uploads\/2021\/02\/cropped-IMQC_TET_Favicon_Fav-Icon_Fav-Icon-1.png","width":512,"height":512,"caption":"InfoTETQuebec"},"image":{"@id":"https:\/\/www.infotetquebec.com\/es\/#\/schema\/logo\/image\/"},"sameAs":["https:\/\/www.facebook.com\/profile.php?id=100089616676260"]},{"@type":"Person","@id":"https:\/\/www.infotetquebec.com\/es\/#\/schema\/person\/4d7d5cae14ea1c0896c0d0a1f00a3f77","name":"Alejandra Salas","image":{"@type":"ImageObject","inLanguage":"es","@id":"https:\/\/secure.gravatar.com\/avatar\/f4349ead7189b7991510bb355af676e7cf0f0627b750dbc8bcd4a69e99cd1341?s=96&d=mm&r=g","url":"https:\/\/secure.gravatar.com\/avatar\/f4349ead7189b7991510bb355af676e7cf0f0627b750dbc8bcd4a69e99cd1341?s=96&d=mm&r=g","contentUrl":"https:\/\/secure.gravatar.com\/avatar\/f4349ead7189b7991510bb355af676e7cf0f0627b750dbc8bcd4a69e99cd1341?s=96&d=mm&r=g","caption":"Alejandra Salas"},"url":"https:\/\/www.infotetquebec.com\/es\/author\/alejandra-salas\/"}]}},"rttpg_featured_image_url":{"full":["https:\/\/www.infotetquebec.com\/wp-content\/uploads\/2026\/04\/af81d74a-d07c-48a4-8639-23aa83a3ed3d.jpg",1603,840,false],"landscape":["https:\/\/www.infotetquebec.com\/wp-content\/uploads\/2026\/04\/af81d74a-d07c-48a4-8639-23aa83a3ed3d.jpg",1603,840,false],"portraits":["https:\/\/www.infotetquebec.com\/wp-content\/uploads\/2026\/04\/af81d74a-d07c-48a4-8639-23aa83a3ed3d.jpg",1603,840,false],"thumbnail":["https:\/\/www.infotetquebec.com\/wp-content\/uploads\/2026\/04\/af81d74a-d07c-48a4-8639-23aa83a3ed3d-300x150.jpg",300,150,true],"medium":["https:\/\/www.infotetquebec.com\/wp-content\/uploads\/2026\/04\/af81d74a-d07c-48a4-8639-23aa83a3ed3d-300x157.jpg",300,157,true],"large":["https:\/\/www.infotetquebec.com\/wp-content\/uploads\/2026\/04\/af81d74a-d07c-48a4-8639-23aa83a3ed3d-1024x537.jpg",1024,537,true],"1536x1536":["https:\/\/www.infotetquebec.com\/wp-content\/uploads\/2026\/04\/af81d74a-d07c-48a4-8639-23aa83a3ed3d-1536x805.jpg",1536,805,true],"2048x2048":["https:\/\/www.infotetquebec.com\/wp-content\/uploads\/2026\/04\/af81d74a-d07c-48a4-8639-23aa83a3ed3d.jpg",1603,840,false],"sidebar-featured":["https:\/\/www.infotetquebec.com\/wp-content\/uploads\/2026\/04\/af81d74a-d07c-48a4-8639-23aa83a3ed3d-75x75.jpg",75,75,true],"genesis-singular-images":["https:\/\/www.infotetquebec.com\/wp-content\/uploads\/2026\/04\/af81d74a-d07c-48a4-8639-23aa83a3ed3d-702x526.jpg",702,526,true]},"rttpg_author":{"display_name":"Alejandra Salas","author_link":"https:\/\/www.infotetquebec.com\/es\/author\/alejandra-salas\/"},"rttpg_comment":0,"rttpg_category":"<a href=\"https:\/\/www.infotetquebec.com\/es\/noticias\/\" rel=\"category tag\">Art\u00edculos<\/a>","rttpg_excerpt":"Se llev\u00f3 a cabo en Granby una sesi\u00f3n informativa sobre el sistema financiero canadiense dirigida a trabajadores extranjeros temporales (TET), con la participaci\u00f3n de aproximadamente 45 TET provenientes de la... Leer m\u00e1s","_links":{"self":[{"href":"https:\/\/www.infotetquebec.com\/es\/wp-json\/wp\/v2\/posts\/28527","targetHints":{"allow":["GET"]}}],"collection":[{"href":"https:\/\/www.infotetquebec.com\/es\/wp-json\/wp\/v2\/posts"}],"about":[{"href":"https:\/\/www.infotetquebec.com\/es\/wp-json\/wp\/v2\/types\/post"}],"author":[{"embeddable":true,"href":"https:\/\/www.infotetquebec.com\/es\/wp-json\/wp\/v2\/users\/24"}],"replies":[{"embeddable":true,"href":"https:\/\/www.infotetquebec.com\/es\/wp-json\/wp\/v2\/comments?post=28527"}],"version-history":[{"count":4,"href":"https:\/\/www.infotetquebec.com\/es\/wp-json\/wp\/v2\/posts\/28527\/revisions"}],"predecessor-version":[{"id":28536,"href":"https:\/\/www.infotetquebec.com\/es\/wp-json\/wp\/v2\/posts\/28527\/revisions\/28536"}],"wp:featuredmedia":[{"embeddable":true,"href":"https:\/\/www.infotetquebec.com\/es\/wp-json\/wp\/v2\/media\/28508"}],"wp:attachment":[{"href":"https:\/\/www.infotetquebec.com\/es\/wp-json\/wp\/v2\/media?parent=28527"}],"wp:term":[{"taxonomy":"category","embeddable":true,"href":"https:\/\/www.infotetquebec.com\/es\/wp-json\/wp\/v2\/categories?post=28527"},{"taxonomy":"post_tag","embeddable":true,"href":"https:\/\/www.infotetquebec.com\/es\/wp-json\/wp\/v2\/tags?post=28527"}],"curies":[{"name":"wp","href":"https:\/\/api.w.org\/{rel}","templated":true}]}}