{"id":28495,"date":"2026-04-23T10:24:03","date_gmt":"2026-04-23T14:24:03","guid":{"rendered":"https:\/\/www.infotetquebec.com\/puertas-abiertas-para-la-integracion-una-velada-informativa-para-trabajadores-extranjeros-temporales\/"},"modified":"2026-04-29T15:28:19","modified_gmt":"2026-04-29T19:28:19","slug":"puertas-abiertas-para-la-integracion-una-velada-informativa-para-trabajadores-extranjeros-temporales","status":"publish","type":"post","link":"https:\/\/www.infotetquebec.com\/es\/puertas-abiertas-para-la-integracion-una-velada-informativa-para-trabajadores-extranjeros-temporales\/","title":{"rendered":"Puertas abiertas para la integraci\u00f3n: una velada informativa para trabajadores extranjeros temporales"},"content":{"rendered":"\t\t<div data-elementor-type=\"wp-post\" data-elementor-id=\"28495\" class=\"elementor elementor-28495 elementor-28467\" data-elementor-post-type=\"post\">\n\t\t\t\t\t\t<section class=\"elementor-section elementor-top-section elementor-element elementor-element-e43795a elementor-section-boxed elementor-section-height-default elementor-section-height-default\" data-id=\"e43795a\" data-element_type=\"section\" data-e-type=\"section\">\n\t\t\t\t\t\t<div class=\"elementor-container elementor-column-gap-default\">\n\t\t\t\t\t<div class=\"elementor-column elementor-col-100 elementor-top-column elementor-element elementor-element-a4bfe7f\" data-id=\"a4bfe7f\" data-element_type=\"column\" data-e-type=\"column\">\n\t\t\t<div class=\"elementor-widget-wrap elementor-element-populated\">\n\t\t\t\t\t\t<div class=\"elementor-element elementor-element-bdc486d elementor-widget elementor-widget-text-editor\" data-id=\"bdc486d\" data-element_type=\"widget\" data-e-type=\"widget\" data-widget_type=\"text-editor.default\">\n\t\t\t\t<div class=\"elementor-widget-container\">\n\t\t\t\t\t\t\t\t\t<p><span style=\"font-weight: 400;\">El pasado 16 de abril, se llev\u00f3 a cabo la <\/span><b>Soir\u00e9e portes ouvertes de <\/b><a href=\"https:\/\/www.drummondeconomique.ca\/\"><b>Drummond \u00c9conomique<\/b><\/a><b> para los TET<\/b><span style=\"font-weight: 400;\">, un evento organizado en <\/span><b>Drummondville<\/b><span style=\"font-weight: 400;\"> con el objetivo de acercar a los trabajadores extranjeros temporales a los servicios y recursos disponibles en la regi\u00f3n.<\/span><\/p>\n<p><span style=\"font-weight: 400;\">Esta actividad permiti\u00f3 a los participantes conocer de primera mano el papel que desempe\u00f1a <\/span><a href=\"https:\/\/www.drummondeconomique.ca\/\"><b>Drummond \u00c9conomique<\/b><\/a><span style=\"font-weight: 400;\"> en el acompa\u00f1amiento e integraci\u00f3n de los trabajadores, as\u00ed como descubrir diversas herramientas clave para facilitar su instalaci\u00f3n y desarrollo en Qu\u00e9bec.<\/span><\/p>\n\t\t\t\t\t\t\t\t<\/div>\n\t\t\t\t<\/div>\n\t\t\t\t<section class=\"elementor-section elementor-inner-section elementor-element elementor-element-84c3fa3 elementor-section-boxed elementor-section-height-default elementor-section-height-default\" data-id=\"84c3fa3\" data-element_type=\"section\" data-e-type=\"section\">\n\t\t\t\t\t\t<div class=\"elementor-container elementor-column-gap-default\">\n\t\t\t\t\t<div class=\"elementor-column elementor-col-50 elementor-inner-column elementor-element elementor-element-93dfcbd\" data-id=\"93dfcbd\" data-element_type=\"column\" data-e-type=\"column\">\n\t\t\t<div class=\"elementor-widget-wrap elementor-element-populated\">\n\t\t\t\t\t\t<div class=\"elementor-element elementor-element-72768d7 elementor-widget elementor-widget-image\" data-id=\"72768d7\" data-element_type=\"widget\" data-e-type=\"widget\" data-widget_type=\"image.default\">\n\t\t\t\t<div class=\"elementor-widget-container\">\n\t\t\t\t\t\t\t\t\t\t\t\t\t\t\t<img fetchpriority=\"high\" decoding=\"async\" width=\"392\" height=\"335\" src=\"https:\/\/www.infotetquebec.com\/wp-content\/uploads\/2026\/04\/Capture-decran-le-2026-04-29-a-09.37.58.png\" class=\"attachment-genesis-singular-images size-genesis-singular-images wp-image-28475\" alt=\"\" srcset=\"https:\/\/www.infotetquebec.com\/wp-content\/uploads\/2026\/04\/Capture-decran-le-2026-04-29-a-09.37.58.png 392w, https:\/\/www.infotetquebec.com\/wp-content\/uploads\/2026\/04\/Capture-decran-le-2026-04-29-a-09.37.58-300x256.png 300w\" sizes=\"(max-width: 392px) 100vw, 392px\" \/>\t\t\t\t\t\t\t\t\t\t\t\t\t\t\t<\/div>\n\t\t\t\t<\/div>\n\t\t\t\t\t<\/div>\n\t\t<\/div>\n\t\t\t\t<div class=\"elementor-column elementor-col-50 elementor-inner-column elementor-element elementor-element-9b65380\" data-id=\"9b65380\" data-element_type=\"column\" data-e-type=\"column\">\n\t\t\t<div class=\"elementor-widget-wrap elementor-element-populated\">\n\t\t\t\t\t\t<div class=\"elementor-element elementor-element-1320a9f elementor-widget elementor-widget-text-editor\" data-id=\"1320a9f\" data-element_type=\"widget\" data-e-type=\"widget\" data-widget_type=\"text-editor.default\">\n\t\t\t\t<div class=\"elementor-widget-container\">\n\t\t\t\t\t\t\t\t\t<p><span style=\"font-weight: 400;\">Durante la velada, se instalaron distintos kioscos informativos donde varios organismos y aliados presentaron sus servicios. Entre ellos, <\/span><a href=\"https:\/\/www.desjardins.com\/qc\/fr\/offres\/nouveaux-arrivants-canada.html\"><b>Desjardins<\/b><\/a><span style=\"font-weight: 400;\"> ofreci\u00f3 orientaci\u00f3n sobre temas financieros esenciales como la gesti\u00f3n de cuentas, el cr\u00e9dito, el ahorro y las buenas pr\u00e1cticas para mantener una salud financiera adecuada en Canad\u00e1. Asimismo, <\/span><a href=\"https:\/\/www.drummondeconomique.ca\/\"><b>Drummond \u00c9conomique<\/b><\/a><span style=\"font-weight: 400;\"> puso a disposici\u00f3n de los participantes la presencia de dos abogados, quienes respondieron directamente a sus preguntas relacionadas con derechos laborales y situaciones jur\u00eddicas.<\/span><\/p>\n\t\t\t\t\t\t\t\t<\/div>\n\t\t\t\t<\/div>\n\t\t\t\t\t<\/div>\n\t\t<\/div>\n\t\t\t\t\t<\/div>\n\t\t<\/section>\n\t\t\t\t<div class=\"elementor-element elementor-element-911fb31 elementor-widget elementor-widget-text-editor\" data-id=\"911fb31\" data-element_type=\"widget\" data-e-type=\"widget\" data-widget_type=\"text-editor.default\">\n\t\t\t\t<div class=\"elementor-widget-container\">\n\t\t\t\t\t\t\t\t\t<p><span style=\"font-weight: 400;\">Por parte de <\/span><a href=\"https:\/\/www.infotetquebec.com\/es\/\"><b>InfoTET<\/b><\/a><span style=\"font-weight: 400;\"> de <\/span><a href=\"https:\/\/immigrantquebec.com\/fr\/\"><b>Immigrant Qu\u00e9bec<\/b><\/a><span style=\"font-weight: 400;\">, se cont\u00f3 con un espacio dedicado a la presentaci\u00f3n del programa y sus servicios. En este marco, Jonathan Buitrago, coordinador regional, present\u00f3 el programa <\/span><a href=\"https:\/\/www.infotetquebec.com\/es\/\"><b>InfoTET<\/b><\/a><span style=\"font-weight: 400;\"> Qu\u00e9bec y realiz\u00f3 la entrega de la gu\u00eda informativa destinada a los trabajadores extranjeros temporales. Este recurso proporciona herramientas pr\u00e1cticas sobre los derechos y obligaciones de los TET, as\u00ed como informaci\u00f3n clave sobre los servicios y recursos disponibles en la provincia.<\/span><\/p>\n<p><span style=\"font-weight: 400;\">Los intercambios con los participantes fueron especialmente enriquecedores, permitiendo responder a sus inquietudes, identificar sus necesidades y fortalecer la misi\u00f3n de <\/span><a href=\"https:\/\/www.infotetquebec.com\/es\/\"><b>InfoTET<\/b><\/a><span style=\"font-weight: 400;\">: ofrecer informaci\u00f3n clara, accesible y \u00fatil para acompa\u00f1ar a los trabajadores extranjeros temporales durante todo su proceso de integraci\u00f3n en Qu\u00e9bec.<\/span><\/p>\n<p><span style=\"font-weight: 400;\">M\u00e1s all\u00e1 de la informaci\u00f3n compartida, la actividad tambi\u00e9n se consolid\u00f3 como un espacio de encuentro y networking, favoreciendo el di\u00e1logo entre los trabajadores y los distintos actores presentes, especialmente en temas relacionados con el empleo, la vida en regi\u00f3n y las oportunidades locales.<\/span><\/p>\n\t\t\t\t\t\t\t\t<\/div>\n\t\t\t\t<\/div>\n\t\t\t\t<section class=\"elementor-section elementor-inner-section elementor-element elementor-element-ba5caf2 elementor-section-boxed elementor-section-height-default elementor-section-height-default\" data-id=\"ba5caf2\" data-element_type=\"section\" data-e-type=\"section\">\n\t\t\t\t\t\t<div class=\"elementor-container elementor-column-gap-default\">\n\t\t\t\t\t<div class=\"elementor-column elementor-col-50 elementor-inner-column elementor-element elementor-element-0fd757a\" data-id=\"0fd757a\" data-element_type=\"column\" data-e-type=\"column\">\n\t\t\t<div class=\"elementor-widget-wrap elementor-element-populated\">\n\t\t\t\t\t\t<div class=\"elementor-element elementor-element-d676f8a elementor-widget elementor-widget-image\" data-id=\"d676f8a\" data-element_type=\"widget\" data-e-type=\"widget\" data-widget_type=\"image.default\">\n\t\t\t\t<div class=\"elementor-widget-container\">\n\t\t\t\t\t\t\t\t\t\t\t\t\t\t\t<img decoding=\"async\" width=\"399\" height=\"526\" src=\"https:\/\/www.infotetquebec.com\/wp-content\/uploads\/2026\/04\/Capture-decran-le-2026-04-29-a-09.56.13-399x526.png\" class=\"attachment-genesis-singular-images size-genesis-singular-images wp-image-28487\" alt=\"\" \/>\t\t\t\t\t\t\t\t\t\t\t\t\t\t\t<\/div>\n\t\t\t\t<\/div>\n\t\t\t\t\t<\/div>\n\t\t<\/div>\n\t\t\t\t<div class=\"elementor-column elementor-col-50 elementor-inner-column elementor-element elementor-element-6aecb02\" data-id=\"6aecb02\" data-element_type=\"column\" data-e-type=\"column\">\n\t\t\t<div class=\"elementor-widget-wrap elementor-element-populated\">\n\t\t\t\t\t\t<div class=\"elementor-element elementor-element-43cc9af elementor-widget elementor-widget-image\" data-id=\"43cc9af\" data-element_type=\"widget\" data-e-type=\"widget\" data-widget_type=\"image.default\">\n\t\t\t\t<div class=\"elementor-widget-container\">\n\t\t\t\t\t\t\t\t\t\t\t\t\t\t\t<img decoding=\"async\" width=\"395\" height=\"521\" src=\"https:\/\/www.infotetquebec.com\/wp-content\/uploads\/2026\/04\/Capture-decran-le-2026-04-29-a-09.56.02.png\" class=\"attachment-medium_large size-medium_large wp-image-28490\" alt=\"\" srcset=\"https:\/\/www.infotetquebec.com\/wp-content\/uploads\/2026\/04\/Capture-decran-le-2026-04-29-a-09.56.02.png 395w, https:\/\/www.infotetquebec.com\/wp-content\/uploads\/2026\/04\/Capture-decran-le-2026-04-29-a-09.56.02-227x300.png 227w\" sizes=\"(max-width: 395px) 100vw, 395px\" \/>\t\t\t\t\t\t\t\t\t\t\t\t\t\t\t<\/div>\n\t\t\t\t<\/div>\n\t\t\t\t\t<\/div>\n\t\t<\/div>\n\t\t\t\t\t<\/div>\n\t\t<\/section>\n\t\t\t\t<div class=\"elementor-element elementor-element-97c2aed elementor-widget elementor-widget-text-editor\" data-id=\"97c2aed\" data-element_type=\"widget\" data-e-type=\"widget\" data-widget_type=\"text-editor.default\">\n\t\t\t\t<div class=\"elementor-widget-container\">\n\t\t\t\t\t\t\t\t\t<p><span style=\"font-weight: 400;\">Desde <\/span><a href=\"https:\/\/www.infotetquebec.com\/es\/\"><b>InfoTET<\/b><\/a><span style=\"font-weight: 400;\"> de <\/span><a href=\"https:\/\/immigrantquebec.com\/fr\/\"><b>Immigrant Qu\u00e9bec<\/b><\/a><span style=\"font-weight: 400;\">, destacamos la importancia de este tipo de iniciativas, que fortalecen el acceso a la informaci\u00f3n, promueven la integraci\u00f3n social y facilitan el establecimiento de v\u00ednculos entre los TET y la comunidad local.<\/span><\/p>\n<p><span style=\"font-weight: 400;\">Agradecemos a <\/span><a href=\"https:\/\/www.drummondeconomique.ca\/\"><b>Drummond \u00c9conomique<\/b><\/a><span style=\"font-weight: 400;\"> y a <\/span><b>Eric Marchesseault<\/b><span style=\"font-weight: 400;\">, coordinador de integraci\u00f3n y retenci\u00f3n de trabajadores extranjeros, por la organizaci\u00f3n y la acogida durante esta enriquecedora actividad, que contribuye de manera significativa a mejorar la experiencia de los trabajadores extranjeros temporales en la regi\u00f3n.<\/span><\/p>\n\t\t\t\t\t\t\t\t<\/div>\n\t\t\t\t<\/div>\n\t\t\t\t\t<\/div>\n\t\t<\/div>\n\t\t\t\t\t<\/div>\n\t\t<\/section>\n\t\t\t\t<\/div>\n\t\t","protected":false},"excerpt":{"rendered":"<p>El pasado 16 de abril, se llev\u00f3 a cabo la Soir\u00e9e portes ouvertes de Drummond \u00c9conomique para los TET, un evento organizado en Drummondville con el objetivo de acercar a&#8230; <a class=\"more-link\" href=\"https:\/\/www.infotetquebec.com\/es\/puertas-abiertas-para-la-integracion-una-velada-informativa-para-trabajadores-extranjeros-temporales\/\">Leer m\u00e1s<\/a><\/p>\n","protected":false},"author":24,"featured_media":28537,"comment_status":"closed","ping_status":"open","sticky":false,"template":"","format":"standard","meta":{"_genesis_hide_title":false,"_genesis_hide_breadcrumbs":false,"_genesis_hide_singular_image":false,"_genesis_hide_footer_widgets":false,"_genesis_custom_body_class":"","_genesis_custom_post_class":"","_genesis_layout":"","footnotes":""},"categories":[54],"tags":[],"class_list":["post-28495","post","type-post","status-publish","format-standard","has-post-thumbnail","category-noticias","entry"],"yoast_head":"<!-- This site is optimized with the Yoast SEO plugin v27.5 - https:\/\/yoast.com\/product\/yoast-seo-wordpress\/ -->\n<title>Puertas abiertas para la integraci\u00f3n: una velada informativa para trabajadores extranjeros temporales - Infotetquebec<\/title>\n<meta name=\"robots\" content=\"index, follow, max-snippet:-1, max-image-preview:large, max-video-preview:-1\" \/>\n<link rel=\"canonical\" href=\"https:\/\/www.infotetquebec.com\/es\/puertas-abiertas-para-la-integracion-una-velada-informativa-para-trabajadores-extranjeros-temporales\/\" \/>\n<meta property=\"og:locale\" content=\"es_ES\" \/>\n<meta property=\"og:type\" content=\"article\" \/>\n<meta property=\"og:title\" content=\"Puertas abiertas para la integraci\u00f3n: una velada informativa para trabajadores extranjeros temporales - Infotetquebec\" \/>\n<meta property=\"og:description\" content=\"El pasado 16 de abril, se llev\u00f3 a cabo la Soir\u00e9e portes ouvertes de Drummond \u00c9conomique para los TET, un evento organizado en Drummondville con el objetivo de acercar a... Leer m\u00e1s\" \/>\n<meta property=\"og:url\" content=\"https:\/\/www.infotetquebec.com\/es\/puertas-abiertas-para-la-integracion-una-velada-informativa-para-trabajadores-extranjeros-temporales\/\" \/>\n<meta property=\"og:site_name\" content=\"Infotetquebec\" \/>\n<meta property=\"article:publisher\" content=\"https:\/\/www.facebook.com\/profile.php?id=100089616676260\" \/>\n<meta property=\"article:published_time\" content=\"2026-04-23T14:24:03+00:00\" \/>\n<meta property=\"article:modified_time\" content=\"2026-04-29T19:28:19+00:00\" \/>\n<meta property=\"og:image\" content=\"https:\/\/www.infotetquebec.com\/wp-content\/uploads\/2026\/04\/53b897e9-5018-42d0-ad39-7c0e4c6f0767.jpg\" \/>\n\t<meta property=\"og:image:width\" content=\"2000\" \/>\n\t<meta property=\"og:image:height\" content=\"862\" \/>\n\t<meta property=\"og:image:type\" content=\"image\/jpeg\" \/>\n<meta name=\"author\" content=\"Alejandra Salas\" \/>\n<meta name=\"twitter:card\" content=\"summary_large_image\" \/>\n<meta name=\"twitter:label1\" content=\"Escrito por\" \/>\n\t<meta name=\"twitter:data1\" content=\"Alejandra Salas\" \/>\n\t<meta name=\"twitter:label2\" content=\"Tiempo de lectura\" \/>\n\t<meta name=\"twitter:data2\" content=\"3 minutos\" \/>\n<script type=\"application\/ld+json\" class=\"yoast-schema-graph\">{\"@context\":\"https:\\\/\\\/schema.org\",\"@graph\":[{\"@type\":\"Article\",\"@id\":\"https:\\\/\\\/www.infotetquebec.com\\\/es\\\/puertas-abiertas-para-la-integracion-una-velada-informativa-para-trabajadores-extranjeros-temporales\\\/#article\",\"isPartOf\":{\"@id\":\"https:\\\/\\\/www.infotetquebec.com\\\/es\\\/puertas-abiertas-para-la-integracion-una-velada-informativa-para-trabajadores-extranjeros-temporales\\\/\"},\"author\":{\"name\":\"Alejandra Salas\",\"@id\":\"https:\\\/\\\/www.infotetquebec.com\\\/es\\\/#\\\/schema\\\/person\\\/4d7d5cae14ea1c0896c0d0a1f00a3f77\"},\"headline\":\"Puertas abiertas para la integraci\u00f3n: una velada informativa para trabajadores extranjeros temporales\",\"datePublished\":\"2026-04-23T14:24:03+00:00\",\"dateModified\":\"2026-04-29T19:28:19+00:00\",\"mainEntityOfPage\":{\"@id\":\"https:\\\/\\\/www.infotetquebec.com\\\/es\\\/puertas-abiertas-para-la-integracion-una-velada-informativa-para-trabajadores-extranjeros-temporales\\\/\"},\"wordCount\":443,\"publisher\":{\"@id\":\"https:\\\/\\\/www.infotetquebec.com\\\/es\\\/#organization\"},\"image\":{\"@id\":\"https:\\\/\\\/www.infotetquebec.com\\\/es\\\/puertas-abiertas-para-la-integracion-una-velada-informativa-para-trabajadores-extranjeros-temporales\\\/#primaryimage\"},\"thumbnailUrl\":\"https:\\\/\\\/www.infotetquebec.com\\\/wp-content\\\/uploads\\\/2026\\\/04\\\/53b897e9-5018-42d0-ad39-7c0e4c6f0767.jpg\",\"articleSection\":[\"Art\u00edculos\"],\"inLanguage\":\"es\"},{\"@type\":\"WebPage\",\"@id\":\"https:\\\/\\\/www.infotetquebec.com\\\/es\\\/puertas-abiertas-para-la-integracion-una-velada-informativa-para-trabajadores-extranjeros-temporales\\\/\",\"url\":\"https:\\\/\\\/www.infotetquebec.com\\\/es\\\/puertas-abiertas-para-la-integracion-una-velada-informativa-para-trabajadores-extranjeros-temporales\\\/\",\"name\":\"Puertas abiertas para la integraci\u00f3n: una velada informativa para trabajadores extranjeros temporales - Infotetquebec\",\"isPartOf\":{\"@id\":\"https:\\\/\\\/www.infotetquebec.com\\\/es\\\/#website\"},\"primaryImageOfPage\":{\"@id\":\"https:\\\/\\\/www.infotetquebec.com\\\/es\\\/puertas-abiertas-para-la-integracion-una-velada-informativa-para-trabajadores-extranjeros-temporales\\\/#primaryimage\"},\"image\":{\"@id\":\"https:\\\/\\\/www.infotetquebec.com\\\/es\\\/puertas-abiertas-para-la-integracion-una-velada-informativa-para-trabajadores-extranjeros-temporales\\\/#primaryimage\"},\"thumbnailUrl\":\"https:\\\/\\\/www.infotetquebec.com\\\/wp-content\\\/uploads\\\/2026\\\/04\\\/53b897e9-5018-42d0-ad39-7c0e4c6f0767.jpg\",\"datePublished\":\"2026-04-23T14:24:03+00:00\",\"dateModified\":\"2026-04-29T19:28:19+00:00\",\"breadcrumb\":{\"@id\":\"https:\\\/\\\/www.infotetquebec.com\\\/es\\\/puertas-abiertas-para-la-integracion-una-velada-informativa-para-trabajadores-extranjeros-temporales\\\/#breadcrumb\"},\"inLanguage\":\"es\",\"potentialAction\":[{\"@type\":\"ReadAction\",\"target\":[\"https:\\\/\\\/www.infotetquebec.com\\\/es\\\/puertas-abiertas-para-la-integracion-una-velada-informativa-para-trabajadores-extranjeros-temporales\\\/\"]}]},{\"@type\":\"ImageObject\",\"inLanguage\":\"es\",\"@id\":\"https:\\\/\\\/www.infotetquebec.com\\\/es\\\/puertas-abiertas-para-la-integracion-una-velada-informativa-para-trabajadores-extranjeros-temporales\\\/#primaryimage\",\"url\":\"https:\\\/\\\/www.infotetquebec.com\\\/wp-content\\\/uploads\\\/2026\\\/04\\\/53b897e9-5018-42d0-ad39-7c0e4c6f0767.jpg\",\"contentUrl\":\"https:\\\/\\\/www.infotetquebec.com\\\/wp-content\\\/uploads\\\/2026\\\/04\\\/53b897e9-5018-42d0-ad39-7c0e4c6f0767.jpg\",\"width\":2000,\"height\":862},{\"@type\":\"BreadcrumbList\",\"@id\":\"https:\\\/\\\/www.infotetquebec.com\\\/es\\\/puertas-abiertas-para-la-integracion-una-velada-informativa-para-trabajadores-extranjeros-temporales\\\/#breadcrumb\",\"itemListElement\":[{\"@type\":\"ListItem\",\"position\":1,\"name\":\"Accueil\",\"item\":\"https:\\\/\\\/www.infotetquebec.com\\\/es\\\/\"},{\"@type\":\"ListItem\",\"position\":2,\"name\":\"Puertas abiertas para la integraci\u00f3n: una velada informativa para trabajadores extranjeros temporales\"}]},{\"@type\":\"WebSite\",\"@id\":\"https:\\\/\\\/www.infotetquebec.com\\\/es\\\/#website\",\"url\":\"https:\\\/\\\/www.infotetquebec.com\\\/es\\\/\",\"name\":\"Infotetquebec\",\"description\":\"Info et soutien aux TET\",\"publisher\":{\"@id\":\"https:\\\/\\\/www.infotetquebec.com\\\/es\\\/#organization\"},\"potentialAction\":[{\"@type\":\"SearchAction\",\"target\":{\"@type\":\"EntryPoint\",\"urlTemplate\":\"https:\\\/\\\/www.infotetquebec.com\\\/es\\\/?s={search_term_string}\"},\"query-input\":{\"@type\":\"PropertyValueSpecification\",\"valueRequired\":true,\"valueName\":\"search_term_string\"}}],\"inLanguage\":\"es\"},{\"@type\":\"Organization\",\"@id\":\"https:\\\/\\\/www.infotetquebec.com\\\/es\\\/#organization\",\"name\":\"InfoTETQuebec\",\"url\":\"https:\\\/\\\/www.infotetquebec.com\\\/es\\\/\",\"logo\":{\"@type\":\"ImageObject\",\"inLanguage\":\"es\",\"@id\":\"https:\\\/\\\/www.infotetquebec.com\\\/es\\\/#\\\/schema\\\/logo\\\/image\\\/\",\"url\":\"https:\\\/\\\/www.infotetquebec.com\\\/wp-content\\\/uploads\\\/2021\\\/02\\\/cropped-IMQC_TET_Favicon_Fav-Icon_Fav-Icon-1.png\",\"contentUrl\":\"https:\\\/\\\/www.infotetquebec.com\\\/wp-content\\\/uploads\\\/2021\\\/02\\\/cropped-IMQC_TET_Favicon_Fav-Icon_Fav-Icon-1.png\",\"width\":512,\"height\":512,\"caption\":\"InfoTETQuebec\"},\"image\":{\"@id\":\"https:\\\/\\\/www.infotetquebec.com\\\/es\\\/#\\\/schema\\\/logo\\\/image\\\/\"},\"sameAs\":[\"https:\\\/\\\/www.facebook.com\\\/profile.php?id=100089616676260\"]},{\"@type\":\"Person\",\"@id\":\"https:\\\/\\\/www.infotetquebec.com\\\/es\\\/#\\\/schema\\\/person\\\/4d7d5cae14ea1c0896c0d0a1f00a3f77\",\"name\":\"Alejandra Salas\",\"image\":{\"@type\":\"ImageObject\",\"inLanguage\":\"es\",\"@id\":\"https:\\\/\\\/secure.gravatar.com\\\/avatar\\\/f4349ead7189b7991510bb355af676e7cf0f0627b750dbc8bcd4a69e99cd1341?s=96&d=mm&r=g\",\"url\":\"https:\\\/\\\/secure.gravatar.com\\\/avatar\\\/f4349ead7189b7991510bb355af676e7cf0f0627b750dbc8bcd4a69e99cd1341?s=96&d=mm&r=g\",\"contentUrl\":\"https:\\\/\\\/secure.gravatar.com\\\/avatar\\\/f4349ead7189b7991510bb355af676e7cf0f0627b750dbc8bcd4a69e99cd1341?s=96&d=mm&r=g\",\"caption\":\"Alejandra Salas\"},\"url\":\"https:\\\/\\\/www.infotetquebec.com\\\/es\\\/author\\\/alejandra-salas\\\/\"}]}<\/script>\n<!-- \/ Yoast SEO plugin. -->","yoast_head_json":{"title":"Puertas abiertas para la integraci\u00f3n: una velada informativa para trabajadores extranjeros temporales - Infotetquebec","robots":{"index":"index","follow":"follow","max-snippet":"max-snippet:-1","max-image-preview":"max-image-preview:large","max-video-preview":"max-video-preview:-1"},"canonical":"https:\/\/www.infotetquebec.com\/es\/puertas-abiertas-para-la-integracion-una-velada-informativa-para-trabajadores-extranjeros-temporales\/","og_locale":"es_ES","og_type":"article","og_title":"Puertas abiertas para la integraci\u00f3n: una velada informativa para trabajadores extranjeros temporales - Infotetquebec","og_description":"El pasado 16 de abril, se llev\u00f3 a cabo la Soir\u00e9e portes ouvertes de Drummond \u00c9conomique para los TET, un evento organizado en Drummondville con el objetivo de acercar a... Leer m\u00e1s","og_url":"https:\/\/www.infotetquebec.com\/es\/puertas-abiertas-para-la-integracion-una-velada-informativa-para-trabajadores-extranjeros-temporales\/","og_site_name":"Infotetquebec","article_publisher":"https:\/\/www.facebook.com\/profile.php?id=100089616676260","article_published_time":"2026-04-23T14:24:03+00:00","article_modified_time":"2026-04-29T19:28:19+00:00","og_image":[{"width":2000,"height":862,"url":"https:\/\/www.infotetquebec.com\/wp-content\/uploads\/2026\/04\/53b897e9-5018-42d0-ad39-7c0e4c6f0767.jpg","type":"image\/jpeg"}],"author":"Alejandra Salas","twitter_card":"summary_large_image","twitter_misc":{"Escrito por":"Alejandra Salas","Tiempo de lectura":"3 minutos"},"schema":{"@context":"https:\/\/schema.org","@graph":[{"@type":"Article","@id":"https:\/\/www.infotetquebec.com\/es\/puertas-abiertas-para-la-integracion-una-velada-informativa-para-trabajadores-extranjeros-temporales\/#article","isPartOf":{"@id":"https:\/\/www.infotetquebec.com\/es\/puertas-abiertas-para-la-integracion-una-velada-informativa-para-trabajadores-extranjeros-temporales\/"},"author":{"name":"Alejandra Salas","@id":"https:\/\/www.infotetquebec.com\/es\/#\/schema\/person\/4d7d5cae14ea1c0896c0d0a1f00a3f77"},"headline":"Puertas abiertas para la integraci\u00f3n: una velada informativa para trabajadores extranjeros temporales","datePublished":"2026-04-23T14:24:03+00:00","dateModified":"2026-04-29T19:28:19+00:00","mainEntityOfPage":{"@id":"https:\/\/www.infotetquebec.com\/es\/puertas-abiertas-para-la-integracion-una-velada-informativa-para-trabajadores-extranjeros-temporales\/"},"wordCount":443,"publisher":{"@id":"https:\/\/www.infotetquebec.com\/es\/#organization"},"image":{"@id":"https:\/\/www.infotetquebec.com\/es\/puertas-abiertas-para-la-integracion-una-velada-informativa-para-trabajadores-extranjeros-temporales\/#primaryimage"},"thumbnailUrl":"https:\/\/www.infotetquebec.com\/wp-content\/uploads\/2026\/04\/53b897e9-5018-42d0-ad39-7c0e4c6f0767.jpg","articleSection":["Art\u00edculos"],"inLanguage":"es"},{"@type":"WebPage","@id":"https:\/\/www.infotetquebec.com\/es\/puertas-abiertas-para-la-integracion-una-velada-informativa-para-trabajadores-extranjeros-temporales\/","url":"https:\/\/www.infotetquebec.com\/es\/puertas-abiertas-para-la-integracion-una-velada-informativa-para-trabajadores-extranjeros-temporales\/","name":"Puertas abiertas para la integraci\u00f3n: una velada informativa para trabajadores extranjeros temporales - Infotetquebec","isPartOf":{"@id":"https:\/\/www.infotetquebec.com\/es\/#website"},"primaryImageOfPage":{"@id":"https:\/\/www.infotetquebec.com\/es\/puertas-abiertas-para-la-integracion-una-velada-informativa-para-trabajadores-extranjeros-temporales\/#primaryimage"},"image":{"@id":"https:\/\/www.infotetquebec.com\/es\/puertas-abiertas-para-la-integracion-una-velada-informativa-para-trabajadores-extranjeros-temporales\/#primaryimage"},"thumbnailUrl":"https:\/\/www.infotetquebec.com\/wp-content\/uploads\/2026\/04\/53b897e9-5018-42d0-ad39-7c0e4c6f0767.jpg","datePublished":"2026-04-23T14:24:03+00:00","dateModified":"2026-04-29T19:28:19+00:00","breadcrumb":{"@id":"https:\/\/www.infotetquebec.com\/es\/puertas-abiertas-para-la-integracion-una-velada-informativa-para-trabajadores-extranjeros-temporales\/#breadcrumb"},"inLanguage":"es","potentialAction":[{"@type":"ReadAction","target":["https:\/\/www.infotetquebec.com\/es\/puertas-abiertas-para-la-integracion-una-velada-informativa-para-trabajadores-extranjeros-temporales\/"]}]},{"@type":"ImageObject","inLanguage":"es","@id":"https:\/\/www.infotetquebec.com\/es\/puertas-abiertas-para-la-integracion-una-velada-informativa-para-trabajadores-extranjeros-temporales\/#primaryimage","url":"https:\/\/www.infotetquebec.com\/wp-content\/uploads\/2026\/04\/53b897e9-5018-42d0-ad39-7c0e4c6f0767.jpg","contentUrl":"https:\/\/www.infotetquebec.com\/wp-content\/uploads\/2026\/04\/53b897e9-5018-42d0-ad39-7c0e4c6f0767.jpg","width":2000,"height":862},{"@type":"BreadcrumbList","@id":"https:\/\/www.infotetquebec.com\/es\/puertas-abiertas-para-la-integracion-una-velada-informativa-para-trabajadores-extranjeros-temporales\/#breadcrumb","itemListElement":[{"@type":"ListItem","position":1,"name":"Accueil","item":"https:\/\/www.infotetquebec.com\/es\/"},{"@type":"ListItem","position":2,"name":"Puertas abiertas para la integraci\u00f3n: una velada informativa para trabajadores extranjeros temporales"}]},{"@type":"WebSite","@id":"https:\/\/www.infotetquebec.com\/es\/#website","url":"https:\/\/www.infotetquebec.com\/es\/","name":"Infotetquebec","description":"Info et soutien aux TET","publisher":{"@id":"https:\/\/www.infotetquebec.com\/es\/#organization"},"potentialAction":[{"@type":"SearchAction","target":{"@type":"EntryPoint","urlTemplate":"https:\/\/www.infotetquebec.com\/es\/?s={search_term_string}"},"query-input":{"@type":"PropertyValueSpecification","valueRequired":true,"valueName":"search_term_string"}}],"inLanguage":"es"},{"@type":"Organization","@id":"https:\/\/www.infotetquebec.com\/es\/#organization","name":"InfoTETQuebec","url":"https:\/\/www.infotetquebec.com\/es\/","logo":{"@type":"ImageObject","inLanguage":"es","@id":"https:\/\/www.infotetquebec.com\/es\/#\/schema\/logo\/image\/","url":"https:\/\/www.infotetquebec.com\/wp-content\/uploads\/2021\/02\/cropped-IMQC_TET_Favicon_Fav-Icon_Fav-Icon-1.png","contentUrl":"https:\/\/www.infotetquebec.com\/wp-content\/uploads\/2021\/02\/cropped-IMQC_TET_Favicon_Fav-Icon_Fav-Icon-1.png","width":512,"height":512,"caption":"InfoTETQuebec"},"image":{"@id":"https:\/\/www.infotetquebec.com\/es\/#\/schema\/logo\/image\/"},"sameAs":["https:\/\/www.facebook.com\/profile.php?id=100089616676260"]},{"@type":"Person","@id":"https:\/\/www.infotetquebec.com\/es\/#\/schema\/person\/4d7d5cae14ea1c0896c0d0a1f00a3f77","name":"Alejandra Salas","image":{"@type":"ImageObject","inLanguage":"es","@id":"https:\/\/secure.gravatar.com\/avatar\/f4349ead7189b7991510bb355af676e7cf0f0627b750dbc8bcd4a69e99cd1341?s=96&d=mm&r=g","url":"https:\/\/secure.gravatar.com\/avatar\/f4349ead7189b7991510bb355af676e7cf0f0627b750dbc8bcd4a69e99cd1341?s=96&d=mm&r=g","contentUrl":"https:\/\/secure.gravatar.com\/avatar\/f4349ead7189b7991510bb355af676e7cf0f0627b750dbc8bcd4a69e99cd1341?s=96&d=mm&r=g","caption":"Alejandra Salas"},"url":"https:\/\/www.infotetquebec.com\/es\/author\/alejandra-salas\/"}]}},"rttpg_featured_image_url":{"full":["https:\/\/www.infotetquebec.com\/wp-content\/uploads\/2026\/04\/53b897e9-5018-42d0-ad39-7c0e4c6f0767.jpg",2000,862,false],"landscape":["https:\/\/www.infotetquebec.com\/wp-content\/uploads\/2026\/04\/53b897e9-5018-42d0-ad39-7c0e4c6f0767.jpg",2000,862,false],"portraits":["https:\/\/www.infotetquebec.com\/wp-content\/uploads\/2026\/04\/53b897e9-5018-42d0-ad39-7c0e4c6f0767.jpg",2000,862,false],"thumbnail":["https:\/\/www.infotetquebec.com\/wp-content\/uploads\/2026\/04\/53b897e9-5018-42d0-ad39-7c0e4c6f0767-300x150.jpg",300,150,true],"medium":["https:\/\/www.infotetquebec.com\/wp-content\/uploads\/2026\/04\/53b897e9-5018-42d0-ad39-7c0e4c6f0767-300x129.jpg",300,129,true],"large":["https:\/\/www.infotetquebec.com\/wp-content\/uploads\/2026\/04\/53b897e9-5018-42d0-ad39-7c0e4c6f0767-1024x441.jpg",1024,441,true],"1536x1536":["https:\/\/www.infotetquebec.com\/wp-content\/uploads\/2026\/04\/53b897e9-5018-42d0-ad39-7c0e4c6f0767-1536x662.jpg",1536,662,true],"2048x2048":["https:\/\/www.infotetquebec.com\/wp-content\/uploads\/2026\/04\/53b897e9-5018-42d0-ad39-7c0e4c6f0767.jpg",2000,862,false],"sidebar-featured":["https:\/\/www.infotetquebec.com\/wp-content\/uploads\/2026\/04\/53b897e9-5018-42d0-ad39-7c0e4c6f0767-75x75.jpg",75,75,true],"genesis-singular-images":["https:\/\/www.infotetquebec.com\/wp-content\/uploads\/2026\/04\/53b897e9-5018-42d0-ad39-7c0e4c6f0767-702x526.jpg",702,526,true]},"rttpg_author":{"display_name":"Alejandra Salas","author_link":"https:\/\/www.infotetquebec.com\/es\/author\/alejandra-salas\/"},"rttpg_comment":0,"rttpg_category":"<a href=\"https:\/\/www.infotetquebec.com\/es\/noticias\/\" rel=\"category tag\">Art\u00edculos<\/a>","rttpg_excerpt":"El pasado 16 de abril, se llev\u00f3 a cabo la Soir\u00e9e portes ouvertes de Drummond \u00c9conomique para los TET, un evento organizado en Drummondville con el objetivo de acercar a... Leer m\u00e1s","_links":{"self":[{"href":"https:\/\/www.infotetquebec.com\/es\/wp-json\/wp\/v2\/posts\/28495","targetHints":{"allow":["GET"]}}],"collection":[{"href":"https:\/\/www.infotetquebec.com\/es\/wp-json\/wp\/v2\/posts"}],"about":[{"href":"https:\/\/www.infotetquebec.com\/es\/wp-json\/wp\/v2\/types\/post"}],"author":[{"embeddable":true,"href":"https:\/\/www.infotetquebec.com\/es\/wp-json\/wp\/v2\/users\/24"}],"replies":[{"embeddable":true,"href":"https:\/\/www.infotetquebec.com\/es\/wp-json\/wp\/v2\/comments?post=28495"}],"version-history":[{"count":5,"href":"https:\/\/www.infotetquebec.com\/es\/wp-json\/wp\/v2\/posts\/28495\/revisions"}],"predecessor-version":[{"id":28540,"href":"https:\/\/www.infotetquebec.com\/es\/wp-json\/wp\/v2\/posts\/28495\/revisions\/28540"}],"wp:featuredmedia":[{"embeddable":true,"href":"https:\/\/www.infotetquebec.com\/es\/wp-json\/wp\/v2\/media\/28537"}],"wp:attachment":[{"href":"https:\/\/www.infotetquebec.com\/es\/wp-json\/wp\/v2\/media?parent=28495"}],"wp:term":[{"taxonomy":"category","embeddable":true,"href":"https:\/\/www.infotetquebec.com\/es\/wp-json\/wp\/v2\/categories?post=28495"},{"taxonomy":"post_tag","embeddable":true,"href":"https:\/\/www.infotetquebec.com\/es\/wp-json\/wp\/v2\/tags?post=28495"}],"curies":[{"name":"wp","href":"https:\/\/api.w.org\/{rel}","templated":true}]}}