{"id":28457,"date":"2026-04-22T09:07:25","date_gmt":"2026-04-22T13:07:25","guid":{"rendered":"https:\/\/www.infotetquebec.com\/tradicion-y-encuentro-una-experiencia-cabane-a-sucre-para-trabajadores-extranjeros-temporales\/"},"modified":"2026-04-29T09:12:39","modified_gmt":"2026-04-29T13:12:39","slug":"tradicion-y-encuentro-una-experiencia-cabane-a-sucre-para-trabajadores-extranjeros-temporales","status":"publish","type":"post","link":"https:\/\/www.infotetquebec.com\/es\/tradicion-y-encuentro-una-experiencia-cabane-a-sucre-para-trabajadores-extranjeros-temporales\/","title":{"rendered":"Tradici\u00f3n y encuentro: una experiencia cabane \u00e0 sucre para trabajadores extranjeros temporales"},"content":{"rendered":"\t\t<div data-elementor-type=\"wp-post\" data-elementor-id=\"28457\" class=\"elementor elementor-28457 elementor-28436\" data-elementor-post-type=\"post\">\n\t\t\t\t\t\t<section class=\"elementor-section elementor-top-section elementor-element elementor-element-d168431 elementor-section-boxed elementor-section-height-default elementor-section-height-default\" data-id=\"d168431\" data-element_type=\"section\" data-e-type=\"section\">\n\t\t\t\t\t\t<div class=\"elementor-container elementor-column-gap-default\">\n\t\t\t\t\t<div class=\"elementor-column elementor-col-100 elementor-top-column elementor-element elementor-element-29bfb24\" data-id=\"29bfb24\" data-element_type=\"column\" data-e-type=\"column\">\n\t\t\t<div class=\"elementor-widget-wrap elementor-element-populated\">\n\t\t\t\t\t\t<div class=\"elementor-element elementor-element-29bd6bc elementor-widget elementor-widget-text-editor\" data-id=\"29bd6bc\" data-element_type=\"widget\" data-e-type=\"widget\" data-widget_type=\"text-editor.default\">\n\t\t\t\t<div class=\"elementor-widget-container\">\n\t\t\t\t\t\t\t\t\t<p><span style=\"font-weight: 400;\">El pasado 22 de marzo de 2026, se llev\u00f3 a cabo una actividad cultural en una cabane \u00e0 sucre en Mont-Saint-Gr\u00e9goire, organizada por el organismo <\/span><a href=\"https:\/\/lancre.ca\/\"><b>L\u2019ANCRE<\/b><\/a><span style=\"font-weight: 400;\">. La jornada tuvo lugar en la \u00c9rabli\u00e8re au Palais Sucr\u00e9, ofreciendo a los participantes una experiencia aut\u00e9ntica en torno a una de las tradiciones m\u00e1s representativas de Qu\u00e9bec.<\/span><\/p>\n\t\t\t\t\t\t\t\t<\/div>\n\t\t\t\t<\/div>\n\t\t\t\t<section class=\"elementor-section elementor-inner-section elementor-element elementor-element-184de26 elementor-section-boxed elementor-section-height-default elementor-section-height-default\" data-id=\"184de26\" data-element_type=\"section\" data-e-type=\"section\">\n\t\t\t\t\t\t<div class=\"elementor-container elementor-column-gap-default\">\n\t\t\t\t\t<div class=\"elementor-column elementor-col-50 elementor-inner-column elementor-element elementor-element-2016142\" data-id=\"2016142\" data-element_type=\"column\" data-e-type=\"column\">\n\t\t\t<div class=\"elementor-widget-wrap elementor-element-populated\">\n\t\t\t\t\t\t<div class=\"elementor-element elementor-element-a54b13b elementor-widget elementor-widget-image\" data-id=\"a54b13b\" data-element_type=\"widget\" data-e-type=\"widget\" data-widget_type=\"image.default\">\n\t\t\t\t<div class=\"elementor-widget-container\">\n\t\t\t\t\t\t\t\t\t\t\t\t\t\t\t<img fetchpriority=\"high\" decoding=\"async\" width=\"702\" height=\"526\" src=\"https:\/\/www.infotetquebec.com\/wp-content\/uploads\/2026\/04\/6.-Mont-Saint-Gregoire-QC_Cabane-a-sucre-pour-les-TET.--702x526.jpeg\" class=\"attachment-genesis-singular-images size-genesis-singular-images wp-image-28446\" alt=\"\" \/>\t\t\t\t\t\t\t\t\t\t\t\t\t\t\t<\/div>\n\t\t\t\t<\/div>\n\t\t\t\t\t<\/div>\n\t\t<\/div>\n\t\t\t\t<div class=\"elementor-column elementor-col-50 elementor-inner-column elementor-element elementor-element-b94a237\" data-id=\"b94a237\" data-element_type=\"column\" data-e-type=\"column\">\n\t\t\t<div class=\"elementor-widget-wrap elementor-element-populated\">\n\t\t\t\t\t\t<div class=\"elementor-element elementor-element-e82ce25 elementor-widget elementor-widget-text-editor\" data-id=\"e82ce25\" data-element_type=\"widget\" data-e-type=\"widget\" data-widget_type=\"text-editor.default\">\n\t\t\t\t<div class=\"elementor-widget-container\">\n\t\t\t\t\t\t\t\t\t<p><span style=\"font-weight: 400;\">Trabajadores extranjeros temporales (TET), originarios de Honduras, Colombia y Guatemala, participaron en esta actividad, que se desarroll\u00f3 en un ambiente c\u00e1lido, acogedor y de intercambio cultural. Para muchos de ellos, fue una oportunidad \u00fanica de acercarse a las costumbres locales y vivir de primera mano el \u201ctiempo de los az\u00facares\u201d. Durante la jornada, los participantes pudieron disfrutar de un men\u00fa tradicional quebequense, as\u00ed como de actividades al aire libre que favorecieron la convivencia y el fortalecimiento de v\u00ednculos entre los asistentes. Este tipo de experiencias no solo permite descubrir la cultura local, sino tambi\u00e9n crear espacios de conexi\u00f3n y bienestar lejos del entorno laboral.<\/span><\/p>\n\t\t\t\t\t\t\t\t<\/div>\n\t\t\t\t<\/div>\n\t\t\t\t\t<\/div>\n\t\t<\/div>\n\t\t\t\t\t<\/div>\n\t\t<\/section>\n\t\t\t\t<div class=\"elementor-element elementor-element-50026ba elementor-widget elementor-widget-text-editor\" data-id=\"50026ba\" data-element_type=\"widget\" data-e-type=\"widget\" data-widget_type=\"text-editor.default\">\n\t\t\t\t<div class=\"elementor-widget-container\">\n\t\t\t\t\t\t\t\t\t<p><span style=\"font-weight: 400;\">En el marco de esta actividad, Jonathan Buitrago, coordinador regional de <\/span><a href=\"https:\/\/www.infotetquebec.com\/es\/\"><b>InfoTET<\/b><\/a><span style=\"font-weight: 400;\"> de <\/span><a href=\"https:\/\/immigrantquebec.com\/fr\/\"><b>Immigrant Qu\u00e9bec<\/b><\/a><span style=\"font-weight: 400;\">, present\u00f3 el programa <\/span><a href=\"https:\/\/www.infotetquebec.com\/es\/\"><b>InfoTET<\/b><\/a><span style=\"font-weight: 400;\"> Qu\u00e9bec y realiz\u00f3 la entrega de la gu\u00eda informativa dirigida a los TET. Este recurso ofrece herramientas pr\u00e1cticas sobre los derechos y obligaciones de los trabajadores temporales, adem\u00e1s de informaci\u00f3n clave sobre los servicios y recursos disponibles en la provincia. El intercambio con los participantes fue especialmente enriquecedor, permitiendo responder a sus inquietudes, identificar necesidades y reforzar la misi\u00f3n de <\/span><a href=\"https:\/\/www.infotetquebec.com\/es\/\"><b>InfoTET<\/b><\/a><span style=\"font-weight: 400;\">: brindar informaci\u00f3n clara, accesible y \u00fatil para acompa\u00f1ar a los trabajadores extranjeros temporales durante toda su estancia en Qu\u00e9bec.<\/span><\/p>\n<p><span style=\"font-weight: 400;\">Desde <\/span><a href=\"https:\/\/www.infotetquebec.com\/es\/\"><b>InfoTET<\/b><\/a><span style=\"font-weight: 400;\"> de <\/span><a href=\"https:\/\/immigrantquebec.com\/fr\/\"><b>Immigrant Qu\u00e9bec<\/b><\/a><span style=\"font-weight: 400;\">, destacamos el valor de este tipo de iniciativas que promueven la integraci\u00f3n social, el bienestar y el acceso a informaci\u00f3n esencial para los TET. Actividades como esta contribuyen a generar espacios humanos de encuentro, aprendizaje y acompa\u00f1amiento, fundamentales en la experiencia migratoria.<\/span><\/p>\n\t\t\t\t\t\t\t\t<\/div>\n\t\t\t\t<\/div>\n\t\t\t\t<section class=\"elementor-section elementor-inner-section elementor-element elementor-element-2747342 elementor-section-boxed elementor-section-height-default elementor-section-height-default\" data-id=\"2747342\" data-element_type=\"section\" data-e-type=\"section\">\n\t\t\t\t\t\t<div class=\"elementor-container elementor-column-gap-default\">\n\t\t\t\t\t<div class=\"elementor-column elementor-col-50 elementor-inner-column elementor-element elementor-element-c8c09bd\" data-id=\"c8c09bd\" data-element_type=\"column\" data-e-type=\"column\">\n\t\t\t<div class=\"elementor-widget-wrap elementor-element-populated\">\n\t\t\t\t\t\t<div class=\"elementor-element elementor-element-dfac326 elementor-widget elementor-widget-image\" data-id=\"dfac326\" data-element_type=\"widget\" data-e-type=\"widget\" data-widget_type=\"image.default\">\n\t\t\t\t<div class=\"elementor-widget-container\">\n\t\t\t\t\t\t\t\t\t\t\t\t\t\t\t<img decoding=\"async\" width=\"702\" height=\"526\" src=\"https:\/\/www.infotetquebec.com\/wp-content\/uploads\/2026\/04\/4.Mont-Saint-Gregoire-QC_Cabane-a-sucre-pour-les-TET.--702x526.jpeg\" class=\"attachment-genesis-singular-images size-genesis-singular-images wp-image-28449\" alt=\"\" srcset=\"https:\/\/www.infotetquebec.com\/wp-content\/uploads\/2026\/04\/4.Mont-Saint-Gregoire-QC_Cabane-a-sucre-pour-les-TET.--702x526.jpeg 702w, https:\/\/www.infotetquebec.com\/wp-content\/uploads\/2026\/04\/4.Mont-Saint-Gregoire-QC_Cabane-a-sucre-pour-les-TET.--300x225.jpeg 300w, https:\/\/www.infotetquebec.com\/wp-content\/uploads\/2026\/04\/4.Mont-Saint-Gregoire-QC_Cabane-a-sucre-pour-les-TET.--1024x768.jpeg 1024w, https:\/\/www.infotetquebec.com\/wp-content\/uploads\/2026\/04\/4.Mont-Saint-Gregoire-QC_Cabane-a-sucre-pour-les-TET.--768x576.jpeg 768w, https:\/\/www.infotetquebec.com\/wp-content\/uploads\/2026\/04\/4.Mont-Saint-Gregoire-QC_Cabane-a-sucre-pour-les-TET.-.jpeg 1280w\" sizes=\"(max-width: 702px) 100vw, 702px\" \/>\t\t\t\t\t\t\t\t\t\t\t\t\t\t\t<\/div>\n\t\t\t\t<\/div>\n\t\t\t\t\t<\/div>\n\t\t<\/div>\n\t\t\t\t<div class=\"elementor-column elementor-col-50 elementor-inner-column elementor-element elementor-element-ed3865e\" data-id=\"ed3865e\" data-element_type=\"column\" data-e-type=\"column\">\n\t\t\t<div class=\"elementor-widget-wrap elementor-element-populated\">\n\t\t\t\t\t\t<div class=\"elementor-element elementor-element-3184e83 elementor-widget elementor-widget-image\" data-id=\"3184e83\" data-element_type=\"widget\" data-e-type=\"widget\" data-widget_type=\"image.default\">\n\t\t\t\t<div class=\"elementor-widget-container\">\n\t\t\t\t\t\t\t\t\t\t\t\t\t\t\t<img decoding=\"async\" width=\"702\" height=\"526\" src=\"https:\/\/www.infotetquebec.com\/wp-content\/uploads\/2026\/04\/3.-Mont-Saint-Gregoire-QC_Cabane-a-sucre-pour-les-TET.--702x526.jpeg\" class=\"attachment-genesis-singular-images size-genesis-singular-images wp-image-28452\" alt=\"\" \/>\t\t\t\t\t\t\t\t\t\t\t\t\t\t\t<\/div>\n\t\t\t\t<\/div>\n\t\t\t\t\t<\/div>\n\t\t<\/div>\n\t\t\t\t\t<\/div>\n\t\t<\/section>\n\t\t\t\t<div class=\"elementor-element elementor-element-f258df2 elementor-widget elementor-widget-text-editor\" data-id=\"f258df2\" data-element_type=\"widget\" data-e-type=\"widget\" data-widget_type=\"text-editor.default\">\n\t\t\t\t<div class=\"elementor-widget-container\">\n\t\t\t\t\t\t\t\t\t<p><span style=\"font-weight: 400;\">Agradecemos especialmente al organismo <\/span><a href=\"https:\/\/lancre.ca\/\"><b>L\u2019ANCRE<\/b><\/a><span style=\"font-weight: 400;\"> por la organizaci\u00f3n de esta actividad, as\u00ed como a <\/span><b>Karla Duenas<\/b><span style=\"font-weight: 400;\"> por su compromiso, dedicaci\u00f3n y trabajo en la coordinaci\u00f3n del evento. Su esfuerzo y cercan\u00eda hacen posible que los trabajadores extranjeros temporales vivan experiencias significativas que fortalecen su integraci\u00f3n y calidad de vida en Qu\u00e9bec.<\/span><\/p>\n\t\t\t\t\t\t\t\t<\/div>\n\t\t\t\t<\/div>\n\t\t\t\t\t<\/div>\n\t\t<\/div>\n\t\t\t\t\t<\/div>\n\t\t<\/section>\n\t\t\t\t<\/div>\n\t\t","protected":false},"excerpt":{"rendered":"<p>El pasado 22 de marzo de 2026, se llev\u00f3 a cabo una actividad cultural en una cabane \u00e0 sucre en Mont-Saint-Gr\u00e9goire, organizada por el organismo L\u2019ANCRE. La jornada tuvo lugar&#8230; <a class=\"more-link\" href=\"https:\/\/www.infotetquebec.com\/es\/tradicion-y-encuentro-una-experiencia-cabane-a-sucre-para-trabajadores-extranjeros-temporales\/\">Leer m\u00e1s<\/a><\/p>\n","protected":false},"author":24,"featured_media":28443,"comment_status":"closed","ping_status":"open","sticky":false,"template":"","format":"standard","meta":{"_genesis_hide_title":false,"_genesis_hide_breadcrumbs":false,"_genesis_hide_singular_image":false,"_genesis_hide_footer_widgets":false,"_genesis_custom_body_class":"","_genesis_custom_post_class":"","_genesis_layout":"","footnotes":""},"categories":[54],"tags":[],"class_list":["post-28457","post","type-post","status-publish","format-standard","has-post-thumbnail","category-noticias","entry"],"yoast_head":"<!-- This site is optimized with the Yoast SEO plugin v27.5 - https:\/\/yoast.com\/product\/yoast-seo-wordpress\/ -->\n<title>Tradici\u00f3n y encuentro: una experiencia cabane \u00e0 sucre para trabajadores extranjeros temporales - Infotetquebec<\/title>\n<meta name=\"robots\" content=\"index, follow, max-snippet:-1, max-image-preview:large, max-video-preview:-1\" \/>\n<link rel=\"canonical\" href=\"https:\/\/www.infotetquebec.com\/es\/tradicion-y-encuentro-una-experiencia-cabane-a-sucre-para-trabajadores-extranjeros-temporales\/\" \/>\n<meta property=\"og:locale\" content=\"es_ES\" \/>\n<meta property=\"og:type\" content=\"article\" \/>\n<meta property=\"og:title\" content=\"Tradici\u00f3n y encuentro: una experiencia cabane \u00e0 sucre para trabajadores extranjeros temporales - Infotetquebec\" \/>\n<meta property=\"og:description\" content=\"El pasado 22 de marzo de 2026, se llev\u00f3 a cabo una actividad cultural en una cabane \u00e0 sucre en Mont-Saint-Gr\u00e9goire, organizada por el organismo L\u2019ANCRE. La jornada tuvo lugar... Leer m\u00e1s\" \/>\n<meta property=\"og:url\" content=\"https:\/\/www.infotetquebec.com\/es\/tradicion-y-encuentro-una-experiencia-cabane-a-sucre-para-trabajadores-extranjeros-temporales\/\" \/>\n<meta property=\"og:site_name\" content=\"Infotetquebec\" \/>\n<meta property=\"article:publisher\" content=\"https:\/\/www.facebook.com\/profile.php?id=100089616676260\" \/>\n<meta property=\"article:published_time\" content=\"2026-04-22T13:07:25+00:00\" \/>\n<meta property=\"article:modified_time\" content=\"2026-04-29T13:12:39+00:00\" \/>\n<meta property=\"og:image\" content=\"https:\/\/www.infotetquebec.com\/wp-content\/uploads\/2026\/04\/120a497d-2e54-4a2b-a2bd-bfb7f0295c97.jpg\" \/>\n\t<meta property=\"og:image:width\" content=\"1600\" \/>\n\t<meta property=\"og:image:height\" content=\"744\" \/>\n\t<meta property=\"og:image:type\" content=\"image\/jpeg\" \/>\n<meta name=\"author\" content=\"Alejandra Salas\" \/>\n<meta name=\"twitter:card\" content=\"summary_large_image\" \/>\n<meta name=\"twitter:label1\" content=\"Escrito por\" \/>\n\t<meta name=\"twitter:data1\" content=\"Alejandra Salas\" \/>\n\t<meta name=\"twitter:label2\" content=\"Tiempo de lectura\" \/>\n\t<meta name=\"twitter:data2\" content=\"3 minutos\" \/>\n<script type=\"application\/ld+json\" class=\"yoast-schema-graph\">{\"@context\":\"https:\\\/\\\/schema.org\",\"@graph\":[{\"@type\":\"Article\",\"@id\":\"https:\\\/\\\/www.infotetquebec.com\\\/es\\\/tradicion-y-encuentro-una-experiencia-cabane-a-sucre-para-trabajadores-extranjeros-temporales\\\/#article\",\"isPartOf\":{\"@id\":\"https:\\\/\\\/www.infotetquebec.com\\\/es\\\/tradicion-y-encuentro-una-experiencia-cabane-a-sucre-para-trabajadores-extranjeros-temporales\\\/\"},\"author\":{\"name\":\"Alejandra Salas\",\"@id\":\"https:\\\/\\\/www.infotetquebec.com\\\/es\\\/#\\\/schema\\\/person\\\/4d7d5cae14ea1c0896c0d0a1f00a3f77\"},\"headline\":\"Tradici\u00f3n y encuentro: una experiencia cabane \u00e0 sucre para trabajadores extranjeros temporales\",\"datePublished\":\"2026-04-22T13:07:25+00:00\",\"dateModified\":\"2026-04-29T13:12:39+00:00\",\"mainEntityOfPage\":{\"@id\":\"https:\\\/\\\/www.infotetquebec.com\\\/es\\\/tradicion-y-encuentro-una-experiencia-cabane-a-sucre-para-trabajadores-extranjeros-temporales\\\/\"},\"wordCount\":396,\"publisher\":{\"@id\":\"https:\\\/\\\/www.infotetquebec.com\\\/es\\\/#organization\"},\"image\":{\"@id\":\"https:\\\/\\\/www.infotetquebec.com\\\/es\\\/tradicion-y-encuentro-una-experiencia-cabane-a-sucre-para-trabajadores-extranjeros-temporales\\\/#primaryimage\"},\"thumbnailUrl\":\"https:\\\/\\\/www.infotetquebec.com\\\/wp-content\\\/uploads\\\/2026\\\/04\\\/120a497d-2e54-4a2b-a2bd-bfb7f0295c97.jpg\",\"articleSection\":[\"Art\u00edculos\"],\"inLanguage\":\"es\"},{\"@type\":\"WebPage\",\"@id\":\"https:\\\/\\\/www.infotetquebec.com\\\/es\\\/tradicion-y-encuentro-una-experiencia-cabane-a-sucre-para-trabajadores-extranjeros-temporales\\\/\",\"url\":\"https:\\\/\\\/www.infotetquebec.com\\\/es\\\/tradicion-y-encuentro-una-experiencia-cabane-a-sucre-para-trabajadores-extranjeros-temporales\\\/\",\"name\":\"Tradici\u00f3n y encuentro: una experiencia cabane \u00e0 sucre para trabajadores extranjeros temporales - Infotetquebec\",\"isPartOf\":{\"@id\":\"https:\\\/\\\/www.infotetquebec.com\\\/es\\\/#website\"},\"primaryImageOfPage\":{\"@id\":\"https:\\\/\\\/www.infotetquebec.com\\\/es\\\/tradicion-y-encuentro-una-experiencia-cabane-a-sucre-para-trabajadores-extranjeros-temporales\\\/#primaryimage\"},\"image\":{\"@id\":\"https:\\\/\\\/www.infotetquebec.com\\\/es\\\/tradicion-y-encuentro-una-experiencia-cabane-a-sucre-para-trabajadores-extranjeros-temporales\\\/#primaryimage\"},\"thumbnailUrl\":\"https:\\\/\\\/www.infotetquebec.com\\\/wp-content\\\/uploads\\\/2026\\\/04\\\/120a497d-2e54-4a2b-a2bd-bfb7f0295c97.jpg\",\"datePublished\":\"2026-04-22T13:07:25+00:00\",\"dateModified\":\"2026-04-29T13:12:39+00:00\",\"breadcrumb\":{\"@id\":\"https:\\\/\\\/www.infotetquebec.com\\\/es\\\/tradicion-y-encuentro-una-experiencia-cabane-a-sucre-para-trabajadores-extranjeros-temporales\\\/#breadcrumb\"},\"inLanguage\":\"es\",\"potentialAction\":[{\"@type\":\"ReadAction\",\"target\":[\"https:\\\/\\\/www.infotetquebec.com\\\/es\\\/tradicion-y-encuentro-una-experiencia-cabane-a-sucre-para-trabajadores-extranjeros-temporales\\\/\"]}]},{\"@type\":\"ImageObject\",\"inLanguage\":\"es\",\"@id\":\"https:\\\/\\\/www.infotetquebec.com\\\/es\\\/tradicion-y-encuentro-una-experiencia-cabane-a-sucre-para-trabajadores-extranjeros-temporales\\\/#primaryimage\",\"url\":\"https:\\\/\\\/www.infotetquebec.com\\\/wp-content\\\/uploads\\\/2026\\\/04\\\/120a497d-2e54-4a2b-a2bd-bfb7f0295c97.jpg\",\"contentUrl\":\"https:\\\/\\\/www.infotetquebec.com\\\/wp-content\\\/uploads\\\/2026\\\/04\\\/120a497d-2e54-4a2b-a2bd-bfb7f0295c97.jpg\",\"width\":1600,\"height\":744},{\"@type\":\"BreadcrumbList\",\"@id\":\"https:\\\/\\\/www.infotetquebec.com\\\/es\\\/tradicion-y-encuentro-una-experiencia-cabane-a-sucre-para-trabajadores-extranjeros-temporales\\\/#breadcrumb\",\"itemListElement\":[{\"@type\":\"ListItem\",\"position\":1,\"name\":\"Accueil\",\"item\":\"https:\\\/\\\/www.infotetquebec.com\\\/es\\\/\"},{\"@type\":\"ListItem\",\"position\":2,\"name\":\"Tradici\u00f3n y encuentro: una experiencia cabane \u00e0 sucre para trabajadores extranjeros temporales\"}]},{\"@type\":\"WebSite\",\"@id\":\"https:\\\/\\\/www.infotetquebec.com\\\/es\\\/#website\",\"url\":\"https:\\\/\\\/www.infotetquebec.com\\\/es\\\/\",\"name\":\"Infotetquebec\",\"description\":\"Info et soutien aux TET\",\"publisher\":{\"@id\":\"https:\\\/\\\/www.infotetquebec.com\\\/es\\\/#organization\"},\"potentialAction\":[{\"@type\":\"SearchAction\",\"target\":{\"@type\":\"EntryPoint\",\"urlTemplate\":\"https:\\\/\\\/www.infotetquebec.com\\\/es\\\/?s={search_term_string}\"},\"query-input\":{\"@type\":\"PropertyValueSpecification\",\"valueRequired\":true,\"valueName\":\"search_term_string\"}}],\"inLanguage\":\"es\"},{\"@type\":\"Organization\",\"@id\":\"https:\\\/\\\/www.infotetquebec.com\\\/es\\\/#organization\",\"name\":\"InfoTETQuebec\",\"url\":\"https:\\\/\\\/www.infotetquebec.com\\\/es\\\/\",\"logo\":{\"@type\":\"ImageObject\",\"inLanguage\":\"es\",\"@id\":\"https:\\\/\\\/www.infotetquebec.com\\\/es\\\/#\\\/schema\\\/logo\\\/image\\\/\",\"url\":\"https:\\\/\\\/www.infotetquebec.com\\\/wp-content\\\/uploads\\\/2021\\\/02\\\/cropped-IMQC_TET_Favicon_Fav-Icon_Fav-Icon-1.png\",\"contentUrl\":\"https:\\\/\\\/www.infotetquebec.com\\\/wp-content\\\/uploads\\\/2021\\\/02\\\/cropped-IMQC_TET_Favicon_Fav-Icon_Fav-Icon-1.png\",\"width\":512,\"height\":512,\"caption\":\"InfoTETQuebec\"},\"image\":{\"@id\":\"https:\\\/\\\/www.infotetquebec.com\\\/es\\\/#\\\/schema\\\/logo\\\/image\\\/\"},\"sameAs\":[\"https:\\\/\\\/www.facebook.com\\\/profile.php?id=100089616676260\"]},{\"@type\":\"Person\",\"@id\":\"https:\\\/\\\/www.infotetquebec.com\\\/es\\\/#\\\/schema\\\/person\\\/4d7d5cae14ea1c0896c0d0a1f00a3f77\",\"name\":\"Alejandra Salas\",\"image\":{\"@type\":\"ImageObject\",\"inLanguage\":\"es\",\"@id\":\"https:\\\/\\\/secure.gravatar.com\\\/avatar\\\/f4349ead7189b7991510bb355af676e7cf0f0627b750dbc8bcd4a69e99cd1341?s=96&d=mm&r=g\",\"url\":\"https:\\\/\\\/secure.gravatar.com\\\/avatar\\\/f4349ead7189b7991510bb355af676e7cf0f0627b750dbc8bcd4a69e99cd1341?s=96&d=mm&r=g\",\"contentUrl\":\"https:\\\/\\\/secure.gravatar.com\\\/avatar\\\/f4349ead7189b7991510bb355af676e7cf0f0627b750dbc8bcd4a69e99cd1341?s=96&d=mm&r=g\",\"caption\":\"Alejandra Salas\"},\"url\":\"https:\\\/\\\/www.infotetquebec.com\\\/es\\\/author\\\/alejandra-salas\\\/\"}]}<\/script>\n<!-- \/ Yoast SEO plugin. -->","yoast_head_json":{"title":"Tradici\u00f3n y encuentro: una experiencia cabane \u00e0 sucre para trabajadores extranjeros temporales - Infotetquebec","robots":{"index":"index","follow":"follow","max-snippet":"max-snippet:-1","max-image-preview":"max-image-preview:large","max-video-preview":"max-video-preview:-1"},"canonical":"https:\/\/www.infotetquebec.com\/es\/tradicion-y-encuentro-una-experiencia-cabane-a-sucre-para-trabajadores-extranjeros-temporales\/","og_locale":"es_ES","og_type":"article","og_title":"Tradici\u00f3n y encuentro: una experiencia cabane \u00e0 sucre para trabajadores extranjeros temporales - Infotetquebec","og_description":"El pasado 22 de marzo de 2026, se llev\u00f3 a cabo una actividad cultural en una cabane \u00e0 sucre en Mont-Saint-Gr\u00e9goire, organizada por el organismo L\u2019ANCRE. La jornada tuvo lugar... Leer m\u00e1s","og_url":"https:\/\/www.infotetquebec.com\/es\/tradicion-y-encuentro-una-experiencia-cabane-a-sucre-para-trabajadores-extranjeros-temporales\/","og_site_name":"Infotetquebec","article_publisher":"https:\/\/www.facebook.com\/profile.php?id=100089616676260","article_published_time":"2026-04-22T13:07:25+00:00","article_modified_time":"2026-04-29T13:12:39+00:00","og_image":[{"width":1600,"height":744,"url":"https:\/\/www.infotetquebec.com\/wp-content\/uploads\/2026\/04\/120a497d-2e54-4a2b-a2bd-bfb7f0295c97.jpg","type":"image\/jpeg"}],"author":"Alejandra Salas","twitter_card":"summary_large_image","twitter_misc":{"Escrito por":"Alejandra Salas","Tiempo de lectura":"3 minutos"},"schema":{"@context":"https:\/\/schema.org","@graph":[{"@type":"Article","@id":"https:\/\/www.infotetquebec.com\/es\/tradicion-y-encuentro-una-experiencia-cabane-a-sucre-para-trabajadores-extranjeros-temporales\/#article","isPartOf":{"@id":"https:\/\/www.infotetquebec.com\/es\/tradicion-y-encuentro-una-experiencia-cabane-a-sucre-para-trabajadores-extranjeros-temporales\/"},"author":{"name":"Alejandra Salas","@id":"https:\/\/www.infotetquebec.com\/es\/#\/schema\/person\/4d7d5cae14ea1c0896c0d0a1f00a3f77"},"headline":"Tradici\u00f3n y encuentro: una experiencia cabane \u00e0 sucre para trabajadores extranjeros temporales","datePublished":"2026-04-22T13:07:25+00:00","dateModified":"2026-04-29T13:12:39+00:00","mainEntityOfPage":{"@id":"https:\/\/www.infotetquebec.com\/es\/tradicion-y-encuentro-una-experiencia-cabane-a-sucre-para-trabajadores-extranjeros-temporales\/"},"wordCount":396,"publisher":{"@id":"https:\/\/www.infotetquebec.com\/es\/#organization"},"image":{"@id":"https:\/\/www.infotetquebec.com\/es\/tradicion-y-encuentro-una-experiencia-cabane-a-sucre-para-trabajadores-extranjeros-temporales\/#primaryimage"},"thumbnailUrl":"https:\/\/www.infotetquebec.com\/wp-content\/uploads\/2026\/04\/120a497d-2e54-4a2b-a2bd-bfb7f0295c97.jpg","articleSection":["Art\u00edculos"],"inLanguage":"es"},{"@type":"WebPage","@id":"https:\/\/www.infotetquebec.com\/es\/tradicion-y-encuentro-una-experiencia-cabane-a-sucre-para-trabajadores-extranjeros-temporales\/","url":"https:\/\/www.infotetquebec.com\/es\/tradicion-y-encuentro-una-experiencia-cabane-a-sucre-para-trabajadores-extranjeros-temporales\/","name":"Tradici\u00f3n y encuentro: una experiencia cabane \u00e0 sucre para trabajadores extranjeros temporales - Infotetquebec","isPartOf":{"@id":"https:\/\/www.infotetquebec.com\/es\/#website"},"primaryImageOfPage":{"@id":"https:\/\/www.infotetquebec.com\/es\/tradicion-y-encuentro-una-experiencia-cabane-a-sucre-para-trabajadores-extranjeros-temporales\/#primaryimage"},"image":{"@id":"https:\/\/www.infotetquebec.com\/es\/tradicion-y-encuentro-una-experiencia-cabane-a-sucre-para-trabajadores-extranjeros-temporales\/#primaryimage"},"thumbnailUrl":"https:\/\/www.infotetquebec.com\/wp-content\/uploads\/2026\/04\/120a497d-2e54-4a2b-a2bd-bfb7f0295c97.jpg","datePublished":"2026-04-22T13:07:25+00:00","dateModified":"2026-04-29T13:12:39+00:00","breadcrumb":{"@id":"https:\/\/www.infotetquebec.com\/es\/tradicion-y-encuentro-una-experiencia-cabane-a-sucre-para-trabajadores-extranjeros-temporales\/#breadcrumb"},"inLanguage":"es","potentialAction":[{"@type":"ReadAction","target":["https:\/\/www.infotetquebec.com\/es\/tradicion-y-encuentro-una-experiencia-cabane-a-sucre-para-trabajadores-extranjeros-temporales\/"]}]},{"@type":"ImageObject","inLanguage":"es","@id":"https:\/\/www.infotetquebec.com\/es\/tradicion-y-encuentro-una-experiencia-cabane-a-sucre-para-trabajadores-extranjeros-temporales\/#primaryimage","url":"https:\/\/www.infotetquebec.com\/wp-content\/uploads\/2026\/04\/120a497d-2e54-4a2b-a2bd-bfb7f0295c97.jpg","contentUrl":"https:\/\/www.infotetquebec.com\/wp-content\/uploads\/2026\/04\/120a497d-2e54-4a2b-a2bd-bfb7f0295c97.jpg","width":1600,"height":744},{"@type":"BreadcrumbList","@id":"https:\/\/www.infotetquebec.com\/es\/tradicion-y-encuentro-una-experiencia-cabane-a-sucre-para-trabajadores-extranjeros-temporales\/#breadcrumb","itemListElement":[{"@type":"ListItem","position":1,"name":"Accueil","item":"https:\/\/www.infotetquebec.com\/es\/"},{"@type":"ListItem","position":2,"name":"Tradici\u00f3n y encuentro: una experiencia cabane \u00e0 sucre para trabajadores extranjeros temporales"}]},{"@type":"WebSite","@id":"https:\/\/www.infotetquebec.com\/es\/#website","url":"https:\/\/www.infotetquebec.com\/es\/","name":"Infotetquebec","description":"Info et soutien aux TET","publisher":{"@id":"https:\/\/www.infotetquebec.com\/es\/#organization"},"potentialAction":[{"@type":"SearchAction","target":{"@type":"EntryPoint","urlTemplate":"https:\/\/www.infotetquebec.com\/es\/?s={search_term_string}"},"query-input":{"@type":"PropertyValueSpecification","valueRequired":true,"valueName":"search_term_string"}}],"inLanguage":"es"},{"@type":"Organization","@id":"https:\/\/www.infotetquebec.com\/es\/#organization","name":"InfoTETQuebec","url":"https:\/\/www.infotetquebec.com\/es\/","logo":{"@type":"ImageObject","inLanguage":"es","@id":"https:\/\/www.infotetquebec.com\/es\/#\/schema\/logo\/image\/","url":"https:\/\/www.infotetquebec.com\/wp-content\/uploads\/2021\/02\/cropped-IMQC_TET_Favicon_Fav-Icon_Fav-Icon-1.png","contentUrl":"https:\/\/www.infotetquebec.com\/wp-content\/uploads\/2021\/02\/cropped-IMQC_TET_Favicon_Fav-Icon_Fav-Icon-1.png","width":512,"height":512,"caption":"InfoTETQuebec"},"image":{"@id":"https:\/\/www.infotetquebec.com\/es\/#\/schema\/logo\/image\/"},"sameAs":["https:\/\/www.facebook.com\/profile.php?id=100089616676260"]},{"@type":"Person","@id":"https:\/\/www.infotetquebec.com\/es\/#\/schema\/person\/4d7d5cae14ea1c0896c0d0a1f00a3f77","name":"Alejandra Salas","image":{"@type":"ImageObject","inLanguage":"es","@id":"https:\/\/secure.gravatar.com\/avatar\/f4349ead7189b7991510bb355af676e7cf0f0627b750dbc8bcd4a69e99cd1341?s=96&d=mm&r=g","url":"https:\/\/secure.gravatar.com\/avatar\/f4349ead7189b7991510bb355af676e7cf0f0627b750dbc8bcd4a69e99cd1341?s=96&d=mm&r=g","contentUrl":"https:\/\/secure.gravatar.com\/avatar\/f4349ead7189b7991510bb355af676e7cf0f0627b750dbc8bcd4a69e99cd1341?s=96&d=mm&r=g","caption":"Alejandra Salas"},"url":"https:\/\/www.infotetquebec.com\/es\/author\/alejandra-salas\/"}]}},"rttpg_featured_image_url":{"full":["https:\/\/www.infotetquebec.com\/wp-content\/uploads\/2026\/04\/120a497d-2e54-4a2b-a2bd-bfb7f0295c97.jpg",1600,744,false],"landscape":["https:\/\/www.infotetquebec.com\/wp-content\/uploads\/2026\/04\/120a497d-2e54-4a2b-a2bd-bfb7f0295c97.jpg",1600,744,false],"portraits":["https:\/\/www.infotetquebec.com\/wp-content\/uploads\/2026\/04\/120a497d-2e54-4a2b-a2bd-bfb7f0295c97.jpg",1600,744,false],"thumbnail":["https:\/\/www.infotetquebec.com\/wp-content\/uploads\/2026\/04\/120a497d-2e54-4a2b-a2bd-bfb7f0295c97-300x150.jpg",300,150,true],"medium":["https:\/\/www.infotetquebec.com\/wp-content\/uploads\/2026\/04\/120a497d-2e54-4a2b-a2bd-bfb7f0295c97-300x140.jpg",300,140,true],"large":["https:\/\/www.infotetquebec.com\/wp-content\/uploads\/2026\/04\/120a497d-2e54-4a2b-a2bd-bfb7f0295c97-1024x476.jpg",1024,476,true],"1536x1536":["https:\/\/www.infotetquebec.com\/wp-content\/uploads\/2026\/04\/120a497d-2e54-4a2b-a2bd-bfb7f0295c97-1536x714.jpg",1536,714,true],"2048x2048":["https:\/\/www.infotetquebec.com\/wp-content\/uploads\/2026\/04\/120a497d-2e54-4a2b-a2bd-bfb7f0295c97.jpg",1600,744,false],"sidebar-featured":["https:\/\/www.infotetquebec.com\/wp-content\/uploads\/2026\/04\/120a497d-2e54-4a2b-a2bd-bfb7f0295c97-75x75.jpg",75,75,true],"genesis-singular-images":["https:\/\/www.infotetquebec.com\/wp-content\/uploads\/2026\/04\/120a497d-2e54-4a2b-a2bd-bfb7f0295c97-702x526.jpg",702,526,true]},"rttpg_author":{"display_name":"Alejandra Salas","author_link":"https:\/\/www.infotetquebec.com\/es\/author\/alejandra-salas\/"},"rttpg_comment":0,"rttpg_category":"<a href=\"https:\/\/www.infotetquebec.com\/es\/noticias\/\" rel=\"category tag\">Art\u00edculos<\/a>","rttpg_excerpt":"El pasado 22 de marzo de 2026, se llev\u00f3 a cabo una actividad cultural en una cabane \u00e0 sucre en Mont-Saint-Gr\u00e9goire, organizada por el organismo L\u2019ANCRE. La jornada tuvo lugar... Leer m\u00e1s","_links":{"self":[{"href":"https:\/\/www.infotetquebec.com\/es\/wp-json\/wp\/v2\/posts\/28457","targetHints":{"allow":["GET"]}}],"collection":[{"href":"https:\/\/www.infotetquebec.com\/es\/wp-json\/wp\/v2\/posts"}],"about":[{"href":"https:\/\/www.infotetquebec.com\/es\/wp-json\/wp\/v2\/types\/post"}],"author":[{"embeddable":true,"href":"https:\/\/www.infotetquebec.com\/es\/wp-json\/wp\/v2\/users\/24"}],"replies":[{"embeddable":true,"href":"https:\/\/www.infotetquebec.com\/es\/wp-json\/wp\/v2\/comments?post=28457"}],"version-history":[{"count":4,"href":"https:\/\/www.infotetquebec.com\/es\/wp-json\/wp\/v2\/posts\/28457\/revisions"}],"predecessor-version":[{"id":28465,"href":"https:\/\/www.infotetquebec.com\/es\/wp-json\/wp\/v2\/posts\/28457\/revisions\/28465"}],"wp:featuredmedia":[{"embeddable":true,"href":"https:\/\/www.infotetquebec.com\/es\/wp-json\/wp\/v2\/media\/28443"}],"wp:attachment":[{"href":"https:\/\/www.infotetquebec.com\/es\/wp-json\/wp\/v2\/media?parent=28457"}],"wp:term":[{"taxonomy":"category","embeddable":true,"href":"https:\/\/www.infotetquebec.com\/es\/wp-json\/wp\/v2\/categories?post=28457"},{"taxonomy":"post_tag","embeddable":true,"href":"https:\/\/www.infotetquebec.com\/es\/wp-json\/wp\/v2\/tags?post=28457"}],"curies":[{"name":"wp","href":"https:\/\/api.w.org\/{rel}","templated":true}]}}