{"id":28426,"date":"2026-04-20T15:23:56","date_gmt":"2026-04-20T19:23:56","guid":{"rendered":"https:\/\/www.infotetquebec.com\/entre-tradicion-y-comunidad-una-jornada-cabane-a-sucre-para-trabajadores-extranjeros-temporales\/"},"modified":"2026-04-28T15:26:31","modified_gmt":"2026-04-28T19:26:31","slug":"entre-tradicion-y-comunidad-una-jornada-cabane-a-sucre-para-trabajadores-extranjeros-temporales","status":"publish","type":"post","link":"https:\/\/www.infotetquebec.com\/es\/entre-tradicion-y-comunidad-una-jornada-cabane-a-sucre-para-trabajadores-extranjeros-temporales\/","title":{"rendered":"Entre tradici\u00f3n y comunidad: una jornada cabane \u00e0 sucre para trabajadores extranjeros temporales"},"content":{"rendered":"\t\t<div data-elementor-type=\"wp-post\" data-elementor-id=\"28426\" class=\"elementor elementor-28426 elementor-28405\" data-elementor-post-type=\"post\">\n\t\t\t\t\t\t<section class=\"elementor-section elementor-top-section elementor-element elementor-element-096831e elementor-section-boxed elementor-section-height-default elementor-section-height-default\" data-id=\"096831e\" data-element_type=\"section\" data-e-type=\"section\">\n\t\t\t\t\t\t<div class=\"elementor-container elementor-column-gap-default\">\n\t\t\t\t\t<div class=\"elementor-column elementor-col-100 elementor-top-column elementor-element elementor-element-5a44724\" data-id=\"5a44724\" data-element_type=\"column\" data-e-type=\"column\">\n\t\t\t<div class=\"elementor-widget-wrap elementor-element-populated\">\n\t\t\t\t\t\t<div class=\"elementor-element elementor-element-6464042 elementor-widget elementor-widget-text-editor\" data-id=\"6464042\" data-element_type=\"widget\" data-e-type=\"widget\" data-widget_type=\"text-editor.default\">\n\t\t\t\t<div class=\"elementor-widget-container\">\n\t\t\t\t\t\t\t\t\t<p><span style=\"font-weight: 400;\">El domingo 29 de marzo se llev\u00f3 a cabo en Ch\u00e2teauguay una actividad especial dirigida a trabajadores extranjeros temporales (TET), organizada por el organismo <\/span><a href=\"https:\/\/complx-immigration.ca\/\"><b>Complexe X Immigration<\/b><\/a><span style=\"font-weight: 400;\">. La jornada, realizada en una tradicional cabane \u00e0 sucre, tuvo lugar en un ambiente c\u00e1lido, festivo y de convivencia, reuni\u00f3 a trabajadores provenientes de diferentes pa\u00edses, entre ellos Marruecos, Colombia y Guatemala, generando un espacio de intercambio cultural y socializaci\u00f3n.\u00a0<\/span><\/p>\n<p><span style=\"font-weight: 400;\">Para varios participantes, esta fue su primera experiencia en una cabane \u00e0 sucre, lo que les permiti\u00f3 descubrir y disfrutar de la gastronom\u00eda t\u00edpica quebequense en un contexto festivo y comunitario. Otros trabajadores ya conoc\u00edan esta tradici\u00f3n. Entre ellos, se destac\u00f3 el testimonio de un trabajador guatemalteco con m\u00e1s de 12 a\u00f1os de experiencia en Qu\u00e9bec, quien comparti\u00f3 que esta actividad representa para \u00e9l un momento significativo que siempre disfruta revivir, formando parte de su conexi\u00f3n con la cultura local.<\/span><\/p>\n<p><span style=\"font-weight: 400;\">Adem\u00e1s del componente cultural y gastron\u00f3mico, la jornada tambi\u00e9n incluy\u00f3 un momento especial de reconocimiento a los participantes del torneo de f\u00fatbol de invierno organizado por el mismo organismo, donde se entregaron trofeos a los equipos finalistas. Este gesto reforz\u00f3 el esp\u00edritu de comunidad, esfuerzo y participaci\u00f3n entre los trabajadores.<\/span><\/p>\n\t\t\t\t\t\t\t\t<\/div>\n\t\t\t\t<\/div>\n\t\t\t\t<section class=\"elementor-section elementor-inner-section elementor-element elementor-element-d217cac elementor-section-boxed elementor-section-height-default elementor-section-height-default\" data-id=\"d217cac\" data-element_type=\"section\" data-e-type=\"section\">\n\t\t\t\t\t\t<div class=\"elementor-container elementor-column-gap-default\">\n\t\t\t\t\t<div class=\"elementor-column elementor-col-50 elementor-inner-column elementor-element elementor-element-d2bd6cc\" data-id=\"d2bd6cc\" data-element_type=\"column\" data-e-type=\"column\">\n\t\t\t<div class=\"elementor-widget-wrap elementor-element-populated\">\n\t\t\t\t\t\t<div class=\"elementor-element elementor-element-2242bb6 elementor-widget elementor-widget-text-editor\" data-id=\"2242bb6\" data-element_type=\"widget\" data-e-type=\"widget\" data-widget_type=\"text-editor.default\">\n\t\t\t\t<div class=\"elementor-widget-container\">\n\t\t\t\t\t\t\t\t\t<p><span style=\"font-weight: 400;\">Durante la actividad, Sandra Cerdeline, directora general de <\/span><a href=\"https:\/\/complx-immigration.ca\/\"><b>Complexe X Immigration<\/b><\/a><span style=\"font-weight: 400;\">, junto a Andreu Perez, coordinador de las actividades, dieron la bienvenida a los trabajadores destacando la importancia de estos espacios de encuentro. Subrayaron que la cabane \u00e0 sucre no solo representa una tradici\u00f3n quebequense, sino tambi\u00e9n una oportunidad para compartir, integrarse y disfrutar de momentos de alegr\u00eda en comunidad. La actividad se vivi\u00f3 en un ambiente de entusiasmo y cercan\u00eda, donde los trabajadores pudieron \u201cendulzar\u201d su experiencia en Qu\u00e9bec a trav\u00e9s de la convivencia, el deporte y la cultura, fortaleciendo as\u00ed los lazos entre participantes y organizadores.<\/span><\/p>\n\t\t\t\t\t\t\t\t<\/div>\n\t\t\t\t<\/div>\n\t\t\t\t\t<\/div>\n\t\t<\/div>\n\t\t\t\t<div class=\"elementor-column elementor-col-50 elementor-inner-column elementor-element elementor-element-876de15\" data-id=\"876de15\" data-element_type=\"column\" data-e-type=\"column\">\n\t\t\t<div class=\"elementor-widget-wrap elementor-element-populated\">\n\t\t\t\t\t\t<div class=\"elementor-element elementor-element-41aa2c3 elementor-widget elementor-widget-image\" data-id=\"41aa2c3\" data-element_type=\"widget\" data-e-type=\"widget\" data-widget_type=\"image.default\">\n\t\t\t\t<div class=\"elementor-widget-container\">\n\t\t\t\t\t\t\t\t\t\t\t\t\t\t\t<img fetchpriority=\"high\" decoding=\"async\" width=\"702\" height=\"526\" src=\"https:\/\/www.infotetquebec.com\/wp-content\/uploads\/2026\/04\/717088ff-ad3e-4dd4-b262-109d86793679-702x526.png\" class=\"attachment-genesis-singular-images size-genesis-singular-images wp-image-28415\" alt=\"\" \/>\t\t\t\t\t\t\t\t\t\t\t\t\t\t\t<\/div>\n\t\t\t\t<\/div>\n\t\t\t\t\t<\/div>\n\t\t<\/div>\n\t\t\t\t\t<\/div>\n\t\t<\/section>\n\t\t\t\t<div class=\"elementor-element elementor-element-cc580f1 elementor-widget elementor-widget-text-editor\" data-id=\"cc580f1\" data-element_type=\"widget\" data-e-type=\"widget\" data-widget_type=\"text-editor.default\">\n\t\t\t\t<div class=\"elementor-widget-container\">\n\t\t\t\t\t\t\t\t\t<p><span style=\"font-weight: 400;\">Durante la actividad, Jonathan Buitrago, coordinador regional de <\/span><a href=\"https:\/\/www.infotetquebec.com\/es\/\"><b>InfoTET<\/b><\/a><span style=\"font-weight: 400;\"> de <\/span><a href=\"https:\/\/immigrantquebec.com\/fr\/\"><b>Immigrant Qu\u00e9bec<\/b><\/a><span style=\"font-weight: 400;\">, aprovech\u00f3 la ocasi\u00f3n para presentar el programa <\/span><a href=\"https:\/\/www.infotetquebec.com\/es\/\"><b>InfoTET<\/b><\/a><span style=\"font-weight: 400;\"> Qu\u00e9bec y entregar la gu\u00eda informativa destinada a los TET. Esta gu\u00eda ofrece herramientas pr\u00e1cticas sobre derechos y obligaciones de los trabajadores temporales, as\u00ed como sobre los servicios y recursos disponibles en la provincia. El intercambio con los participantes fue altamente enriquecedor, permitiendo responder sus inquietudes, identificar necesidades y reforzar la misi\u00f3n de <\/span><a href=\"https:\/\/www.infotetquebec.com\/es\/\"><b>InfoTET<\/b><\/a><span style=\"font-weight: 400;\">: brindar informaci\u00f3n clara, accesible y \u00fatil para acompa\u00f1ar a los trabajadores extranjeros temporales durante toda su estancia en Qu\u00e9bec.<\/span><\/p>\n\t\t\t\t\t\t\t\t<\/div>\n\t\t\t\t<\/div>\n\t\t\t\t<section class=\"elementor-section elementor-inner-section elementor-element elementor-element-a259301 elementor-section-boxed elementor-section-height-default elementor-section-height-default\" data-id=\"a259301\" data-element_type=\"section\" data-e-type=\"section\">\n\t\t\t\t\t\t<div class=\"elementor-container elementor-column-gap-default\">\n\t\t\t\t\t<div class=\"elementor-column elementor-col-50 elementor-inner-column elementor-element elementor-element-6925455\" data-id=\"6925455\" data-element_type=\"column\" data-e-type=\"column\">\n\t\t\t<div class=\"elementor-widget-wrap elementor-element-populated\">\n\t\t\t\t\t\t<div class=\"elementor-element elementor-element-be03864 elementor-widget elementor-widget-image\" data-id=\"be03864\" data-element_type=\"widget\" data-e-type=\"widget\" data-widget_type=\"image.default\">\n\t\t\t\t<div class=\"elementor-widget-container\">\n\t\t\t\t\t\t\t\t\t\t\t\t\t\t\t<img decoding=\"async\" width=\"702\" height=\"526\" src=\"https:\/\/www.infotetquebec.com\/wp-content\/uploads\/2026\/04\/4.-2026.03.29_-Cabane-a-sucre-pour-les-TET.-Complexe-X.-Chateauguay-QC-702x526.jpeg\" class=\"attachment-genesis-singular-images size-genesis-singular-images wp-image-28418\" alt=\"\" \/>\t\t\t\t\t\t\t\t\t\t\t\t\t\t\t<\/div>\n\t\t\t\t<\/div>\n\t\t\t\t\t<\/div>\n\t\t<\/div>\n\t\t\t\t<div class=\"elementor-column elementor-col-50 elementor-inner-column elementor-element elementor-element-554cbe5\" data-id=\"554cbe5\" data-element_type=\"column\" data-e-type=\"column\">\n\t\t\t<div class=\"elementor-widget-wrap elementor-element-populated\">\n\t\t\t\t\t\t<div class=\"elementor-element elementor-element-753a764 elementor-widget elementor-widget-image\" data-id=\"753a764\" data-element_type=\"widget\" data-e-type=\"widget\" data-widget_type=\"image.default\">\n\t\t\t\t<div class=\"elementor-widget-container\">\n\t\t\t\t\t\t\t\t\t\t\t\t\t\t\t<img decoding=\"async\" width=\"702\" height=\"526\" src=\"https:\/\/www.infotetquebec.com\/wp-content\/uploads\/2026\/04\/3.-2026.03.29_-Cabane-a-sucre-pour-les-TET.-Complexe-X.-Chateauguay-QC-702x526.jpeg\" class=\"attachment-genesis-singular-images size-genesis-singular-images wp-image-28421\" alt=\"\" \/>\t\t\t\t\t\t\t\t\t\t\t\t\t\t\t<\/div>\n\t\t\t\t<\/div>\n\t\t\t\t\t<\/div>\n\t\t<\/div>\n\t\t\t\t\t<\/div>\n\t\t<\/section>\n\t\t\t\t<div class=\"elementor-element elementor-element-78649a7 elementor-widget elementor-widget-text-editor\" data-id=\"78649a7\" data-element_type=\"widget\" data-e-type=\"widget\" data-widget_type=\"text-editor.default\">\n\t\t\t\t<div class=\"elementor-widget-container\">\n\t\t\t\t\t\t\t\t\t<p><span style=\"font-weight: 400;\">Desde <\/span><a href=\"https:\/\/www.infotetquebec.com\/es\/\"><b>InfoTET<\/b><\/a><span style=\"font-weight: 400;\"> de <\/span><a href=\"https:\/\/immigrantquebec.com\/fr\/\"><b>Immigrant Qu\u00e9bec<\/b><\/a><span style=\"font-weight: 400;\">, valoramos profundamente este tipo de iniciativas organizadas por <\/span><a href=\"https:\/\/complx-immigration.ca\/\"><b>Complexe X Immigration<\/b><\/a><span style=\"font-weight: 400;\">, que combinan cultura, deporte y acompa\u00f1amiento comunitario. Estas actividades no solo fortalecen la integraci\u00f3n social de los TET, sino que tambi\u00e9n promueven espacios de bienestar, reconocimiento y conexi\u00f3n humana, fundamentales para su experiencia de vida y trabajo en Qu\u00e9bec. Reconocemos\u00a0 especialmente a Sandra Cerdeline y Andreu Perez por la organizaci\u00f3n de esta actividad exitosa, as\u00ed como por su compromiso constante con el bienestar y la integraci\u00f3n de los trabajadores extranjeros temporales.<\/span><\/p>\n\t\t\t\t\t\t\t\t<\/div>\n\t\t\t\t<\/div>\n\t\t\t\t\t<\/div>\n\t\t<\/div>\n\t\t\t\t\t<\/div>\n\t\t<\/section>\n\t\t\t\t<\/div>\n\t\t","protected":false},"excerpt":{"rendered":"<p>El domingo 29 de marzo se llev\u00f3 a cabo en Ch\u00e2teauguay una actividad especial dirigida a trabajadores extranjeros temporales (TET), organizada por el organismo Complexe X Immigration. La jornada, realizada&#8230; <a class=\"more-link\" href=\"https:\/\/www.infotetquebec.com\/es\/entre-tradicion-y-comunidad-una-jornada-cabane-a-sucre-para-trabajadores-extranjeros-temporales\/\">Leer m\u00e1s<\/a><\/p>\n","protected":false},"author":24,"featured_media":28408,"comment_status":"closed","ping_status":"open","sticky":false,"template":"","format":"standard","meta":{"_genesis_hide_title":false,"_genesis_hide_breadcrumbs":false,"_genesis_hide_singular_image":false,"_genesis_hide_footer_widgets":false,"_genesis_custom_body_class":"","_genesis_custom_post_class":"","_genesis_layout":"","footnotes":""},"categories":[54],"tags":[],"class_list":["post-28426","post","type-post","status-publish","format-standard","has-post-thumbnail","category-noticias","entry"],"yoast_head":"<!-- This site is optimized with the Yoast SEO plugin v27.5 - https:\/\/yoast.com\/product\/yoast-seo-wordpress\/ -->\n<title>Entre tradici\u00f3n y comunidad: una jornada cabane \u00e0 sucre para trabajadores extranjeros temporales - Infotetquebec<\/title>\n<meta name=\"robots\" content=\"index, follow, max-snippet:-1, max-image-preview:large, max-video-preview:-1\" \/>\n<link rel=\"canonical\" href=\"https:\/\/www.infotetquebec.com\/es\/entre-tradicion-y-comunidad-una-jornada-cabane-a-sucre-para-trabajadores-extranjeros-temporales\/\" \/>\n<meta property=\"og:locale\" content=\"es_ES\" \/>\n<meta property=\"og:type\" content=\"article\" \/>\n<meta property=\"og:title\" content=\"Entre tradici\u00f3n y comunidad: una jornada cabane \u00e0 sucre para trabajadores extranjeros temporales - Infotetquebec\" \/>\n<meta property=\"og:description\" content=\"El domingo 29 de marzo se llev\u00f3 a cabo en Ch\u00e2teauguay una actividad especial dirigida a trabajadores extranjeros temporales (TET), organizada por el organismo Complexe X Immigration. La jornada, realizada... Leer m\u00e1s\" \/>\n<meta property=\"og:url\" content=\"https:\/\/www.infotetquebec.com\/es\/entre-tradicion-y-comunidad-una-jornada-cabane-a-sucre-para-trabajadores-extranjeros-temporales\/\" \/>\n<meta property=\"og:site_name\" content=\"Infotetquebec\" \/>\n<meta property=\"article:publisher\" content=\"https:\/\/www.facebook.com\/profile.php?id=100089616676260\" \/>\n<meta property=\"article:published_time\" content=\"2026-04-20T19:23:56+00:00\" \/>\n<meta property=\"article:modified_time\" content=\"2026-04-28T19:26:31+00:00\" \/>\n<meta property=\"og:image\" content=\"https:\/\/www.infotetquebec.com\/wp-content\/uploads\/2026\/04\/1.-2026.03.29_-Cabane-a-sucre-pour-les-TET.-Complexe-X.-Chateauguay-QC.jpeg\" \/>\n\t<meta property=\"og:image:width\" content=\"2016\" \/>\n\t<meta property=\"og:image:height\" content=\"1134\" \/>\n\t<meta property=\"og:image:type\" content=\"image\/jpeg\" \/>\n<meta name=\"author\" content=\"Alejandra Salas\" \/>\n<meta name=\"twitter:card\" content=\"summary_large_image\" \/>\n<meta name=\"twitter:label1\" content=\"Escrito por\" \/>\n\t<meta name=\"twitter:data1\" content=\"Alejandra Salas\" \/>\n\t<meta name=\"twitter:label2\" content=\"Tiempo de lectura\" \/>\n\t<meta name=\"twitter:data2\" content=\"4 minutos\" \/>\n<script type=\"application\/ld+json\" class=\"yoast-schema-graph\">{\"@context\":\"https:\\\/\\\/schema.org\",\"@graph\":[{\"@type\":\"Article\",\"@id\":\"https:\\\/\\\/www.infotetquebec.com\\\/es\\\/entre-tradicion-y-comunidad-una-jornada-cabane-a-sucre-para-trabajadores-extranjeros-temporales\\\/#article\",\"isPartOf\":{\"@id\":\"https:\\\/\\\/www.infotetquebec.com\\\/es\\\/entre-tradicion-y-comunidad-una-jornada-cabane-a-sucre-para-trabajadores-extranjeros-temporales\\\/\"},\"author\":{\"name\":\"Alejandra Salas\",\"@id\":\"https:\\\/\\\/www.infotetquebec.com\\\/es\\\/#\\\/schema\\\/person\\\/4d7d5cae14ea1c0896c0d0a1f00a3f77\"},\"headline\":\"Entre tradici\u00f3n y comunidad: una jornada cabane \u00e0 sucre para trabajadores extranjeros temporales\",\"datePublished\":\"2026-04-20T19:23:56+00:00\",\"dateModified\":\"2026-04-28T19:26:31+00:00\",\"mainEntityOfPage\":{\"@id\":\"https:\\\/\\\/www.infotetquebec.com\\\/es\\\/entre-tradicion-y-comunidad-una-jornada-cabane-a-sucre-para-trabajadores-extranjeros-temporales\\\/\"},\"wordCount\":525,\"publisher\":{\"@id\":\"https:\\\/\\\/www.infotetquebec.com\\\/es\\\/#organization\"},\"image\":{\"@id\":\"https:\\\/\\\/www.infotetquebec.com\\\/es\\\/entre-tradicion-y-comunidad-una-jornada-cabane-a-sucre-para-trabajadores-extranjeros-temporales\\\/#primaryimage\"},\"thumbnailUrl\":\"https:\\\/\\\/www.infotetquebec.com\\\/wp-content\\\/uploads\\\/2026\\\/04\\\/1.-2026.03.29_-Cabane-a-sucre-pour-les-TET.-Complexe-X.-Chateauguay-QC.jpeg\",\"articleSection\":[\"Art\u00edculos\"],\"inLanguage\":\"es\"},{\"@type\":\"WebPage\",\"@id\":\"https:\\\/\\\/www.infotetquebec.com\\\/es\\\/entre-tradicion-y-comunidad-una-jornada-cabane-a-sucre-para-trabajadores-extranjeros-temporales\\\/\",\"url\":\"https:\\\/\\\/www.infotetquebec.com\\\/es\\\/entre-tradicion-y-comunidad-una-jornada-cabane-a-sucre-para-trabajadores-extranjeros-temporales\\\/\",\"name\":\"Entre tradici\u00f3n y comunidad: una jornada cabane \u00e0 sucre para trabajadores extranjeros temporales - Infotetquebec\",\"isPartOf\":{\"@id\":\"https:\\\/\\\/www.infotetquebec.com\\\/es\\\/#website\"},\"primaryImageOfPage\":{\"@id\":\"https:\\\/\\\/www.infotetquebec.com\\\/es\\\/entre-tradicion-y-comunidad-una-jornada-cabane-a-sucre-para-trabajadores-extranjeros-temporales\\\/#primaryimage\"},\"image\":{\"@id\":\"https:\\\/\\\/www.infotetquebec.com\\\/es\\\/entre-tradicion-y-comunidad-una-jornada-cabane-a-sucre-para-trabajadores-extranjeros-temporales\\\/#primaryimage\"},\"thumbnailUrl\":\"https:\\\/\\\/www.infotetquebec.com\\\/wp-content\\\/uploads\\\/2026\\\/04\\\/1.-2026.03.29_-Cabane-a-sucre-pour-les-TET.-Complexe-X.-Chateauguay-QC.jpeg\",\"datePublished\":\"2026-04-20T19:23:56+00:00\",\"dateModified\":\"2026-04-28T19:26:31+00:00\",\"breadcrumb\":{\"@id\":\"https:\\\/\\\/www.infotetquebec.com\\\/es\\\/entre-tradicion-y-comunidad-una-jornada-cabane-a-sucre-para-trabajadores-extranjeros-temporales\\\/#breadcrumb\"},\"inLanguage\":\"es\",\"potentialAction\":[{\"@type\":\"ReadAction\",\"target\":[\"https:\\\/\\\/www.infotetquebec.com\\\/es\\\/entre-tradicion-y-comunidad-una-jornada-cabane-a-sucre-para-trabajadores-extranjeros-temporales\\\/\"]}]},{\"@type\":\"ImageObject\",\"inLanguage\":\"es\",\"@id\":\"https:\\\/\\\/www.infotetquebec.com\\\/es\\\/entre-tradicion-y-comunidad-una-jornada-cabane-a-sucre-para-trabajadores-extranjeros-temporales\\\/#primaryimage\",\"url\":\"https:\\\/\\\/www.infotetquebec.com\\\/wp-content\\\/uploads\\\/2026\\\/04\\\/1.-2026.03.29_-Cabane-a-sucre-pour-les-TET.-Complexe-X.-Chateauguay-QC.jpeg\",\"contentUrl\":\"https:\\\/\\\/www.infotetquebec.com\\\/wp-content\\\/uploads\\\/2026\\\/04\\\/1.-2026.03.29_-Cabane-a-sucre-pour-les-TET.-Complexe-X.-Chateauguay-QC.jpeg\",\"width\":2016,\"height\":1134},{\"@type\":\"BreadcrumbList\",\"@id\":\"https:\\\/\\\/www.infotetquebec.com\\\/es\\\/entre-tradicion-y-comunidad-una-jornada-cabane-a-sucre-para-trabajadores-extranjeros-temporales\\\/#breadcrumb\",\"itemListElement\":[{\"@type\":\"ListItem\",\"position\":1,\"name\":\"Accueil\",\"item\":\"https:\\\/\\\/www.infotetquebec.com\\\/es\\\/\"},{\"@type\":\"ListItem\",\"position\":2,\"name\":\"Entre tradici\u00f3n y comunidad: una jornada cabane \u00e0 sucre para trabajadores extranjeros temporales\"}]},{\"@type\":\"WebSite\",\"@id\":\"https:\\\/\\\/www.infotetquebec.com\\\/es\\\/#website\",\"url\":\"https:\\\/\\\/www.infotetquebec.com\\\/es\\\/\",\"name\":\"Infotetquebec\",\"description\":\"Info et soutien aux TET\",\"publisher\":{\"@id\":\"https:\\\/\\\/www.infotetquebec.com\\\/es\\\/#organization\"},\"potentialAction\":[{\"@type\":\"SearchAction\",\"target\":{\"@type\":\"EntryPoint\",\"urlTemplate\":\"https:\\\/\\\/www.infotetquebec.com\\\/es\\\/?s={search_term_string}\"},\"query-input\":{\"@type\":\"PropertyValueSpecification\",\"valueRequired\":true,\"valueName\":\"search_term_string\"}}],\"inLanguage\":\"es\"},{\"@type\":\"Organization\",\"@id\":\"https:\\\/\\\/www.infotetquebec.com\\\/es\\\/#organization\",\"name\":\"InfoTETQuebec\",\"url\":\"https:\\\/\\\/www.infotetquebec.com\\\/es\\\/\",\"logo\":{\"@type\":\"ImageObject\",\"inLanguage\":\"es\",\"@id\":\"https:\\\/\\\/www.infotetquebec.com\\\/es\\\/#\\\/schema\\\/logo\\\/image\\\/\",\"url\":\"https:\\\/\\\/www.infotetquebec.com\\\/wp-content\\\/uploads\\\/2021\\\/02\\\/cropped-IMQC_TET_Favicon_Fav-Icon_Fav-Icon-1.png\",\"contentUrl\":\"https:\\\/\\\/www.infotetquebec.com\\\/wp-content\\\/uploads\\\/2021\\\/02\\\/cropped-IMQC_TET_Favicon_Fav-Icon_Fav-Icon-1.png\",\"width\":512,\"height\":512,\"caption\":\"InfoTETQuebec\"},\"image\":{\"@id\":\"https:\\\/\\\/www.infotetquebec.com\\\/es\\\/#\\\/schema\\\/logo\\\/image\\\/\"},\"sameAs\":[\"https:\\\/\\\/www.facebook.com\\\/profile.php?id=100089616676260\"]},{\"@type\":\"Person\",\"@id\":\"https:\\\/\\\/www.infotetquebec.com\\\/es\\\/#\\\/schema\\\/person\\\/4d7d5cae14ea1c0896c0d0a1f00a3f77\",\"name\":\"Alejandra Salas\",\"image\":{\"@type\":\"ImageObject\",\"inLanguage\":\"es\",\"@id\":\"https:\\\/\\\/secure.gravatar.com\\\/avatar\\\/f4349ead7189b7991510bb355af676e7cf0f0627b750dbc8bcd4a69e99cd1341?s=96&d=mm&r=g\",\"url\":\"https:\\\/\\\/secure.gravatar.com\\\/avatar\\\/f4349ead7189b7991510bb355af676e7cf0f0627b750dbc8bcd4a69e99cd1341?s=96&d=mm&r=g\",\"contentUrl\":\"https:\\\/\\\/secure.gravatar.com\\\/avatar\\\/f4349ead7189b7991510bb355af676e7cf0f0627b750dbc8bcd4a69e99cd1341?s=96&d=mm&r=g\",\"caption\":\"Alejandra Salas\"},\"url\":\"https:\\\/\\\/www.infotetquebec.com\\\/es\\\/author\\\/alejandra-salas\\\/\"}]}<\/script>\n<!-- \/ Yoast SEO plugin. -->","yoast_head_json":{"title":"Entre tradici\u00f3n y comunidad: una jornada cabane \u00e0 sucre para trabajadores extranjeros temporales - Infotetquebec","robots":{"index":"index","follow":"follow","max-snippet":"max-snippet:-1","max-image-preview":"max-image-preview:large","max-video-preview":"max-video-preview:-1"},"canonical":"https:\/\/www.infotetquebec.com\/es\/entre-tradicion-y-comunidad-una-jornada-cabane-a-sucre-para-trabajadores-extranjeros-temporales\/","og_locale":"es_ES","og_type":"article","og_title":"Entre tradici\u00f3n y comunidad: una jornada cabane \u00e0 sucre para trabajadores extranjeros temporales - Infotetquebec","og_description":"El domingo 29 de marzo se llev\u00f3 a cabo en Ch\u00e2teauguay una actividad especial dirigida a trabajadores extranjeros temporales (TET), organizada por el organismo Complexe X Immigration. La jornada, realizada... Leer m\u00e1s","og_url":"https:\/\/www.infotetquebec.com\/es\/entre-tradicion-y-comunidad-una-jornada-cabane-a-sucre-para-trabajadores-extranjeros-temporales\/","og_site_name":"Infotetquebec","article_publisher":"https:\/\/www.facebook.com\/profile.php?id=100089616676260","article_published_time":"2026-04-20T19:23:56+00:00","article_modified_time":"2026-04-28T19:26:31+00:00","og_image":[{"width":2016,"height":1134,"url":"https:\/\/www.infotetquebec.com\/wp-content\/uploads\/2026\/04\/1.-2026.03.29_-Cabane-a-sucre-pour-les-TET.-Complexe-X.-Chateauguay-QC.jpeg","type":"image\/jpeg"}],"author":"Alejandra Salas","twitter_card":"summary_large_image","twitter_misc":{"Escrito por":"Alejandra Salas","Tiempo de lectura":"4 minutos"},"schema":{"@context":"https:\/\/schema.org","@graph":[{"@type":"Article","@id":"https:\/\/www.infotetquebec.com\/es\/entre-tradicion-y-comunidad-una-jornada-cabane-a-sucre-para-trabajadores-extranjeros-temporales\/#article","isPartOf":{"@id":"https:\/\/www.infotetquebec.com\/es\/entre-tradicion-y-comunidad-una-jornada-cabane-a-sucre-para-trabajadores-extranjeros-temporales\/"},"author":{"name":"Alejandra Salas","@id":"https:\/\/www.infotetquebec.com\/es\/#\/schema\/person\/4d7d5cae14ea1c0896c0d0a1f00a3f77"},"headline":"Entre tradici\u00f3n y comunidad: una jornada cabane \u00e0 sucre para trabajadores extranjeros temporales","datePublished":"2026-04-20T19:23:56+00:00","dateModified":"2026-04-28T19:26:31+00:00","mainEntityOfPage":{"@id":"https:\/\/www.infotetquebec.com\/es\/entre-tradicion-y-comunidad-una-jornada-cabane-a-sucre-para-trabajadores-extranjeros-temporales\/"},"wordCount":525,"publisher":{"@id":"https:\/\/www.infotetquebec.com\/es\/#organization"},"image":{"@id":"https:\/\/www.infotetquebec.com\/es\/entre-tradicion-y-comunidad-una-jornada-cabane-a-sucre-para-trabajadores-extranjeros-temporales\/#primaryimage"},"thumbnailUrl":"https:\/\/www.infotetquebec.com\/wp-content\/uploads\/2026\/04\/1.-2026.03.29_-Cabane-a-sucre-pour-les-TET.-Complexe-X.-Chateauguay-QC.jpeg","articleSection":["Art\u00edculos"],"inLanguage":"es"},{"@type":"WebPage","@id":"https:\/\/www.infotetquebec.com\/es\/entre-tradicion-y-comunidad-una-jornada-cabane-a-sucre-para-trabajadores-extranjeros-temporales\/","url":"https:\/\/www.infotetquebec.com\/es\/entre-tradicion-y-comunidad-una-jornada-cabane-a-sucre-para-trabajadores-extranjeros-temporales\/","name":"Entre tradici\u00f3n y comunidad: una jornada cabane \u00e0 sucre para trabajadores extranjeros temporales - Infotetquebec","isPartOf":{"@id":"https:\/\/www.infotetquebec.com\/es\/#website"},"primaryImageOfPage":{"@id":"https:\/\/www.infotetquebec.com\/es\/entre-tradicion-y-comunidad-una-jornada-cabane-a-sucre-para-trabajadores-extranjeros-temporales\/#primaryimage"},"image":{"@id":"https:\/\/www.infotetquebec.com\/es\/entre-tradicion-y-comunidad-una-jornada-cabane-a-sucre-para-trabajadores-extranjeros-temporales\/#primaryimage"},"thumbnailUrl":"https:\/\/www.infotetquebec.com\/wp-content\/uploads\/2026\/04\/1.-2026.03.29_-Cabane-a-sucre-pour-les-TET.-Complexe-X.-Chateauguay-QC.jpeg","datePublished":"2026-04-20T19:23:56+00:00","dateModified":"2026-04-28T19:26:31+00:00","breadcrumb":{"@id":"https:\/\/www.infotetquebec.com\/es\/entre-tradicion-y-comunidad-una-jornada-cabane-a-sucre-para-trabajadores-extranjeros-temporales\/#breadcrumb"},"inLanguage":"es","potentialAction":[{"@type":"ReadAction","target":["https:\/\/www.infotetquebec.com\/es\/entre-tradicion-y-comunidad-una-jornada-cabane-a-sucre-para-trabajadores-extranjeros-temporales\/"]}]},{"@type":"ImageObject","inLanguage":"es","@id":"https:\/\/www.infotetquebec.com\/es\/entre-tradicion-y-comunidad-una-jornada-cabane-a-sucre-para-trabajadores-extranjeros-temporales\/#primaryimage","url":"https:\/\/www.infotetquebec.com\/wp-content\/uploads\/2026\/04\/1.-2026.03.29_-Cabane-a-sucre-pour-les-TET.-Complexe-X.-Chateauguay-QC.jpeg","contentUrl":"https:\/\/www.infotetquebec.com\/wp-content\/uploads\/2026\/04\/1.-2026.03.29_-Cabane-a-sucre-pour-les-TET.-Complexe-X.-Chateauguay-QC.jpeg","width":2016,"height":1134},{"@type":"BreadcrumbList","@id":"https:\/\/www.infotetquebec.com\/es\/entre-tradicion-y-comunidad-una-jornada-cabane-a-sucre-para-trabajadores-extranjeros-temporales\/#breadcrumb","itemListElement":[{"@type":"ListItem","position":1,"name":"Accueil","item":"https:\/\/www.infotetquebec.com\/es\/"},{"@type":"ListItem","position":2,"name":"Entre tradici\u00f3n y comunidad: una jornada cabane \u00e0 sucre para trabajadores extranjeros temporales"}]},{"@type":"WebSite","@id":"https:\/\/www.infotetquebec.com\/es\/#website","url":"https:\/\/www.infotetquebec.com\/es\/","name":"Infotetquebec","description":"Info et soutien aux TET","publisher":{"@id":"https:\/\/www.infotetquebec.com\/es\/#organization"},"potentialAction":[{"@type":"SearchAction","target":{"@type":"EntryPoint","urlTemplate":"https:\/\/www.infotetquebec.com\/es\/?s={search_term_string}"},"query-input":{"@type":"PropertyValueSpecification","valueRequired":true,"valueName":"search_term_string"}}],"inLanguage":"es"},{"@type":"Organization","@id":"https:\/\/www.infotetquebec.com\/es\/#organization","name":"InfoTETQuebec","url":"https:\/\/www.infotetquebec.com\/es\/","logo":{"@type":"ImageObject","inLanguage":"es","@id":"https:\/\/www.infotetquebec.com\/es\/#\/schema\/logo\/image\/","url":"https:\/\/www.infotetquebec.com\/wp-content\/uploads\/2021\/02\/cropped-IMQC_TET_Favicon_Fav-Icon_Fav-Icon-1.png","contentUrl":"https:\/\/www.infotetquebec.com\/wp-content\/uploads\/2021\/02\/cropped-IMQC_TET_Favicon_Fav-Icon_Fav-Icon-1.png","width":512,"height":512,"caption":"InfoTETQuebec"},"image":{"@id":"https:\/\/www.infotetquebec.com\/es\/#\/schema\/logo\/image\/"},"sameAs":["https:\/\/www.facebook.com\/profile.php?id=100089616676260"]},{"@type":"Person","@id":"https:\/\/www.infotetquebec.com\/es\/#\/schema\/person\/4d7d5cae14ea1c0896c0d0a1f00a3f77","name":"Alejandra Salas","image":{"@type":"ImageObject","inLanguage":"es","@id":"https:\/\/secure.gravatar.com\/avatar\/f4349ead7189b7991510bb355af676e7cf0f0627b750dbc8bcd4a69e99cd1341?s=96&d=mm&r=g","url":"https:\/\/secure.gravatar.com\/avatar\/f4349ead7189b7991510bb355af676e7cf0f0627b750dbc8bcd4a69e99cd1341?s=96&d=mm&r=g","contentUrl":"https:\/\/secure.gravatar.com\/avatar\/f4349ead7189b7991510bb355af676e7cf0f0627b750dbc8bcd4a69e99cd1341?s=96&d=mm&r=g","caption":"Alejandra Salas"},"url":"https:\/\/www.infotetquebec.com\/es\/author\/alejandra-salas\/"}]}},"rttpg_featured_image_url":{"full":["https:\/\/www.infotetquebec.com\/wp-content\/uploads\/2026\/04\/1.-2026.03.29_-Cabane-a-sucre-pour-les-TET.-Complexe-X.-Chateauguay-QC.jpeg",2016,1134,false],"landscape":["https:\/\/www.infotetquebec.com\/wp-content\/uploads\/2026\/04\/1.-2026.03.29_-Cabane-a-sucre-pour-les-TET.-Complexe-X.-Chateauguay-QC.jpeg",2016,1134,false],"portraits":["https:\/\/www.infotetquebec.com\/wp-content\/uploads\/2026\/04\/1.-2026.03.29_-Cabane-a-sucre-pour-les-TET.-Complexe-X.-Chateauguay-QC.jpeg",2016,1134,false],"thumbnail":["https:\/\/www.infotetquebec.com\/wp-content\/uploads\/2026\/04\/1.-2026.03.29_-Cabane-a-sucre-pour-les-TET.-Complexe-X.-Chateauguay-QC-300x150.jpeg",300,150,true],"medium":["https:\/\/www.infotetquebec.com\/wp-content\/uploads\/2026\/04\/1.-2026.03.29_-Cabane-a-sucre-pour-les-TET.-Complexe-X.-Chateauguay-QC-300x169.jpeg",300,169,true],"large":["https:\/\/www.infotetquebec.com\/wp-content\/uploads\/2026\/04\/1.-2026.03.29_-Cabane-a-sucre-pour-les-TET.-Complexe-X.-Chateauguay-QC-1024x576.jpeg",1024,576,true],"1536x1536":["https:\/\/www.infotetquebec.com\/wp-content\/uploads\/2026\/04\/1.-2026.03.29_-Cabane-a-sucre-pour-les-TET.-Complexe-X.-Chateauguay-QC-1536x864.jpeg",1536,864,true],"2048x2048":["https:\/\/www.infotetquebec.com\/wp-content\/uploads\/2026\/04\/1.-2026.03.29_-Cabane-a-sucre-pour-les-TET.-Complexe-X.-Chateauguay-QC.jpeg",2016,1134,false],"sidebar-featured":["https:\/\/www.infotetquebec.com\/wp-content\/uploads\/2026\/04\/1.-2026.03.29_-Cabane-a-sucre-pour-les-TET.-Complexe-X.-Chateauguay-QC-75x75.jpeg",75,75,true],"genesis-singular-images":["https:\/\/www.infotetquebec.com\/wp-content\/uploads\/2026\/04\/1.-2026.03.29_-Cabane-a-sucre-pour-les-TET.-Complexe-X.-Chateauguay-QC-702x526.jpeg",702,526,true]},"rttpg_author":{"display_name":"Alejandra Salas","author_link":"https:\/\/www.infotetquebec.com\/es\/author\/alejandra-salas\/"},"rttpg_comment":0,"rttpg_category":"<a href=\"https:\/\/www.infotetquebec.com\/es\/noticias\/\" rel=\"category tag\">Art\u00edculos<\/a>","rttpg_excerpt":"El domingo 29 de marzo se llev\u00f3 a cabo en Ch\u00e2teauguay una actividad especial dirigida a trabajadores extranjeros temporales (TET), organizada por el organismo Complexe X Immigration. La jornada, realizada... Leer m\u00e1s","_links":{"self":[{"href":"https:\/\/www.infotetquebec.com\/es\/wp-json\/wp\/v2\/posts\/28426","targetHints":{"allow":["GET"]}}],"collection":[{"href":"https:\/\/www.infotetquebec.com\/es\/wp-json\/wp\/v2\/posts"}],"about":[{"href":"https:\/\/www.infotetquebec.com\/es\/wp-json\/wp\/v2\/types\/post"}],"author":[{"embeddable":true,"href":"https:\/\/www.infotetquebec.com\/es\/wp-json\/wp\/v2\/users\/24"}],"replies":[{"embeddable":true,"href":"https:\/\/www.infotetquebec.com\/es\/wp-json\/wp\/v2\/comments?post=28426"}],"version-history":[{"count":4,"href":"https:\/\/www.infotetquebec.com\/es\/wp-json\/wp\/v2\/posts\/28426\/revisions"}],"predecessor-version":[{"id":28434,"href":"https:\/\/www.infotetquebec.com\/es\/wp-json\/wp\/v2\/posts\/28426\/revisions\/28434"}],"wp:featuredmedia":[{"embeddable":true,"href":"https:\/\/www.infotetquebec.com\/es\/wp-json\/wp\/v2\/media\/28408"}],"wp:attachment":[{"href":"https:\/\/www.infotetquebec.com\/es\/wp-json\/wp\/v2\/media?parent=28426"}],"wp:term":[{"taxonomy":"category","embeddable":true,"href":"https:\/\/www.infotetquebec.com\/es\/wp-json\/wp\/v2\/categories?post=28426"},{"taxonomy":"post_tag","embeddable":true,"href":"https:\/\/www.infotetquebec.com\/es\/wp-json\/wp\/v2\/tags?post=28426"}],"curies":[{"name":"wp","href":"https:\/\/api.w.org\/{rel}","templated":true}]}}