{"id":28395,"date":"2026-04-17T13:45:00","date_gmt":"2026-04-17T17:45:00","guid":{"rendered":"https:\/\/www.infotetquebec.com\/mont-laurier-jornada-de-bienestar-y-encuentro-para-trabajadores-extranjeros-temporales-de-les-entreprises-pitre\/"},"modified":"2026-04-28T13:57:42","modified_gmt":"2026-04-28T17:57:42","slug":"mont-laurier-jornada-de-bienestar-y-encuentro-para-trabajadores-extranjeros-temporales-de-les-entreprises-pitre","status":"publish","type":"post","link":"https:\/\/www.infotetquebec.com\/es\/mont-laurier-jornada-de-bienestar-y-encuentro-para-trabajadores-extranjeros-temporales-de-les-entreprises-pitre\/","title":{"rendered":"Mont-Laurier \u2013 Jornada de bienestar y encuentro para trabajadores extranjeros temporales de Les entreprises PITRE"},"content":{"rendered":"\t\t<div data-elementor-type=\"wp-post\" data-elementor-id=\"28395\" class=\"elementor elementor-28395 elementor-28374\" data-elementor-post-type=\"post\">\n\t\t\t\t\t\t<section class=\"elementor-section elementor-top-section elementor-element elementor-element-37987b0 elementor-section-boxed elementor-section-height-default elementor-section-height-default\" data-id=\"37987b0\" data-element_type=\"section\" data-e-type=\"section\">\n\t\t\t\t\t\t<div class=\"elementor-container elementor-column-gap-default\">\n\t\t\t\t\t<div class=\"elementor-column elementor-col-100 elementor-top-column elementor-element elementor-element-1f0dd92\" data-id=\"1f0dd92\" data-element_type=\"column\" data-e-type=\"column\">\n\t\t\t<div class=\"elementor-widget-wrap elementor-element-populated\">\n\t\t\t\t\t\t<div class=\"elementor-element elementor-element-e33465e elementor-widget elementor-widget-text-editor\" data-id=\"e33465e\" data-element_type=\"widget\" data-e-type=\"widget\" data-widget_type=\"text-editor.default\">\n\t\t\t\t<div class=\"elementor-widget-container\">\n\t\t\t\t\t\t\t\t\t<p><span style=\"font-weight: 400;\">El s\u00e1bado 28 de marzo de 2026, se llev\u00f3 a cabo en Mont-Laurier una jornada de descubrimiento y bienestar dirigida a trabajadores extranjeros temporales (TET) vinculados a Les Entreprises PITRE. La actividad se desarroll\u00f3 en el gimnasio de la escuela polivalente de la ciudad, reuniendo a los participantes en un ambiente de convivencia, deporte e intercambio.<\/span><\/p>\n<p><span style=\"font-weight: 400;\">La iniciativa tuvo como objetivo principal ofrecer a los trabajadores un espacio distinto al entorno laboral, permiti\u00e9ndoles compartir entre colegas, fortalecer v\u00ednculos y participar en actividades recreativas que favorecieran la cohesi\u00f3n del grupo. El deporte, en particular el f\u00fatbol, se convirti\u00f3 en una herramienta clave para generar cercan\u00eda, integraci\u00f3n y un momento de desconexi\u00f3n positiva.<\/span><\/p>\n<p><span style=\"font-weight: 400;\">Paralelamente, la jornada incluy\u00f3 espacios de sensibilizaci\u00f3n sobre la salud mental y la salud p\u00fablica, subrayando la importancia del bienestar integral, el autocuidado y la prevenci\u00f3n, especialmente en el caso de personas que viven una experiencia migratoria lejos de su pa\u00eds de origen.<\/span><\/p>\n\t\t\t\t\t\t\t\t<\/div>\n\t\t\t\t<\/div>\n\t\t\t\t<section class=\"elementor-section elementor-inner-section elementor-element elementor-element-7ac43e2 elementor-section-boxed elementor-section-height-default elementor-section-height-default\" data-id=\"7ac43e2\" data-element_type=\"section\" data-e-type=\"section\">\n\t\t\t\t\t\t<div class=\"elementor-container elementor-column-gap-default\">\n\t\t\t\t\t<div class=\"elementor-column elementor-col-50 elementor-inner-column elementor-element elementor-element-9d4a4ed\" data-id=\"9d4a4ed\" data-element_type=\"column\" data-e-type=\"column\">\n\t\t\t<div class=\"elementor-widget-wrap elementor-element-populated\">\n\t\t\t\t\t\t<div class=\"elementor-element elementor-element-75bf422 elementor-widget elementor-widget-image\" data-id=\"75bf422\" data-element_type=\"widget\" data-e-type=\"widget\" data-widget_type=\"image.default\">\n\t\t\t\t<div class=\"elementor-widget-container\">\n\t\t\t\t\t\t\t\t\t\t\t\t\t\t\t<img fetchpriority=\"high\" decoding=\"async\" width=\"702\" height=\"526\" src=\"https:\/\/www.infotetquebec.com\/wp-content\/uploads\/2026\/04\/bab5c68b-e472-4cc9-8713-044d1629e74a-702x526.jpg\" class=\"attachment-genesis-singular-images size-genesis-singular-images wp-image-28384\" alt=\"\" \/>\t\t\t\t\t\t\t\t\t\t\t\t\t\t\t<\/div>\n\t\t\t\t<\/div>\n\t\t\t\t\t<\/div>\n\t\t<\/div>\n\t\t\t\t<div class=\"elementor-column elementor-col-50 elementor-inner-column elementor-element elementor-element-05c4c4e\" data-id=\"05c4c4e\" data-element_type=\"column\" data-e-type=\"column\">\n\t\t\t<div class=\"elementor-widget-wrap elementor-element-populated\">\n\t\t\t\t\t\t<div class=\"elementor-element elementor-element-435585a elementor-widget elementor-widget-image\" data-id=\"435585a\" data-element_type=\"widget\" data-e-type=\"widget\" data-widget_type=\"image.default\">\n\t\t\t\t<div class=\"elementor-widget-container\">\n\t\t\t\t\t\t\t\t\t\t\t\t\t\t\t<img decoding=\"async\" width=\"702\" height=\"526\" src=\"https:\/\/www.infotetquebec.com\/wp-content\/uploads\/2026\/04\/cafla4-702x526.jpg\" class=\"attachment-genesis-singular-images size-genesis-singular-images wp-image-28387\" alt=\"\" \/>\t\t\t\t\t\t\t\t\t\t\t\t\t\t\t<\/div>\n\t\t\t\t<\/div>\n\t\t\t\t\t<\/div>\n\t\t<\/div>\n\t\t\t\t\t<\/div>\n\t\t<\/section>\n\t\t\t\t<div class=\"elementor-element elementor-element-8e69ee0 elementor-widget elementor-widget-text-editor\" data-id=\"8e69ee0\" data-element_type=\"widget\" data-e-type=\"widget\" data-widget_type=\"text-editor.default\">\n\t\t\t\t<div class=\"elementor-widget-container\">\n\t\t\t\t\t\t\t\t\t<p><span style=\"font-weight: 400;\">Desde la participaci\u00f3n de <\/span><a href=\"https:\/\/cafla.ca\/programme\/travailleurs-etrangers-temporaires-ptet-cafla\/\"><span style=\"font-weight: 400;\">(<\/span><b>CAFLA) Centre d&#8217;aide aux familles latino-am\u00e9ricaines<\/b><\/a><b>,<\/b><span style=\"font-weight: 400;\"> se comparti\u00f3 un enfoque orientado al bienestar f\u00edsico y emocional de los trabajadores, destacando la importancia de mantener un equilibrio saludable durante su experiencia laboral en Qu\u00e9bec. Este tipo de encuentros permite abrir di\u00e1logos significativos sobre las realidades que enfrentan los TET en su d\u00eda a d\u00eda.<\/span><\/p>\n<p><span style=\"font-weight: 400;\">La actividad cont\u00f3 adem\u00e1s con la colaboraci\u00f3n de organismos como <\/span><a href=\"https:\/\/www.siari.org\/\"><b>(SIARI) Service d&#8217;Interpr\u00e8te, d&#8217;aide et de R\u00e9f\u00e9rence aux immigrants<\/b><\/a> <span style=\"font-weight: 400;\">y <\/span><a href=\"https:\/\/www.cielaurentides.com\/\"><b>(CIE Laurentides) Centre d&#8217;int\u00e9gration en emploi Laurentides<\/b><\/a><span style=\"font-weight: 400;\">, cuyo compromiso y presencia contribuyeron de manera importante a la calidad del acompa\u00f1amiento ofrecido a los participantes. Su trabajo conjunto con otros actores refuerza la red de apoyo comunitario dirigida a los trabajadores extranjeros temporales.<\/span><\/p>\n<p><span style=\"font-weight: 400;\">M\u00e1s all\u00e1 del aspecto recreativo, la jornada se destac\u00f3 por ser un espacio humano de encuentro, escucha y respeto, donde los trabajadores pudieron compartir experiencias y sentirse acompa\u00f1ados dentro de su entorno laboral y comunitario.<\/span><\/p>\n\t\t\t\t\t\t\t\t<\/div>\n\t\t\t\t<\/div>\n\t\t\t\t<section class=\"elementor-section elementor-inner-section elementor-element elementor-element-582600e elementor-section-boxed elementor-section-height-default elementor-section-height-default\" data-id=\"582600e\" data-element_type=\"section\" data-e-type=\"section\">\n\t\t\t\t\t\t<div class=\"elementor-container elementor-column-gap-default\">\n\t\t\t\t\t<div class=\"elementor-column elementor-col-50 elementor-inner-column elementor-element elementor-element-a46ecde\" data-id=\"a46ecde\" data-element_type=\"column\" data-e-type=\"column\">\n\t\t\t<div class=\"elementor-widget-wrap elementor-element-populated\">\n\t\t\t\t\t\t<div class=\"elementor-element elementor-element-a7ac87d elementor-widget elementor-widget-text-editor\" data-id=\"a7ac87d\" data-element_type=\"widget\" data-e-type=\"widget\" data-widget_type=\"text-editor.default\">\n\t\t\t\t<div class=\"elementor-widget-container\">\n\t\t\t\t\t\t\t\t\t<p><span style=\"font-weight: 400;\">Desde la perspectiva de <\/span><a href=\"https:\/\/www.infotetquebec.com\/es\/\"><b>InfoTET<\/b><\/a><span style=\"font-weight: 400;\">, este tipo de actividades son fundamentales dentro del acompa\u00f1amiento integral a los Trabajadores Extranjeros Temporales. No solo permiten promover la salud f\u00edsica y mental, sino que tambi\u00e9n fortalecen el sentido de pertenencia, la integraci\u00f3n social y la creaci\u00f3n de redes de apoyo esenciales para su bienestar en Qu\u00e9bec.<\/span><\/p>\n<p><span style=\"font-weight: 400;\">Asimismo, se reconoce y valora profundamente el trabajo colaborativo de los organismos participantes, como <\/span><a href=\"https:\/\/cafla.ca\/programme\/travailleurs-etrangers-temporaires-ptet-cafla\/\"><b>CAFLA<\/b><\/a><span style=\"font-weight: 400;\">, <\/span><a href=\"https:\/\/www.siari.org\/\"><b>SIARI<\/b><\/a><b> y<\/b><a href=\"https:\/\/www.cielaurentides.com\/\"><b> CIE Laurentides<\/b><\/a><span style=\"font-weight: 400;\">, entre otros actores involucrados en el PSTM. Su compromiso activo demuestra la importancia del trabajo en red y del enfoque intersectorial para responder de manera m\u00e1s humana y efectiva a las necesidades de los TET.<\/span><\/p>\n<p><a href=\"https:\/\/www.infotetquebec.com\/es\/\"><b>InfoTET<\/b><\/a><span style=\"font-weight: 400;\"> de <\/span><a href=\"https:\/\/immigrantquebec.com\/fr\/\"><b>Immigrant Qu\u00e9bec<\/b><\/a><span style=\"font-weight: 400;\"> considera que estas iniciativas son enriquecedoras y necesarias, ya que contribuyen directamente a mejorar la calidad de vida de los trabajadores extranjeros temporales, fortaleciendo no solo su experiencia laboral, sino tambi\u00e9n su integraci\u00f3n social y comunitaria en la regi\u00f3n de los Laurentides y en todo Qu\u00e9bec.<\/span><\/p>\n\t\t\t\t\t\t\t\t<\/div>\n\t\t\t\t<\/div>\n\t\t\t\t\t<\/div>\n\t\t<\/div>\n\t\t\t\t<div class=\"elementor-column elementor-col-50 elementor-inner-column elementor-element elementor-element-071e195\" data-id=\"071e195\" data-element_type=\"column\" data-e-type=\"column\">\n\t\t\t<div class=\"elementor-widget-wrap elementor-element-populated\">\n\t\t\t\t\t\t<div class=\"elementor-element elementor-element-543497a elementor-widget elementor-widget-image\" data-id=\"543497a\" data-element_type=\"widget\" data-e-type=\"widget\" data-widget_type=\"image.default\">\n\t\t\t\t<div class=\"elementor-widget-container\">\n\t\t\t\t\t\t\t\t\t\t\t\t\t\t\t<img decoding=\"async\" width=\"1024\" height=\"768\" src=\"https:\/\/www.infotetquebec.com\/wp-content\/uploads\/2026\/04\/caflaportpitre-1024x768.jpg\" class=\"attachment-large size-large wp-image-28390\" alt=\"\" srcset=\"https:\/\/www.infotetquebec.com\/wp-content\/uploads\/2026\/04\/caflaportpitre-1024x768.jpg 1024w, https:\/\/www.infotetquebec.com\/wp-content\/uploads\/2026\/04\/caflaportpitre-300x225.jpg 300w, https:\/\/www.infotetquebec.com\/wp-content\/uploads\/2026\/04\/caflaportpitre-768x576.jpg 768w, https:\/\/www.infotetquebec.com\/wp-content\/uploads\/2026\/04\/caflaportpitre-1536x1152.jpg 1536w, https:\/\/www.infotetquebec.com\/wp-content\/uploads\/2026\/04\/caflaportpitre-702x526.jpg 702w, https:\/\/www.infotetquebec.com\/wp-content\/uploads\/2026\/04\/caflaportpitre.jpg 1600w\" sizes=\"(max-width: 1024px) 100vw, 1024px\" \/>\t\t\t\t\t\t\t\t\t\t\t\t\t\t\t<\/div>\n\t\t\t\t<\/div>\n\t\t\t\t\t<\/div>\n\t\t<\/div>\n\t\t\t\t\t<\/div>\n\t\t<\/section>\n\t\t\t\t\t<\/div>\n\t\t<\/div>\n\t\t\t\t\t<\/div>\n\t\t<\/section>\n\t\t\t\t<\/div>\n\t\t","protected":false},"excerpt":{"rendered":"<p>El s\u00e1bado 28 de marzo de 2026, se llev\u00f3 a cabo en Mont-Laurier una jornada de descubrimiento y bienestar dirigida a trabajadores extranjeros temporales (TET) vinculados a Les Entreprises PITRE&#8230;. <a class=\"more-link\" href=\"https:\/\/www.infotetquebec.com\/es\/mont-laurier-jornada-de-bienestar-y-encuentro-para-trabajadores-extranjeros-temporales-de-les-entreprises-pitre\/\">Leer m\u00e1s<\/a><\/p>\n","protected":false},"author":24,"featured_media":28377,"comment_status":"closed","ping_status":"open","sticky":false,"template":"","format":"standard","meta":{"_genesis_hide_title":false,"_genesis_hide_breadcrumbs":false,"_genesis_hide_singular_image":false,"_genesis_hide_footer_widgets":false,"_genesis_custom_body_class":"","_genesis_custom_post_class":"","_genesis_layout":"","footnotes":""},"categories":[54],"tags":[],"class_list":["post-28395","post","type-post","status-publish","format-standard","has-post-thumbnail","category-noticias","entry"],"yoast_head":"<!-- This site is optimized with the Yoast SEO plugin v27.5 - https:\/\/yoast.com\/product\/yoast-seo-wordpress\/ -->\n<title>Mont-Laurier \u2013 Jornada de bienestar y encuentro para trabajadores extranjeros temporales de Les entreprises PITRE - Infotetquebec<\/title>\n<meta name=\"robots\" content=\"index, follow, max-snippet:-1, max-image-preview:large, max-video-preview:-1\" \/>\n<link rel=\"canonical\" href=\"https:\/\/www.infotetquebec.com\/es\/mont-laurier-jornada-de-bienestar-y-encuentro-para-trabajadores-extranjeros-temporales-de-les-entreprises-pitre\/\" \/>\n<meta property=\"og:locale\" content=\"es_ES\" \/>\n<meta property=\"og:type\" content=\"article\" \/>\n<meta property=\"og:title\" content=\"Mont-Laurier \u2013 Jornada de bienestar y encuentro para trabajadores extranjeros temporales de Les entreprises PITRE - Infotetquebec\" \/>\n<meta property=\"og:description\" content=\"El s\u00e1bado 28 de marzo de 2026, se llev\u00f3 a cabo en Mont-Laurier una jornada de descubrimiento y bienestar dirigida a trabajadores extranjeros temporales (TET) vinculados a Les Entreprises PITRE.... Leer m\u00e1s\" \/>\n<meta property=\"og:url\" content=\"https:\/\/www.infotetquebec.com\/es\/mont-laurier-jornada-de-bienestar-y-encuentro-para-trabajadores-extranjeros-temporales-de-les-entreprises-pitre\/\" \/>\n<meta property=\"og:site_name\" content=\"Infotetquebec\" \/>\n<meta property=\"article:publisher\" content=\"https:\/\/www.facebook.com\/profile.php?id=100089616676260\" \/>\n<meta property=\"article:published_time\" content=\"2026-04-17T17:45:00+00:00\" \/>\n<meta property=\"article:modified_time\" content=\"2026-04-28T17:57:42+00:00\" \/>\n<meta property=\"og:image\" content=\"https:\/\/www.infotetquebec.com\/wp-content\/uploads\/2026\/04\/cafla1.jpg\" \/>\n\t<meta property=\"og:image:width\" content=\"2048\" \/>\n\t<meta property=\"og:image:height\" content=\"1480\" \/>\n\t<meta property=\"og:image:type\" content=\"image\/jpeg\" \/>\n<meta name=\"author\" content=\"Alejandra Salas\" \/>\n<meta name=\"twitter:card\" content=\"summary_large_image\" \/>\n<meta name=\"twitter:label1\" content=\"Escrito por\" \/>\n\t<meta name=\"twitter:data1\" content=\"Alejandra Salas\" \/>\n\t<meta name=\"twitter:label2\" content=\"Tiempo de lectura\" \/>\n\t<meta name=\"twitter:data2\" content=\"4 minutos\" \/>\n<script type=\"application\/ld+json\" class=\"yoast-schema-graph\">{\"@context\":\"https:\\\/\\\/schema.org\",\"@graph\":[{\"@type\":\"Article\",\"@id\":\"https:\\\/\\\/www.infotetquebec.com\\\/es\\\/mont-laurier-jornada-de-bienestar-y-encuentro-para-trabajadores-extranjeros-temporales-de-les-entreprises-pitre\\\/#article\",\"isPartOf\":{\"@id\":\"https:\\\/\\\/www.infotetquebec.com\\\/es\\\/mont-laurier-jornada-de-bienestar-y-encuentro-para-trabajadores-extranjeros-temporales-de-les-entreprises-pitre\\\/\"},\"author\":{\"name\":\"Alejandra Salas\",\"@id\":\"https:\\\/\\\/www.infotetquebec.com\\\/es\\\/#\\\/schema\\\/person\\\/4d7d5cae14ea1c0896c0d0a1f00a3f77\"},\"headline\":\"Mont-Laurier \u2013 Jornada de bienestar y encuentro para trabajadores extranjeros temporales de Les entreprises PITRE\",\"datePublished\":\"2026-04-17T17:45:00+00:00\",\"dateModified\":\"2026-04-28T17:57:42+00:00\",\"mainEntityOfPage\":{\"@id\":\"https:\\\/\\\/www.infotetquebec.com\\\/es\\\/mont-laurier-jornada-de-bienestar-y-encuentro-para-trabajadores-extranjeros-temporales-de-les-entreprises-pitre\\\/\"},\"wordCount\":521,\"publisher\":{\"@id\":\"https:\\\/\\\/www.infotetquebec.com\\\/es\\\/#organization\"},\"image\":{\"@id\":\"https:\\\/\\\/www.infotetquebec.com\\\/es\\\/mont-laurier-jornada-de-bienestar-y-encuentro-para-trabajadores-extranjeros-temporales-de-les-entreprises-pitre\\\/#primaryimage\"},\"thumbnailUrl\":\"https:\\\/\\\/www.infotetquebec.com\\\/wp-content\\\/uploads\\\/2026\\\/04\\\/cafla1.jpg\",\"articleSection\":[\"Art\u00edculos\"],\"inLanguage\":\"es\"},{\"@type\":\"WebPage\",\"@id\":\"https:\\\/\\\/www.infotetquebec.com\\\/es\\\/mont-laurier-jornada-de-bienestar-y-encuentro-para-trabajadores-extranjeros-temporales-de-les-entreprises-pitre\\\/\",\"url\":\"https:\\\/\\\/www.infotetquebec.com\\\/es\\\/mont-laurier-jornada-de-bienestar-y-encuentro-para-trabajadores-extranjeros-temporales-de-les-entreprises-pitre\\\/\",\"name\":\"Mont-Laurier \u2013 Jornada de bienestar y encuentro para trabajadores extranjeros temporales de Les entreprises PITRE - Infotetquebec\",\"isPartOf\":{\"@id\":\"https:\\\/\\\/www.infotetquebec.com\\\/es\\\/#website\"},\"primaryImageOfPage\":{\"@id\":\"https:\\\/\\\/www.infotetquebec.com\\\/es\\\/mont-laurier-jornada-de-bienestar-y-encuentro-para-trabajadores-extranjeros-temporales-de-les-entreprises-pitre\\\/#primaryimage\"},\"image\":{\"@id\":\"https:\\\/\\\/www.infotetquebec.com\\\/es\\\/mont-laurier-jornada-de-bienestar-y-encuentro-para-trabajadores-extranjeros-temporales-de-les-entreprises-pitre\\\/#primaryimage\"},\"thumbnailUrl\":\"https:\\\/\\\/www.infotetquebec.com\\\/wp-content\\\/uploads\\\/2026\\\/04\\\/cafla1.jpg\",\"datePublished\":\"2026-04-17T17:45:00+00:00\",\"dateModified\":\"2026-04-28T17:57:42+00:00\",\"breadcrumb\":{\"@id\":\"https:\\\/\\\/www.infotetquebec.com\\\/es\\\/mont-laurier-jornada-de-bienestar-y-encuentro-para-trabajadores-extranjeros-temporales-de-les-entreprises-pitre\\\/#breadcrumb\"},\"inLanguage\":\"es\",\"potentialAction\":[{\"@type\":\"ReadAction\",\"target\":[\"https:\\\/\\\/www.infotetquebec.com\\\/es\\\/mont-laurier-jornada-de-bienestar-y-encuentro-para-trabajadores-extranjeros-temporales-de-les-entreprises-pitre\\\/\"]}]},{\"@type\":\"ImageObject\",\"inLanguage\":\"es\",\"@id\":\"https:\\\/\\\/www.infotetquebec.com\\\/es\\\/mont-laurier-jornada-de-bienestar-y-encuentro-para-trabajadores-extranjeros-temporales-de-les-entreprises-pitre\\\/#primaryimage\",\"url\":\"https:\\\/\\\/www.infotetquebec.com\\\/wp-content\\\/uploads\\\/2026\\\/04\\\/cafla1.jpg\",\"contentUrl\":\"https:\\\/\\\/www.infotetquebec.com\\\/wp-content\\\/uploads\\\/2026\\\/04\\\/cafla1.jpg\",\"width\":2048,\"height\":1480},{\"@type\":\"BreadcrumbList\",\"@id\":\"https:\\\/\\\/www.infotetquebec.com\\\/es\\\/mont-laurier-jornada-de-bienestar-y-encuentro-para-trabajadores-extranjeros-temporales-de-les-entreprises-pitre\\\/#breadcrumb\",\"itemListElement\":[{\"@type\":\"ListItem\",\"position\":1,\"name\":\"Accueil\",\"item\":\"https:\\\/\\\/www.infotetquebec.com\\\/es\\\/\"},{\"@type\":\"ListItem\",\"position\":2,\"name\":\"Mont-Laurier \u2013 Jornada de bienestar y encuentro para trabajadores extranjeros temporales de Les entreprises PITRE\"}]},{\"@type\":\"WebSite\",\"@id\":\"https:\\\/\\\/www.infotetquebec.com\\\/es\\\/#website\",\"url\":\"https:\\\/\\\/www.infotetquebec.com\\\/es\\\/\",\"name\":\"Infotetquebec\",\"description\":\"Info et soutien aux TET\",\"publisher\":{\"@id\":\"https:\\\/\\\/www.infotetquebec.com\\\/es\\\/#organization\"},\"potentialAction\":[{\"@type\":\"SearchAction\",\"target\":{\"@type\":\"EntryPoint\",\"urlTemplate\":\"https:\\\/\\\/www.infotetquebec.com\\\/es\\\/?s={search_term_string}\"},\"query-input\":{\"@type\":\"PropertyValueSpecification\",\"valueRequired\":true,\"valueName\":\"search_term_string\"}}],\"inLanguage\":\"es\"},{\"@type\":\"Organization\",\"@id\":\"https:\\\/\\\/www.infotetquebec.com\\\/es\\\/#organization\",\"name\":\"InfoTETQuebec\",\"url\":\"https:\\\/\\\/www.infotetquebec.com\\\/es\\\/\",\"logo\":{\"@type\":\"ImageObject\",\"inLanguage\":\"es\",\"@id\":\"https:\\\/\\\/www.infotetquebec.com\\\/es\\\/#\\\/schema\\\/logo\\\/image\\\/\",\"url\":\"https:\\\/\\\/www.infotetquebec.com\\\/wp-content\\\/uploads\\\/2021\\\/02\\\/cropped-IMQC_TET_Favicon_Fav-Icon_Fav-Icon-1.png\",\"contentUrl\":\"https:\\\/\\\/www.infotetquebec.com\\\/wp-content\\\/uploads\\\/2021\\\/02\\\/cropped-IMQC_TET_Favicon_Fav-Icon_Fav-Icon-1.png\",\"width\":512,\"height\":512,\"caption\":\"InfoTETQuebec\"},\"image\":{\"@id\":\"https:\\\/\\\/www.infotetquebec.com\\\/es\\\/#\\\/schema\\\/logo\\\/image\\\/\"},\"sameAs\":[\"https:\\\/\\\/www.facebook.com\\\/profile.php?id=100089616676260\"]},{\"@type\":\"Person\",\"@id\":\"https:\\\/\\\/www.infotetquebec.com\\\/es\\\/#\\\/schema\\\/person\\\/4d7d5cae14ea1c0896c0d0a1f00a3f77\",\"name\":\"Alejandra Salas\",\"image\":{\"@type\":\"ImageObject\",\"inLanguage\":\"es\",\"@id\":\"https:\\\/\\\/secure.gravatar.com\\\/avatar\\\/f4349ead7189b7991510bb355af676e7cf0f0627b750dbc8bcd4a69e99cd1341?s=96&d=mm&r=g\",\"url\":\"https:\\\/\\\/secure.gravatar.com\\\/avatar\\\/f4349ead7189b7991510bb355af676e7cf0f0627b750dbc8bcd4a69e99cd1341?s=96&d=mm&r=g\",\"contentUrl\":\"https:\\\/\\\/secure.gravatar.com\\\/avatar\\\/f4349ead7189b7991510bb355af676e7cf0f0627b750dbc8bcd4a69e99cd1341?s=96&d=mm&r=g\",\"caption\":\"Alejandra Salas\"},\"url\":\"https:\\\/\\\/www.infotetquebec.com\\\/es\\\/author\\\/alejandra-salas\\\/\"}]}<\/script>\n<!-- \/ Yoast SEO plugin. -->","yoast_head_json":{"title":"Mont-Laurier \u2013 Jornada de bienestar y encuentro para trabajadores extranjeros temporales de Les entreprises PITRE - Infotetquebec","robots":{"index":"index","follow":"follow","max-snippet":"max-snippet:-1","max-image-preview":"max-image-preview:large","max-video-preview":"max-video-preview:-1"},"canonical":"https:\/\/www.infotetquebec.com\/es\/mont-laurier-jornada-de-bienestar-y-encuentro-para-trabajadores-extranjeros-temporales-de-les-entreprises-pitre\/","og_locale":"es_ES","og_type":"article","og_title":"Mont-Laurier \u2013 Jornada de bienestar y encuentro para trabajadores extranjeros temporales de Les entreprises PITRE - Infotetquebec","og_description":"El s\u00e1bado 28 de marzo de 2026, se llev\u00f3 a cabo en Mont-Laurier una jornada de descubrimiento y bienestar dirigida a trabajadores extranjeros temporales (TET) vinculados a Les Entreprises PITRE.... Leer m\u00e1s","og_url":"https:\/\/www.infotetquebec.com\/es\/mont-laurier-jornada-de-bienestar-y-encuentro-para-trabajadores-extranjeros-temporales-de-les-entreprises-pitre\/","og_site_name":"Infotetquebec","article_publisher":"https:\/\/www.facebook.com\/profile.php?id=100089616676260","article_published_time":"2026-04-17T17:45:00+00:00","article_modified_time":"2026-04-28T17:57:42+00:00","og_image":[{"width":2048,"height":1480,"url":"https:\/\/www.infotetquebec.com\/wp-content\/uploads\/2026\/04\/cafla1.jpg","type":"image\/jpeg"}],"author":"Alejandra Salas","twitter_card":"summary_large_image","twitter_misc":{"Escrito por":"Alejandra Salas","Tiempo de lectura":"4 minutos"},"schema":{"@context":"https:\/\/schema.org","@graph":[{"@type":"Article","@id":"https:\/\/www.infotetquebec.com\/es\/mont-laurier-jornada-de-bienestar-y-encuentro-para-trabajadores-extranjeros-temporales-de-les-entreprises-pitre\/#article","isPartOf":{"@id":"https:\/\/www.infotetquebec.com\/es\/mont-laurier-jornada-de-bienestar-y-encuentro-para-trabajadores-extranjeros-temporales-de-les-entreprises-pitre\/"},"author":{"name":"Alejandra Salas","@id":"https:\/\/www.infotetquebec.com\/es\/#\/schema\/person\/4d7d5cae14ea1c0896c0d0a1f00a3f77"},"headline":"Mont-Laurier \u2013 Jornada de bienestar y encuentro para trabajadores extranjeros temporales de Les entreprises PITRE","datePublished":"2026-04-17T17:45:00+00:00","dateModified":"2026-04-28T17:57:42+00:00","mainEntityOfPage":{"@id":"https:\/\/www.infotetquebec.com\/es\/mont-laurier-jornada-de-bienestar-y-encuentro-para-trabajadores-extranjeros-temporales-de-les-entreprises-pitre\/"},"wordCount":521,"publisher":{"@id":"https:\/\/www.infotetquebec.com\/es\/#organization"},"image":{"@id":"https:\/\/www.infotetquebec.com\/es\/mont-laurier-jornada-de-bienestar-y-encuentro-para-trabajadores-extranjeros-temporales-de-les-entreprises-pitre\/#primaryimage"},"thumbnailUrl":"https:\/\/www.infotetquebec.com\/wp-content\/uploads\/2026\/04\/cafla1.jpg","articleSection":["Art\u00edculos"],"inLanguage":"es"},{"@type":"WebPage","@id":"https:\/\/www.infotetquebec.com\/es\/mont-laurier-jornada-de-bienestar-y-encuentro-para-trabajadores-extranjeros-temporales-de-les-entreprises-pitre\/","url":"https:\/\/www.infotetquebec.com\/es\/mont-laurier-jornada-de-bienestar-y-encuentro-para-trabajadores-extranjeros-temporales-de-les-entreprises-pitre\/","name":"Mont-Laurier \u2013 Jornada de bienestar y encuentro para trabajadores extranjeros temporales de Les entreprises PITRE - Infotetquebec","isPartOf":{"@id":"https:\/\/www.infotetquebec.com\/es\/#website"},"primaryImageOfPage":{"@id":"https:\/\/www.infotetquebec.com\/es\/mont-laurier-jornada-de-bienestar-y-encuentro-para-trabajadores-extranjeros-temporales-de-les-entreprises-pitre\/#primaryimage"},"image":{"@id":"https:\/\/www.infotetquebec.com\/es\/mont-laurier-jornada-de-bienestar-y-encuentro-para-trabajadores-extranjeros-temporales-de-les-entreprises-pitre\/#primaryimage"},"thumbnailUrl":"https:\/\/www.infotetquebec.com\/wp-content\/uploads\/2026\/04\/cafla1.jpg","datePublished":"2026-04-17T17:45:00+00:00","dateModified":"2026-04-28T17:57:42+00:00","breadcrumb":{"@id":"https:\/\/www.infotetquebec.com\/es\/mont-laurier-jornada-de-bienestar-y-encuentro-para-trabajadores-extranjeros-temporales-de-les-entreprises-pitre\/#breadcrumb"},"inLanguage":"es","potentialAction":[{"@type":"ReadAction","target":["https:\/\/www.infotetquebec.com\/es\/mont-laurier-jornada-de-bienestar-y-encuentro-para-trabajadores-extranjeros-temporales-de-les-entreprises-pitre\/"]}]},{"@type":"ImageObject","inLanguage":"es","@id":"https:\/\/www.infotetquebec.com\/es\/mont-laurier-jornada-de-bienestar-y-encuentro-para-trabajadores-extranjeros-temporales-de-les-entreprises-pitre\/#primaryimage","url":"https:\/\/www.infotetquebec.com\/wp-content\/uploads\/2026\/04\/cafla1.jpg","contentUrl":"https:\/\/www.infotetquebec.com\/wp-content\/uploads\/2026\/04\/cafla1.jpg","width":2048,"height":1480},{"@type":"BreadcrumbList","@id":"https:\/\/www.infotetquebec.com\/es\/mont-laurier-jornada-de-bienestar-y-encuentro-para-trabajadores-extranjeros-temporales-de-les-entreprises-pitre\/#breadcrumb","itemListElement":[{"@type":"ListItem","position":1,"name":"Accueil","item":"https:\/\/www.infotetquebec.com\/es\/"},{"@type":"ListItem","position":2,"name":"Mont-Laurier \u2013 Jornada de bienestar y encuentro para trabajadores extranjeros temporales de Les entreprises PITRE"}]},{"@type":"WebSite","@id":"https:\/\/www.infotetquebec.com\/es\/#website","url":"https:\/\/www.infotetquebec.com\/es\/","name":"Infotetquebec","description":"Info et soutien aux TET","publisher":{"@id":"https:\/\/www.infotetquebec.com\/es\/#organization"},"potentialAction":[{"@type":"SearchAction","target":{"@type":"EntryPoint","urlTemplate":"https:\/\/www.infotetquebec.com\/es\/?s={search_term_string}"},"query-input":{"@type":"PropertyValueSpecification","valueRequired":true,"valueName":"search_term_string"}}],"inLanguage":"es"},{"@type":"Organization","@id":"https:\/\/www.infotetquebec.com\/es\/#organization","name":"InfoTETQuebec","url":"https:\/\/www.infotetquebec.com\/es\/","logo":{"@type":"ImageObject","inLanguage":"es","@id":"https:\/\/www.infotetquebec.com\/es\/#\/schema\/logo\/image\/","url":"https:\/\/www.infotetquebec.com\/wp-content\/uploads\/2021\/02\/cropped-IMQC_TET_Favicon_Fav-Icon_Fav-Icon-1.png","contentUrl":"https:\/\/www.infotetquebec.com\/wp-content\/uploads\/2021\/02\/cropped-IMQC_TET_Favicon_Fav-Icon_Fav-Icon-1.png","width":512,"height":512,"caption":"InfoTETQuebec"},"image":{"@id":"https:\/\/www.infotetquebec.com\/es\/#\/schema\/logo\/image\/"},"sameAs":["https:\/\/www.facebook.com\/profile.php?id=100089616676260"]},{"@type":"Person","@id":"https:\/\/www.infotetquebec.com\/es\/#\/schema\/person\/4d7d5cae14ea1c0896c0d0a1f00a3f77","name":"Alejandra Salas","image":{"@type":"ImageObject","inLanguage":"es","@id":"https:\/\/secure.gravatar.com\/avatar\/f4349ead7189b7991510bb355af676e7cf0f0627b750dbc8bcd4a69e99cd1341?s=96&d=mm&r=g","url":"https:\/\/secure.gravatar.com\/avatar\/f4349ead7189b7991510bb355af676e7cf0f0627b750dbc8bcd4a69e99cd1341?s=96&d=mm&r=g","contentUrl":"https:\/\/secure.gravatar.com\/avatar\/f4349ead7189b7991510bb355af676e7cf0f0627b750dbc8bcd4a69e99cd1341?s=96&d=mm&r=g","caption":"Alejandra Salas"},"url":"https:\/\/www.infotetquebec.com\/es\/author\/alejandra-salas\/"}]}},"rttpg_featured_image_url":{"full":["https:\/\/www.infotetquebec.com\/wp-content\/uploads\/2026\/04\/cafla1.jpg",2048,1480,false],"landscape":["https:\/\/www.infotetquebec.com\/wp-content\/uploads\/2026\/04\/cafla1.jpg",2048,1480,false],"portraits":["https:\/\/www.infotetquebec.com\/wp-content\/uploads\/2026\/04\/cafla1.jpg",2048,1480,false],"thumbnail":["https:\/\/www.infotetquebec.com\/wp-content\/uploads\/2026\/04\/cafla1-300x150.jpg",300,150,true],"medium":["https:\/\/www.infotetquebec.com\/wp-content\/uploads\/2026\/04\/cafla1-300x217.jpg",300,217,true],"large":["https:\/\/www.infotetquebec.com\/wp-content\/uploads\/2026\/04\/cafla1-1024x740.jpg",1024,740,true],"1536x1536":["https:\/\/www.infotetquebec.com\/wp-content\/uploads\/2026\/04\/cafla1-1536x1110.jpg",1536,1110,true],"2048x2048":["https:\/\/www.infotetquebec.com\/wp-content\/uploads\/2026\/04\/cafla1.jpg",2048,1480,false],"sidebar-featured":["https:\/\/www.infotetquebec.com\/wp-content\/uploads\/2026\/04\/cafla1-75x75.jpg",75,75,true],"genesis-singular-images":["https:\/\/www.infotetquebec.com\/wp-content\/uploads\/2026\/04\/cafla1-702x526.jpg",702,526,true]},"rttpg_author":{"display_name":"Alejandra Salas","author_link":"https:\/\/www.infotetquebec.com\/es\/author\/alejandra-salas\/"},"rttpg_comment":0,"rttpg_category":"<a href=\"https:\/\/www.infotetquebec.com\/es\/noticias\/\" rel=\"category tag\">Art\u00edculos<\/a>","rttpg_excerpt":"El s\u00e1bado 28 de marzo de 2026, se llev\u00f3 a cabo en Mont-Laurier una jornada de descubrimiento y bienestar dirigida a trabajadores extranjeros temporales (TET) vinculados a Les Entreprises PITRE.... Leer m\u00e1s","_links":{"self":[{"href":"https:\/\/www.infotetquebec.com\/es\/wp-json\/wp\/v2\/posts\/28395","targetHints":{"allow":["GET"]}}],"collection":[{"href":"https:\/\/www.infotetquebec.com\/es\/wp-json\/wp\/v2\/posts"}],"about":[{"href":"https:\/\/www.infotetquebec.com\/es\/wp-json\/wp\/v2\/types\/post"}],"author":[{"embeddable":true,"href":"https:\/\/www.infotetquebec.com\/es\/wp-json\/wp\/v2\/users\/24"}],"replies":[{"embeddable":true,"href":"https:\/\/www.infotetquebec.com\/es\/wp-json\/wp\/v2\/comments?post=28395"}],"version-history":[{"count":4,"href":"https:\/\/www.infotetquebec.com\/es\/wp-json\/wp\/v2\/posts\/28395\/revisions"}],"predecessor-version":[{"id":28403,"href":"https:\/\/www.infotetquebec.com\/es\/wp-json\/wp\/v2\/posts\/28395\/revisions\/28403"}],"wp:featuredmedia":[{"embeddable":true,"href":"https:\/\/www.infotetquebec.com\/es\/wp-json\/wp\/v2\/media\/28377"}],"wp:attachment":[{"href":"https:\/\/www.infotetquebec.com\/es\/wp-json\/wp\/v2\/media?parent=28395"}],"wp:term":[{"taxonomy":"category","embeddable":true,"href":"https:\/\/www.infotetquebec.com\/es\/wp-json\/wp\/v2\/categories?post=28395"},{"taxonomy":"post_tag","embeddable":true,"href":"https:\/\/www.infotetquebec.com\/es\/wp-json\/wp\/v2\/tags?post=28395"}],"curies":[{"name":"wp","href":"https:\/\/api.w.org\/{rel}","templated":true}]}}