{"id":28313,"date":"2026-04-15T15:03:31","date_gmt":"2026-04-15T19:03:31","guid":{"rendered":"https:\/\/www.infotetquebec.com\/comprender-las-deducciones-obligatorias-en-el-talon-de-pago-en-quebec-y-canada-para-trabajadores-extranjeros-temporales-tet\/"},"modified":"2026-04-27T15:05:48","modified_gmt":"2026-04-27T19:05:48","slug":"comprender-las-deducciones-obligatorias-en-el-talon-de-pago-en-quebec-y-canada-para-trabajadores-extranjeros-temporales-tet","status":"publish","type":"post","link":"https:\/\/www.infotetquebec.com\/es\/comprender-las-deducciones-obligatorias-en-el-talon-de-pago-en-quebec-y-canada-para-trabajadores-extranjeros-temporales-tet\/","title":{"rendered":"Comprender las deducciones obligatorias en el tal\u00f3n de pago en Qu\u00e9bec y Canad\u00e1 para Trabajadores Extranjeros Temporales (TET)"},"content":{"rendered":"\t\t<div data-elementor-type=\"wp-post\" data-elementor-id=\"28313\" class=\"elementor elementor-28313 elementor-28297\" data-elementor-post-type=\"post\">\n\t\t\t\t\t\t<section class=\"elementor-section elementor-top-section elementor-element elementor-element-2933b01 elementor-section-boxed elementor-section-height-default elementor-section-height-default\" data-id=\"2933b01\" data-element_type=\"section\" data-e-type=\"section\">\n\t\t\t\t\t\t<div class=\"elementor-container elementor-column-gap-default\">\n\t\t\t\t\t<div class=\"elementor-column elementor-col-100 elementor-top-column elementor-element elementor-element-67364b9\" data-id=\"67364b9\" data-element_type=\"column\" data-e-type=\"column\">\n\t\t\t<div class=\"elementor-widget-wrap elementor-element-populated\">\n\t\t\t\t\t\t<div class=\"elementor-element elementor-element-80f83a1 elementor-widget elementor-widget-text-editor\" data-id=\"80f83a1\" data-element_type=\"widget\" data-e-type=\"widget\" data-widget_type=\"text-editor.default\">\n\t\t\t\t<div class=\"elementor-widget-container\">\n\t\t\t\t\t\t\t\t\t<p><span style=\"font-weight: 400;\">Desde <\/span><a href=\"https:\/\/www.infotetquebec.com\/es\/\"><b>InfoTET<\/b><\/a><span style=\"font-weight: 400;\"> de <\/span><a href=\"https:\/\/immigrantquebec.com\/fr\/\"><b>Immigrant Qu\u00e9bec<\/b><\/a><span style=\"font-weight: 400;\">, sabemos que uno de los primeros contactos de los Trabajadores Extranjeros Temporales (TET) con el sistema laboral canadiense es su tal\u00f3n de pago. Muchas veces, las deducciones pueden generar dudas o preocupaciones, especialmente si no se explican desde el inicio.<\/span><\/p>\n<p><span style=\"font-weight: 400;\">En Canad\u00e1 y Qu\u00e9bec, estas deducciones no son opcionales: son <\/span><b>obligatorias por ley<\/b><span style=\"font-weight: 400;\"> y forman parte del sistema de protecci\u00f3n social del pa\u00eds. A continuaci\u00f3n, te explicamos las principales.<\/span><\/p>\n<p><span style=\"font-weight: 400;\">Todos los trabajadores en Canad\u00e1 deben pagar impuestos al gobierno federal y al gobierno de Qu\u00e9bec.<\/span><\/p>\n<p><b>El monto a pagar:<\/b><\/p>\n<ul>\n<li style=\"font-weight: 400;\" aria-level=\"1\"><span style=\"font-weight: 400;\">Es calculado por el gobierno de Canad\u00e1<\/span><\/li>\n<li style=\"font-weight: 400;\" aria-level=\"1\"><span style=\"font-weight: 400;\">Depende de tu salario total y tu situaci\u00f3n personal (estado civil, dependientes, etc.)<\/span><\/li>\n<\/ul>\n<p><b>Importante<\/b><span style=\"font-weight: 400;\">:\u00a0 Cuando realizas tu <\/span><b>declaraci\u00f3n de impuestos anual<\/b><span style=\"font-weight: 400;\">, el gobierno revisa lo que pagaste durante el a\u00f1o.<\/span><\/p>\n<ul>\n<li style=\"font-weight: 400;\" aria-level=\"1\"><span style=\"font-weight: 400;\">Si pagaste de m\u00e1s \u2192 puedes recibir un reembolso<\/span><\/li>\n<li style=\"font-weight: 400;\" aria-level=\"1\"><span style=\"font-weight: 400;\">Si pagaste de menos \u2192 deber\u00e1s pagar la diferencia<\/span><\/li>\n<\/ul>\n<p><b>El Seguro de Empleo<\/b><span style=\"font-weight: 400;\"> es una contribuci\u00f3n obligatoria para todas las personas que trabajan en Canad\u00e1. Este sistema permite:<\/span><\/p>\n<ul>\n<li style=\"font-weight: 400;\" aria-level=\"1\"><span style=\"font-weight: 400;\">Recibir apoyo financiero en caso de p\u00e9rdida de empleo (si cumples los requisitos)<\/span><\/li>\n<li style=\"font-weight: 400;\" aria-level=\"1\"><span style=\"font-weight: 400;\">Acceder a ciertos beneficios en situaciones espec\u00edficas<\/span><\/li>\n<\/ul>\n<p><span style=\"font-weight: 400;\">Es una protecci\u00f3n importante dentro del sistema laboral canadiense.<\/span><\/p>\n<p><span style=\"font-weight: 400;\">El <\/span><b>R\u00e9gimen de Retraite du Qu\u00e9bec <\/b><span style=\"font-weight: 400;\">(RRQ) es el sistema de jubilaci\u00f3n en la provincia.<\/span><\/p>\n<p><b>C\u00f3mo funciona:<\/b><\/p>\n<ul>\n<li style=\"font-weight: 400;\" aria-level=\"1\"><span style=\"font-weight: 400;\">El trabajador aporta una parte de su salario<\/span><\/li>\n<li style=\"font-weight: 400;\" aria-level=\"1\"><span style=\"font-weight: 400;\">El empleador aporta la misma cantidad<\/span><\/li>\n<\/ul>\n<p><span style=\"font-weight: 400;\">Esto significa que: Por cada d\u00f3lar que t\u00fa aportas, tu empleador aporta otro d\u00f3lar. Este sistema permite acumular derechos para recibir una pensi\u00f3n de jubilaci\u00f3n en el futuro.\u00a0 El monto final depende de lo que hayas aportado durante toda tu vida laboral en Canad\u00e1.<\/span><\/p>\n<p><span style=\"font-weight: 400;\">El <\/span><b>R\u00e9gimen Quebequense de Seguro Parental (<\/b><span style=\"font-weight: 400;\">RQAP) es un programa exclusivo de Qu\u00e9bec que ofrece apoyo econ\u00f3mico a los padres.<\/span><\/p>\n<p><span style=\"font-weight: 400;\">Permite:<\/span><\/p>\n<ul>\n<li style=\"font-weight: 400;\" aria-level=\"1\"><span style=\"font-weight: 400;\">Tomar un periodo de licencia tras el nacimiento o adopci\u00f3n de un hijo<\/span><\/li>\n<li style=\"font-weight: 400;\" aria-level=\"1\"><span style=\"font-weight: 400;\">Recibir un porcentaje de tu salario durante ese tiempo<\/span><\/li>\n<\/ul>\n<p><b>Importante<\/b><span style=\"font-weight: 400;\">: Para acceder a este beneficio debes:<\/span><\/p>\n<ul>\n<li style=\"font-weight: 400;\" aria-level=\"1\"><span style=\"font-weight: 400;\">Cumplir con los requisitos del programa<\/span><\/li>\n<li style=\"font-weight: 400;\" aria-level=\"1\"><span style=\"font-weight: 400;\">Haber realizado las contribuciones necesarias<\/span><\/li>\n<\/ul>\n<p><span style=\"font-weight: 400;\">Estas contribuciones no deben verse solo como descuentos, sino como parte de un sistema de protecci\u00f3n social que incluye:<\/span><\/p>\n<ul>\n<li style=\"font-weight: 400;\" aria-level=\"1\"><span style=\"font-weight: 400;\">Seguridad en caso de desempleo<\/span><\/li>\n<li style=\"font-weight: 400;\" aria-level=\"1\"><span style=\"font-weight: 400;\">Acceso a pensiones de jubilaci\u00f3n<\/span><\/li>\n<li style=\"font-weight: 400;\" aria-level=\"1\"><span style=\"font-weight: 400;\">Apoyo en momentos familiares importantes<\/span><\/li>\n<li style=\"font-weight: 400;\" aria-level=\"1\"><span style=\"font-weight: 400;\">Equidad en el sistema fiscal<\/span><\/li>\n<\/ul>\n\t\t\t\t\t\t\t\t<\/div>\n\t\t\t\t<\/div>\n\t\t\t\t<section class=\"elementor-section elementor-inner-section elementor-element elementor-element-69d4584 elementor-section-boxed elementor-section-height-default elementor-section-height-default\" data-id=\"69d4584\" data-element_type=\"section\" data-e-type=\"section\">\n\t\t\t\t\t\t<div class=\"elementor-container elementor-column-gap-default\">\n\t\t\t\t\t<div class=\"elementor-column elementor-col-100 elementor-inner-column elementor-element elementor-element-10da9b1\" data-id=\"10da9b1\" data-element_type=\"column\" data-e-type=\"column\">\n\t\t\t<div class=\"elementor-widget-wrap elementor-element-populated\">\n\t\t\t\t\t\t<div class=\"elementor-element elementor-element-4289b25 elementor-widget elementor-widget-image\" data-id=\"4289b25\" data-element_type=\"widget\" data-e-type=\"widget\" data-widget_type=\"image.default\">\n\t\t\t\t<div class=\"elementor-widget-container\">\n\t\t\t\t\t\t\t\t\t\t\t\t\t\t\t<img fetchpriority=\"high\" decoding=\"async\" width=\"768\" height=\"470\" src=\"https:\/\/www.infotetquebec.com\/wp-content\/uploads\/2026\/04\/Capture-decran-le-2026-04-27-a-14.18.00-768x470.png\" class=\"attachment-medium_large size-medium_large wp-image-28308\" alt=\"\" srcset=\"https:\/\/www.infotetquebec.com\/wp-content\/uploads\/2026\/04\/Capture-decran-le-2026-04-27-a-14.18.00-768x470.png 768w, https:\/\/www.infotetquebec.com\/wp-content\/uploads\/2026\/04\/Capture-decran-le-2026-04-27-a-14.18.00-300x184.png 300w, https:\/\/www.infotetquebec.com\/wp-content\/uploads\/2026\/04\/Capture-decran-le-2026-04-27-a-14.18.00-1024x627.png 1024w, https:\/\/www.infotetquebec.com\/wp-content\/uploads\/2026\/04\/Capture-decran-le-2026-04-27-a-14.18.00.png 1168w\" sizes=\"(max-width: 768px) 100vw, 768px\" \/>\t\t\t\t\t\t\t\t\t\t\t\t\t\t\t<\/div>\n\t\t\t\t<\/div>\n\t\t\t\t\t<\/div>\n\t\t<\/div>\n\t\t\t\t\t<\/div>\n\t\t<\/section>\n\t\t\t\t<div class=\"elementor-element elementor-element-8b8aa02 elementor-widget elementor-widget-text-editor\" data-id=\"8b8aa02\" data-element_type=\"widget\" data-e-type=\"widget\" data-widget_type=\"text-editor.default\">\n\t\t\t\t<div class=\"elementor-widget-container\">\n\t\t\t\t\t\t\t\t\t<p><span style=\"font-weight: 400;\">Entender tu tal\u00f3n de pago es un paso clave para tu integraci\u00f3n laboral en Qu\u00e9bec. Si eres TET, es normal tener dudas al inicio, pero conocer estas deducciones te permite comprender mejor tus derechos y obligaciones.<\/span><\/p>\n<p><span style=\"font-weight: 400;\">Desde <\/span><a href=\"https:\/\/www.infotetquebec.com\/es\/\"><b>InfoTET<\/b><\/a><span style=\"font-weight: 400;\"> de <\/span><a href=\"https:\/\/immigrantquebec.com\/fr\/\"><b>Immigrant Qu\u00e9bec<\/b><\/a><span style=\"font-weight: 400;\">, seguimos comprometidos a acompa\u00f1arte con informaci\u00f3n clara, confiable y accesible para que tu experiencia laboral en Qu\u00e9bec sea m\u00e1s segura y transparente.<\/span><\/p>\n\t\t\t\t\t\t\t\t<\/div>\n\t\t\t\t<\/div>\n\t\t\t\t<div class=\"elementor-element elementor-element-3c0ac5a elementor-widget elementor-widget-text-editor\" data-id=\"3c0ac5a\" data-element_type=\"widget\" data-e-type=\"widget\" data-widget_type=\"text-editor.default\">\n\t\t\t\t<div class=\"elementor-widget-container\">\n\t\t\t\t\t\t\t\t\t<p><em>Foto: <a href=\"https:\/\/www.cnesst.gouv.qc.ca\/fr\"><strong>CNESST<\/strong><\/a><\/em><\/p>\n\t\t\t\t\t\t\t\t<\/div>\n\t\t\t\t<\/div>\n\t\t\t\t\t<\/div>\n\t\t<\/div>\n\t\t\t\t\t<\/div>\n\t\t<\/section>\n\t\t\t\t<\/div>\n\t\t","protected":false},"excerpt":{"rendered":"<p>Desde InfoTET de Immigrant Qu\u00e9bec, sabemos que uno de los primeros contactos de los Trabajadores Extranjeros Temporales (TET) con el sistema laboral canadiense es su tal\u00f3n de pago. Muchas veces,&#8230; <a class=\"more-link\" href=\"https:\/\/www.infotetquebec.com\/es\/comprender-las-deducciones-obligatorias-en-el-talon-de-pago-en-quebec-y-canada-para-trabajadores-extranjeros-temporales-tet\/\">Leer m\u00e1s<\/a><\/p>\n","protected":false},"author":24,"featured_media":28304,"comment_status":"closed","ping_status":"open","sticky":false,"template":"","format":"standard","meta":{"_genesis_hide_title":false,"_genesis_hide_breadcrumbs":false,"_genesis_hide_singular_image":false,"_genesis_hide_footer_widgets":false,"_genesis_custom_body_class":"","_genesis_custom_post_class":"","_genesis_layout":"","footnotes":""},"categories":[54],"tags":[],"class_list":["post-28313","post","type-post","status-publish","format-standard","has-post-thumbnail","category-noticias","entry"],"yoast_head":"<!-- This site is optimized with the Yoast SEO plugin v27.5 - https:\/\/yoast.com\/product\/yoast-seo-wordpress\/ -->\n<title>Comprender las deducciones obligatorias en el tal\u00f3n de pago en Qu\u00e9bec y Canad\u00e1 para Trabajadores Extranjeros Temporales (TET) - Infotetquebec<\/title>\n<meta name=\"robots\" content=\"index, follow, max-snippet:-1, max-image-preview:large, max-video-preview:-1\" \/>\n<link rel=\"canonical\" href=\"https:\/\/www.infotetquebec.com\/es\/comprender-las-deducciones-obligatorias-en-el-talon-de-pago-en-quebec-y-canada-para-trabajadores-extranjeros-temporales-tet\/\" \/>\n<meta property=\"og:locale\" content=\"es_ES\" \/>\n<meta property=\"og:type\" content=\"article\" \/>\n<meta property=\"og:title\" content=\"Comprender las deducciones obligatorias en el tal\u00f3n de pago en Qu\u00e9bec y Canad\u00e1 para Trabajadores Extranjeros Temporales (TET) - Infotetquebec\" \/>\n<meta property=\"og:description\" content=\"Desde InfoTET de Immigrant Qu\u00e9bec, sabemos que uno de los primeros contactos de los Trabajadores Extranjeros Temporales (TET) con el sistema laboral canadiense es su tal\u00f3n de pago. Muchas veces,... Leer m\u00e1s\" \/>\n<meta property=\"og:url\" content=\"https:\/\/www.infotetquebec.com\/es\/comprender-las-deducciones-obligatorias-en-el-talon-de-pago-en-quebec-y-canada-para-trabajadores-extranjeros-temporales-tet\/\" \/>\n<meta property=\"og:site_name\" content=\"Infotetquebec\" \/>\n<meta property=\"article:publisher\" content=\"https:\/\/www.facebook.com\/profile.php?id=100089616676260\" \/>\n<meta property=\"article:published_time\" content=\"2026-04-15T19:03:31+00:00\" \/>\n<meta property=\"article:modified_time\" content=\"2026-04-27T19:05:48+00:00\" \/>\n<meta property=\"og:image\" content=\"https:\/\/www.infotetquebec.com\/wp-content\/uploads\/2026\/04\/port2.png\" \/>\n\t<meta property=\"og:image:width\" content=\"824\" \/>\n\t<meta property=\"og:image:height\" content=\"519\" \/>\n\t<meta property=\"og:image:type\" content=\"image\/png\" \/>\n<meta name=\"author\" content=\"Alejandra Salas\" \/>\n<meta name=\"twitter:card\" content=\"summary_large_image\" \/>\n<meta name=\"twitter:label1\" content=\"Escrito por\" \/>\n\t<meta name=\"twitter:data1\" content=\"Alejandra Salas\" \/>\n\t<meta name=\"twitter:label2\" content=\"Tiempo de lectura\" \/>\n\t<meta name=\"twitter:data2\" content=\"3 minutos\" \/>\n<script type=\"application\/ld+json\" class=\"yoast-schema-graph\">{\"@context\":\"https:\\\/\\\/schema.org\",\"@graph\":[{\"@type\":\"Article\",\"@id\":\"https:\\\/\\\/www.infotetquebec.com\\\/es\\\/comprender-las-deducciones-obligatorias-en-el-talon-de-pago-en-quebec-y-canada-para-trabajadores-extranjeros-temporales-tet\\\/#article\",\"isPartOf\":{\"@id\":\"https:\\\/\\\/www.infotetquebec.com\\\/es\\\/comprender-las-deducciones-obligatorias-en-el-talon-de-pago-en-quebec-y-canada-para-trabajadores-extranjeros-temporales-tet\\\/\"},\"author\":{\"name\":\"Alejandra Salas\",\"@id\":\"https:\\\/\\\/www.infotetquebec.com\\\/es\\\/#\\\/schema\\\/person\\\/4d7d5cae14ea1c0896c0d0a1f00a3f77\"},\"headline\":\"Comprender las deducciones obligatorias en el tal\u00f3n de pago en Qu\u00e9bec y Canad\u00e1 para Trabajadores Extranjeros Temporales (TET)\",\"datePublished\":\"2026-04-15T19:03:31+00:00\",\"dateModified\":\"2026-04-27T19:05:48+00:00\",\"mainEntityOfPage\":{\"@id\":\"https:\\\/\\\/www.infotetquebec.com\\\/es\\\/comprender-las-deducciones-obligatorias-en-el-talon-de-pago-en-quebec-y-canada-para-trabajadores-extranjeros-temporales-tet\\\/\"},\"wordCount\":493,\"publisher\":{\"@id\":\"https:\\\/\\\/www.infotetquebec.com\\\/es\\\/#organization\"},\"image\":{\"@id\":\"https:\\\/\\\/www.infotetquebec.com\\\/es\\\/comprender-las-deducciones-obligatorias-en-el-talon-de-pago-en-quebec-y-canada-para-trabajadores-extranjeros-temporales-tet\\\/#primaryimage\"},\"thumbnailUrl\":\"https:\\\/\\\/www.infotetquebec.com\\\/wp-content\\\/uploads\\\/2026\\\/04\\\/port2.png\",\"articleSection\":[\"Art\u00edculos\"],\"inLanguage\":\"es\"},{\"@type\":\"WebPage\",\"@id\":\"https:\\\/\\\/www.infotetquebec.com\\\/es\\\/comprender-las-deducciones-obligatorias-en-el-talon-de-pago-en-quebec-y-canada-para-trabajadores-extranjeros-temporales-tet\\\/\",\"url\":\"https:\\\/\\\/www.infotetquebec.com\\\/es\\\/comprender-las-deducciones-obligatorias-en-el-talon-de-pago-en-quebec-y-canada-para-trabajadores-extranjeros-temporales-tet\\\/\",\"name\":\"Comprender las deducciones obligatorias en el tal\u00f3n de pago en Qu\u00e9bec y Canad\u00e1 para Trabajadores Extranjeros Temporales (TET) - Infotetquebec\",\"isPartOf\":{\"@id\":\"https:\\\/\\\/www.infotetquebec.com\\\/es\\\/#website\"},\"primaryImageOfPage\":{\"@id\":\"https:\\\/\\\/www.infotetquebec.com\\\/es\\\/comprender-las-deducciones-obligatorias-en-el-talon-de-pago-en-quebec-y-canada-para-trabajadores-extranjeros-temporales-tet\\\/#primaryimage\"},\"image\":{\"@id\":\"https:\\\/\\\/www.infotetquebec.com\\\/es\\\/comprender-las-deducciones-obligatorias-en-el-talon-de-pago-en-quebec-y-canada-para-trabajadores-extranjeros-temporales-tet\\\/#primaryimage\"},\"thumbnailUrl\":\"https:\\\/\\\/www.infotetquebec.com\\\/wp-content\\\/uploads\\\/2026\\\/04\\\/port2.png\",\"datePublished\":\"2026-04-15T19:03:31+00:00\",\"dateModified\":\"2026-04-27T19:05:48+00:00\",\"breadcrumb\":{\"@id\":\"https:\\\/\\\/www.infotetquebec.com\\\/es\\\/comprender-las-deducciones-obligatorias-en-el-talon-de-pago-en-quebec-y-canada-para-trabajadores-extranjeros-temporales-tet\\\/#breadcrumb\"},\"inLanguage\":\"es\",\"potentialAction\":[{\"@type\":\"ReadAction\",\"target\":[\"https:\\\/\\\/www.infotetquebec.com\\\/es\\\/comprender-las-deducciones-obligatorias-en-el-talon-de-pago-en-quebec-y-canada-para-trabajadores-extranjeros-temporales-tet\\\/\"]}]},{\"@type\":\"ImageObject\",\"inLanguage\":\"es\",\"@id\":\"https:\\\/\\\/www.infotetquebec.com\\\/es\\\/comprender-las-deducciones-obligatorias-en-el-talon-de-pago-en-quebec-y-canada-para-trabajadores-extranjeros-temporales-tet\\\/#primaryimage\",\"url\":\"https:\\\/\\\/www.infotetquebec.com\\\/wp-content\\\/uploads\\\/2026\\\/04\\\/port2.png\",\"contentUrl\":\"https:\\\/\\\/www.infotetquebec.com\\\/wp-content\\\/uploads\\\/2026\\\/04\\\/port2.png\",\"width\":824,\"height\":519},{\"@type\":\"BreadcrumbList\",\"@id\":\"https:\\\/\\\/www.infotetquebec.com\\\/es\\\/comprender-las-deducciones-obligatorias-en-el-talon-de-pago-en-quebec-y-canada-para-trabajadores-extranjeros-temporales-tet\\\/#breadcrumb\",\"itemListElement\":[{\"@type\":\"ListItem\",\"position\":1,\"name\":\"Accueil\",\"item\":\"https:\\\/\\\/www.infotetquebec.com\\\/es\\\/\"},{\"@type\":\"ListItem\",\"position\":2,\"name\":\"Comprender las deducciones obligatorias en el tal\u00f3n de pago en Qu\u00e9bec y Canad\u00e1 para Trabajadores Extranjeros Temporales (TET)\"}]},{\"@type\":\"WebSite\",\"@id\":\"https:\\\/\\\/www.infotetquebec.com\\\/es\\\/#website\",\"url\":\"https:\\\/\\\/www.infotetquebec.com\\\/es\\\/\",\"name\":\"Infotetquebec\",\"description\":\"Info et soutien aux TET\",\"publisher\":{\"@id\":\"https:\\\/\\\/www.infotetquebec.com\\\/es\\\/#organization\"},\"potentialAction\":[{\"@type\":\"SearchAction\",\"target\":{\"@type\":\"EntryPoint\",\"urlTemplate\":\"https:\\\/\\\/www.infotetquebec.com\\\/es\\\/?s={search_term_string}\"},\"query-input\":{\"@type\":\"PropertyValueSpecification\",\"valueRequired\":true,\"valueName\":\"search_term_string\"}}],\"inLanguage\":\"es\"},{\"@type\":\"Organization\",\"@id\":\"https:\\\/\\\/www.infotetquebec.com\\\/es\\\/#organization\",\"name\":\"InfoTETQuebec\",\"url\":\"https:\\\/\\\/www.infotetquebec.com\\\/es\\\/\",\"logo\":{\"@type\":\"ImageObject\",\"inLanguage\":\"es\",\"@id\":\"https:\\\/\\\/www.infotetquebec.com\\\/es\\\/#\\\/schema\\\/logo\\\/image\\\/\",\"url\":\"https:\\\/\\\/www.infotetquebec.com\\\/wp-content\\\/uploads\\\/2021\\\/02\\\/cropped-IMQC_TET_Favicon_Fav-Icon_Fav-Icon-1.png\",\"contentUrl\":\"https:\\\/\\\/www.infotetquebec.com\\\/wp-content\\\/uploads\\\/2021\\\/02\\\/cropped-IMQC_TET_Favicon_Fav-Icon_Fav-Icon-1.png\",\"width\":512,\"height\":512,\"caption\":\"InfoTETQuebec\"},\"image\":{\"@id\":\"https:\\\/\\\/www.infotetquebec.com\\\/es\\\/#\\\/schema\\\/logo\\\/image\\\/\"},\"sameAs\":[\"https:\\\/\\\/www.facebook.com\\\/profile.php?id=100089616676260\"]},{\"@type\":\"Person\",\"@id\":\"https:\\\/\\\/www.infotetquebec.com\\\/es\\\/#\\\/schema\\\/person\\\/4d7d5cae14ea1c0896c0d0a1f00a3f77\",\"name\":\"Alejandra Salas\",\"image\":{\"@type\":\"ImageObject\",\"inLanguage\":\"es\",\"@id\":\"https:\\\/\\\/secure.gravatar.com\\\/avatar\\\/f4349ead7189b7991510bb355af676e7cf0f0627b750dbc8bcd4a69e99cd1341?s=96&d=mm&r=g\",\"url\":\"https:\\\/\\\/secure.gravatar.com\\\/avatar\\\/f4349ead7189b7991510bb355af676e7cf0f0627b750dbc8bcd4a69e99cd1341?s=96&d=mm&r=g\",\"contentUrl\":\"https:\\\/\\\/secure.gravatar.com\\\/avatar\\\/f4349ead7189b7991510bb355af676e7cf0f0627b750dbc8bcd4a69e99cd1341?s=96&d=mm&r=g\",\"caption\":\"Alejandra Salas\"},\"url\":\"https:\\\/\\\/www.infotetquebec.com\\\/es\\\/author\\\/alejandra-salas\\\/\"}]}<\/script>\n<!-- \/ Yoast SEO plugin. -->","yoast_head_json":{"title":"Comprender las deducciones obligatorias en el tal\u00f3n de pago en Qu\u00e9bec y Canad\u00e1 para Trabajadores Extranjeros Temporales (TET) - Infotetquebec","robots":{"index":"index","follow":"follow","max-snippet":"max-snippet:-1","max-image-preview":"max-image-preview:large","max-video-preview":"max-video-preview:-1"},"canonical":"https:\/\/www.infotetquebec.com\/es\/comprender-las-deducciones-obligatorias-en-el-talon-de-pago-en-quebec-y-canada-para-trabajadores-extranjeros-temporales-tet\/","og_locale":"es_ES","og_type":"article","og_title":"Comprender las deducciones obligatorias en el tal\u00f3n de pago en Qu\u00e9bec y Canad\u00e1 para Trabajadores Extranjeros Temporales (TET) - Infotetquebec","og_description":"Desde InfoTET de Immigrant Qu\u00e9bec, sabemos que uno de los primeros contactos de los Trabajadores Extranjeros Temporales (TET) con el sistema laboral canadiense es su tal\u00f3n de pago. Muchas veces,... Leer m\u00e1s","og_url":"https:\/\/www.infotetquebec.com\/es\/comprender-las-deducciones-obligatorias-en-el-talon-de-pago-en-quebec-y-canada-para-trabajadores-extranjeros-temporales-tet\/","og_site_name":"Infotetquebec","article_publisher":"https:\/\/www.facebook.com\/profile.php?id=100089616676260","article_published_time":"2026-04-15T19:03:31+00:00","article_modified_time":"2026-04-27T19:05:48+00:00","og_image":[{"width":824,"height":519,"url":"https:\/\/www.infotetquebec.com\/wp-content\/uploads\/2026\/04\/port2.png","type":"image\/png"}],"author":"Alejandra Salas","twitter_card":"summary_large_image","twitter_misc":{"Escrito por":"Alejandra Salas","Tiempo de lectura":"3 minutos"},"schema":{"@context":"https:\/\/schema.org","@graph":[{"@type":"Article","@id":"https:\/\/www.infotetquebec.com\/es\/comprender-las-deducciones-obligatorias-en-el-talon-de-pago-en-quebec-y-canada-para-trabajadores-extranjeros-temporales-tet\/#article","isPartOf":{"@id":"https:\/\/www.infotetquebec.com\/es\/comprender-las-deducciones-obligatorias-en-el-talon-de-pago-en-quebec-y-canada-para-trabajadores-extranjeros-temporales-tet\/"},"author":{"name":"Alejandra Salas","@id":"https:\/\/www.infotetquebec.com\/es\/#\/schema\/person\/4d7d5cae14ea1c0896c0d0a1f00a3f77"},"headline":"Comprender las deducciones obligatorias en el tal\u00f3n de pago en Qu\u00e9bec y Canad\u00e1 para Trabajadores Extranjeros Temporales (TET)","datePublished":"2026-04-15T19:03:31+00:00","dateModified":"2026-04-27T19:05:48+00:00","mainEntityOfPage":{"@id":"https:\/\/www.infotetquebec.com\/es\/comprender-las-deducciones-obligatorias-en-el-talon-de-pago-en-quebec-y-canada-para-trabajadores-extranjeros-temporales-tet\/"},"wordCount":493,"publisher":{"@id":"https:\/\/www.infotetquebec.com\/es\/#organization"},"image":{"@id":"https:\/\/www.infotetquebec.com\/es\/comprender-las-deducciones-obligatorias-en-el-talon-de-pago-en-quebec-y-canada-para-trabajadores-extranjeros-temporales-tet\/#primaryimage"},"thumbnailUrl":"https:\/\/www.infotetquebec.com\/wp-content\/uploads\/2026\/04\/port2.png","articleSection":["Art\u00edculos"],"inLanguage":"es"},{"@type":"WebPage","@id":"https:\/\/www.infotetquebec.com\/es\/comprender-las-deducciones-obligatorias-en-el-talon-de-pago-en-quebec-y-canada-para-trabajadores-extranjeros-temporales-tet\/","url":"https:\/\/www.infotetquebec.com\/es\/comprender-las-deducciones-obligatorias-en-el-talon-de-pago-en-quebec-y-canada-para-trabajadores-extranjeros-temporales-tet\/","name":"Comprender las deducciones obligatorias en el tal\u00f3n de pago en Qu\u00e9bec y Canad\u00e1 para Trabajadores Extranjeros Temporales (TET) - Infotetquebec","isPartOf":{"@id":"https:\/\/www.infotetquebec.com\/es\/#website"},"primaryImageOfPage":{"@id":"https:\/\/www.infotetquebec.com\/es\/comprender-las-deducciones-obligatorias-en-el-talon-de-pago-en-quebec-y-canada-para-trabajadores-extranjeros-temporales-tet\/#primaryimage"},"image":{"@id":"https:\/\/www.infotetquebec.com\/es\/comprender-las-deducciones-obligatorias-en-el-talon-de-pago-en-quebec-y-canada-para-trabajadores-extranjeros-temporales-tet\/#primaryimage"},"thumbnailUrl":"https:\/\/www.infotetquebec.com\/wp-content\/uploads\/2026\/04\/port2.png","datePublished":"2026-04-15T19:03:31+00:00","dateModified":"2026-04-27T19:05:48+00:00","breadcrumb":{"@id":"https:\/\/www.infotetquebec.com\/es\/comprender-las-deducciones-obligatorias-en-el-talon-de-pago-en-quebec-y-canada-para-trabajadores-extranjeros-temporales-tet\/#breadcrumb"},"inLanguage":"es","potentialAction":[{"@type":"ReadAction","target":["https:\/\/www.infotetquebec.com\/es\/comprender-las-deducciones-obligatorias-en-el-talon-de-pago-en-quebec-y-canada-para-trabajadores-extranjeros-temporales-tet\/"]}]},{"@type":"ImageObject","inLanguage":"es","@id":"https:\/\/www.infotetquebec.com\/es\/comprender-las-deducciones-obligatorias-en-el-talon-de-pago-en-quebec-y-canada-para-trabajadores-extranjeros-temporales-tet\/#primaryimage","url":"https:\/\/www.infotetquebec.com\/wp-content\/uploads\/2026\/04\/port2.png","contentUrl":"https:\/\/www.infotetquebec.com\/wp-content\/uploads\/2026\/04\/port2.png","width":824,"height":519},{"@type":"BreadcrumbList","@id":"https:\/\/www.infotetquebec.com\/es\/comprender-las-deducciones-obligatorias-en-el-talon-de-pago-en-quebec-y-canada-para-trabajadores-extranjeros-temporales-tet\/#breadcrumb","itemListElement":[{"@type":"ListItem","position":1,"name":"Accueil","item":"https:\/\/www.infotetquebec.com\/es\/"},{"@type":"ListItem","position":2,"name":"Comprender las deducciones obligatorias en el tal\u00f3n de pago en Qu\u00e9bec y Canad\u00e1 para Trabajadores Extranjeros Temporales (TET)"}]},{"@type":"WebSite","@id":"https:\/\/www.infotetquebec.com\/es\/#website","url":"https:\/\/www.infotetquebec.com\/es\/","name":"Infotetquebec","description":"Info et soutien aux TET","publisher":{"@id":"https:\/\/www.infotetquebec.com\/es\/#organization"},"potentialAction":[{"@type":"SearchAction","target":{"@type":"EntryPoint","urlTemplate":"https:\/\/www.infotetquebec.com\/es\/?s={search_term_string}"},"query-input":{"@type":"PropertyValueSpecification","valueRequired":true,"valueName":"search_term_string"}}],"inLanguage":"es"},{"@type":"Organization","@id":"https:\/\/www.infotetquebec.com\/es\/#organization","name":"InfoTETQuebec","url":"https:\/\/www.infotetquebec.com\/es\/","logo":{"@type":"ImageObject","inLanguage":"es","@id":"https:\/\/www.infotetquebec.com\/es\/#\/schema\/logo\/image\/","url":"https:\/\/www.infotetquebec.com\/wp-content\/uploads\/2021\/02\/cropped-IMQC_TET_Favicon_Fav-Icon_Fav-Icon-1.png","contentUrl":"https:\/\/www.infotetquebec.com\/wp-content\/uploads\/2021\/02\/cropped-IMQC_TET_Favicon_Fav-Icon_Fav-Icon-1.png","width":512,"height":512,"caption":"InfoTETQuebec"},"image":{"@id":"https:\/\/www.infotetquebec.com\/es\/#\/schema\/logo\/image\/"},"sameAs":["https:\/\/www.facebook.com\/profile.php?id=100089616676260"]},{"@type":"Person","@id":"https:\/\/www.infotetquebec.com\/es\/#\/schema\/person\/4d7d5cae14ea1c0896c0d0a1f00a3f77","name":"Alejandra Salas","image":{"@type":"ImageObject","inLanguage":"es","@id":"https:\/\/secure.gravatar.com\/avatar\/f4349ead7189b7991510bb355af676e7cf0f0627b750dbc8bcd4a69e99cd1341?s=96&d=mm&r=g","url":"https:\/\/secure.gravatar.com\/avatar\/f4349ead7189b7991510bb355af676e7cf0f0627b750dbc8bcd4a69e99cd1341?s=96&d=mm&r=g","contentUrl":"https:\/\/secure.gravatar.com\/avatar\/f4349ead7189b7991510bb355af676e7cf0f0627b750dbc8bcd4a69e99cd1341?s=96&d=mm&r=g","caption":"Alejandra Salas"},"url":"https:\/\/www.infotetquebec.com\/es\/author\/alejandra-salas\/"}]}},"rttpg_featured_image_url":{"full":["https:\/\/www.infotetquebec.com\/wp-content\/uploads\/2026\/04\/port2.png",824,519,false],"landscape":["https:\/\/www.infotetquebec.com\/wp-content\/uploads\/2026\/04\/port2.png",824,519,false],"portraits":["https:\/\/www.infotetquebec.com\/wp-content\/uploads\/2026\/04\/port2.png",824,519,false],"thumbnail":["https:\/\/www.infotetquebec.com\/wp-content\/uploads\/2026\/04\/port2-300x150.png",300,150,true],"medium":["https:\/\/www.infotetquebec.com\/wp-content\/uploads\/2026\/04\/port2-300x189.png",300,189,true],"large":["https:\/\/www.infotetquebec.com\/wp-content\/uploads\/2026\/04\/port2.png",824,519,false],"1536x1536":["https:\/\/www.infotetquebec.com\/wp-content\/uploads\/2026\/04\/port2.png",824,519,false],"2048x2048":["https:\/\/www.infotetquebec.com\/wp-content\/uploads\/2026\/04\/port2.png",824,519,false],"sidebar-featured":["https:\/\/www.infotetquebec.com\/wp-content\/uploads\/2026\/04\/port2-75x75.png",75,75,true],"genesis-singular-images":["https:\/\/www.infotetquebec.com\/wp-content\/uploads\/2026\/04\/port2-702x519.png",702,519,true]},"rttpg_author":{"display_name":"Alejandra Salas","author_link":"https:\/\/www.infotetquebec.com\/es\/author\/alejandra-salas\/"},"rttpg_comment":0,"rttpg_category":"<a href=\"https:\/\/www.infotetquebec.com\/es\/noticias\/\" rel=\"category tag\">Art\u00edculos<\/a>","rttpg_excerpt":"Desde InfoTET de Immigrant Qu\u00e9bec, sabemos que uno de los primeros contactos de los Trabajadores Extranjeros Temporales (TET) con el sistema laboral canadiense es su tal\u00f3n de pago. Muchas veces,... Leer m\u00e1s","_links":{"self":[{"href":"https:\/\/www.infotetquebec.com\/es\/wp-json\/wp\/v2\/posts\/28313","targetHints":{"allow":["GET"]}}],"collection":[{"href":"https:\/\/www.infotetquebec.com\/es\/wp-json\/wp\/v2\/posts"}],"about":[{"href":"https:\/\/www.infotetquebec.com\/es\/wp-json\/wp\/v2\/types\/post"}],"author":[{"embeddable":true,"href":"https:\/\/www.infotetquebec.com\/es\/wp-json\/wp\/v2\/users\/24"}],"replies":[{"embeddable":true,"href":"https:\/\/www.infotetquebec.com\/es\/wp-json\/wp\/v2\/comments?post=28313"}],"version-history":[{"count":4,"href":"https:\/\/www.infotetquebec.com\/es\/wp-json\/wp\/v2\/posts\/28313\/revisions"}],"predecessor-version":[{"id":28322,"href":"https:\/\/www.infotetquebec.com\/es\/wp-json\/wp\/v2\/posts\/28313\/revisions\/28322"}],"wp:featuredmedia":[{"embeddable":true,"href":"https:\/\/www.infotetquebec.com\/es\/wp-json\/wp\/v2\/media\/28304"}],"wp:attachment":[{"href":"https:\/\/www.infotetquebec.com\/es\/wp-json\/wp\/v2\/media?parent=28313"}],"wp:term":[{"taxonomy":"category","embeddable":true,"href":"https:\/\/www.infotetquebec.com\/es\/wp-json\/wp\/v2\/categories?post=28313"},{"taxonomy":"post_tag","embeddable":true,"href":"https:\/\/www.infotetquebec.com\/es\/wp-json\/wp\/v2\/tags?post=28313"}],"curies":[{"name":"wp","href":"https:\/\/api.w.org\/{rel}","templated":true}]}}