{"id":26273,"date":"2026-01-29T15:23:43","date_gmt":"2026-01-29T20:23:43","guid":{"rendered":"https:\/\/www.infotetquebec.com\/ferme-contigo-un-actor-esencial-en-el-acompanamiento-a-los-trabajadores-extranjeros-temporales-dentro-del-pstm\/"},"modified":"2026-02-02T15:28:05","modified_gmt":"2026-02-02T20:28:05","slug":"ferme-contigo-un-actor-esencial-en-el-acompanamiento-a-los-trabajadores-extranjeros-temporales-dentro-del-pstm","status":"publish","type":"post","link":"https:\/\/www.infotetquebec.com\/es\/ferme-contigo-un-actor-esencial-en-el-acompanamiento-a-los-trabajadores-extranjeros-temporales-dentro-del-pstm\/","title":{"rendered":"FERME Contigo: un actor esencial en el acompa\u00f1amiento a los Trabajadores Extranjeros Temporales dentro del PSTM"},"content":{"rendered":"\t\t<div data-elementor-type=\"wp-post\" data-elementor-id=\"26273\" class=\"elementor elementor-26273 elementor-26230\" data-elementor-post-type=\"post\">\n\t\t\t\t\t\t<section class=\"elementor-section elementor-top-section elementor-element elementor-element-3f6e94a elementor-section-boxed elementor-section-height-default elementor-section-height-default\" data-id=\"3f6e94a\" data-element_type=\"section\" data-e-type=\"section\">\n\t\t\t\t\t\t<div class=\"elementor-container elementor-column-gap-default\">\n\t\t\t\t\t<div class=\"elementor-column elementor-col-100 elementor-top-column elementor-element elementor-element-ad863ef\" data-id=\"ad863ef\" data-element_type=\"column\" data-e-type=\"column\">\n\t\t\t<div class=\"elementor-widget-wrap elementor-element-populated\">\n\t\t\t\t\t\t<div class=\"elementor-element elementor-element-2397a8b elementor-widget elementor-widget-text-editor\" data-id=\"2397a8b\" data-element_type=\"widget\" data-e-type=\"widget\" data-widget_type=\"text-editor.default\">\n\t\t\t\t<div class=\"elementor-widget-container\">\n\t\t\t\t\t\t\t\t\t<p><span style=\"font-weight: 400;\">En <\/span><a href=\"https:\/\/www.infotetquebec.com\/es\/\"><b>InfoTET<\/b><\/a><span style=\"font-weight: 400;\">, como parte del programa <\/span><b>PSTM<\/b><span style=\"font-weight: 400;\">, trabajamos para fortalecer la red de apoyo destinada a los <\/span><b>Trabajadores Extranjeros Temporales (TET)<\/b><span style=\"font-weight: 400;\"> en Quebec, promoviendo su bienestar, protecci\u00f3n de derechos e integraci\u00f3n segura. En este marco, <\/span><a href=\"https:\/\/www.fermequebec.ca\/\"><b>FERME Contigo<\/b><\/a><span style=\"font-weight: 400;\"> se ha consolidado como un <\/span><b>aliado estrat\u00e9gico fundamental<\/b><span style=\"font-weight: 400;\">, cuya participaci\u00f3n activa y constante ha contribuido de manera significativa al acompa\u00f1amiento humano, social y pr\u00e1ctico de los trabajadores durante toda su estancia en la provincia.<\/span><\/p>\n<p><a href=\"https:\/\/www.fermequebec.ca\/\"><b>FERME Contigo<\/b><\/a><span style=\"font-weight: 400;\">, proyecto de la <\/span><a href=\"https:\/\/www.fermequebec.ca\/\"><b>Fondation des Entreprises en Recrutement de Main-d&#8217;\u0153uvre agricole \u00e9trang\u00e8re (FERME)<\/b><\/a><span style=\"font-weight: 400;\">, desarrolla un enfoque integral que combina <\/span><b>prevenci\u00f3n, informaci\u00f3n, acompa\u00f1amiento en terreno y apoyo personalizado<\/b><span style=\"font-weight: 400;\">, complementando la labor de <\/span><a href=\"https:\/\/www.infotetquebec.com\/es\/\"><span style=\"font-weight: 400;\">InfoTET<\/span><\/a><span style=\"font-weight: 400;\"> dentro del PSTM. Su presencia continua permite ofrecer a los TET <\/span><b>orientaci\u00f3n clara, recursos \u00fatiles y un espacio de confianza<\/b><span style=\"font-weight: 400;\">, favoreciendo una experiencia laboral m\u00e1s segura, estable y positiva.<\/span><\/p>\n\t\t\t\t\t\t\t\t<\/div>\n\t\t\t\t<\/div>\n\t\t\t\t<section class=\"elementor-section elementor-inner-section elementor-element elementor-element-1bde506 elementor-section-boxed elementor-section-height-default elementor-section-height-default\" data-id=\"1bde506\" data-element_type=\"section\" data-e-type=\"section\">\n\t\t\t\t\t\t<div class=\"elementor-container elementor-column-gap-default\">\n\t\t\t\t\t<div class=\"elementor-column elementor-col-50 elementor-inner-column elementor-element elementor-element-a2bb16e\" data-id=\"a2bb16e\" data-element_type=\"column\" data-e-type=\"column\">\n\t\t\t<div class=\"elementor-widget-wrap elementor-element-populated\">\n\t\t\t\t\t\t<div class=\"elementor-element elementor-element-7cb5943 elementor-widget elementor-widget-text-editor\" data-id=\"7cb5943\" data-element_type=\"widget\" data-e-type=\"widget\" data-widget_type=\"text-editor.default\">\n\t\t\t\t<div class=\"elementor-widget-container\">\n\t\t\t\t\t\t\t\t\t<p><span style=\"font-weight: 400;\">Uno de los pilares m\u00e1s valiosos del trabajo de <\/span><a href=\"https:\/\/www.fermequebec.ca\/\"><b>FERME Contigo<\/b><\/a><span style=\"font-weight: 400;\"> es su <\/span><b>presencia directa en el aeropuerto<\/b><span style=\"font-weight: 400;\">, tanto <\/span><b>a la llegada de los trabajadores al inicio de la temporada como en su partida al finalizar su contrato<\/b><span style=\"font-weight: 400;\">. Este acompa\u00f1amiento permite brindar <\/span><b>orientaci\u00f3n inmediata, resolver dudas, ofrecer consejos pr\u00e1cticos y asegurar una transici\u00f3n tranquila y organizada<\/b><span style=\"font-weight: 400;\">, reforzando el sentimiento de apoyo, cercan\u00eda y seguridad desde el primer contacto con Quebec hasta su regreso a casa.<\/span><\/p>\n<p><span style=\"font-weight: 400;\">Estos momentos representan espacios clave de escucha y orientaci\u00f3n, donde los trabajadores reciben <\/span><b>informaci\u00f3n \u00fatil sobre su integraci\u00f3n, condiciones de trabajo, salud, seguridad, adaptaci\u00f3n al entorno y planificaci\u00f3n financiera<\/b><span style=\"font-weight: 400;\">, contribuyendo a una experiencia m\u00e1s informada y positiva.<\/span><\/p>\n\t\t\t\t\t\t\t\t<\/div>\n\t\t\t\t<\/div>\n\t\t\t\t\t<\/div>\n\t\t<\/div>\n\t\t\t\t<div class=\"elementor-column elementor-col-50 elementor-inner-column elementor-element elementor-element-1f87542\" data-id=\"1f87542\" data-element_type=\"column\" data-e-type=\"column\">\n\t\t\t<div class=\"elementor-widget-wrap elementor-element-populated\">\n\t\t\t\t\t\t<div class=\"elementor-element elementor-element-5b5cbd2 elementor-widget elementor-widget-image\" data-id=\"5b5cbd2\" data-element_type=\"widget\" data-e-type=\"widget\" data-widget_type=\"image.default\">\n\t\t\t\t<div class=\"elementor-widget-container\">\n\t\t\t\t\t\t\t\t\t\t\t\t\t\t\t<img fetchpriority=\"high\" decoding=\"async\" width=\"1024\" height=\"768\" src=\"https:\/\/www.infotetquebec.com\/wp-content\/uploads\/2026\/01\/FERME6-1024x768.jpg\" class=\"attachment-large size-large wp-image-26247\" alt=\"\" srcset=\"https:\/\/www.infotetquebec.com\/wp-content\/uploads\/2026\/01\/FERME6-1024x768.jpg 1024w, https:\/\/www.infotetquebec.com\/wp-content\/uploads\/2026\/01\/FERME6-300x225.jpg 300w, https:\/\/www.infotetquebec.com\/wp-content\/uploads\/2026\/01\/FERME6-768x576.jpg 768w, https:\/\/www.infotetquebec.com\/wp-content\/uploads\/2026\/01\/FERME6-1536x1152.jpg 1536w, https:\/\/www.infotetquebec.com\/wp-content\/uploads\/2026\/01\/FERME6-702x526.jpg 702w, https:\/\/www.infotetquebec.com\/wp-content\/uploads\/2026\/01\/FERME6.jpg 2000w\" sizes=\"(max-width: 1024px) 100vw, 1024px\" \/>\t\t\t\t\t\t\t\t\t\t\t\t\t\t\t<\/div>\n\t\t\t\t<\/div>\n\t\t\t\t\t<\/div>\n\t\t<\/div>\n\t\t\t\t\t<\/div>\n\t\t<\/section>\n\t\t\t\t<section class=\"elementor-section elementor-inner-section elementor-element elementor-element-98c7791 elementor-section-boxed elementor-section-height-default elementor-section-height-default\" data-id=\"98c7791\" data-element_type=\"section\" data-e-type=\"section\">\n\t\t\t\t\t\t<div class=\"elementor-container elementor-column-gap-default\">\n\t\t\t\t\t<div class=\"elementor-column elementor-col-50 elementor-inner-column elementor-element elementor-element-64a28ba\" data-id=\"64a28ba\" data-element_type=\"column\" data-e-type=\"column\">\n\t\t\t<div class=\"elementor-widget-wrap elementor-element-populated\">\n\t\t\t\t\t\t<div class=\"elementor-element elementor-element-f9fbdcc elementor-widget elementor-widget-image\" data-id=\"f9fbdcc\" data-element_type=\"widget\" data-e-type=\"widget\" data-widget_type=\"image.default\">\n\t\t\t\t<div class=\"elementor-widget-container\">\n\t\t\t\t\t\t\t\t\t\t\t\t\t\t\t<img decoding=\"async\" width=\"768\" height=\"1024\" src=\"https:\/\/www.infotetquebec.com\/wp-content\/uploads\/2026\/01\/FERME7-768x1024.jpg\" class=\"attachment-medium_large size-medium_large wp-image-26268\" alt=\"\" srcset=\"https:\/\/www.infotetquebec.com\/wp-content\/uploads\/2026\/01\/FERME7-768x1024.jpg 768w, https:\/\/www.infotetquebec.com\/wp-content\/uploads\/2026\/01\/FERME7-225x300.jpg 225w, https:\/\/www.infotetquebec.com\/wp-content\/uploads\/2026\/01\/FERME7-1152x1536.jpg 1152w, https:\/\/www.infotetquebec.com\/wp-content\/uploads\/2026\/01\/FERME7.jpg 1200w\" sizes=\"(max-width: 768px) 100vw, 768px\" \/>\t\t\t\t\t\t\t\t\t\t\t\t\t\t\t<\/div>\n\t\t\t\t<\/div>\n\t\t\t\t\t<\/div>\n\t\t<\/div>\n\t\t\t\t<div class=\"elementor-column elementor-col-50 elementor-inner-column elementor-element elementor-element-437a443\" data-id=\"437a443\" data-element_type=\"column\" data-e-type=\"column\">\n\t\t\t<div class=\"elementor-widget-wrap elementor-element-populated\">\n\t\t\t\t\t\t<div class=\"elementor-element elementor-element-8795657 elementor-widget elementor-widget-text-editor\" data-id=\"8795657\" data-element_type=\"widget\" data-e-type=\"widget\" data-widget_type=\"text-editor.default\">\n\t\t\t\t<div class=\"elementor-widget-container\">\n\t\t\t\t\t\t\t\t\t<p><span style=\"font-weight: 400;\">La participaci\u00f3n de <\/span><a href=\"https:\/\/www.fermequebec.ca\/\"><b>FERME Contigo<\/b><\/a><span style=\"font-weight: 400;\"> dentro del programa PSTM se traduce en m\u00faltiples acciones concretas:<\/span><\/p>\n<ul>\n<li style=\"font-weight: 400;\" aria-level=\"1\"><b>Acompa\u00f1amiento desde el aeropuerto<\/b><span style=\"font-weight: 400;\">, tanto en la llegada como en el retorno.<\/span><\/li>\n<li style=\"font-weight: 400;\" aria-level=\"1\"><b>Informaci\u00f3n clara sobre derechos, deberes y recursos disponibles<\/b><span style=\"font-weight: 400;\">.<\/span><\/li>\n<li style=\"font-weight: 400;\" aria-level=\"1\"><b>Talleres en el terreno<\/b><span style=\"font-weight: 400;\">, orientados a la prevenci\u00f3n de riesgos y al fortalecimiento de buenas pr\u00e1cticas laborales.<\/span><\/li>\n<li style=\"font-weight: 400;\" aria-level=\"1\"><span style=\"font-weight: 400;\">Actividades comunitarias, como <\/span><b>noches de cine<\/b><span style=\"font-weight: 400;\">, que fomentan la integraci\u00f3n social y reducen el aislamiento.<\/span><\/li>\n<li style=\"font-weight: 400;\" aria-level=\"1\"><b>Apoyo personalizado<\/b><span style=\"font-weight: 400;\"> frente a necesidades m\u00e9dicas, profesionales o personales durante toda la temporada laboral.<\/span><\/li>\n<\/ul>\n<p><a href=\"https:\/\/www.fermequebec.ca\/\"><b>FERME Contigo<\/b><\/a><span style=\"font-weight: 400;\"> mantiene una <\/span><b>presencia activa en redes sociales<\/b><span style=\"font-weight: 400;\">, donde comparte informaci\u00f3n pr\u00e1ctica, consejos, testimonios y recursos \u00fatiles para los trabajadores. Adem\u00e1s, pone a disposici\u00f3n un servicio de <\/span><b>asistencia directa v\u00eda WhatsApp al +1 514-984-9597<\/b><span style=\"font-weight: 400;\">, facilitando el acceso r\u00e1pido a orientaci\u00f3n confiable.<\/span><\/p>\n<p><span style=\"font-weight: 400;\">Es importante destacar que <\/span><a href=\"https:\/\/www.fermequebec.ca\/\"><b>FERME Contigo<\/b><\/a><b> es un reclutador internacional leg\u00edtimo y no cobra ning\u00fan tipo de tarifa por empleo<\/b><span style=\"font-weight: 400;\">, contribuyendo activamente a la prevenci\u00f3n de fraudes y pr\u00e1cticas abusivas que afectan a los trabajadores.<\/span><\/p>\n\t\t\t\t\t\t\t\t<\/div>\n\t\t\t\t<\/div>\n\t\t\t\t\t<\/div>\n\t\t<\/div>\n\t\t\t\t\t<\/div>\n\t\t<\/section>\n\t\t\t\t<div class=\"elementor-element elementor-element-5e6a21c elementor-widget elementor-widget-text-editor\" data-id=\"5e6a21c\" data-element_type=\"widget\" data-e-type=\"widget\" data-widget_type=\"text-editor.default\">\n\t\t\t\t<div class=\"elementor-widget-container\">\n\t\t\t\t\t\t\t\t\t<p><span style=\"font-weight: 400;\">Desde <\/span><a href=\"https:\/\/www.infotetquebec.com\/es\/\"><b>InfoTET<\/b><\/a><span style=\"font-weight: 400;\">, valoramos profundamente la <\/span><b>participaci\u00f3n comprometida de <\/b><a href=\"https:\/\/www.fermequebec.ca\/\"><b>FERME Contigo<\/b><\/a><b> dentro del PSTM<\/b><span style=\"font-weight: 400;\">, ya que su labor fortalece nuestra misi\u00f3n com\u00fan: <\/span><b>garantizar que cada trabajador extranjero temporal cuente con informaci\u00f3n clara, acompa\u00f1amiento continuo y herramientas concretas para una integraci\u00f3n segura, digna y exitosa en Quebec<\/b><span style=\"font-weight: 400;\">.<\/span><\/p>\n<p><span style=\"font-weight: 400;\">La colaboraci\u00f3n entre organismos permite <\/span><b>crear un entorno m\u00e1s humano, justo y protector<\/b><span style=\"font-weight: 400;\">, donde los TET se sientan escuchados, respaldados y reconocidos por su valiosa contribuci\u00f3n al desarrollo social y econ\u00f3mico de la provincia.<\/span><\/p>\n\t\t\t\t\t\t\t\t<\/div>\n\t\t\t\t<\/div>\n\t\t\t\t<div class=\"elementor-element elementor-element-96f25fb elementor-skin-carousel elementor-arrows-yes elementor-pagination-type-bullets elementor-pagination-position-outside elementor-widget elementor-widget-media-carousel\" data-id=\"96f25fb\" data-element_type=\"widget\" data-e-type=\"widget\" data-settings=\"{&quot;skin&quot;:&quot;carousel&quot;,&quot;effect&quot;:&quot;slide&quot;,&quot;show_arrows&quot;:&quot;yes&quot;,&quot;pagination&quot;:&quot;bullets&quot;,&quot;speed&quot;:500,&quot;autoplay&quot;:&quot;yes&quot;,&quot;autoplay_speed&quot;:5000,&quot;loop&quot;:&quot;yes&quot;,&quot;pause_on_hover&quot;:&quot;yes&quot;,&quot;pause_on_interaction&quot;:&quot;yes&quot;,&quot;space_between&quot;:{&quot;unit&quot;:&quot;px&quot;,&quot;size&quot;:10,&quot;sizes&quot;:[]},&quot;space_between_tablet&quot;:{&quot;unit&quot;:&quot;px&quot;,&quot;size&quot;:10,&quot;sizes&quot;:[]},&quot;space_between_mobile&quot;:{&quot;unit&quot;:&quot;px&quot;,&quot;size&quot;:10,&quot;sizes&quot;:[]}}\" data-widget_type=\"media-carousel.default\">\n\t\t\t\t<div class=\"elementor-widget-container\">\n\t\t\t\t\t\t\t\t\t<div class=\"elementor-swiper\">\n\t\t\t\t\t<div class=\"elementor-main-swiper swiper\" role=\"region\" aria-roledescription=\"carousel\" aria-label=\"Diapositives\">\n\t\t\t\t<div class=\"swiper-wrapper\">\n\t\t\t\t\t\t\t\t\t\t\t<div class=\"swiper-slide\" role=\"group\" aria-roledescription=\"slide\">\n\t\t\t\t\t\t\t\t\t<div class=\"elementor-carousel-image\" role=\"img\" aria-label=\"FERME 1\" style=\"background-image: url(&#039;https:\/\/www.infotetquebec.com\/wp-content\/uploads\/2026\/01\/FERME-1.jpg&#039;)\">\n\n\t\t\t\n\t\t\t\t\t<\/div>\n\t\t\t\t\t\t\t\t<\/div>\n\t\t\t\t\t\t\t\t\t\t\t<div class=\"swiper-slide\" role=\"group\" aria-roledescription=\"slide\">\n\t\t\t\t\t\t\t\t\t<div class=\"elementor-carousel-image\" role=\"img\" aria-label=\"FERME2\" style=\"background-image: url(&#039;https:\/\/www.infotetquebec.com\/wp-content\/uploads\/2026\/01\/FERME2.jpg&#039;)\">\n\n\t\t\t\n\t\t\t\t\t<\/div>\n\t\t\t\t\t\t\t\t<\/div>\n\t\t\t\t\t\t\t\t\t\t\t<div class=\"swiper-slide\" role=\"group\" aria-roledescription=\"slide\">\n\t\t\t\t\t\t\t\t\t<div class=\"elementor-carousel-image\" role=\"img\" aria-label=\"FERME003\" style=\"background-image: url(&#039;https:\/\/www.infotetquebec.com\/wp-content\/uploads\/2026\/01\/FERME003.jpg&#039;)\">\n\n\t\t\t\n\t\t\t\t\t<\/div>\n\t\t\t\t\t\t\t\t<\/div>\n\t\t\t\t\t\t\t\t\t\t\t<div class=\"swiper-slide\" role=\"group\" aria-roledescription=\"slide\">\n\t\t\t\t\t\t\t\t\t<div class=\"elementor-carousel-image\" role=\"img\" aria-label=\"FERME4\" style=\"background-image: url(&#039;https:\/\/www.infotetquebec.com\/wp-content\/uploads\/2026\/01\/FERME4.jpg&#039;)\">\n\n\t\t\t\n\t\t\t\t\t<\/div>\n\t\t\t\t\t\t\t\t<\/div>\n\t\t\t\t\t\t\t\t\t\t\t<div class=\"swiper-slide\" role=\"group\" aria-roledescription=\"slide\">\n\t\t\t\t\t\t\t\t\t<div class=\"elementor-carousel-image\" role=\"img\" aria-label=\"FERME3\" style=\"background-image: url(&#039;https:\/\/www.infotetquebec.com\/wp-content\/uploads\/2026\/01\/FERME3.jpg&#039;)\">\n\n\t\t\t\n\t\t\t\t\t<\/div>\n\t\t\t\t\t\t\t\t<\/div>\n\t\t\t\t\t\t\t\t\t<\/div>\n\t\t\t\t\t\t\t\t\t\t\t\t\t\t\t<div class=\"elementor-swiper-button elementor-swiper-button-prev\" role=\"button\" tabindex=\"0\" aria-label=\"Anterior\">\n\t\t\t\t\t\t\t<svg aria-hidden=\"true\" class=\"e-font-icon-svg e-eicon-chevron-left\" viewBox=\"0 0 1000 1000\" xmlns=\"http:\/\/www.w3.org\/2000\/svg\"><path d=\"M646 125C629 125 613 133 604 142L308 442C296 454 292 471 292 487 292 504 296 521 308 533L604 854C617 867 629 875 646 875 663 875 679 871 692 858 704 846 713 829 713 812 713 796 708 779 692 767L438 487 692 225C700 217 708 204 708 187 708 171 704 154 692 142 675 129 663 125 646 125Z\"><\/path><\/svg>\t\t\t\t\t\t<\/div>\n\t\t\t\t\t\t<div class=\"elementor-swiper-button elementor-swiper-button-next\" role=\"button\" tabindex=\"0\" aria-label=\"Siguiente\">\n\t\t\t\t\t\t\t<svg aria-hidden=\"true\" class=\"e-font-icon-svg e-eicon-chevron-right\" viewBox=\"0 0 1000 1000\" xmlns=\"http:\/\/www.w3.org\/2000\/svg\"><path d=\"M696 533C708 521 713 504 713 487 713 471 708 454 696 446L400 146C388 133 375 125 354 125 338 125 325 129 313 142 300 154 292 171 292 187 292 204 296 221 308 233L563 492 304 771C292 783 288 800 288 817 288 833 296 850 308 863 321 871 338 875 354 875 371 875 388 867 400 854L696 533Z\"><\/path><\/svg>\t\t\t\t\t\t<\/div>\n\t\t\t\t\t\t\t\t\t\t\t\t\t\t\t\t<div class=\"swiper-pagination\"><\/div>\n\t\t\t\t\t\t\t\t\t\t\t\t<\/div>\n\t\t\t\t<\/div>\n\t\t\t\t\t\t\t\t<\/div>\n\t\t\t\t<\/div>\n\t\t\t\t<div class=\"elementor-element elementor-element-2f914ac elementor-widget elementor-widget-text-editor\" data-id=\"2f914ac\" data-element_type=\"widget\" data-e-type=\"widget\" data-widget_type=\"text-editor.default\">\n\t\t\t\t<div class=\"elementor-widget-container\">\n\t\t\t\t\t\t\t\t\t<p><em><strong>Fotos Ferme Contigo \u2013 InfoTET<\/strong><\/em><\/p>\n\t\t\t\t\t\t\t\t<\/div>\n\t\t\t\t<\/div>\n\t\t\t\t\t<\/div>\n\t\t<\/div>\n\t\t\t\t\t<\/div>\n\t\t<\/section>\n\t\t\t\t<\/div>\n\t\t","protected":false},"excerpt":{"rendered":"<p>En InfoTET, como parte del programa PSTM, trabajamos para fortalecer la red de apoyo destinada a los Trabajadores Extranjeros Temporales (TET) en Quebec, promoviendo su bienestar, protecci\u00f3n de derechos e&#8230; <a class=\"more-link\" href=\"https:\/\/www.infotetquebec.com\/es\/ferme-contigo-un-actor-esencial-en-el-acompanamiento-a-los-trabajadores-extranjeros-temporales-dentro-del-pstm\/\">Leer m\u00e1s<\/a><\/p>\n","protected":false},"author":24,"featured_media":26244,"comment_status":"closed","ping_status":"open","sticky":false,"template":"","format":"standard","meta":{"_genesis_hide_title":false,"_genesis_hide_breadcrumbs":false,"_genesis_hide_singular_image":false,"_genesis_hide_footer_widgets":false,"_genesis_custom_body_class":"","_genesis_custom_post_class":"","_genesis_layout":"","footnotes":""},"categories":[54],"tags":[],"class_list":["post-26273","post","type-post","status-publish","format-standard","has-post-thumbnail","category-noticias","entry"],"yoast_head":"<!-- This site is optimized with the Yoast SEO plugin v27.5 - https:\/\/yoast.com\/product\/yoast-seo-wordpress\/ -->\n<title>FERME Contigo: un actor esencial en el acompa\u00f1amiento a los Trabajadores Extranjeros Temporales dentro del PSTM - Infotetquebec<\/title>\n<meta name=\"robots\" content=\"index, follow, max-snippet:-1, max-image-preview:large, max-video-preview:-1\" \/>\n<link rel=\"canonical\" href=\"https:\/\/www.infotetquebec.com\/es\/ferme-contigo-un-actor-esencial-en-el-acompanamiento-a-los-trabajadores-extranjeros-temporales-dentro-del-pstm\/\" \/>\n<meta property=\"og:locale\" content=\"es_ES\" \/>\n<meta property=\"og:type\" content=\"article\" \/>\n<meta property=\"og:title\" content=\"FERME Contigo: un actor esencial en el acompa\u00f1amiento a los Trabajadores Extranjeros Temporales dentro del PSTM - Infotetquebec\" \/>\n<meta property=\"og:description\" content=\"En InfoTET, como parte del programa PSTM, trabajamos para fortalecer la red de apoyo destinada a los Trabajadores Extranjeros Temporales (TET) en Quebec, promoviendo su bienestar, protecci\u00f3n de derechos e... Leer m\u00e1s\" \/>\n<meta property=\"og:url\" content=\"https:\/\/www.infotetquebec.com\/es\/ferme-contigo-un-actor-esencial-en-el-acompanamiento-a-los-trabajadores-extranjeros-temporales-dentro-del-pstm\/\" \/>\n<meta property=\"og:site_name\" content=\"Infotetquebec\" \/>\n<meta property=\"article:publisher\" content=\"https:\/\/www.facebook.com\/profile.php?id=100089616676260\" \/>\n<meta property=\"article:published_time\" content=\"2026-01-29T20:23:43+00:00\" \/>\n<meta property=\"article:modified_time\" content=\"2026-02-02T20:28:05+00:00\" \/>\n<meta property=\"og:image\" content=\"https:\/\/www.infotetquebec.com\/wp-content\/uploads\/2026\/01\/2854a4a3-e60e-4917-9375-dba6605bbfb5.jpg\" \/>\n\t<meta property=\"og:image:width\" content=\"2048\" \/>\n\t<meta property=\"og:image:height\" content=\"1309\" \/>\n\t<meta property=\"og:image:type\" content=\"image\/jpeg\" \/>\n<meta name=\"author\" content=\"Alejandra Salas\" \/>\n<meta name=\"twitter:card\" content=\"summary_large_image\" \/>\n<meta name=\"twitter:label1\" content=\"Escrito por\" \/>\n\t<meta name=\"twitter:data1\" content=\"Alejandra Salas\" \/>\n\t<meta name=\"twitter:label2\" content=\"Tiempo de lectura\" \/>\n\t<meta name=\"twitter:data2\" content=\"4 minutos\" \/>\n<script type=\"application\/ld+json\" class=\"yoast-schema-graph\">{\"@context\":\"https:\\\/\\\/schema.org\",\"@graph\":[{\"@type\":\"Article\",\"@id\":\"https:\\\/\\\/www.infotetquebec.com\\\/es\\\/ferme-contigo-un-actor-esencial-en-el-acompanamiento-a-los-trabajadores-extranjeros-temporales-dentro-del-pstm\\\/#article\",\"isPartOf\":{\"@id\":\"https:\\\/\\\/www.infotetquebec.com\\\/es\\\/ferme-contigo-un-actor-esencial-en-el-acompanamiento-a-los-trabajadores-extranjeros-temporales-dentro-del-pstm\\\/\"},\"author\":{\"name\":\"Alejandra Salas\",\"@id\":\"https:\\\/\\\/www.infotetquebec.com\\\/es\\\/#\\\/schema\\\/person\\\/4d7d5cae14ea1c0896c0d0a1f00a3f77\"},\"headline\":\"FERME Contigo: un actor esencial en el acompa\u00f1amiento a los Trabajadores Extranjeros Temporales dentro del PSTM\",\"datePublished\":\"2026-01-29T20:23:43+00:00\",\"dateModified\":\"2026-02-02T20:28:05+00:00\",\"mainEntityOfPage\":{\"@id\":\"https:\\\/\\\/www.infotetquebec.com\\\/es\\\/ferme-contigo-un-actor-esencial-en-el-acompanamiento-a-los-trabajadores-extranjeros-temporales-dentro-del-pstm\\\/\"},\"wordCount\":559,\"publisher\":{\"@id\":\"https:\\\/\\\/www.infotetquebec.com\\\/es\\\/#organization\"},\"image\":{\"@id\":\"https:\\\/\\\/www.infotetquebec.com\\\/es\\\/ferme-contigo-un-actor-esencial-en-el-acompanamiento-a-los-trabajadores-extranjeros-temporales-dentro-del-pstm\\\/#primaryimage\"},\"thumbnailUrl\":\"https:\\\/\\\/www.infotetquebec.com\\\/wp-content\\\/uploads\\\/2026\\\/01\\\/2854a4a3-e60e-4917-9375-dba6605bbfb5.jpg\",\"articleSection\":[\"Art\u00edculos\"],\"inLanguage\":\"es\"},{\"@type\":\"WebPage\",\"@id\":\"https:\\\/\\\/www.infotetquebec.com\\\/es\\\/ferme-contigo-un-actor-esencial-en-el-acompanamiento-a-los-trabajadores-extranjeros-temporales-dentro-del-pstm\\\/\",\"url\":\"https:\\\/\\\/www.infotetquebec.com\\\/es\\\/ferme-contigo-un-actor-esencial-en-el-acompanamiento-a-los-trabajadores-extranjeros-temporales-dentro-del-pstm\\\/\",\"name\":\"FERME Contigo: un actor esencial en el acompa\u00f1amiento a los Trabajadores Extranjeros Temporales dentro del PSTM - Infotetquebec\",\"isPartOf\":{\"@id\":\"https:\\\/\\\/www.infotetquebec.com\\\/es\\\/#website\"},\"primaryImageOfPage\":{\"@id\":\"https:\\\/\\\/www.infotetquebec.com\\\/es\\\/ferme-contigo-un-actor-esencial-en-el-acompanamiento-a-los-trabajadores-extranjeros-temporales-dentro-del-pstm\\\/#primaryimage\"},\"image\":{\"@id\":\"https:\\\/\\\/www.infotetquebec.com\\\/es\\\/ferme-contigo-un-actor-esencial-en-el-acompanamiento-a-los-trabajadores-extranjeros-temporales-dentro-del-pstm\\\/#primaryimage\"},\"thumbnailUrl\":\"https:\\\/\\\/www.infotetquebec.com\\\/wp-content\\\/uploads\\\/2026\\\/01\\\/2854a4a3-e60e-4917-9375-dba6605bbfb5.jpg\",\"datePublished\":\"2026-01-29T20:23:43+00:00\",\"dateModified\":\"2026-02-02T20:28:05+00:00\",\"breadcrumb\":{\"@id\":\"https:\\\/\\\/www.infotetquebec.com\\\/es\\\/ferme-contigo-un-actor-esencial-en-el-acompanamiento-a-los-trabajadores-extranjeros-temporales-dentro-del-pstm\\\/#breadcrumb\"},\"inLanguage\":\"es\",\"potentialAction\":[{\"@type\":\"ReadAction\",\"target\":[\"https:\\\/\\\/www.infotetquebec.com\\\/es\\\/ferme-contigo-un-actor-esencial-en-el-acompanamiento-a-los-trabajadores-extranjeros-temporales-dentro-del-pstm\\\/\"]}]},{\"@type\":\"ImageObject\",\"inLanguage\":\"es\",\"@id\":\"https:\\\/\\\/www.infotetquebec.com\\\/es\\\/ferme-contigo-un-actor-esencial-en-el-acompanamiento-a-los-trabajadores-extranjeros-temporales-dentro-del-pstm\\\/#primaryimage\",\"url\":\"https:\\\/\\\/www.infotetquebec.com\\\/wp-content\\\/uploads\\\/2026\\\/01\\\/2854a4a3-e60e-4917-9375-dba6605bbfb5.jpg\",\"contentUrl\":\"https:\\\/\\\/www.infotetquebec.com\\\/wp-content\\\/uploads\\\/2026\\\/01\\\/2854a4a3-e60e-4917-9375-dba6605bbfb5.jpg\",\"width\":2048,\"height\":1309},{\"@type\":\"BreadcrumbList\",\"@id\":\"https:\\\/\\\/www.infotetquebec.com\\\/es\\\/ferme-contigo-un-actor-esencial-en-el-acompanamiento-a-los-trabajadores-extranjeros-temporales-dentro-del-pstm\\\/#breadcrumb\",\"itemListElement\":[{\"@type\":\"ListItem\",\"position\":1,\"name\":\"Accueil\",\"item\":\"https:\\\/\\\/www.infotetquebec.com\\\/es\\\/\"},{\"@type\":\"ListItem\",\"position\":2,\"name\":\"FERME Contigo: un actor esencial en el acompa\u00f1amiento a los Trabajadores Extranjeros Temporales dentro del PSTM\"}]},{\"@type\":\"WebSite\",\"@id\":\"https:\\\/\\\/www.infotetquebec.com\\\/es\\\/#website\",\"url\":\"https:\\\/\\\/www.infotetquebec.com\\\/es\\\/\",\"name\":\"Infotetquebec\",\"description\":\"Info et soutien aux TET\",\"publisher\":{\"@id\":\"https:\\\/\\\/www.infotetquebec.com\\\/es\\\/#organization\"},\"potentialAction\":[{\"@type\":\"SearchAction\",\"target\":{\"@type\":\"EntryPoint\",\"urlTemplate\":\"https:\\\/\\\/www.infotetquebec.com\\\/es\\\/?s={search_term_string}\"},\"query-input\":{\"@type\":\"PropertyValueSpecification\",\"valueRequired\":true,\"valueName\":\"search_term_string\"}}],\"inLanguage\":\"es\"},{\"@type\":\"Organization\",\"@id\":\"https:\\\/\\\/www.infotetquebec.com\\\/es\\\/#organization\",\"name\":\"InfoTETQuebec\",\"url\":\"https:\\\/\\\/www.infotetquebec.com\\\/es\\\/\",\"logo\":{\"@type\":\"ImageObject\",\"inLanguage\":\"es\",\"@id\":\"https:\\\/\\\/www.infotetquebec.com\\\/es\\\/#\\\/schema\\\/logo\\\/image\\\/\",\"url\":\"https:\\\/\\\/www.infotetquebec.com\\\/wp-content\\\/uploads\\\/2021\\\/02\\\/cropped-IMQC_TET_Favicon_Fav-Icon_Fav-Icon-1.png\",\"contentUrl\":\"https:\\\/\\\/www.infotetquebec.com\\\/wp-content\\\/uploads\\\/2021\\\/02\\\/cropped-IMQC_TET_Favicon_Fav-Icon_Fav-Icon-1.png\",\"width\":512,\"height\":512,\"caption\":\"InfoTETQuebec\"},\"image\":{\"@id\":\"https:\\\/\\\/www.infotetquebec.com\\\/es\\\/#\\\/schema\\\/logo\\\/image\\\/\"},\"sameAs\":[\"https:\\\/\\\/www.facebook.com\\\/profile.php?id=100089616676260\"]},{\"@type\":\"Person\",\"@id\":\"https:\\\/\\\/www.infotetquebec.com\\\/es\\\/#\\\/schema\\\/person\\\/4d7d5cae14ea1c0896c0d0a1f00a3f77\",\"name\":\"Alejandra Salas\",\"image\":{\"@type\":\"ImageObject\",\"inLanguage\":\"es\",\"@id\":\"https:\\\/\\\/secure.gravatar.com\\\/avatar\\\/f4349ead7189b7991510bb355af676e7cf0f0627b750dbc8bcd4a69e99cd1341?s=96&d=mm&r=g\",\"url\":\"https:\\\/\\\/secure.gravatar.com\\\/avatar\\\/f4349ead7189b7991510bb355af676e7cf0f0627b750dbc8bcd4a69e99cd1341?s=96&d=mm&r=g\",\"contentUrl\":\"https:\\\/\\\/secure.gravatar.com\\\/avatar\\\/f4349ead7189b7991510bb355af676e7cf0f0627b750dbc8bcd4a69e99cd1341?s=96&d=mm&r=g\",\"caption\":\"Alejandra Salas\"},\"url\":\"https:\\\/\\\/www.infotetquebec.com\\\/es\\\/author\\\/alejandra-salas\\\/\"}]}<\/script>\n<!-- \/ Yoast SEO plugin. -->","yoast_head_json":{"title":"FERME Contigo: un actor esencial en el acompa\u00f1amiento a los Trabajadores Extranjeros Temporales dentro del PSTM - Infotetquebec","robots":{"index":"index","follow":"follow","max-snippet":"max-snippet:-1","max-image-preview":"max-image-preview:large","max-video-preview":"max-video-preview:-1"},"canonical":"https:\/\/www.infotetquebec.com\/es\/ferme-contigo-un-actor-esencial-en-el-acompanamiento-a-los-trabajadores-extranjeros-temporales-dentro-del-pstm\/","og_locale":"es_ES","og_type":"article","og_title":"FERME Contigo: un actor esencial en el acompa\u00f1amiento a los Trabajadores Extranjeros Temporales dentro del PSTM - Infotetquebec","og_description":"En InfoTET, como parte del programa PSTM, trabajamos para fortalecer la red de apoyo destinada a los Trabajadores Extranjeros Temporales (TET) en Quebec, promoviendo su bienestar, protecci\u00f3n de derechos e... Leer m\u00e1s","og_url":"https:\/\/www.infotetquebec.com\/es\/ferme-contigo-un-actor-esencial-en-el-acompanamiento-a-los-trabajadores-extranjeros-temporales-dentro-del-pstm\/","og_site_name":"Infotetquebec","article_publisher":"https:\/\/www.facebook.com\/profile.php?id=100089616676260","article_published_time":"2026-01-29T20:23:43+00:00","article_modified_time":"2026-02-02T20:28:05+00:00","og_image":[{"width":2048,"height":1309,"url":"https:\/\/www.infotetquebec.com\/wp-content\/uploads\/2026\/01\/2854a4a3-e60e-4917-9375-dba6605bbfb5.jpg","type":"image\/jpeg"}],"author":"Alejandra Salas","twitter_card":"summary_large_image","twitter_misc":{"Escrito por":"Alejandra Salas","Tiempo de lectura":"4 minutos"},"schema":{"@context":"https:\/\/schema.org","@graph":[{"@type":"Article","@id":"https:\/\/www.infotetquebec.com\/es\/ferme-contigo-un-actor-esencial-en-el-acompanamiento-a-los-trabajadores-extranjeros-temporales-dentro-del-pstm\/#article","isPartOf":{"@id":"https:\/\/www.infotetquebec.com\/es\/ferme-contigo-un-actor-esencial-en-el-acompanamiento-a-los-trabajadores-extranjeros-temporales-dentro-del-pstm\/"},"author":{"name":"Alejandra Salas","@id":"https:\/\/www.infotetquebec.com\/es\/#\/schema\/person\/4d7d5cae14ea1c0896c0d0a1f00a3f77"},"headline":"FERME Contigo: un actor esencial en el acompa\u00f1amiento a los Trabajadores Extranjeros Temporales dentro del PSTM","datePublished":"2026-01-29T20:23:43+00:00","dateModified":"2026-02-02T20:28:05+00:00","mainEntityOfPage":{"@id":"https:\/\/www.infotetquebec.com\/es\/ferme-contigo-un-actor-esencial-en-el-acompanamiento-a-los-trabajadores-extranjeros-temporales-dentro-del-pstm\/"},"wordCount":559,"publisher":{"@id":"https:\/\/www.infotetquebec.com\/es\/#organization"},"image":{"@id":"https:\/\/www.infotetquebec.com\/es\/ferme-contigo-un-actor-esencial-en-el-acompanamiento-a-los-trabajadores-extranjeros-temporales-dentro-del-pstm\/#primaryimage"},"thumbnailUrl":"https:\/\/www.infotetquebec.com\/wp-content\/uploads\/2026\/01\/2854a4a3-e60e-4917-9375-dba6605bbfb5.jpg","articleSection":["Art\u00edculos"],"inLanguage":"es"},{"@type":"WebPage","@id":"https:\/\/www.infotetquebec.com\/es\/ferme-contigo-un-actor-esencial-en-el-acompanamiento-a-los-trabajadores-extranjeros-temporales-dentro-del-pstm\/","url":"https:\/\/www.infotetquebec.com\/es\/ferme-contigo-un-actor-esencial-en-el-acompanamiento-a-los-trabajadores-extranjeros-temporales-dentro-del-pstm\/","name":"FERME Contigo: un actor esencial en el acompa\u00f1amiento a los Trabajadores Extranjeros Temporales dentro del PSTM - Infotetquebec","isPartOf":{"@id":"https:\/\/www.infotetquebec.com\/es\/#website"},"primaryImageOfPage":{"@id":"https:\/\/www.infotetquebec.com\/es\/ferme-contigo-un-actor-esencial-en-el-acompanamiento-a-los-trabajadores-extranjeros-temporales-dentro-del-pstm\/#primaryimage"},"image":{"@id":"https:\/\/www.infotetquebec.com\/es\/ferme-contigo-un-actor-esencial-en-el-acompanamiento-a-los-trabajadores-extranjeros-temporales-dentro-del-pstm\/#primaryimage"},"thumbnailUrl":"https:\/\/www.infotetquebec.com\/wp-content\/uploads\/2026\/01\/2854a4a3-e60e-4917-9375-dba6605bbfb5.jpg","datePublished":"2026-01-29T20:23:43+00:00","dateModified":"2026-02-02T20:28:05+00:00","breadcrumb":{"@id":"https:\/\/www.infotetquebec.com\/es\/ferme-contigo-un-actor-esencial-en-el-acompanamiento-a-los-trabajadores-extranjeros-temporales-dentro-del-pstm\/#breadcrumb"},"inLanguage":"es","potentialAction":[{"@type":"ReadAction","target":["https:\/\/www.infotetquebec.com\/es\/ferme-contigo-un-actor-esencial-en-el-acompanamiento-a-los-trabajadores-extranjeros-temporales-dentro-del-pstm\/"]}]},{"@type":"ImageObject","inLanguage":"es","@id":"https:\/\/www.infotetquebec.com\/es\/ferme-contigo-un-actor-esencial-en-el-acompanamiento-a-los-trabajadores-extranjeros-temporales-dentro-del-pstm\/#primaryimage","url":"https:\/\/www.infotetquebec.com\/wp-content\/uploads\/2026\/01\/2854a4a3-e60e-4917-9375-dba6605bbfb5.jpg","contentUrl":"https:\/\/www.infotetquebec.com\/wp-content\/uploads\/2026\/01\/2854a4a3-e60e-4917-9375-dba6605bbfb5.jpg","width":2048,"height":1309},{"@type":"BreadcrumbList","@id":"https:\/\/www.infotetquebec.com\/es\/ferme-contigo-un-actor-esencial-en-el-acompanamiento-a-los-trabajadores-extranjeros-temporales-dentro-del-pstm\/#breadcrumb","itemListElement":[{"@type":"ListItem","position":1,"name":"Accueil","item":"https:\/\/www.infotetquebec.com\/es\/"},{"@type":"ListItem","position":2,"name":"FERME Contigo: un actor esencial en el acompa\u00f1amiento a los Trabajadores Extranjeros Temporales dentro del PSTM"}]},{"@type":"WebSite","@id":"https:\/\/www.infotetquebec.com\/es\/#website","url":"https:\/\/www.infotetquebec.com\/es\/","name":"Infotetquebec","description":"Info et soutien aux TET","publisher":{"@id":"https:\/\/www.infotetquebec.com\/es\/#organization"},"potentialAction":[{"@type":"SearchAction","target":{"@type":"EntryPoint","urlTemplate":"https:\/\/www.infotetquebec.com\/es\/?s={search_term_string}"},"query-input":{"@type":"PropertyValueSpecification","valueRequired":true,"valueName":"search_term_string"}}],"inLanguage":"es"},{"@type":"Organization","@id":"https:\/\/www.infotetquebec.com\/es\/#organization","name":"InfoTETQuebec","url":"https:\/\/www.infotetquebec.com\/es\/","logo":{"@type":"ImageObject","inLanguage":"es","@id":"https:\/\/www.infotetquebec.com\/es\/#\/schema\/logo\/image\/","url":"https:\/\/www.infotetquebec.com\/wp-content\/uploads\/2021\/02\/cropped-IMQC_TET_Favicon_Fav-Icon_Fav-Icon-1.png","contentUrl":"https:\/\/www.infotetquebec.com\/wp-content\/uploads\/2021\/02\/cropped-IMQC_TET_Favicon_Fav-Icon_Fav-Icon-1.png","width":512,"height":512,"caption":"InfoTETQuebec"},"image":{"@id":"https:\/\/www.infotetquebec.com\/es\/#\/schema\/logo\/image\/"},"sameAs":["https:\/\/www.facebook.com\/profile.php?id=100089616676260"]},{"@type":"Person","@id":"https:\/\/www.infotetquebec.com\/es\/#\/schema\/person\/4d7d5cae14ea1c0896c0d0a1f00a3f77","name":"Alejandra Salas","image":{"@type":"ImageObject","inLanguage":"es","@id":"https:\/\/secure.gravatar.com\/avatar\/f4349ead7189b7991510bb355af676e7cf0f0627b750dbc8bcd4a69e99cd1341?s=96&d=mm&r=g","url":"https:\/\/secure.gravatar.com\/avatar\/f4349ead7189b7991510bb355af676e7cf0f0627b750dbc8bcd4a69e99cd1341?s=96&d=mm&r=g","contentUrl":"https:\/\/secure.gravatar.com\/avatar\/f4349ead7189b7991510bb355af676e7cf0f0627b750dbc8bcd4a69e99cd1341?s=96&d=mm&r=g","caption":"Alejandra Salas"},"url":"https:\/\/www.infotetquebec.com\/es\/author\/alejandra-salas\/"}]}},"rttpg_featured_image_url":{"full":["https:\/\/www.infotetquebec.com\/wp-content\/uploads\/2026\/01\/2854a4a3-e60e-4917-9375-dba6605bbfb5.jpg",2048,1309,false],"landscape":["https:\/\/www.infotetquebec.com\/wp-content\/uploads\/2026\/01\/2854a4a3-e60e-4917-9375-dba6605bbfb5.jpg",2048,1309,false],"portraits":["https:\/\/www.infotetquebec.com\/wp-content\/uploads\/2026\/01\/2854a4a3-e60e-4917-9375-dba6605bbfb5.jpg",2048,1309,false],"thumbnail":["https:\/\/www.infotetquebec.com\/wp-content\/uploads\/2026\/01\/2854a4a3-e60e-4917-9375-dba6605bbfb5-300x150.jpg",300,150,true],"medium":["https:\/\/www.infotetquebec.com\/wp-content\/uploads\/2026\/01\/2854a4a3-e60e-4917-9375-dba6605bbfb5-300x192.jpg",300,192,true],"large":["https:\/\/www.infotetquebec.com\/wp-content\/uploads\/2026\/01\/2854a4a3-e60e-4917-9375-dba6605bbfb5-1024x655.jpg",1024,655,true],"1536x1536":["https:\/\/www.infotetquebec.com\/wp-content\/uploads\/2026\/01\/2854a4a3-e60e-4917-9375-dba6605bbfb5-1536x982.jpg",1536,982,true],"2048x2048":["https:\/\/www.infotetquebec.com\/wp-content\/uploads\/2026\/01\/2854a4a3-e60e-4917-9375-dba6605bbfb5.jpg",2048,1309,false],"sidebar-featured":["https:\/\/www.infotetquebec.com\/wp-content\/uploads\/2026\/01\/2854a4a3-e60e-4917-9375-dba6605bbfb5-75x75.jpg",75,75,true],"genesis-singular-images":["https:\/\/www.infotetquebec.com\/wp-content\/uploads\/2026\/01\/2854a4a3-e60e-4917-9375-dba6605bbfb5-702x526.jpg",702,526,true]},"rttpg_author":{"display_name":"Alejandra Salas","author_link":"https:\/\/www.infotetquebec.com\/es\/author\/alejandra-salas\/"},"rttpg_comment":0,"rttpg_category":"<a href=\"https:\/\/www.infotetquebec.com\/es\/noticias\/\" rel=\"category tag\">Art\u00edculos<\/a>","rttpg_excerpt":"En InfoTET, como parte del programa PSTM, trabajamos para fortalecer la red de apoyo destinada a los Trabajadores Extranjeros Temporales (TET) en Quebec, promoviendo su bienestar, protecci\u00f3n de derechos e... Leer m\u00e1s","_links":{"self":[{"href":"https:\/\/www.infotetquebec.com\/es\/wp-json\/wp\/v2\/posts\/26273","targetHints":{"allow":["GET"]}}],"collection":[{"href":"https:\/\/www.infotetquebec.com\/es\/wp-json\/wp\/v2\/posts"}],"about":[{"href":"https:\/\/www.infotetquebec.com\/es\/wp-json\/wp\/v2\/types\/post"}],"author":[{"embeddable":true,"href":"https:\/\/www.infotetquebec.com\/es\/wp-json\/wp\/v2\/users\/24"}],"replies":[{"embeddable":true,"href":"https:\/\/www.infotetquebec.com\/es\/wp-json\/wp\/v2\/comments?post=26273"}],"version-history":[{"count":4,"href":"https:\/\/www.infotetquebec.com\/es\/wp-json\/wp\/v2\/posts\/26273\/revisions"}],"predecessor-version":[{"id":26281,"href":"https:\/\/www.infotetquebec.com\/es\/wp-json\/wp\/v2\/posts\/26273\/revisions\/26281"}],"wp:featuredmedia":[{"embeddable":true,"href":"https:\/\/www.infotetquebec.com\/es\/wp-json\/wp\/v2\/media\/26244"}],"wp:attachment":[{"href":"https:\/\/www.infotetquebec.com\/es\/wp-json\/wp\/v2\/media?parent=26273"}],"wp:term":[{"taxonomy":"category","embeddable":true,"href":"https:\/\/www.infotetquebec.com\/es\/wp-json\/wp\/v2\/categories?post=26273"},{"taxonomy":"post_tag","embeddable":true,"href":"https:\/\/www.infotetquebec.com\/es\/wp-json\/wp\/v2\/tags?post=26273"}],"curies":[{"name":"wp","href":"https:\/\/api.w.org\/{rel}","templated":true}]}}