{"id":26220,"date":"2026-01-26T14:14:37","date_gmt":"2026-01-26T19:14:37","guid":{"rendered":"https:\/\/www.infotetquebec.com\/deporte-integracion-y-bienestar-actividad-de-soccer-para-tet-en-chambly\/"},"modified":"2026-02-02T14:16:45","modified_gmt":"2026-02-02T19:16:45","slug":"deporte-integracion-y-bienestar-actividad-de-soccer-para-tet-en-chambly","status":"publish","type":"post","link":"https:\/\/www.infotetquebec.com\/es\/deporte-integracion-y-bienestar-actividad-de-soccer-para-tet-en-chambly\/","title":{"rendered":"Deporte, integraci\u00f3n y bienestar: actividad de soccer para TET en Chambly"},"content":{"rendered":"\t\t<div data-elementor-type=\"wp-post\" data-elementor-id=\"26220\" class=\"elementor elementor-26220 elementor-26201\" data-elementor-post-type=\"post\">\n\t\t\t\t\t\t<section class=\"elementor-section elementor-top-section elementor-element elementor-element-3f6e94a elementor-section-boxed elementor-section-height-default elementor-section-height-default\" data-id=\"3f6e94a\" data-element_type=\"section\" data-e-type=\"section\">\n\t\t\t\t\t\t<div class=\"elementor-container elementor-column-gap-default\">\n\t\t\t\t\t<div class=\"elementor-column elementor-col-100 elementor-top-column elementor-element elementor-element-ad863ef\" data-id=\"ad863ef\" data-element_type=\"column\" data-e-type=\"column\">\n\t\t\t<div class=\"elementor-widget-wrap elementor-element-populated\">\n\t\t\t\t\t\t<div class=\"elementor-element elementor-element-2397a8b elementor-widget elementor-widget-text-editor\" data-id=\"2397a8b\" data-element_type=\"widget\" data-e-type=\"widget\" data-widget_type=\"text-editor.default\">\n\t\t\t\t<div class=\"elementor-widget-container\">\n\t\t\t\t\t\t\t\t\t<p><span style=\"font-weight: 400;\">El jueves <\/span><b>22 de enero de 2026<\/b><span style=\"font-weight: 400;\">, se llev\u00f3 a cabo una <\/span><b>actividad deportiva de f\u00fatbol (soccer) dirigida a los Trabajadores Extranjeros Temporales (TET)<\/b><span style=\"font-weight: 400;\"> en la ciudad de <\/span><b>Chambly<\/b><span style=\"font-weight: 400;\">, organizada por<\/span><a href=\"https:\/\/integrationcompetences.ca\/services-aux-individus\/immigration\/travailleurs-migrants\"> <b>Int\u00e9gration Comp\u00e9tences<\/b><\/a><span style=\"font-weight: 400;\">, con la participaci\u00f3n de <\/span><a href=\"https:\/\/www.infotetquebec.com\/es\/\"><b>InfoTET<\/b><\/a><b> d\u2019<\/b><a href=\"https:\/\/immigrantquebec.com\/fr\/\"><b>Immigrant Qu\u00e9bec<\/b><span style=\"font-weight: 400;\">.<\/span><\/a><\/p>\n<p><span style=\"font-weight: 400;\">Durante esta enriquecedora velada, tuvimos el placer de <\/span><b>recibir a trabajadores extranjeros temporales provenientes de la regi\u00f3n de Mont\u00e9r\u00e9gie<\/b><span style=\"font-weight: 400;\">, con una participaci\u00f3n diversa que aport\u00f3 un gran valor al encuentro. Los trabajadores participantes eran originarios de <\/span><b>Colombia, Guatemala, Marruecos y Hait\u00ed<\/b><span style=\"font-weight: 400;\">, lo que permiti\u00f3 crear un <\/span><b>espacio de intercambio cultural, convivencia, integraci\u00f3n y apoyo mutuo<\/b><span style=\"font-weight: 400;\">.<\/span><\/p>\n<p><span style=\"font-weight: 400;\">Esta actividad represent\u00f3 una excelente oportunidad para <\/span><b>romper con la rutina invernal<\/b><span style=\"font-weight: 400;\">, fomentar la actividad f\u00edsica, fortalecer la salud emocional y <\/span><b>crear v\u00ednculos entre trabajadores<\/b><span style=\"font-weight: 400;\">, en un ambiente c\u00e1lido, inclusivo y respetuoso.<\/span><\/p>\n\t\t\t\t\t\t\t\t<\/div>\n\t\t\t\t<\/div>\n\t\t\t\t<section class=\"elementor-section elementor-inner-section elementor-element elementor-element-1bde506 elementor-section-boxed elementor-section-height-default elementor-section-height-default\" data-id=\"1bde506\" data-element_type=\"section\" data-e-type=\"section\">\n\t\t\t\t\t\t<div class=\"elementor-container elementor-column-gap-default\">\n\t\t\t\t\t<div class=\"elementor-column elementor-col-50 elementor-inner-column elementor-element elementor-element-a2bb16e\" data-id=\"a2bb16e\" data-element_type=\"column\" data-e-type=\"column\">\n\t\t\t<div class=\"elementor-widget-wrap elementor-element-populated\">\n\t\t\t\t\t\t<div class=\"elementor-element elementor-element-3dcfd9a elementor-widget elementor-widget-image\" data-id=\"3dcfd9a\" data-element_type=\"widget\" data-e-type=\"widget\" data-widget_type=\"image.default\">\n\t\t\t\t<div class=\"elementor-widget-container\">\n\t\t\t\t\t\t\t\t\t\t\t\t\t\t\t<img fetchpriority=\"high\" decoding=\"async\" width=\"1024\" height=\"768\" src=\"https:\/\/www.infotetquebec.com\/wp-content\/uploads\/2026\/02\/9.-2026.01.22-Activite-soccer-pour-les-TET.-Integration-Competences.-Chambly-QC_-1024x768.jpeg\" class=\"attachment-large size-large wp-image-26211\" alt=\"\" srcset=\"https:\/\/www.infotetquebec.com\/wp-content\/uploads\/2026\/02\/9.-2026.01.22-Activite-soccer-pour-les-TET.-Integration-Competences.-Chambly-QC_-1024x768.jpeg 1024w, https:\/\/www.infotetquebec.com\/wp-content\/uploads\/2026\/02\/9.-2026.01.22-Activite-soccer-pour-les-TET.-Integration-Competences.-Chambly-QC_-300x225.jpeg 300w, https:\/\/www.infotetquebec.com\/wp-content\/uploads\/2026\/02\/9.-2026.01.22-Activite-soccer-pour-les-TET.-Integration-Competences.-Chambly-QC_-768x576.jpeg 768w, https:\/\/www.infotetquebec.com\/wp-content\/uploads\/2026\/02\/9.-2026.01.22-Activite-soccer-pour-les-TET.-Integration-Competences.-Chambly-QC_-1536x1152.jpeg 1536w, https:\/\/www.infotetquebec.com\/wp-content\/uploads\/2026\/02\/9.-2026.01.22-Activite-soccer-pour-les-TET.-Integration-Competences.-Chambly-QC_-702x526.jpeg 702w, https:\/\/www.infotetquebec.com\/wp-content\/uploads\/2026\/02\/9.-2026.01.22-Activite-soccer-pour-les-TET.-Integration-Competences.-Chambly-QC_.jpeg 1600w\" sizes=\"(max-width: 1024px) 100vw, 1024px\" \/>\t\t\t\t\t\t\t\t\t\t\t\t\t\t\t<\/div>\n\t\t\t\t<\/div>\n\t\t\t\t\t<\/div>\n\t\t<\/div>\n\t\t\t\t<div class=\"elementor-column elementor-col-50 elementor-inner-column elementor-element elementor-element-1f87542\" data-id=\"1f87542\" data-element_type=\"column\" data-e-type=\"column\">\n\t\t\t<div class=\"elementor-widget-wrap elementor-element-populated\">\n\t\t\t\t\t\t<div class=\"elementor-element elementor-element-5b5cbd2 elementor-widget elementor-widget-image\" data-id=\"5b5cbd2\" data-element_type=\"widget\" data-e-type=\"widget\" data-widget_type=\"image.default\">\n\t\t\t\t<div class=\"elementor-widget-container\">\n\t\t\t\t\t\t\t\t\t\t\t\t\t\t\t<img decoding=\"async\" width=\"1024\" height=\"768\" src=\"https:\/\/www.infotetquebec.com\/wp-content\/uploads\/2026\/02\/6.-2026.01.22-Activite-soccer-pour-les-TET.-Integration-Competences.-Chambly-QC_-1024x768.jpeg\" class=\"attachment-large size-large wp-image-26208\" alt=\"\" srcset=\"https:\/\/www.infotetquebec.com\/wp-content\/uploads\/2026\/02\/6.-2026.01.22-Activite-soccer-pour-les-TET.-Integration-Competences.-Chambly-QC_-1024x768.jpeg 1024w, https:\/\/www.infotetquebec.com\/wp-content\/uploads\/2026\/02\/6.-2026.01.22-Activite-soccer-pour-les-TET.-Integration-Competences.-Chambly-QC_-300x225.jpeg 300w, https:\/\/www.infotetquebec.com\/wp-content\/uploads\/2026\/02\/6.-2026.01.22-Activite-soccer-pour-les-TET.-Integration-Competences.-Chambly-QC_-768x576.jpeg 768w, https:\/\/www.infotetquebec.com\/wp-content\/uploads\/2026\/02\/6.-2026.01.22-Activite-soccer-pour-les-TET.-Integration-Competences.-Chambly-QC_-1536x1152.jpeg 1536w, https:\/\/www.infotetquebec.com\/wp-content\/uploads\/2026\/02\/6.-2026.01.22-Activite-soccer-pour-les-TET.-Integration-Competences.-Chambly-QC_-702x526.jpeg 702w, https:\/\/www.infotetquebec.com\/wp-content\/uploads\/2026\/02\/6.-2026.01.22-Activite-soccer-pour-les-TET.-Integration-Competences.-Chambly-QC_.jpeg 1600w\" sizes=\"(max-width: 1024px) 100vw, 1024px\" \/>\t\t\t\t\t\t\t\t\t\t\t\t\t\t\t<\/div>\n\t\t\t\t<\/div>\n\t\t\t\t\t<\/div>\n\t\t<\/div>\n\t\t\t\t\t<\/div>\n\t\t<\/section>\n\t\t\t\t<div class=\"elementor-element elementor-element-5e6a21c elementor-widget elementor-widget-text-editor\" data-id=\"5e6a21c\" data-element_type=\"widget\" data-e-type=\"widget\" data-widget_type=\"text-editor.default\">\n\t\t\t\t<div class=\"elementor-widget-container\">\n\t\t\t\t\t\t\t\t\t<p><span style=\"font-weight: 400;\">Durante el encuentro, el equipo de <\/span><a href=\"https:\/\/www.infotetquebec.com\/es\/\"><b>InfoTET<\/b><\/a><b> d<\/b><a href=\"https:\/\/immigrantquebec.com\/fr\/\"><b>\u2019Immigrant Qu\u00e9bec<\/b><\/a><span style=\"font-weight: 400;\"> tuvo la oportunidad de <\/span><b>escuchar directamente las experiencias, realidades y desaf\u00edos que enfrentan los trabajadores extranjeros temporales en su d\u00eda a d\u00eda<\/b><span style=\"font-weight: 400;\">, generando un valioso espacio de di\u00e1logo, confianza y cercan\u00eda. Estos intercambios permitieron comprender mejor sus trayectorias, as\u00ed como la importancia de contar con <\/span><b>acompa\u00f1amiento oportuno y recursos adecuados<\/b><span style=\"font-weight: 400;\"> para favorecer su estabilidad laboral e integraci\u00f3n.<\/span><\/p>\n<p><span style=\"font-weight: 400;\">Asimismo, se sostuvo una conversaci\u00f3n muy enriquecedora con dos trabajadores guatemaltecos del sector av\u00edcola, quienes compartieron con entusiasmo su experiencia en las distintas etapas del proceso productivo. A trav\u00e9s de su testimonio, destacaron el <\/span><b>orgullo, la motivaci\u00f3n y el compromiso<\/b><span style=\"font-weight: 400;\"> con los que realizan su labor, reflejando el alto nivel de profesionalismo que caracteriza a los TET y su valiosa contribuci\u00f3n al desarrollo del sector.<\/span><\/p>\n\t\t\t\t\t\t\t\t<\/div>\n\t\t\t\t<\/div>\n\t\t\t\t<section class=\"elementor-section elementor-inner-section elementor-element elementor-element-90b7407 elementor-section-boxed elementor-section-height-default elementor-section-height-default\" data-id=\"90b7407\" data-element_type=\"section\" data-e-type=\"section\">\n\t\t\t\t\t\t<div class=\"elementor-container elementor-column-gap-default\">\n\t\t\t\t\t<div class=\"elementor-column elementor-col-50 elementor-inner-column elementor-element elementor-element-162af67\" data-id=\"162af67\" data-element_type=\"column\" data-e-type=\"column\">\n\t\t\t<div class=\"elementor-widget-wrap elementor-element-populated\">\n\t\t\t\t\t\t<div class=\"elementor-element elementor-element-8c339e6 elementor-widget elementor-widget-text-editor\" data-id=\"8c339e6\" data-element_type=\"widget\" data-e-type=\"widget\" data-widget_type=\"text-editor.default\">\n\t\t\t\t<div class=\"elementor-widget-container\">\n\t\t\t\t\t\t\t\t\t<p><span style=\"font-weight: 400;\">Adem\u00e1s, el <\/span><b>coordinador regional de <\/b><a href=\"https:\/\/www.infotetquebec.com\/es\/\"><b>InfoTET<\/b><\/a><b>, Jonathan Buitrago<\/b><span style=\"font-weight: 400;\">, aprovech\u00f3 la ocasi\u00f3n para <\/span><b>presentar a los TET el programa <\/b><a href=\"https:\/\/www.infotetquebec.com\/es\/\"><b>InfoTET<\/b><\/a><b> Qu\u00e9bec<\/b><span style=\"font-weight: 400;\"> y <\/span><b>entregar la nueva edici\u00f3n de la gu\u00eda informativa<\/b><span style=\"font-weight: 400;\"> destinada a los trabajadores extranjeros temporales. Este momento de interacci\u00f3n directa permiti\u00f3 responder preguntas, escuchar experiencias y comprender mejor las necesidades reales de los trabajadores, reforzando la misi\u00f3n de acompa\u00f1arlos y brindarles herramientas \u00fatiles para su recorrido en Quebec.<\/span><\/p>\n<p><span style=\"font-weight: 400;\">En <\/span><a href=\"https:\/\/www.infotetquebec.com\/es\/\"><b>InfoTET<\/b><\/a><b> d\u2019I<\/b><a href=\"https:\/\/immigrantquebec.com\/fr\/\"><b>mmigrant Qu\u00e9bec<\/b><span style=\"font-weight: 400;\">,<\/span><\/a><span style=\"font-weight: 400;\"> creemos firmemente que <\/span><b>eventos como este son fundamentales para fortalecer la inclusi\u00f3n, empoderar a los TET y promover su bienestar integral<\/b><span style=\"font-weight: 400;\"> en la provincia. Por ello, continuamos apoyando <\/span><b>iniciativas que fomenten la informaci\u00f3n, la capacitaci\u00f3n, la participaci\u00f3n activa y la integraci\u00f3n efectiva<\/b><span style=\"font-weight: 400;\"> de quienes contribuyen cada d\u00eda al desarrollo social y econ\u00f3mico de Quebec.<\/span><\/p>\n\t\t\t\t\t\t\t\t<\/div>\n\t\t\t\t<\/div>\n\t\t\t\t\t<\/div>\n\t\t<\/div>\n\t\t\t\t<div class=\"elementor-column elementor-col-50 elementor-inner-column elementor-element elementor-element-b4bb983\" data-id=\"b4bb983\" data-element_type=\"column\" data-e-type=\"column\">\n\t\t\t<div class=\"elementor-widget-wrap elementor-element-populated\">\n\t\t\t\t\t\t<div class=\"elementor-element elementor-element-187c7a4 elementor-widget elementor-widget-image\" data-id=\"187c7a4\" data-element_type=\"widget\" data-e-type=\"widget\" data-widget_type=\"image.default\">\n\t\t\t\t<div class=\"elementor-widget-container\">\n\t\t\t\t\t\t\t\t\t\t\t\t\t\t\t<img decoding=\"async\" width=\"1024\" height=\"768\" src=\"https:\/\/www.infotetquebec.com\/wp-content\/uploads\/2026\/02\/10.-2026.01.22-Activite-soccer-pour-les-TET.-Integration-Competences.-Chambly-QC_-1024x768.jpeg\" class=\"attachment-large size-large wp-image-26215\" alt=\"\" srcset=\"https:\/\/www.infotetquebec.com\/wp-content\/uploads\/2026\/02\/10.-2026.01.22-Activite-soccer-pour-les-TET.-Integration-Competences.-Chambly-QC_-1024x768.jpeg 1024w, https:\/\/www.infotetquebec.com\/wp-content\/uploads\/2026\/02\/10.-2026.01.22-Activite-soccer-pour-les-TET.-Integration-Competences.-Chambly-QC_-300x225.jpeg 300w, https:\/\/www.infotetquebec.com\/wp-content\/uploads\/2026\/02\/10.-2026.01.22-Activite-soccer-pour-les-TET.-Integration-Competences.-Chambly-QC_-768x576.jpeg 768w, https:\/\/www.infotetquebec.com\/wp-content\/uploads\/2026\/02\/10.-2026.01.22-Activite-soccer-pour-les-TET.-Integration-Competences.-Chambly-QC_-1536x1152.jpeg 1536w, https:\/\/www.infotetquebec.com\/wp-content\/uploads\/2026\/02\/10.-2026.01.22-Activite-soccer-pour-les-TET.-Integration-Competences.-Chambly-QC_-702x526.jpeg 702w, https:\/\/www.infotetquebec.com\/wp-content\/uploads\/2026\/02\/10.-2026.01.22-Activite-soccer-pour-les-TET.-Integration-Competences.-Chambly-QC_.jpeg 1600w\" sizes=\"(max-width: 1024px) 100vw, 1024px\" \/>\t\t\t\t\t\t\t\t\t\t\t\t\t\t\t<\/div>\n\t\t\t\t<\/div>\n\t\t\t\t\t<\/div>\n\t\t<\/div>\n\t\t\t\t\t<\/div>\n\t\t<\/section>\n\t\t\t\t<div class=\"elementor-element elementor-element-702f1a5 elementor-widget elementor-widget-text-editor\" data-id=\"702f1a5\" data-element_type=\"widget\" data-e-type=\"widget\" data-widget_type=\"text-editor.default\">\n\t\t\t\t<div class=\"elementor-widget-container\">\n\t\t\t\t\t\t\t\t\t<p><span style=\"font-weight: 400;\">Agradecemos sinceramente a <\/span><b>Yessica Aguirre y Kana Yoko<\/b><span style=\"font-weight: 400;\">, as\u00ed como al equipo de <\/span><a href=\"https:\/\/integrationcompetences.ca\/services-aux-individus\/immigration\/travailleurs-migrants\"><b>Int\u00e9gration Comp\u00e9tences<\/b><\/a><span style=\"font-weight: 400;\">, por la excelente organizaci\u00f3n de esta actividad y por su compromiso para <\/span><b>llevar energ\u00eda, calidez y un ambiente positivo<\/b><span style=\"font-weight: 400;\"> en plena temporada invernal.<\/span><\/p>\n\t\t\t\t\t\t\t\t<\/div>\n\t\t\t\t<\/div>\n\t\t\t\t\t<\/div>\n\t\t<\/div>\n\t\t\t\t\t<\/div>\n\t\t<\/section>\n\t\t\t\t<\/div>\n\t\t","protected":false},"excerpt":{"rendered":"<p>El jueves 22 de enero de 2026, se llev\u00f3 a cabo una actividad deportiva de f\u00fatbol (soccer) dirigida a los Trabajadores Extranjeros Temporales (TET) en la ciudad de Chambly, organizada&#8230; <a class=\"more-link\" href=\"https:\/\/www.infotetquebec.com\/es\/deporte-integracion-y-bienestar-actividad-de-soccer-para-tet-en-chambly\/\">Leer m\u00e1s<\/a><\/p>\n","protected":false},"author":24,"featured_media":26204,"comment_status":"closed","ping_status":"open","sticky":false,"template":"","format":"standard","meta":{"_genesis_hide_title":false,"_genesis_hide_breadcrumbs":false,"_genesis_hide_singular_image":false,"_genesis_hide_footer_widgets":false,"_genesis_custom_body_class":"","_genesis_custom_post_class":"","_genesis_layout":"","footnotes":""},"categories":[54],"tags":[],"class_list":["post-26220","post","type-post","status-publish","format-standard","has-post-thumbnail","category-noticias","entry"],"yoast_head":"<!-- This site is optimized with the Yoast SEO plugin v27.5 - https:\/\/yoast.com\/product\/yoast-seo-wordpress\/ -->\n<title>Deporte, integraci\u00f3n y bienestar: actividad de soccer para TET en Chambly - Infotetquebec<\/title>\n<meta name=\"robots\" content=\"index, follow, max-snippet:-1, max-image-preview:large, max-video-preview:-1\" \/>\n<link rel=\"canonical\" href=\"https:\/\/www.infotetquebec.com\/es\/deporte-integracion-y-bienestar-actividad-de-soccer-para-tet-en-chambly\/\" \/>\n<meta property=\"og:locale\" content=\"es_ES\" \/>\n<meta property=\"og:type\" content=\"article\" \/>\n<meta property=\"og:title\" content=\"Deporte, integraci\u00f3n y bienestar: actividad de soccer para TET en Chambly - Infotetquebec\" \/>\n<meta property=\"og:description\" content=\"El jueves 22 de enero de 2026, se llev\u00f3 a cabo una actividad deportiva de f\u00fatbol (soccer) dirigida a los Trabajadores Extranjeros Temporales (TET) en la ciudad de Chambly, organizada... Leer m\u00e1s\" \/>\n<meta property=\"og:url\" content=\"https:\/\/www.infotetquebec.com\/es\/deporte-integracion-y-bienestar-actividad-de-soccer-para-tet-en-chambly\/\" \/>\n<meta property=\"og:site_name\" content=\"Infotetquebec\" \/>\n<meta property=\"article:publisher\" content=\"https:\/\/www.facebook.com\/profile.php?id=100089616676260\" \/>\n<meta property=\"article:published_time\" content=\"2026-01-26T19:14:37+00:00\" \/>\n<meta property=\"article:modified_time\" content=\"2026-02-02T19:16:45+00:00\" \/>\n<meta property=\"og:image\" content=\"https:\/\/www.infotetquebec.com\/wp-content\/uploads\/2026\/02\/7fb384e0-09af-4785-b4df-52f582ecb15a.jpg\" \/>\n\t<meta property=\"og:image:width\" content=\"1600\" \/>\n\t<meta property=\"og:image:height\" content=\"968\" \/>\n\t<meta property=\"og:image:type\" content=\"image\/jpeg\" \/>\n<meta name=\"author\" content=\"Alejandra Salas\" \/>\n<meta name=\"twitter:card\" content=\"summary_large_image\" \/>\n<meta name=\"twitter:label1\" content=\"Escrito por\" \/>\n\t<meta name=\"twitter:data1\" content=\"Alejandra Salas\" \/>\n\t<meta name=\"twitter:label2\" content=\"Tiempo de lectura\" \/>\n\t<meta name=\"twitter:data2\" content=\"3 minutos\" \/>\n<script type=\"application\/ld+json\" class=\"yoast-schema-graph\">{\"@context\":\"https:\\\/\\\/schema.org\",\"@graph\":[{\"@type\":\"Article\",\"@id\":\"https:\\\/\\\/www.infotetquebec.com\\\/es\\\/deporte-integracion-y-bienestar-actividad-de-soccer-para-tet-en-chambly\\\/#article\",\"isPartOf\":{\"@id\":\"https:\\\/\\\/www.infotetquebec.com\\\/es\\\/deporte-integracion-y-bienestar-actividad-de-soccer-para-tet-en-chambly\\\/\"},\"author\":{\"name\":\"Alejandra Salas\",\"@id\":\"https:\\\/\\\/www.infotetquebec.com\\\/es\\\/#\\\/schema\\\/person\\\/4d7d5cae14ea1c0896c0d0a1f00a3f77\"},\"headline\":\"Deporte, integraci\u00f3n y bienestar: actividad de soccer para TET en Chambly\",\"datePublished\":\"2026-01-26T19:14:37+00:00\",\"dateModified\":\"2026-02-02T19:16:45+00:00\",\"mainEntityOfPage\":{\"@id\":\"https:\\\/\\\/www.infotetquebec.com\\\/es\\\/deporte-integracion-y-bienestar-actividad-de-soccer-para-tet-en-chambly\\\/\"},\"wordCount\":482,\"publisher\":{\"@id\":\"https:\\\/\\\/www.infotetquebec.com\\\/es\\\/#organization\"},\"image\":{\"@id\":\"https:\\\/\\\/www.infotetquebec.com\\\/es\\\/deporte-integracion-y-bienestar-actividad-de-soccer-para-tet-en-chambly\\\/#primaryimage\"},\"thumbnailUrl\":\"https:\\\/\\\/www.infotetquebec.com\\\/wp-content\\\/uploads\\\/2026\\\/02\\\/7fb384e0-09af-4785-b4df-52f582ecb15a.jpg\",\"articleSection\":[\"Art\u00edculos\"],\"inLanguage\":\"es\"},{\"@type\":\"WebPage\",\"@id\":\"https:\\\/\\\/www.infotetquebec.com\\\/es\\\/deporte-integracion-y-bienestar-actividad-de-soccer-para-tet-en-chambly\\\/\",\"url\":\"https:\\\/\\\/www.infotetquebec.com\\\/es\\\/deporte-integracion-y-bienestar-actividad-de-soccer-para-tet-en-chambly\\\/\",\"name\":\"Deporte, integraci\u00f3n y bienestar: actividad de soccer para TET en Chambly - Infotetquebec\",\"isPartOf\":{\"@id\":\"https:\\\/\\\/www.infotetquebec.com\\\/es\\\/#website\"},\"primaryImageOfPage\":{\"@id\":\"https:\\\/\\\/www.infotetquebec.com\\\/es\\\/deporte-integracion-y-bienestar-actividad-de-soccer-para-tet-en-chambly\\\/#primaryimage\"},\"image\":{\"@id\":\"https:\\\/\\\/www.infotetquebec.com\\\/es\\\/deporte-integracion-y-bienestar-actividad-de-soccer-para-tet-en-chambly\\\/#primaryimage\"},\"thumbnailUrl\":\"https:\\\/\\\/www.infotetquebec.com\\\/wp-content\\\/uploads\\\/2026\\\/02\\\/7fb384e0-09af-4785-b4df-52f582ecb15a.jpg\",\"datePublished\":\"2026-01-26T19:14:37+00:00\",\"dateModified\":\"2026-02-02T19:16:45+00:00\",\"breadcrumb\":{\"@id\":\"https:\\\/\\\/www.infotetquebec.com\\\/es\\\/deporte-integracion-y-bienestar-actividad-de-soccer-para-tet-en-chambly\\\/#breadcrumb\"},\"inLanguage\":\"es\",\"potentialAction\":[{\"@type\":\"ReadAction\",\"target\":[\"https:\\\/\\\/www.infotetquebec.com\\\/es\\\/deporte-integracion-y-bienestar-actividad-de-soccer-para-tet-en-chambly\\\/\"]}]},{\"@type\":\"ImageObject\",\"inLanguage\":\"es\",\"@id\":\"https:\\\/\\\/www.infotetquebec.com\\\/es\\\/deporte-integracion-y-bienestar-actividad-de-soccer-para-tet-en-chambly\\\/#primaryimage\",\"url\":\"https:\\\/\\\/www.infotetquebec.com\\\/wp-content\\\/uploads\\\/2026\\\/02\\\/7fb384e0-09af-4785-b4df-52f582ecb15a.jpg\",\"contentUrl\":\"https:\\\/\\\/www.infotetquebec.com\\\/wp-content\\\/uploads\\\/2026\\\/02\\\/7fb384e0-09af-4785-b4df-52f582ecb15a.jpg\",\"width\":1600,\"height\":968},{\"@type\":\"BreadcrumbList\",\"@id\":\"https:\\\/\\\/www.infotetquebec.com\\\/es\\\/deporte-integracion-y-bienestar-actividad-de-soccer-para-tet-en-chambly\\\/#breadcrumb\",\"itemListElement\":[{\"@type\":\"ListItem\",\"position\":1,\"name\":\"Accueil\",\"item\":\"https:\\\/\\\/www.infotetquebec.com\\\/es\\\/\"},{\"@type\":\"ListItem\",\"position\":2,\"name\":\"Deporte, integraci\u00f3n y bienestar: actividad de soccer para TET en Chambly\"}]},{\"@type\":\"WebSite\",\"@id\":\"https:\\\/\\\/www.infotetquebec.com\\\/es\\\/#website\",\"url\":\"https:\\\/\\\/www.infotetquebec.com\\\/es\\\/\",\"name\":\"Infotetquebec\",\"description\":\"Info et soutien aux TET\",\"publisher\":{\"@id\":\"https:\\\/\\\/www.infotetquebec.com\\\/es\\\/#organization\"},\"potentialAction\":[{\"@type\":\"SearchAction\",\"target\":{\"@type\":\"EntryPoint\",\"urlTemplate\":\"https:\\\/\\\/www.infotetquebec.com\\\/es\\\/?s={search_term_string}\"},\"query-input\":{\"@type\":\"PropertyValueSpecification\",\"valueRequired\":true,\"valueName\":\"search_term_string\"}}],\"inLanguage\":\"es\"},{\"@type\":\"Organization\",\"@id\":\"https:\\\/\\\/www.infotetquebec.com\\\/es\\\/#organization\",\"name\":\"InfoTETQuebec\",\"url\":\"https:\\\/\\\/www.infotetquebec.com\\\/es\\\/\",\"logo\":{\"@type\":\"ImageObject\",\"inLanguage\":\"es\",\"@id\":\"https:\\\/\\\/www.infotetquebec.com\\\/es\\\/#\\\/schema\\\/logo\\\/image\\\/\",\"url\":\"https:\\\/\\\/www.infotetquebec.com\\\/wp-content\\\/uploads\\\/2021\\\/02\\\/cropped-IMQC_TET_Favicon_Fav-Icon_Fav-Icon-1.png\",\"contentUrl\":\"https:\\\/\\\/www.infotetquebec.com\\\/wp-content\\\/uploads\\\/2021\\\/02\\\/cropped-IMQC_TET_Favicon_Fav-Icon_Fav-Icon-1.png\",\"width\":512,\"height\":512,\"caption\":\"InfoTETQuebec\"},\"image\":{\"@id\":\"https:\\\/\\\/www.infotetquebec.com\\\/es\\\/#\\\/schema\\\/logo\\\/image\\\/\"},\"sameAs\":[\"https:\\\/\\\/www.facebook.com\\\/profile.php?id=100089616676260\"]},{\"@type\":\"Person\",\"@id\":\"https:\\\/\\\/www.infotetquebec.com\\\/es\\\/#\\\/schema\\\/person\\\/4d7d5cae14ea1c0896c0d0a1f00a3f77\",\"name\":\"Alejandra Salas\",\"image\":{\"@type\":\"ImageObject\",\"inLanguage\":\"es\",\"@id\":\"https:\\\/\\\/secure.gravatar.com\\\/avatar\\\/f4349ead7189b7991510bb355af676e7cf0f0627b750dbc8bcd4a69e99cd1341?s=96&d=mm&r=g\",\"url\":\"https:\\\/\\\/secure.gravatar.com\\\/avatar\\\/f4349ead7189b7991510bb355af676e7cf0f0627b750dbc8bcd4a69e99cd1341?s=96&d=mm&r=g\",\"contentUrl\":\"https:\\\/\\\/secure.gravatar.com\\\/avatar\\\/f4349ead7189b7991510bb355af676e7cf0f0627b750dbc8bcd4a69e99cd1341?s=96&d=mm&r=g\",\"caption\":\"Alejandra Salas\"},\"url\":\"https:\\\/\\\/www.infotetquebec.com\\\/es\\\/author\\\/alejandra-salas\\\/\"}]}<\/script>\n<!-- \/ Yoast SEO plugin. -->","yoast_head_json":{"title":"Deporte, integraci\u00f3n y bienestar: actividad de soccer para TET en Chambly - Infotetquebec","robots":{"index":"index","follow":"follow","max-snippet":"max-snippet:-1","max-image-preview":"max-image-preview:large","max-video-preview":"max-video-preview:-1"},"canonical":"https:\/\/www.infotetquebec.com\/es\/deporte-integracion-y-bienestar-actividad-de-soccer-para-tet-en-chambly\/","og_locale":"es_ES","og_type":"article","og_title":"Deporte, integraci\u00f3n y bienestar: actividad de soccer para TET en Chambly - Infotetquebec","og_description":"El jueves 22 de enero de 2026, se llev\u00f3 a cabo una actividad deportiva de f\u00fatbol (soccer) dirigida a los Trabajadores Extranjeros Temporales (TET) en la ciudad de Chambly, organizada... Leer m\u00e1s","og_url":"https:\/\/www.infotetquebec.com\/es\/deporte-integracion-y-bienestar-actividad-de-soccer-para-tet-en-chambly\/","og_site_name":"Infotetquebec","article_publisher":"https:\/\/www.facebook.com\/profile.php?id=100089616676260","article_published_time":"2026-01-26T19:14:37+00:00","article_modified_time":"2026-02-02T19:16:45+00:00","og_image":[{"width":1600,"height":968,"url":"https:\/\/www.infotetquebec.com\/wp-content\/uploads\/2026\/02\/7fb384e0-09af-4785-b4df-52f582ecb15a.jpg","type":"image\/jpeg"}],"author":"Alejandra Salas","twitter_card":"summary_large_image","twitter_misc":{"Escrito por":"Alejandra Salas","Tiempo de lectura":"3 minutos"},"schema":{"@context":"https:\/\/schema.org","@graph":[{"@type":"Article","@id":"https:\/\/www.infotetquebec.com\/es\/deporte-integracion-y-bienestar-actividad-de-soccer-para-tet-en-chambly\/#article","isPartOf":{"@id":"https:\/\/www.infotetquebec.com\/es\/deporte-integracion-y-bienestar-actividad-de-soccer-para-tet-en-chambly\/"},"author":{"name":"Alejandra Salas","@id":"https:\/\/www.infotetquebec.com\/es\/#\/schema\/person\/4d7d5cae14ea1c0896c0d0a1f00a3f77"},"headline":"Deporte, integraci\u00f3n y bienestar: actividad de soccer para TET en Chambly","datePublished":"2026-01-26T19:14:37+00:00","dateModified":"2026-02-02T19:16:45+00:00","mainEntityOfPage":{"@id":"https:\/\/www.infotetquebec.com\/es\/deporte-integracion-y-bienestar-actividad-de-soccer-para-tet-en-chambly\/"},"wordCount":482,"publisher":{"@id":"https:\/\/www.infotetquebec.com\/es\/#organization"},"image":{"@id":"https:\/\/www.infotetquebec.com\/es\/deporte-integracion-y-bienestar-actividad-de-soccer-para-tet-en-chambly\/#primaryimage"},"thumbnailUrl":"https:\/\/www.infotetquebec.com\/wp-content\/uploads\/2026\/02\/7fb384e0-09af-4785-b4df-52f582ecb15a.jpg","articleSection":["Art\u00edculos"],"inLanguage":"es"},{"@type":"WebPage","@id":"https:\/\/www.infotetquebec.com\/es\/deporte-integracion-y-bienestar-actividad-de-soccer-para-tet-en-chambly\/","url":"https:\/\/www.infotetquebec.com\/es\/deporte-integracion-y-bienestar-actividad-de-soccer-para-tet-en-chambly\/","name":"Deporte, integraci\u00f3n y bienestar: actividad de soccer para TET en Chambly - Infotetquebec","isPartOf":{"@id":"https:\/\/www.infotetquebec.com\/es\/#website"},"primaryImageOfPage":{"@id":"https:\/\/www.infotetquebec.com\/es\/deporte-integracion-y-bienestar-actividad-de-soccer-para-tet-en-chambly\/#primaryimage"},"image":{"@id":"https:\/\/www.infotetquebec.com\/es\/deporte-integracion-y-bienestar-actividad-de-soccer-para-tet-en-chambly\/#primaryimage"},"thumbnailUrl":"https:\/\/www.infotetquebec.com\/wp-content\/uploads\/2026\/02\/7fb384e0-09af-4785-b4df-52f582ecb15a.jpg","datePublished":"2026-01-26T19:14:37+00:00","dateModified":"2026-02-02T19:16:45+00:00","breadcrumb":{"@id":"https:\/\/www.infotetquebec.com\/es\/deporte-integracion-y-bienestar-actividad-de-soccer-para-tet-en-chambly\/#breadcrumb"},"inLanguage":"es","potentialAction":[{"@type":"ReadAction","target":["https:\/\/www.infotetquebec.com\/es\/deporte-integracion-y-bienestar-actividad-de-soccer-para-tet-en-chambly\/"]}]},{"@type":"ImageObject","inLanguage":"es","@id":"https:\/\/www.infotetquebec.com\/es\/deporte-integracion-y-bienestar-actividad-de-soccer-para-tet-en-chambly\/#primaryimage","url":"https:\/\/www.infotetquebec.com\/wp-content\/uploads\/2026\/02\/7fb384e0-09af-4785-b4df-52f582ecb15a.jpg","contentUrl":"https:\/\/www.infotetquebec.com\/wp-content\/uploads\/2026\/02\/7fb384e0-09af-4785-b4df-52f582ecb15a.jpg","width":1600,"height":968},{"@type":"BreadcrumbList","@id":"https:\/\/www.infotetquebec.com\/es\/deporte-integracion-y-bienestar-actividad-de-soccer-para-tet-en-chambly\/#breadcrumb","itemListElement":[{"@type":"ListItem","position":1,"name":"Accueil","item":"https:\/\/www.infotetquebec.com\/es\/"},{"@type":"ListItem","position":2,"name":"Deporte, integraci\u00f3n y bienestar: actividad de soccer para TET en Chambly"}]},{"@type":"WebSite","@id":"https:\/\/www.infotetquebec.com\/es\/#website","url":"https:\/\/www.infotetquebec.com\/es\/","name":"Infotetquebec","description":"Info et soutien aux TET","publisher":{"@id":"https:\/\/www.infotetquebec.com\/es\/#organization"},"potentialAction":[{"@type":"SearchAction","target":{"@type":"EntryPoint","urlTemplate":"https:\/\/www.infotetquebec.com\/es\/?s={search_term_string}"},"query-input":{"@type":"PropertyValueSpecification","valueRequired":true,"valueName":"search_term_string"}}],"inLanguage":"es"},{"@type":"Organization","@id":"https:\/\/www.infotetquebec.com\/es\/#organization","name":"InfoTETQuebec","url":"https:\/\/www.infotetquebec.com\/es\/","logo":{"@type":"ImageObject","inLanguage":"es","@id":"https:\/\/www.infotetquebec.com\/es\/#\/schema\/logo\/image\/","url":"https:\/\/www.infotetquebec.com\/wp-content\/uploads\/2021\/02\/cropped-IMQC_TET_Favicon_Fav-Icon_Fav-Icon-1.png","contentUrl":"https:\/\/www.infotetquebec.com\/wp-content\/uploads\/2021\/02\/cropped-IMQC_TET_Favicon_Fav-Icon_Fav-Icon-1.png","width":512,"height":512,"caption":"InfoTETQuebec"},"image":{"@id":"https:\/\/www.infotetquebec.com\/es\/#\/schema\/logo\/image\/"},"sameAs":["https:\/\/www.facebook.com\/profile.php?id=100089616676260"]},{"@type":"Person","@id":"https:\/\/www.infotetquebec.com\/es\/#\/schema\/person\/4d7d5cae14ea1c0896c0d0a1f00a3f77","name":"Alejandra Salas","image":{"@type":"ImageObject","inLanguage":"es","@id":"https:\/\/secure.gravatar.com\/avatar\/f4349ead7189b7991510bb355af676e7cf0f0627b750dbc8bcd4a69e99cd1341?s=96&d=mm&r=g","url":"https:\/\/secure.gravatar.com\/avatar\/f4349ead7189b7991510bb355af676e7cf0f0627b750dbc8bcd4a69e99cd1341?s=96&d=mm&r=g","contentUrl":"https:\/\/secure.gravatar.com\/avatar\/f4349ead7189b7991510bb355af676e7cf0f0627b750dbc8bcd4a69e99cd1341?s=96&d=mm&r=g","caption":"Alejandra Salas"},"url":"https:\/\/www.infotetquebec.com\/es\/author\/alejandra-salas\/"}]}},"rttpg_featured_image_url":{"full":["https:\/\/www.infotetquebec.com\/wp-content\/uploads\/2026\/02\/7fb384e0-09af-4785-b4df-52f582ecb15a.jpg",1600,968,false],"landscape":["https:\/\/www.infotetquebec.com\/wp-content\/uploads\/2026\/02\/7fb384e0-09af-4785-b4df-52f582ecb15a.jpg",1600,968,false],"portraits":["https:\/\/www.infotetquebec.com\/wp-content\/uploads\/2026\/02\/7fb384e0-09af-4785-b4df-52f582ecb15a.jpg",1600,968,false],"thumbnail":["https:\/\/www.infotetquebec.com\/wp-content\/uploads\/2026\/02\/7fb384e0-09af-4785-b4df-52f582ecb15a-300x150.jpg",300,150,true],"medium":["https:\/\/www.infotetquebec.com\/wp-content\/uploads\/2026\/02\/7fb384e0-09af-4785-b4df-52f582ecb15a-300x182.jpg",300,182,true],"large":["https:\/\/www.infotetquebec.com\/wp-content\/uploads\/2026\/02\/7fb384e0-09af-4785-b4df-52f582ecb15a-1024x620.jpg",1024,620,true],"1536x1536":["https:\/\/www.infotetquebec.com\/wp-content\/uploads\/2026\/02\/7fb384e0-09af-4785-b4df-52f582ecb15a-1536x929.jpg",1536,929,true],"2048x2048":["https:\/\/www.infotetquebec.com\/wp-content\/uploads\/2026\/02\/7fb384e0-09af-4785-b4df-52f582ecb15a.jpg",1600,968,false],"sidebar-featured":["https:\/\/www.infotetquebec.com\/wp-content\/uploads\/2026\/02\/7fb384e0-09af-4785-b4df-52f582ecb15a-75x75.jpg",75,75,true],"genesis-singular-images":["https:\/\/www.infotetquebec.com\/wp-content\/uploads\/2026\/02\/7fb384e0-09af-4785-b4df-52f582ecb15a-702x526.jpg",702,526,true]},"rttpg_author":{"display_name":"Alejandra Salas","author_link":"https:\/\/www.infotetquebec.com\/es\/author\/alejandra-salas\/"},"rttpg_comment":0,"rttpg_category":"<a href=\"https:\/\/www.infotetquebec.com\/es\/noticias\/\" rel=\"category tag\">Art\u00edculos<\/a>","rttpg_excerpt":"El jueves 22 de enero de 2026, se llev\u00f3 a cabo una actividad deportiva de f\u00fatbol (soccer) dirigida a los Trabajadores Extranjeros Temporales (TET) en la ciudad de Chambly, organizada... Leer m\u00e1s","_links":{"self":[{"href":"https:\/\/www.infotetquebec.com\/es\/wp-json\/wp\/v2\/posts\/26220","targetHints":{"allow":["GET"]}}],"collection":[{"href":"https:\/\/www.infotetquebec.com\/es\/wp-json\/wp\/v2\/posts"}],"about":[{"href":"https:\/\/www.infotetquebec.com\/es\/wp-json\/wp\/v2\/types\/post"}],"author":[{"embeddable":true,"href":"https:\/\/www.infotetquebec.com\/es\/wp-json\/wp\/v2\/users\/24"}],"replies":[{"embeddable":true,"href":"https:\/\/www.infotetquebec.com\/es\/wp-json\/wp\/v2\/comments?post=26220"}],"version-history":[{"count":4,"href":"https:\/\/www.infotetquebec.com\/es\/wp-json\/wp\/v2\/posts\/26220\/revisions"}],"predecessor-version":[{"id":26228,"href":"https:\/\/www.infotetquebec.com\/es\/wp-json\/wp\/v2\/posts\/26220\/revisions\/26228"}],"wp:featuredmedia":[{"embeddable":true,"href":"https:\/\/www.infotetquebec.com\/es\/wp-json\/wp\/v2\/media\/26204"}],"wp:attachment":[{"href":"https:\/\/www.infotetquebec.com\/es\/wp-json\/wp\/v2\/media?parent=26220"}],"wp:term":[{"taxonomy":"category","embeddable":true,"href":"https:\/\/www.infotetquebec.com\/es\/wp-json\/wp\/v2\/categories?post=26220"},{"taxonomy":"post_tag","embeddable":true,"href":"https:\/\/www.infotetquebec.com\/es\/wp-json\/wp\/v2\/tags?post=26220"}],"curies":[{"name":"wp","href":"https:\/\/api.w.org\/{rel}","templated":true}]}}