{"id":25996,"date":"2026-01-21T10:31:41","date_gmt":"2026-01-21T15:31:41","guid":{"rendered":"https:\/\/www.infotetquebec.com\/taller-cultural-para-tet-en-les-serres-savoura-conocer-las-laurentides-y-el-programa-infotet\/"},"modified":"2026-01-23T10:33:12","modified_gmt":"2026-01-23T15:33:12","slug":"taller-cultural-para-tet-en-les-serres-savoura-conocer-las-laurentides-y-el-programa-infotet","status":"publish","type":"post","link":"https:\/\/www.infotetquebec.com\/es\/taller-cultural-para-tet-en-les-serres-savoura-conocer-las-laurentides-y-el-programa-infotet\/","title":{"rendered":"Taller cultural para TET en Les Serres Savoura: conocer las Laurentides y el programa InfoTET"},"content":{"rendered":"\t\t<div data-elementor-type=\"wp-post\" data-elementor-id=\"25996\" class=\"elementor elementor-25996 elementor-25977\" data-elementor-post-type=\"post\">\n\t\t\t\t\t\t<section class=\"elementor-section elementor-top-section elementor-element elementor-element-3f6e94a elementor-section-boxed elementor-section-height-default elementor-section-height-default\" data-id=\"3f6e94a\" data-element_type=\"section\" data-e-type=\"section\">\n\t\t\t\t\t\t<div class=\"elementor-container elementor-column-gap-default\">\n\t\t\t\t\t<div class=\"elementor-column elementor-col-100 elementor-top-column elementor-element elementor-element-ad863ef\" data-id=\"ad863ef\" data-element_type=\"column\" data-e-type=\"column\">\n\t\t\t<div class=\"elementor-widget-wrap elementor-element-populated\">\n\t\t\t\t\t\t<div class=\"elementor-element elementor-element-e3e6be0 elementor-widget elementor-widget-text-editor\" data-id=\"e3e6be0\" data-element_type=\"widget\" data-e-type=\"widget\" data-widget_type=\"text-editor.default\">\n\t\t\t\t<div class=\"elementor-widget-container\">\n\t\t\t\t\t\t\t\t\t<p><span style=\"font-weight: 400;\">El pasado <\/span><b>14 de enero<\/b><span style=\"font-weight: 400;\">, se llev\u00f3 a cabo un taller cultural dirigido a trabajadores extranjeros temporales (TET) en la empresa <\/span><b>Les Serres Savoura<\/b><span style=\"font-weight: 400;\">, ubicada en <\/span><b>Sainte-Sophie<\/b><span style=\"font-weight: 400;\">, en la regi\u00f3n de <\/span><b>Laurentides<\/b><span style=\"font-weight: 400;\">, la cual permiti\u00f3 dar a conocer los objetivos y recursos de nuestro programa a los trabajadores participantes.<\/span><\/p>\n\t\t\t\t\t\t\t\t<\/div>\n\t\t\t\t<\/div>\n\t\t\t\t<section class=\"elementor-section elementor-inner-section elementor-element elementor-element-4541c72 elementor-section-boxed elementor-section-height-default elementor-section-height-default\" data-id=\"4541c72\" data-element_type=\"section\" data-e-type=\"section\">\n\t\t\t\t\t\t<div class=\"elementor-container elementor-column-gap-default\">\n\t\t\t\t\t<div class=\"elementor-column elementor-col-50 elementor-inner-column elementor-element elementor-element-48a3e1c\" data-id=\"48a3e1c\" data-element_type=\"column\" data-e-type=\"column\">\n\t\t\t<div class=\"elementor-widget-wrap elementor-element-populated\">\n\t\t\t\t\t\t<div class=\"elementor-element elementor-element-3c9e185 elementor-widget elementor-widget-text-editor\" data-id=\"3c9e185\" data-element_type=\"widget\" data-e-type=\"widget\" data-widget_type=\"text-editor.default\">\n\t\t\t\t<div class=\"elementor-widget-container\">\n\t\t\t\t\t\t\t\t\t<p><span style=\"font-weight: 400;\">El taller, titulado <\/span><b>\u00abPresentaci\u00f3n de las Laurentides \u2013 consejos pr\u00e1cticos sobre transporte, gastronom\u00eda, actividades culturales, vida comunitaria y mucho m\u00e1s\u00bb<\/b><span style=\"font-weight: 400;\">, fue coordinado por <\/span><b>Deborah Lopez, agente de enlace del <\/b><a href=\"https:\/\/www.cielaurentides.com\/\"><b>CIE Laurentides (Centre d\u2019int\u00e9gration en emploi Laurentides)<\/b><\/a><span style=\"font-weight: 400;\">, organismo colaborador del <\/span><b>PSTM de <\/b><a href=\"https:\/\/www.infotetquebec.com\/es\/\"><b>InfoTET<\/b><\/a><span style=\"font-weight: 400;\">. M\u00e1s de 20 <\/span><b>trabajadores extranjeros temporales<\/b><span style=\"font-weight: 400;\">, provenientes principalmente de <\/span><b>Guatemala, El Salvador y M\u00e9xico<\/b><span style=\"font-weight: 400;\">, quienes se desempe\u00f1an en esta empresa especializada en la <\/span><b>producci\u00f3n de tomates<\/b><span style=\"font-weight: 400;\">. Los participantes asistieron con entusiasmo, demostrando un gran inter\u00e9s y compromiso, esfuerzo que fue ampliamente reconocido.<\/span><\/p>\n<p><span style=\"font-weight: 400;\">El contenido del taller ofreci\u00f3 informaci\u00f3n pr\u00e1ctica y accesible sobre la regi\u00f3n de <\/span><b>Laurentides<\/b><span style=\"font-weight: 400;\">, con el objetivo de facilitar la integraci\u00f3n social y comunitaria de los TET. Se abordaron temas clave relacionados con el <\/span><b>transporte<\/b><span style=\"font-weight: 400;\">, la <\/span><b>gastronom\u00eda local<\/b><span style=\"font-weight: 400;\">, las <\/span><b>actividades culturales<\/b><span style=\"font-weight: 400;\">, la <\/span><b>vida comunitaria<\/b><span style=\"font-weight: 400;\"> y otros aspectos esenciales de la vida cotidiana en Quebec.<\/span><\/p>\n\t\t\t\t\t\t\t\t<\/div>\n\t\t\t\t<\/div>\n\t\t\t\t\t<\/div>\n\t\t<\/div>\n\t\t\t\t<div class=\"elementor-column elementor-col-50 elementor-inner-column elementor-element elementor-element-445abe3\" data-id=\"445abe3\" data-element_type=\"column\" data-e-type=\"column\">\n\t\t\t<div class=\"elementor-widget-wrap elementor-element-populated\">\n\t\t\t\t\t\t<div class=\"elementor-element elementor-element-0beb90f elementor-widget elementor-widget-image\" data-id=\"0beb90f\" data-element_type=\"widget\" data-e-type=\"widget\" data-widget_type=\"image.default\">\n\t\t\t\t<div class=\"elementor-widget-container\">\n\t\t\t\t\t\t\t\t\t\t\t\t\t\t\t<img fetchpriority=\"high\" decoding=\"async\" width=\"515\" height=\"524\" src=\"https:\/\/www.infotetquebec.com\/wp-content\/uploads\/2026\/01\/Capture-decran-le-2026-01-23-a-10.28.52.png\" class=\"attachment-large size-large wp-image-25991\" alt=\"\" srcset=\"https:\/\/www.infotetquebec.com\/wp-content\/uploads\/2026\/01\/Capture-decran-le-2026-01-23-a-10.28.52.png 515w, https:\/\/www.infotetquebec.com\/wp-content\/uploads\/2026\/01\/Capture-decran-le-2026-01-23-a-10.28.52-295x300.png 295w, https:\/\/www.infotetquebec.com\/wp-content\/uploads\/2026\/01\/Capture-decran-le-2026-01-23-a-10.28.52-75x75.png 75w\" sizes=\"(max-width: 515px) 100vw, 515px\" \/>\t\t\t\t\t\t\t\t\t\t\t\t\t\t\t<\/div>\n\t\t\t\t<\/div>\n\t\t\t\t\t<\/div>\n\t\t<\/div>\n\t\t\t\t\t<\/div>\n\t\t<\/section>\n\t\t\t\t<section class=\"elementor-section elementor-inner-section elementor-element elementor-element-cdb2fd9 elementor-section-boxed elementor-section-height-default elementor-section-height-default\" data-id=\"cdb2fd9\" data-element_type=\"section\" data-e-type=\"section\">\n\t\t\t\t\t\t<div class=\"elementor-container elementor-column-gap-default\">\n\t\t\t\t\t<div class=\"elementor-column elementor-col-100 elementor-inner-column elementor-element elementor-element-63d6f03\" data-id=\"63d6f03\" data-element_type=\"column\" data-e-type=\"column\">\n\t\t\t<div class=\"elementor-widget-wrap elementor-element-populated\">\n\t\t\t\t\t\t<div class=\"elementor-element elementor-element-1e71439 elementor-widget elementor-widget-text-editor\" data-id=\"1e71439\" data-element_type=\"widget\" data-e-type=\"widget\" data-widget_type=\"text-editor.default\">\n\t\t\t\t<div class=\"elementor-widget-container\">\n\t\t\t\t\t\t\t\t\t<p><span style=\"font-weight: 400;\">Durante la actividad, <\/span><a href=\"https:\/\/www.cielaurentides.com\/\"><b>CIE Laurentides<\/b><\/a><span style=\"font-weight: 400;\"> fue el encargado de <\/span><b>entregar la nueva edici\u00f3n de la gu\u00eda informativa de <\/b><a href=\"https:\/\/www.infotetquebec.com\/es\/\"><b>InfoTET<\/b><\/a><span style=\"font-weight: 400;\"> y de <\/span><b>explicar la finalidad de nuestro programa<\/b><span style=\"font-weight: 400;\">, permitiendo que los trabajadores comprendieran mejor los <\/span><b>servicios, recursos y herramientas<\/b><span style=\"font-weight: 400;\"> disponibles para acompa\u00f1arlos en su trayectoria en Quebec.<\/span><\/p>\n<p><span style=\"font-weight: 400;\">El encuentro se desarroll\u00f3 en un ambiente c\u00e1lido y participativo. Los trabajadores compartieron un momento de convivencia alrededor de <\/span><b>pizzas y bebidas<\/b><span style=\"font-weight: 400;\">, y tuvieron la oportunidad de degustar por primera vez <\/span><b>postres tradicionales quebequenses<\/b><span style=\"font-weight: 400;\">, como la <\/span><b>tarte au sucre<\/b><span style=\"font-weight: 400;\"> y el <\/span><b>pastel de zanahoria con nueces<\/b><span style=\"font-weight: 400;\">, generando espacios de intercambio, di\u00e1logo y cercan\u00eda.<\/span><\/p>\n<p><span style=\"font-weight: 400;\">Asimismo, <\/span><b>representantes del departamento de recursos humanos de Les Serres Savoura<\/b><span style=\"font-weight: 400;\"> estuvieron presentes durante la actividad, reforzando el mensaje de que los trabajadores cuentan tanto con el <\/span><b>apoyo de su empleador<\/b><span style=\"font-weight: 400;\"> como con el de los <\/span><b>organismos comunitarios<\/b><span style=\"font-weight: 400;\">.<\/span><\/p>\n<p><span style=\"font-weight: 400;\">En <\/span><a href=\"https:\/\/www.infotetquebec.com\/es\/\"><b>InfoTET<\/b><\/a><b> d\u2019<\/b><a href=\"https:\/\/immigrantquebec.com\/fr\/\"><b>Immigrant Qu\u00e9bec<\/b><\/a><span style=\"font-weight: 400;\">, creemos firmemente que iniciativas como esta son fundamentales para <\/span><b>fortalecer la inclusi\u00f3n<\/b><span style=\"font-weight: 400;\">, <\/span><b>informar a los trabajadores extranjeros temporales<\/b><span style=\"font-weight: 400;\"> y <\/span><b>garantizar su acceso a informaci\u00f3n confiable<\/b><span style=\"font-weight: 400;\">. Continuaremos respaldando acciones que promuevan la <\/span><b>integraci\u00f3n<\/b><span style=\"font-weight: 400;\">, el <\/span><b>bienestar<\/b><span style=\"font-weight: 400;\"> y el <\/span><b>reconocimiento<\/b><span style=\"font-weight: 400;\"> de quienes contribuyen activamente al desarrollo de nuestra provincia.<\/span><\/p>\n\t\t\t\t\t\t\t\t<\/div>\n\t\t\t\t<\/div>\n\t\t\t\t\t<\/div>\n\t\t<\/div>\n\t\t\t\t\t<\/div>\n\t\t<\/section>\n\t\t\t\t<section class=\"elementor-section elementor-inner-section elementor-element elementor-element-ae87470 elementor-section-boxed elementor-section-height-default elementor-section-height-default\" data-id=\"ae87470\" data-element_type=\"section\" data-e-type=\"section\">\n\t\t\t\t\t\t<div class=\"elementor-container elementor-column-gap-default\">\n\t\t\t\t\t<div class=\"elementor-column elementor-col-50 elementor-inner-column elementor-element elementor-element-547fa88\" data-id=\"547fa88\" data-element_type=\"column\" data-e-type=\"column\">\n\t\t\t<div class=\"elementor-widget-wrap elementor-element-populated\">\n\t\t\t\t\t\t<div class=\"elementor-element elementor-element-78bcbf7 elementor-widget elementor-widget-image\" data-id=\"78bcbf7\" data-element_type=\"widget\" data-e-type=\"widget\" data-widget_type=\"image.default\">\n\t\t\t\t<div class=\"elementor-widget-container\">\n\t\t\t\t\t\t\t\t\t\t\t\t\t\t\t<img decoding=\"async\" width=\"1024\" height=\"768\" src=\"https:\/\/www.infotetquebec.com\/wp-content\/uploads\/2026\/01\/WhatsApp-Image-2026-01-15-at-8.20.27-AM-1-1024x768.jpeg\" class=\"attachment-large size-large wp-image-25984\" alt=\"\" srcset=\"https:\/\/www.infotetquebec.com\/wp-content\/uploads\/2026\/01\/WhatsApp-Image-2026-01-15-at-8.20.27-AM-1-1024x768.jpeg 1024w, https:\/\/www.infotetquebec.com\/wp-content\/uploads\/2026\/01\/WhatsApp-Image-2026-01-15-at-8.20.27-AM-1-300x225.jpeg 300w, https:\/\/www.infotetquebec.com\/wp-content\/uploads\/2026\/01\/WhatsApp-Image-2026-01-15-at-8.20.27-AM-1-768x576.jpeg 768w, https:\/\/www.infotetquebec.com\/wp-content\/uploads\/2026\/01\/WhatsApp-Image-2026-01-15-at-8.20.27-AM-1-1536x1152.jpeg 1536w, https:\/\/www.infotetquebec.com\/wp-content\/uploads\/2026\/01\/WhatsApp-Image-2026-01-15-at-8.20.27-AM-1-702x526.jpeg 702w, https:\/\/www.infotetquebec.com\/wp-content\/uploads\/2026\/01\/WhatsApp-Image-2026-01-15-at-8.20.27-AM-1.jpeg 1600w\" sizes=\"(max-width: 1024px) 100vw, 1024px\" \/>\t\t\t\t\t\t\t\t\t\t\t\t\t\t\t<\/div>\n\t\t\t\t<\/div>\n\t\t\t\t\t<\/div>\n\t\t<\/div>\n\t\t\t\t<div class=\"elementor-column elementor-col-50 elementor-inner-column elementor-element elementor-element-a3d0595\" data-id=\"a3d0595\" data-element_type=\"column\" data-e-type=\"column\">\n\t\t\t<div class=\"elementor-widget-wrap elementor-element-populated\">\n\t\t\t\t\t\t<div class=\"elementor-element elementor-element-41ac6bf elementor-widget elementor-widget-image\" data-id=\"41ac6bf\" data-element_type=\"widget\" data-e-type=\"widget\" data-widget_type=\"image.default\">\n\t\t\t\t<div class=\"elementor-widget-container\">\n\t\t\t\t\t\t\t\t\t\t\t\t\t\t\t<img decoding=\"async\" width=\"1024\" height=\"768\" src=\"https:\/\/www.infotetquebec.com\/wp-content\/uploads\/2026\/01\/WhatsApp-Image-2026-01-15-at-8.20.27-AM-2-1024x768.jpeg\" class=\"attachment-large size-large wp-image-25987\" alt=\"\" srcset=\"https:\/\/www.infotetquebec.com\/wp-content\/uploads\/2026\/01\/WhatsApp-Image-2026-01-15-at-8.20.27-AM-2-1024x768.jpeg 1024w, https:\/\/www.infotetquebec.com\/wp-content\/uploads\/2026\/01\/WhatsApp-Image-2026-01-15-at-8.20.27-AM-2-300x225.jpeg 300w, https:\/\/www.infotetquebec.com\/wp-content\/uploads\/2026\/01\/WhatsApp-Image-2026-01-15-at-8.20.27-AM-2-768x576.jpeg 768w, https:\/\/www.infotetquebec.com\/wp-content\/uploads\/2026\/01\/WhatsApp-Image-2026-01-15-at-8.20.27-AM-2-1536x1152.jpeg 1536w, https:\/\/www.infotetquebec.com\/wp-content\/uploads\/2026\/01\/WhatsApp-Image-2026-01-15-at-8.20.27-AM-2-702x526.jpeg 702w, https:\/\/www.infotetquebec.com\/wp-content\/uploads\/2026\/01\/WhatsApp-Image-2026-01-15-at-8.20.27-AM-2.jpeg 1600w\" sizes=\"(max-width: 1024px) 100vw, 1024px\" \/>\t\t\t\t\t\t\t\t\t\t\t\t\t\t\t<\/div>\n\t\t\t\t<\/div>\n\t\t\t\t\t<\/div>\n\t\t<\/div>\n\t\t\t\t\t<\/div>\n\t\t<\/section>\n\t\t\t\t\t<\/div>\n\t\t<\/div>\n\t\t\t\t\t<\/div>\n\t\t<\/section>\n\t\t\t\t<\/div>\n\t\t","protected":false},"excerpt":{"rendered":"<p>El pasado 14 de enero, se llev\u00f3 a cabo un taller cultural dirigido a trabajadores extranjeros temporales (TET) en la empresa Les Serres Savoura, ubicada en Sainte-Sophie, en la regi\u00f3n&#8230; <a class=\"more-link\" href=\"https:\/\/www.infotetquebec.com\/es\/taller-cultural-para-tet-en-les-serres-savoura-conocer-las-laurentides-y-el-programa-infotet\/\">Leer m\u00e1s<\/a><\/p>\n","protected":false},"author":24,"featured_media":25980,"comment_status":"closed","ping_status":"open","sticky":false,"template":"","format":"standard","meta":{"_genesis_hide_title":false,"_genesis_hide_breadcrumbs":false,"_genesis_hide_singular_image":false,"_genesis_hide_footer_widgets":false,"_genesis_custom_body_class":"","_genesis_custom_post_class":"","_genesis_layout":"","footnotes":""},"categories":[54],"tags":[],"class_list":["post-25996","post","type-post","status-publish","format-standard","has-post-thumbnail","category-noticias","entry"],"yoast_head":"<!-- This site is optimized with the Yoast SEO plugin v27.5 - https:\/\/yoast.com\/product\/yoast-seo-wordpress\/ -->\n<title>Taller cultural para TET en Les Serres Savoura: conocer las Laurentides y el programa InfoTET - Infotetquebec<\/title>\n<meta name=\"robots\" content=\"index, follow, max-snippet:-1, max-image-preview:large, max-video-preview:-1\" \/>\n<link rel=\"canonical\" href=\"https:\/\/www.infotetquebec.com\/es\/taller-cultural-para-tet-en-les-serres-savoura-conocer-las-laurentides-y-el-programa-infotet\/\" \/>\n<meta property=\"og:locale\" content=\"es_ES\" \/>\n<meta property=\"og:type\" content=\"article\" \/>\n<meta property=\"og:title\" content=\"Taller cultural para TET en Les Serres Savoura: conocer las Laurentides y el programa InfoTET - Infotetquebec\" \/>\n<meta property=\"og:description\" content=\"El pasado 14 de enero, se llev\u00f3 a cabo un taller cultural dirigido a trabajadores extranjeros temporales (TET) en la empresa Les Serres Savoura, ubicada en Sainte-Sophie, en la regi\u00f3n... Leer m\u00e1s\" \/>\n<meta property=\"og:url\" content=\"https:\/\/www.infotetquebec.com\/es\/taller-cultural-para-tet-en-les-serres-savoura-conocer-las-laurentides-y-el-programa-infotet\/\" \/>\n<meta property=\"og:site_name\" content=\"Infotetquebec\" \/>\n<meta property=\"article:publisher\" content=\"https:\/\/www.facebook.com\/profile.php?id=100089616676260\" \/>\n<meta property=\"article:published_time\" content=\"2026-01-21T15:31:41+00:00\" \/>\n<meta property=\"article:modified_time\" content=\"2026-01-23T15:33:12+00:00\" \/>\n<meta property=\"og:image\" content=\"https:\/\/www.infotetquebec.com\/wp-content\/uploads\/2026\/01\/8386e51f-79cd-422a-9266-ea1052566964.jpg\" \/>\n\t<meta property=\"og:image:width\" content=\"1600\" \/>\n\t<meta property=\"og:image:height\" content=\"1001\" \/>\n\t<meta property=\"og:image:type\" content=\"image\/jpeg\" \/>\n<meta name=\"author\" content=\"Alejandra Salas\" \/>\n<meta name=\"twitter:card\" content=\"summary_large_image\" \/>\n<meta name=\"twitter:label1\" content=\"Escrito por\" \/>\n\t<meta name=\"twitter:data1\" content=\"Alejandra Salas\" \/>\n\t<meta name=\"twitter:label2\" content=\"Tiempo de lectura\" \/>\n\t<meta name=\"twitter:data2\" content=\"3 minutos\" \/>\n<script type=\"application\/ld+json\" class=\"yoast-schema-graph\">{\"@context\":\"https:\\\/\\\/schema.org\",\"@graph\":[{\"@type\":\"Article\",\"@id\":\"https:\\\/\\\/www.infotetquebec.com\\\/es\\\/taller-cultural-para-tet-en-les-serres-savoura-conocer-las-laurentides-y-el-programa-infotet\\\/#article\",\"isPartOf\":{\"@id\":\"https:\\\/\\\/www.infotetquebec.com\\\/es\\\/taller-cultural-para-tet-en-les-serres-savoura-conocer-las-laurentides-y-el-programa-infotet\\\/\"},\"author\":{\"name\":\"Alejandra Salas\",\"@id\":\"https:\\\/\\\/www.infotetquebec.com\\\/es\\\/#\\\/schema\\\/person\\\/4d7d5cae14ea1c0896c0d0a1f00a3f77\"},\"headline\":\"Taller cultural para TET en Les Serres Savoura: conocer las Laurentides y el programa InfoTET\",\"datePublished\":\"2026-01-21T15:31:41+00:00\",\"dateModified\":\"2026-01-23T15:33:12+00:00\",\"mainEntityOfPage\":{\"@id\":\"https:\\\/\\\/www.infotetquebec.com\\\/es\\\/taller-cultural-para-tet-en-les-serres-savoura-conocer-las-laurentides-y-el-programa-infotet\\\/\"},\"wordCount\":414,\"publisher\":{\"@id\":\"https:\\\/\\\/www.infotetquebec.com\\\/es\\\/#organization\"},\"image\":{\"@id\":\"https:\\\/\\\/www.infotetquebec.com\\\/es\\\/taller-cultural-para-tet-en-les-serres-savoura-conocer-las-laurentides-y-el-programa-infotet\\\/#primaryimage\"},\"thumbnailUrl\":\"https:\\\/\\\/www.infotetquebec.com\\\/wp-content\\\/uploads\\\/2026\\\/01\\\/8386e51f-79cd-422a-9266-ea1052566964.jpg\",\"articleSection\":[\"Art\u00edculos\"],\"inLanguage\":\"es\"},{\"@type\":\"WebPage\",\"@id\":\"https:\\\/\\\/www.infotetquebec.com\\\/es\\\/taller-cultural-para-tet-en-les-serres-savoura-conocer-las-laurentides-y-el-programa-infotet\\\/\",\"url\":\"https:\\\/\\\/www.infotetquebec.com\\\/es\\\/taller-cultural-para-tet-en-les-serres-savoura-conocer-las-laurentides-y-el-programa-infotet\\\/\",\"name\":\"Taller cultural para TET en Les Serres Savoura: conocer las Laurentides y el programa InfoTET - Infotetquebec\",\"isPartOf\":{\"@id\":\"https:\\\/\\\/www.infotetquebec.com\\\/es\\\/#website\"},\"primaryImageOfPage\":{\"@id\":\"https:\\\/\\\/www.infotetquebec.com\\\/es\\\/taller-cultural-para-tet-en-les-serres-savoura-conocer-las-laurentides-y-el-programa-infotet\\\/#primaryimage\"},\"image\":{\"@id\":\"https:\\\/\\\/www.infotetquebec.com\\\/es\\\/taller-cultural-para-tet-en-les-serres-savoura-conocer-las-laurentides-y-el-programa-infotet\\\/#primaryimage\"},\"thumbnailUrl\":\"https:\\\/\\\/www.infotetquebec.com\\\/wp-content\\\/uploads\\\/2026\\\/01\\\/8386e51f-79cd-422a-9266-ea1052566964.jpg\",\"datePublished\":\"2026-01-21T15:31:41+00:00\",\"dateModified\":\"2026-01-23T15:33:12+00:00\",\"breadcrumb\":{\"@id\":\"https:\\\/\\\/www.infotetquebec.com\\\/es\\\/taller-cultural-para-tet-en-les-serres-savoura-conocer-las-laurentides-y-el-programa-infotet\\\/#breadcrumb\"},\"inLanguage\":\"es\",\"potentialAction\":[{\"@type\":\"ReadAction\",\"target\":[\"https:\\\/\\\/www.infotetquebec.com\\\/es\\\/taller-cultural-para-tet-en-les-serres-savoura-conocer-las-laurentides-y-el-programa-infotet\\\/\"]}]},{\"@type\":\"ImageObject\",\"inLanguage\":\"es\",\"@id\":\"https:\\\/\\\/www.infotetquebec.com\\\/es\\\/taller-cultural-para-tet-en-les-serres-savoura-conocer-las-laurentides-y-el-programa-infotet\\\/#primaryimage\",\"url\":\"https:\\\/\\\/www.infotetquebec.com\\\/wp-content\\\/uploads\\\/2026\\\/01\\\/8386e51f-79cd-422a-9266-ea1052566964.jpg\",\"contentUrl\":\"https:\\\/\\\/www.infotetquebec.com\\\/wp-content\\\/uploads\\\/2026\\\/01\\\/8386e51f-79cd-422a-9266-ea1052566964.jpg\",\"width\":1600,\"height\":1001},{\"@type\":\"BreadcrumbList\",\"@id\":\"https:\\\/\\\/www.infotetquebec.com\\\/es\\\/taller-cultural-para-tet-en-les-serres-savoura-conocer-las-laurentides-y-el-programa-infotet\\\/#breadcrumb\",\"itemListElement\":[{\"@type\":\"ListItem\",\"position\":1,\"name\":\"Accueil\",\"item\":\"https:\\\/\\\/www.infotetquebec.com\\\/es\\\/\"},{\"@type\":\"ListItem\",\"position\":2,\"name\":\"Taller cultural para TET en Les Serres Savoura: conocer las Laurentides y el programa InfoTET\"}]},{\"@type\":\"WebSite\",\"@id\":\"https:\\\/\\\/www.infotetquebec.com\\\/es\\\/#website\",\"url\":\"https:\\\/\\\/www.infotetquebec.com\\\/es\\\/\",\"name\":\"Infotetquebec\",\"description\":\"Info et soutien aux TET\",\"publisher\":{\"@id\":\"https:\\\/\\\/www.infotetquebec.com\\\/es\\\/#organization\"},\"potentialAction\":[{\"@type\":\"SearchAction\",\"target\":{\"@type\":\"EntryPoint\",\"urlTemplate\":\"https:\\\/\\\/www.infotetquebec.com\\\/es\\\/?s={search_term_string}\"},\"query-input\":{\"@type\":\"PropertyValueSpecification\",\"valueRequired\":true,\"valueName\":\"search_term_string\"}}],\"inLanguage\":\"es\"},{\"@type\":\"Organization\",\"@id\":\"https:\\\/\\\/www.infotetquebec.com\\\/es\\\/#organization\",\"name\":\"InfoTETQuebec\",\"url\":\"https:\\\/\\\/www.infotetquebec.com\\\/es\\\/\",\"logo\":{\"@type\":\"ImageObject\",\"inLanguage\":\"es\",\"@id\":\"https:\\\/\\\/www.infotetquebec.com\\\/es\\\/#\\\/schema\\\/logo\\\/image\\\/\",\"url\":\"https:\\\/\\\/www.infotetquebec.com\\\/wp-content\\\/uploads\\\/2021\\\/02\\\/cropped-IMQC_TET_Favicon_Fav-Icon_Fav-Icon-1.png\",\"contentUrl\":\"https:\\\/\\\/www.infotetquebec.com\\\/wp-content\\\/uploads\\\/2021\\\/02\\\/cropped-IMQC_TET_Favicon_Fav-Icon_Fav-Icon-1.png\",\"width\":512,\"height\":512,\"caption\":\"InfoTETQuebec\"},\"image\":{\"@id\":\"https:\\\/\\\/www.infotetquebec.com\\\/es\\\/#\\\/schema\\\/logo\\\/image\\\/\"},\"sameAs\":[\"https:\\\/\\\/www.facebook.com\\\/profile.php?id=100089616676260\"]},{\"@type\":\"Person\",\"@id\":\"https:\\\/\\\/www.infotetquebec.com\\\/es\\\/#\\\/schema\\\/person\\\/4d7d5cae14ea1c0896c0d0a1f00a3f77\",\"name\":\"Alejandra Salas\",\"image\":{\"@type\":\"ImageObject\",\"inLanguage\":\"es\",\"@id\":\"https:\\\/\\\/secure.gravatar.com\\\/avatar\\\/f4349ead7189b7991510bb355af676e7cf0f0627b750dbc8bcd4a69e99cd1341?s=96&d=mm&r=g\",\"url\":\"https:\\\/\\\/secure.gravatar.com\\\/avatar\\\/f4349ead7189b7991510bb355af676e7cf0f0627b750dbc8bcd4a69e99cd1341?s=96&d=mm&r=g\",\"contentUrl\":\"https:\\\/\\\/secure.gravatar.com\\\/avatar\\\/f4349ead7189b7991510bb355af676e7cf0f0627b750dbc8bcd4a69e99cd1341?s=96&d=mm&r=g\",\"caption\":\"Alejandra Salas\"},\"url\":\"https:\\\/\\\/www.infotetquebec.com\\\/es\\\/author\\\/alejandra-salas\\\/\"}]}<\/script>\n<!-- \/ Yoast SEO plugin. -->","yoast_head_json":{"title":"Taller cultural para TET en Les Serres Savoura: conocer las Laurentides y el programa InfoTET - Infotetquebec","robots":{"index":"index","follow":"follow","max-snippet":"max-snippet:-1","max-image-preview":"max-image-preview:large","max-video-preview":"max-video-preview:-1"},"canonical":"https:\/\/www.infotetquebec.com\/es\/taller-cultural-para-tet-en-les-serres-savoura-conocer-las-laurentides-y-el-programa-infotet\/","og_locale":"es_ES","og_type":"article","og_title":"Taller cultural para TET en Les Serres Savoura: conocer las Laurentides y el programa InfoTET - Infotetquebec","og_description":"El pasado 14 de enero, se llev\u00f3 a cabo un taller cultural dirigido a trabajadores extranjeros temporales (TET) en la empresa Les Serres Savoura, ubicada en Sainte-Sophie, en la regi\u00f3n... Leer m\u00e1s","og_url":"https:\/\/www.infotetquebec.com\/es\/taller-cultural-para-tet-en-les-serres-savoura-conocer-las-laurentides-y-el-programa-infotet\/","og_site_name":"Infotetquebec","article_publisher":"https:\/\/www.facebook.com\/profile.php?id=100089616676260","article_published_time":"2026-01-21T15:31:41+00:00","article_modified_time":"2026-01-23T15:33:12+00:00","og_image":[{"width":1600,"height":1001,"url":"https:\/\/www.infotetquebec.com\/wp-content\/uploads\/2026\/01\/8386e51f-79cd-422a-9266-ea1052566964.jpg","type":"image\/jpeg"}],"author":"Alejandra Salas","twitter_card":"summary_large_image","twitter_misc":{"Escrito por":"Alejandra Salas","Tiempo de lectura":"3 minutos"},"schema":{"@context":"https:\/\/schema.org","@graph":[{"@type":"Article","@id":"https:\/\/www.infotetquebec.com\/es\/taller-cultural-para-tet-en-les-serres-savoura-conocer-las-laurentides-y-el-programa-infotet\/#article","isPartOf":{"@id":"https:\/\/www.infotetquebec.com\/es\/taller-cultural-para-tet-en-les-serres-savoura-conocer-las-laurentides-y-el-programa-infotet\/"},"author":{"name":"Alejandra Salas","@id":"https:\/\/www.infotetquebec.com\/es\/#\/schema\/person\/4d7d5cae14ea1c0896c0d0a1f00a3f77"},"headline":"Taller cultural para TET en Les Serres Savoura: conocer las Laurentides y el programa InfoTET","datePublished":"2026-01-21T15:31:41+00:00","dateModified":"2026-01-23T15:33:12+00:00","mainEntityOfPage":{"@id":"https:\/\/www.infotetquebec.com\/es\/taller-cultural-para-tet-en-les-serres-savoura-conocer-las-laurentides-y-el-programa-infotet\/"},"wordCount":414,"publisher":{"@id":"https:\/\/www.infotetquebec.com\/es\/#organization"},"image":{"@id":"https:\/\/www.infotetquebec.com\/es\/taller-cultural-para-tet-en-les-serres-savoura-conocer-las-laurentides-y-el-programa-infotet\/#primaryimage"},"thumbnailUrl":"https:\/\/www.infotetquebec.com\/wp-content\/uploads\/2026\/01\/8386e51f-79cd-422a-9266-ea1052566964.jpg","articleSection":["Art\u00edculos"],"inLanguage":"es"},{"@type":"WebPage","@id":"https:\/\/www.infotetquebec.com\/es\/taller-cultural-para-tet-en-les-serres-savoura-conocer-las-laurentides-y-el-programa-infotet\/","url":"https:\/\/www.infotetquebec.com\/es\/taller-cultural-para-tet-en-les-serres-savoura-conocer-las-laurentides-y-el-programa-infotet\/","name":"Taller cultural para TET en Les Serres Savoura: conocer las Laurentides y el programa InfoTET - Infotetquebec","isPartOf":{"@id":"https:\/\/www.infotetquebec.com\/es\/#website"},"primaryImageOfPage":{"@id":"https:\/\/www.infotetquebec.com\/es\/taller-cultural-para-tet-en-les-serres-savoura-conocer-las-laurentides-y-el-programa-infotet\/#primaryimage"},"image":{"@id":"https:\/\/www.infotetquebec.com\/es\/taller-cultural-para-tet-en-les-serres-savoura-conocer-las-laurentides-y-el-programa-infotet\/#primaryimage"},"thumbnailUrl":"https:\/\/www.infotetquebec.com\/wp-content\/uploads\/2026\/01\/8386e51f-79cd-422a-9266-ea1052566964.jpg","datePublished":"2026-01-21T15:31:41+00:00","dateModified":"2026-01-23T15:33:12+00:00","breadcrumb":{"@id":"https:\/\/www.infotetquebec.com\/es\/taller-cultural-para-tet-en-les-serres-savoura-conocer-las-laurentides-y-el-programa-infotet\/#breadcrumb"},"inLanguage":"es","potentialAction":[{"@type":"ReadAction","target":["https:\/\/www.infotetquebec.com\/es\/taller-cultural-para-tet-en-les-serres-savoura-conocer-las-laurentides-y-el-programa-infotet\/"]}]},{"@type":"ImageObject","inLanguage":"es","@id":"https:\/\/www.infotetquebec.com\/es\/taller-cultural-para-tet-en-les-serres-savoura-conocer-las-laurentides-y-el-programa-infotet\/#primaryimage","url":"https:\/\/www.infotetquebec.com\/wp-content\/uploads\/2026\/01\/8386e51f-79cd-422a-9266-ea1052566964.jpg","contentUrl":"https:\/\/www.infotetquebec.com\/wp-content\/uploads\/2026\/01\/8386e51f-79cd-422a-9266-ea1052566964.jpg","width":1600,"height":1001},{"@type":"BreadcrumbList","@id":"https:\/\/www.infotetquebec.com\/es\/taller-cultural-para-tet-en-les-serres-savoura-conocer-las-laurentides-y-el-programa-infotet\/#breadcrumb","itemListElement":[{"@type":"ListItem","position":1,"name":"Accueil","item":"https:\/\/www.infotetquebec.com\/es\/"},{"@type":"ListItem","position":2,"name":"Taller cultural para TET en Les Serres Savoura: conocer las Laurentides y el programa InfoTET"}]},{"@type":"WebSite","@id":"https:\/\/www.infotetquebec.com\/es\/#website","url":"https:\/\/www.infotetquebec.com\/es\/","name":"Infotetquebec","description":"Info et soutien aux TET","publisher":{"@id":"https:\/\/www.infotetquebec.com\/es\/#organization"},"potentialAction":[{"@type":"SearchAction","target":{"@type":"EntryPoint","urlTemplate":"https:\/\/www.infotetquebec.com\/es\/?s={search_term_string}"},"query-input":{"@type":"PropertyValueSpecification","valueRequired":true,"valueName":"search_term_string"}}],"inLanguage":"es"},{"@type":"Organization","@id":"https:\/\/www.infotetquebec.com\/es\/#organization","name":"InfoTETQuebec","url":"https:\/\/www.infotetquebec.com\/es\/","logo":{"@type":"ImageObject","inLanguage":"es","@id":"https:\/\/www.infotetquebec.com\/es\/#\/schema\/logo\/image\/","url":"https:\/\/www.infotetquebec.com\/wp-content\/uploads\/2021\/02\/cropped-IMQC_TET_Favicon_Fav-Icon_Fav-Icon-1.png","contentUrl":"https:\/\/www.infotetquebec.com\/wp-content\/uploads\/2021\/02\/cropped-IMQC_TET_Favicon_Fav-Icon_Fav-Icon-1.png","width":512,"height":512,"caption":"InfoTETQuebec"},"image":{"@id":"https:\/\/www.infotetquebec.com\/es\/#\/schema\/logo\/image\/"},"sameAs":["https:\/\/www.facebook.com\/profile.php?id=100089616676260"]},{"@type":"Person","@id":"https:\/\/www.infotetquebec.com\/es\/#\/schema\/person\/4d7d5cae14ea1c0896c0d0a1f00a3f77","name":"Alejandra Salas","image":{"@type":"ImageObject","inLanguage":"es","@id":"https:\/\/secure.gravatar.com\/avatar\/f4349ead7189b7991510bb355af676e7cf0f0627b750dbc8bcd4a69e99cd1341?s=96&d=mm&r=g","url":"https:\/\/secure.gravatar.com\/avatar\/f4349ead7189b7991510bb355af676e7cf0f0627b750dbc8bcd4a69e99cd1341?s=96&d=mm&r=g","contentUrl":"https:\/\/secure.gravatar.com\/avatar\/f4349ead7189b7991510bb355af676e7cf0f0627b750dbc8bcd4a69e99cd1341?s=96&d=mm&r=g","caption":"Alejandra Salas"},"url":"https:\/\/www.infotetquebec.com\/es\/author\/alejandra-salas\/"}]}},"rttpg_featured_image_url":{"full":["https:\/\/www.infotetquebec.com\/wp-content\/uploads\/2026\/01\/8386e51f-79cd-422a-9266-ea1052566964.jpg",1600,1001,false],"landscape":["https:\/\/www.infotetquebec.com\/wp-content\/uploads\/2026\/01\/8386e51f-79cd-422a-9266-ea1052566964.jpg",1600,1001,false],"portraits":["https:\/\/www.infotetquebec.com\/wp-content\/uploads\/2026\/01\/8386e51f-79cd-422a-9266-ea1052566964.jpg",1600,1001,false],"thumbnail":["https:\/\/www.infotetquebec.com\/wp-content\/uploads\/2026\/01\/8386e51f-79cd-422a-9266-ea1052566964-300x150.jpg",300,150,true],"medium":["https:\/\/www.infotetquebec.com\/wp-content\/uploads\/2026\/01\/8386e51f-79cd-422a-9266-ea1052566964-300x188.jpg",300,188,true],"large":["https:\/\/www.infotetquebec.com\/wp-content\/uploads\/2026\/01\/8386e51f-79cd-422a-9266-ea1052566964-1024x641.jpg",1024,641,true],"1536x1536":["https:\/\/www.infotetquebec.com\/wp-content\/uploads\/2026\/01\/8386e51f-79cd-422a-9266-ea1052566964-1536x961.jpg",1536,961,true],"2048x2048":["https:\/\/www.infotetquebec.com\/wp-content\/uploads\/2026\/01\/8386e51f-79cd-422a-9266-ea1052566964.jpg",1600,1001,false],"sidebar-featured":["https:\/\/www.infotetquebec.com\/wp-content\/uploads\/2026\/01\/8386e51f-79cd-422a-9266-ea1052566964-75x75.jpg",75,75,true],"genesis-singular-images":["https:\/\/www.infotetquebec.com\/wp-content\/uploads\/2026\/01\/8386e51f-79cd-422a-9266-ea1052566964-702x526.jpg",702,526,true]},"rttpg_author":{"display_name":"Alejandra Salas","author_link":"https:\/\/www.infotetquebec.com\/es\/author\/alejandra-salas\/"},"rttpg_comment":0,"rttpg_category":"<a href=\"https:\/\/www.infotetquebec.com\/es\/noticias\/\" rel=\"category tag\">Art\u00edculos<\/a>","rttpg_excerpt":"El pasado 14 de enero, se llev\u00f3 a cabo un taller cultural dirigido a trabajadores extranjeros temporales (TET) en la empresa Les Serres Savoura, ubicada en Sainte-Sophie, en la regi\u00f3n... Leer m\u00e1s","_links":{"self":[{"href":"https:\/\/www.infotetquebec.com\/es\/wp-json\/wp\/v2\/posts\/25996","targetHints":{"allow":["GET"]}}],"collection":[{"href":"https:\/\/www.infotetquebec.com\/es\/wp-json\/wp\/v2\/posts"}],"about":[{"href":"https:\/\/www.infotetquebec.com\/es\/wp-json\/wp\/v2\/types\/post"}],"author":[{"embeddable":true,"href":"https:\/\/www.infotetquebec.com\/es\/wp-json\/wp\/v2\/users\/24"}],"replies":[{"embeddable":true,"href":"https:\/\/www.infotetquebec.com\/es\/wp-json\/wp\/v2\/comments?post=25996"}],"version-history":[{"count":4,"href":"https:\/\/www.infotetquebec.com\/es\/wp-json\/wp\/v2\/posts\/25996\/revisions"}],"predecessor-version":[{"id":26004,"href":"https:\/\/www.infotetquebec.com\/es\/wp-json\/wp\/v2\/posts\/25996\/revisions\/26004"}],"wp:featuredmedia":[{"embeddable":true,"href":"https:\/\/www.infotetquebec.com\/es\/wp-json\/wp\/v2\/media\/25980"}],"wp:attachment":[{"href":"https:\/\/www.infotetquebec.com\/es\/wp-json\/wp\/v2\/media?parent=25996"}],"wp:term":[{"taxonomy":"category","embeddable":true,"href":"https:\/\/www.infotetquebec.com\/es\/wp-json\/wp\/v2\/categories?post=25996"},{"taxonomy":"post_tag","embeddable":true,"href":"https:\/\/www.infotetquebec.com\/es\/wp-json\/wp\/v2\/tags?post=25996"}],"curies":[{"name":"wp","href":"https:\/\/api.w.org\/{rel}","templated":true}]}}