{"id":15576,"date":"2024-08-20T11:13:34","date_gmt":"2024-08-20T15:13:34","guid":{"rendered":"https:\/\/www.infotetquebec.com\/lisle-aux-grues-inmersion-en-un-estilo-de-vida-insular\/"},"modified":"2024-08-21T11:44:31","modified_gmt":"2024-08-21T15:44:31","slug":"lisle-aux-grues-inmersion-en-un-estilo-de-vida-insular","status":"publish","type":"post","link":"https:\/\/www.infotetquebec.com\/es\/lisle-aux-grues-inmersion-en-un-estilo-de-vida-insular\/","title":{"rendered":"Isle-aux-Grues: inmersi\u00f3n en un estilo de vida insular"},"content":{"rendered":"\t\t<div data-elementor-type=\"wp-post\" data-elementor-id=\"15576\" class=\"elementor elementor-15576 elementor-15539\" data-elementor-post-type=\"post\">\n\t\t\t\t\t\t<section class=\"elementor-section elementor-top-section elementor-element elementor-element-db24312 elementor-section-boxed elementor-section-height-default elementor-section-height-default\" data-id=\"db24312\" data-element_type=\"section\" data-e-type=\"section\">\n\t\t\t\t\t\t<div class=\"elementor-container elementor-column-gap-default\">\n\t\t\t\t\t<div class=\"elementor-column elementor-col-100 elementor-top-column elementor-element elementor-element-eaf525b\" data-id=\"eaf525b\" data-element_type=\"column\" data-e-type=\"column\">\n\t\t\t<div class=\"elementor-widget-wrap elementor-element-populated\">\n\t\t\t\t\t\t<div class=\"elementor-element elementor-element-c2e181f elementor-widget elementor-widget-text-editor\" data-id=\"c2e181f\" data-element_type=\"widget\" data-e-type=\"widget\" data-widget_type=\"text-editor.default\">\n\t\t\t\t<div class=\"elementor-widget-container\">\n\t\t\t\t\t\t\t\t\t<p><strong>Situada a unos pocos kil\u00f3metros de Montmagny, la Isle-aux-Grues es la \u00fanica de las 21 islas del archipi\u00e9lago que est\u00e1 habitada durante todo el a\u00f1o. De los aproximadamente 130 habitantes que han adoptado este estilo de vida insular, una decena de ellos son trabajadores extranjeros temporales, la mayor\u00eda contratados por la Fromagerie de l&#8217;Isle, y los dem\u00e1s por las granjas lecheras que producen la leche para la queser\u00eda. Inmersi\u00f3n con algunos TET que han adoptado este modo de vida.<\/strong><\/p><h6>Texto, fotos y video: Marie-Anne Day\u00e9 \/ Traducci\u00f3n: <a href=\"https:\/\/www.infotetquebec.com\/es\/service-dinterprete-daide-et-de-reference-aux-immigrants-siari\/\">SIARI<\/a><\/h6><p>Para llegar a Isle-aux-Grues desde el continente, es necesario tomar el ferry&#8230; o el avi\u00f3n si la marea est\u00e1 demasiado baja. En invierno, no hay opci\u00f3n: el avi\u00f3n es el \u00fanico medio para hacer el viaje de ida y vuelta. En la isla, nos encontramos con algunos trabajadores de la queser\u00eda y con el director de la planta de producci\u00f3n, Daniel Roy, quien nos relata brevemente c\u00f3mo es la vida en este peque\u00f1o territorio. \u201c\u00a1Tiene su encanto!\u201d, dice de inmediato. \u201cRequiere un comportamiento algo contemplativo. Aqu\u00ed, todo es tranquilo, uno respira\u201d. Hay que planificar los desplazamientos, ya que no hay ni escuela ni supermercado de grandes superficies. En invierno, la producci\u00f3n de quesos se env\u00eda por un peque\u00f1o avi\u00f3n del cual se retiran los asientos para aumentar el espacio disponible. Lo cierto es que la log\u00edstica de cada operaci\u00f3n debe planificarse en detalle.<\/p>\t\t\t\t\t\t\t\t<\/div>\n\t\t\t\t<\/div>\n\t\t\t\t\t<\/div>\n\t\t<\/div>\n\t\t\t\t\t<\/div>\n\t\t<\/section>\n\t\t\t\t<section class=\"elementor-section elementor-top-section elementor-element elementor-element-30b88d5 elementor-section-boxed elementor-section-height-default elementor-section-height-default\" data-id=\"30b88d5\" data-element_type=\"section\" data-e-type=\"section\">\n\t\t\t\t\t\t<div class=\"elementor-container elementor-column-gap-default\">\n\t\t\t\t\t<div class=\"elementor-column elementor-col-100 elementor-top-column elementor-element elementor-element-72e4401\" data-id=\"72e4401\" data-element_type=\"column\" data-e-type=\"column\">\n\t\t\t<div class=\"elementor-widget-wrap elementor-element-populated\">\n\t\t\t\t\t\t<section class=\"elementor-section elementor-inner-section elementor-element elementor-element-46e3bd5 elementor-section-boxed elementor-section-height-default elementor-section-height-default\" data-id=\"46e3bd5\" data-element_type=\"section\" data-e-type=\"section\">\n\t\t\t\t\t\t<div class=\"elementor-container elementor-column-gap-default\">\n\t\t\t\t\t<div class=\"elementor-column elementor-col-50 elementor-inner-column elementor-element elementor-element-12f0519\" data-id=\"12f0519\" data-element_type=\"column\" data-e-type=\"column\">\n\t\t\t<div class=\"elementor-widget-wrap elementor-element-populated\">\n\t\t\t\t\t\t<div class=\"elementor-element elementor-element-d782eb7 elementor-widget elementor-widget-image\" data-id=\"d782eb7\" data-element_type=\"widget\" data-e-type=\"widget\" data-widget_type=\"image.default\">\n\t\t\t\t<div class=\"elementor-widget-container\">\n\t\t\t\t\t\t\t\t\t\t\t\t\t\t\t<img fetchpriority=\"high\" decoding=\"async\" width=\"1024\" height=\"683\" src=\"https:\/\/www.infotetquebec.com\/wp-content\/uploads\/2024\/08\/0T0A7581-1024x683.jpg\" class=\"attachment-large size-large wp-image-15547\" alt=\"\" srcset=\"https:\/\/www.infotetquebec.com\/wp-content\/uploads\/2024\/08\/0T0A7581-1024x683.jpg 1024w, https:\/\/www.infotetquebec.com\/wp-content\/uploads\/2024\/08\/0T0A7581-300x200.jpg 300w, https:\/\/www.infotetquebec.com\/wp-content\/uploads\/2024\/08\/0T0A7581-768x512.jpg 768w, https:\/\/www.infotetquebec.com\/wp-content\/uploads\/2024\/08\/0T0A7581-1536x1024.jpg 1536w, https:\/\/www.infotetquebec.com\/wp-content\/uploads\/2024\/08\/0T0A7581-2048x1365.jpg 2048w\" sizes=\"(max-width: 1024px) 100vw, 1024px\" \/>\t\t\t\t\t\t\t\t\t\t\t\t\t\t\t<\/div>\n\t\t\t\t<\/div>\n\t\t\t\t<div class=\"elementor-element elementor-element-17848aa elementor-widget elementor-widget-image\" data-id=\"17848aa\" data-element_type=\"widget\" data-e-type=\"widget\" data-widget_type=\"image.default\">\n\t\t\t\t<div class=\"elementor-widget-container\">\n\t\t\t\t\t\t\t\t\t\t\t\t\t\t\t<img decoding=\"async\" width=\"1024\" height=\"646\" src=\"https:\/\/www.infotetquebec.com\/wp-content\/uploads\/2024\/08\/0T0A7564-1024x646.jpg\" class=\"attachment-large size-large wp-image-15556\" alt=\"\" srcset=\"https:\/\/www.infotetquebec.com\/wp-content\/uploads\/2024\/08\/0T0A7564-1024x646.jpg 1024w, https:\/\/www.infotetquebec.com\/wp-content\/uploads\/2024\/08\/0T0A7564-300x189.jpg 300w, https:\/\/www.infotetquebec.com\/wp-content\/uploads\/2024\/08\/0T0A7564-768x484.jpg 768w, https:\/\/www.infotetquebec.com\/wp-content\/uploads\/2024\/08\/0T0A7564-1536x969.jpg 1536w, https:\/\/www.infotetquebec.com\/wp-content\/uploads\/2024\/08\/0T0A7564-2048x1292.jpg 2048w\" sizes=\"(max-width: 1024px) 100vw, 1024px\" \/>\t\t\t\t\t\t\t\t\t\t\t\t\t\t\t<\/div>\n\t\t\t\t<\/div>\n\t\t\t\t\t<\/div>\n\t\t<\/div>\n\t\t\t\t<div class=\"elementor-column elementor-col-50 elementor-inner-column elementor-element elementor-element-a5aa3fd\" data-id=\"a5aa3fd\" data-element_type=\"column\" data-e-type=\"column\">\n\t\t\t<div class=\"elementor-widget-wrap elementor-element-populated\">\n\t\t\t\t\t\t<div class=\"elementor-element elementor-element-6046f5b elementor-widget elementor-widget-image\" data-id=\"6046f5b\" data-element_type=\"widget\" data-e-type=\"widget\" data-widget_type=\"image.default\">\n\t\t\t\t<div class=\"elementor-widget-container\">\n\t\t\t\t\t\t\t\t\t\t\t\t\t\t\t<img decoding=\"async\" width=\"768\" height=\"1152\" src=\"https:\/\/www.infotetquebec.com\/wp-content\/uploads\/2024\/08\/0T0A7561-768x1152.jpg\" class=\"attachment-medium_large size-medium_large wp-image-15553\" alt=\"\" srcset=\"https:\/\/www.infotetquebec.com\/wp-content\/uploads\/2024\/08\/0T0A7561-768x1152.jpg 768w, https:\/\/www.infotetquebec.com\/wp-content\/uploads\/2024\/08\/0T0A7561-200x300.jpg 200w, https:\/\/www.infotetquebec.com\/wp-content\/uploads\/2024\/08\/0T0A7561-683x1024.jpg 683w, https:\/\/www.infotetquebec.com\/wp-content\/uploads\/2024\/08\/0T0A7561-1024x1536.jpg 1024w, https:\/\/www.infotetquebec.com\/wp-content\/uploads\/2024\/08\/0T0A7561-1365x2048.jpg 1365w, https:\/\/www.infotetquebec.com\/wp-content\/uploads\/2024\/08\/0T0A7561-scaled.jpg 1707w\" sizes=\"(max-width: 768px) 100vw, 768px\" \/>\t\t\t\t\t\t\t\t\t\t\t\t\t\t\t<\/div>\n\t\t\t\t<\/div>\n\t\t\t\t\t<\/div>\n\t\t<\/div>\n\t\t\t\t\t<\/div>\n\t\t<\/section>\n\t\t\t\t\t<\/div>\n\t\t<\/div>\n\t\t\t\t\t<\/div>\n\t\t<\/section>\n\t\t\t\t<section class=\"elementor-section elementor-top-section elementor-element elementor-element-8f3d5d9 elementor-section-boxed elementor-section-height-default elementor-section-height-default\" data-id=\"8f3d5d9\" data-element_type=\"section\" data-e-type=\"section\">\n\t\t\t\t\t\t<div class=\"elementor-container elementor-column-gap-default\">\n\t\t\t\t\t<div class=\"elementor-column elementor-col-100 elementor-top-column elementor-element elementor-element-1c4e5c3\" data-id=\"1c4e5c3\" data-element_type=\"column\" data-e-type=\"column\">\n\t\t\t<div class=\"elementor-widget-wrap elementor-element-populated\">\n\t\t\t\t\t\t<section class=\"elementor-section elementor-inner-section elementor-element elementor-element-b0ebbd2 elementor-section-boxed elementor-section-height-default elementor-section-height-default\" data-id=\"b0ebbd2\" data-element_type=\"section\" data-e-type=\"section\">\n\t\t\t\t\t\t<div class=\"elementor-container elementor-column-gap-default\">\n\t\t\t\t\t<div class=\"elementor-column elementor-col-50 elementor-inner-column elementor-element elementor-element-c729549\" data-id=\"c729549\" data-element_type=\"column\" data-e-type=\"column\">\n\t\t\t<div class=\"elementor-widget-wrap elementor-element-populated\">\n\t\t\t\t\t\t<div class=\"elementor-element elementor-element-249489e elementor-widget elementor-widget-text-editor\" data-id=\"249489e\" data-element_type=\"widget\" data-e-type=\"widget\" data-widget_type=\"text-editor.default\">\n\t\t\t\t<div class=\"elementor-widget-container\">\n\t\t\t\t\t\t\t\t\t<p><strong>Edison Guerrero y Yudi Stella Rivera, Colombia<\/strong><\/p><p>Edison y Yudi tomaron la decisi\u00f3n de decir adi\u00f3s a sus dos hijos de 24 y 25 a\u00f1os y a Espa\u00f1a, donde vivieron durante 20 a\u00f1os tras salir de Colombia, para vivir nuevas experiencias en Canad\u00e1. Con visados de visitantes en mano, fueron contratados por una agencia de reclutamiento en Montreal con el prop\u00f3sito de trabajar para una empresa transnacional. Desafortunadamente, no sab\u00edan que hab\u00edan estado trabajando durante varios meses sin un permiso de trabajo v\u00e1lido, a pesar de lo que les hab\u00edan prometido. Actualmente, hay una acci\u00f3n colectiva en curso sobre este caso. Afortunadamente, pudieron obtener un permiso de trabajo abierto para trabajadores vulnerables (PTOTV) gracias al apoyo del Centro de Trabajadores Inmigrantes (CTTI).<\/p><p>Despu\u00e9s de una presentaci\u00f3n del equipo de la MRC de Montmagny en visita a Montreal, pudieron conseguir un empleo en la Fromagerie de l&#8217;Isle. El 15 de abril de 2024, anclaron en esta peque\u00f1a isla de 9 km de largo, junto con su perra Kloe, que hab\u00edan tra\u00eddo desde Espa\u00f1a. \u201cNuestro plan para el futuro es iniciar un proceso legal en Canad\u00e1. Para ello, debemos comenzar por obtener un permiso de trabajo cerrado con la empresa, estudiar el idioma, obtener la licencia de conducir&#8230; Todas estas cosas contribuyen a nuestra integraci\u00f3n. Lo hemos vivido en otro pa\u00eds. Sabemos que debemos interpretar bien la cultura y conocer todo lo que Canad\u00e1 tiene para ofrecernos\u201d, menciona Edison.<\/p>\t\t\t\t\t\t\t\t<\/div>\n\t\t\t\t<\/div>\n\t\t\t\t\t<\/div>\n\t\t<\/div>\n\t\t\t\t<div class=\"elementor-column elementor-col-50 elementor-inner-column elementor-element elementor-element-7bd2762\" data-id=\"7bd2762\" data-element_type=\"column\" data-e-type=\"column\">\n\t\t\t<div class=\"elementor-widget-wrap elementor-element-populated\">\n\t\t\t\t\t\t<div class=\"elementor-element elementor-element-832441f elementor-widget elementor-widget-image\" data-id=\"832441f\" data-element_type=\"widget\" data-e-type=\"widget\" data-widget_type=\"image.default\">\n\t\t\t\t<div class=\"elementor-widget-container\">\n\t\t\t\t\t\t\t\t\t\t\t\t\t\t\t<img loading=\"lazy\" decoding=\"async\" width=\"768\" height=\"578\" src=\"https:\/\/www.infotetquebec.com\/wp-content\/uploads\/2024\/08\/Yudi_Edison_1-768x578.jpg\" class=\"attachment-medium_large size-medium_large wp-image-15542\" alt=\"\" srcset=\"https:\/\/www.infotetquebec.com\/wp-content\/uploads\/2024\/08\/Yudi_Edison_1-768x578.jpg 768w, https:\/\/www.infotetquebec.com\/wp-content\/uploads\/2024\/08\/Yudi_Edison_1-300x226.jpg 300w, https:\/\/www.infotetquebec.com\/wp-content\/uploads\/2024\/08\/Yudi_Edison_1-1024x770.jpg 1024w, https:\/\/www.infotetquebec.com\/wp-content\/uploads\/2024\/08\/Yudi_Edison_1-1536x1155.jpg 1536w, https:\/\/www.infotetquebec.com\/wp-content\/uploads\/2024\/08\/Yudi_Edison_1-2048x1540.jpg 2048w\" sizes=\"(max-width: 768px) 100vw, 768px\" \/>\t\t\t\t\t\t\t\t\t\t\t\t\t\t\t<\/div>\n\t\t\t\t<\/div>\n\t\t\t\t<div class=\"elementor-element elementor-element-fa0a022 elementor-widget elementor-widget-image\" data-id=\"fa0a022\" data-element_type=\"widget\" data-e-type=\"widget\" data-widget_type=\"image.default\">\n\t\t\t\t<div class=\"elementor-widget-container\">\n\t\t\t\t\t\t\t\t\t\t\t\t\t\t\t<img loading=\"lazy\" decoding=\"async\" width=\"768\" height=\"545\" src=\"https:\/\/www.infotetquebec.com\/wp-content\/uploads\/2024\/08\/Yudi_Edison_2-768x545.jpg\" class=\"attachment-medium_large size-medium_large wp-image-15559\" alt=\"\" srcset=\"https:\/\/www.infotetquebec.com\/wp-content\/uploads\/2024\/08\/Yudi_Edison_2-768x545.jpg 768w, https:\/\/www.infotetquebec.com\/wp-content\/uploads\/2024\/08\/Yudi_Edison_2-300x213.jpg 300w, https:\/\/www.infotetquebec.com\/wp-content\/uploads\/2024\/08\/Yudi_Edison_2-1024x727.jpg 1024w, https:\/\/www.infotetquebec.com\/wp-content\/uploads\/2024\/08\/Yudi_Edison_2-1536x1091.jpg 1536w, https:\/\/www.infotetquebec.com\/wp-content\/uploads\/2024\/08\/Yudi_Edison_2-2048x1454.jpg 2048w\" sizes=\"(max-width: 768px) 100vw, 768px\" \/>\t\t\t\t\t\t\t\t\t\t\t\t\t\t\t<\/div>\n\t\t\t\t<\/div>\n\t\t\t\t\t<\/div>\n\t\t<\/div>\n\t\t\t\t\t<\/div>\n\t\t<\/section>\n\t\t\t\t\t<\/div>\n\t\t<\/div>\n\t\t\t\t\t<\/div>\n\t\t<\/section>\n\t\t\t\t<section class=\"elementor-section elementor-top-section elementor-element elementor-element-4af4d9d elementor-section-boxed elementor-section-height-default elementor-section-height-default\" data-id=\"4af4d9d\" data-element_type=\"section\" data-e-type=\"section\">\n\t\t\t\t\t\t<div class=\"elementor-container elementor-column-gap-default\">\n\t\t\t\t\t<div class=\"elementor-column elementor-col-100 elementor-top-column elementor-element elementor-element-28541b1\" data-id=\"28541b1\" data-element_type=\"column\" data-e-type=\"column\">\n\t\t\t<div class=\"elementor-widget-wrap elementor-element-populated\">\n\t\t\t\t\t\t<div class=\"elementor-element elementor-element-2cfde2d elementor-icon-list--layout-traditional elementor-list-item-link-full_width elementor-widget elementor-widget-icon-list\" data-id=\"2cfde2d\" data-element_type=\"widget\" data-e-type=\"widget\" data-widget_type=\"icon-list.default\">\n\t\t\t\t<div class=\"elementor-widget-container\">\n\t\t\t\t\t\t\t<ul class=\"elementor-icon-list-items\">\n\t\t\t\t\t\t\t<li class=\"elementor-icon-list-item\">\n\t\t\t\t\t\t\t\t\t\t\t<span class=\"elementor-icon-list-icon\">\n\t\t\t\t\t\t\t<svg aria-hidden=\"true\" class=\"e-font-icon-svg e-fas-info-circle\" viewBox=\"0 0 512 512\" xmlns=\"http:\/\/www.w3.org\/2000\/svg\"><path d=\"M256 8C119.043 8 8 119.083 8 256c0 136.997 111.043 248 248 248s248-111.003 248-248C504 119.083 392.957 8 256 8zm0 110c23.196 0 42 18.804 42 42s-18.804 42-42 42-42-18.804-42-42 18.804-42 42-42zm56 254c0 6.627-5.373 12-12 12h-88c-6.627 0-12-5.373-12-12v-24c0-6.627 5.373-12 12-12h12v-64h-12c-6.627 0-12-5.373-12-12v-24c0-6.627 5.373-12 12-12h64c6.627 0 12 5.373 12 12v100h12c6.627 0 12 5.373 12 12v24z\"><\/path><\/svg>\t\t\t\t\t\t<\/span>\n\t\t\t\t\t\t\t\t\t\t<span class=\"elementor-icon-list-text\">Trabajar en Quebec<\/span>\n\t\t\t\t\t\t\t\t\t<\/li>\n\t\t\t\t\t\t<\/ul>\n\t\t\t\t\t\t<\/div>\n\t\t\t\t<\/div>\n\t\t\t\t\t<\/div>\n\t\t<\/div>\n\t\t\t\t\t<\/div>\n\t\t<\/section>\n\t\t\t\t<section class=\"elementor-section elementor-top-section elementor-element elementor-element-5a952c0 elementor-section-boxed elementor-section-height-default elementor-section-height-default\" data-id=\"5a952c0\" data-element_type=\"section\" data-e-type=\"section\">\n\t\t\t\t\t\t<div class=\"elementor-container elementor-column-gap-default\">\n\t\t\t\t\t<div class=\"elementor-column elementor-col-100 elementor-top-column elementor-element elementor-element-30d3b80\" data-id=\"30d3b80\" data-element_type=\"column\" data-e-type=\"column\">\n\t\t\t<div class=\"elementor-widget-wrap elementor-element-populated\">\n\t\t\t\t\t\t<div class=\"elementor-element elementor-element-3f56954 elementor-widget elementor-widget-text-editor\" data-id=\"3f56954\" data-element_type=\"widget\" data-e-type=\"widget\" data-widget_type=\"text-editor.default\">\n\t\t\t\t<div class=\"elementor-widget-container\">\n\t\t\t\t\t\t\t\t\t<p>Para trabajar en Quebec, es necesario obtener un <strong>permiso de trabajo v\u00e1lido<\/strong>. Gracias a una <u>medida temporal <\/u>que se ha extendido hasta 2025, algunos ciudadanos extranjeros que se encuentren en Canad\u00e1 como visitantes pueden, bajo ciertas condiciones, solicitar un permiso de trabajo sin tener que salir del pa\u00eds. Pero cuidado, este procedimiento est\u00e1 sujeto a ciertas condiciones. Inf\u00f3rmese sobre los requisitos antes de comenzar a trabajar. Finalmente, tenga en cuenta que su empleador no puede iniciar tr\u00e1mites de inmigraci\u00f3n sin su participaci\u00f3n activa. No puede ignorar que se ha presentado una solicitud en su nombre. Consulte la <u>gu\u00eda de informaci\u00f3n para trabajadores extranjeros temporales<\/u> para aprender m\u00e1s sobre los derechos y responsabilidades de los empleadores y los trabajadores.<\/p>\n\t\t\t\t\t\t\t\t<\/div>\n\t\t\t\t<\/div>\n\t\t\t\t\t<\/div>\n\t\t<\/div>\n\t\t\t\t\t<\/div>\n\t\t<\/section>\n\t\t\t\t<section class=\"elementor-section elementor-top-section elementor-element elementor-element-ecbfc13 elementor-section-boxed elementor-section-height-default elementor-section-height-default\" data-id=\"ecbfc13\" data-element_type=\"section\" data-e-type=\"section\">\n\t\t\t\t\t\t<div class=\"elementor-container elementor-column-gap-default\">\n\t\t\t\t\t<div class=\"elementor-column elementor-col-100 elementor-top-column elementor-element elementor-element-837c47c\" data-id=\"837c47c\" data-element_type=\"column\" data-e-type=\"column\">\n\t\t\t<div class=\"elementor-widget-wrap elementor-element-populated\">\n\t\t\t\t\t\t<section class=\"elementor-section elementor-inner-section elementor-element elementor-element-14a67fe elementor-section-boxed elementor-section-height-default elementor-section-height-default\" data-id=\"14a67fe\" data-element_type=\"section\" data-e-type=\"section\">\n\t\t\t\t\t\t<div class=\"elementor-container elementor-column-gap-default\">\n\t\t\t\t\t<div class=\"elementor-column elementor-col-50 elementor-inner-column elementor-element elementor-element-34147e8\" data-id=\"34147e8\" data-element_type=\"column\" data-e-type=\"column\">\n\t\t\t<div class=\"elementor-widget-wrap elementor-element-populated\">\n\t\t\t\t\t\t<div class=\"elementor-element elementor-element-bc1b7e3 elementor-widget elementor-widget-image\" data-id=\"bc1b7e3\" data-element_type=\"widget\" data-e-type=\"widget\" data-widget_type=\"image.default\">\n\t\t\t\t<div class=\"elementor-widget-container\">\n\t\t\t\t\t\t\t\t\t\t\t\t\t\t\t<img loading=\"lazy\" decoding=\"async\" width=\"1024\" height=\"694\" src=\"https:\/\/www.infotetquebec.com\/wp-content\/uploads\/2024\/08\/0T0A7634-1024x694.jpg\" class=\"attachment-large size-large wp-image-15562\" alt=\"\" srcset=\"https:\/\/www.infotetquebec.com\/wp-content\/uploads\/2024\/08\/0T0A7634-1024x694.jpg 1024w, https:\/\/www.infotetquebec.com\/wp-content\/uploads\/2024\/08\/0T0A7634-300x203.jpg 300w, https:\/\/www.infotetquebec.com\/wp-content\/uploads\/2024\/08\/0T0A7634-768x521.jpg 768w, https:\/\/www.infotetquebec.com\/wp-content\/uploads\/2024\/08\/0T0A7634-1536x1042.jpg 1536w, https:\/\/www.infotetquebec.com\/wp-content\/uploads\/2024\/08\/0T0A7634-2048x1389.jpg 2048w\" sizes=\"(max-width: 1024px) 100vw, 1024px\" \/>\t\t\t\t\t\t\t\t\t\t\t\t\t\t\t<\/div>\n\t\t\t\t<\/div>\n\t\t\t\t\t<\/div>\n\t\t<\/div>\n\t\t\t\t<div class=\"elementor-column elementor-col-50 elementor-inner-column elementor-element elementor-element-bad1bfb\" data-id=\"bad1bfb\" data-element_type=\"column\" data-e-type=\"column\">\n\t\t\t<div class=\"elementor-widget-wrap elementor-element-populated\">\n\t\t\t\t\t\t<div class=\"elementor-element elementor-element-a1a8fc4 elementor-widget elementor-widget-text-editor\" data-id=\"a1a8fc4\" data-element_type=\"widget\" data-e-type=\"widget\" data-widget_type=\"text-editor.default\">\n\t\t\t\t<div class=\"elementor-widget-container\">\n\t\t\t\t\t\t\t\t\t<p><strong>Serge-Alain Konan, Costa de Marfil<\/strong><\/p><p>Llegado de Costa de Marfil en 2023, Serge-Alain est\u00e1 muy contento en la isla, aunque es un &#8220;mundo un poco diferente&#8221; debido al estilo de vida insular. Trabaja como afinador de quesos, habiendo tenido ya experiencia en la industria del yogur en su pa\u00eds de origen. \u201cEs mi primer a\u00f1o en Quebec y trabajo en esta queser\u00eda que hace \u00a1muy buen queso!\u201d, dice con una gran sonrisa. \u201cSi quieres vivir en la Isla, tienes que amar la tranquilidad\u201d, a\u00f1ade, se\u00f1alando que hay muchas actividades de entretenimiento, como la petanca, la pesca y la caza de gansos. Su deseo es renovar su permiso de trabajo, que vence el pr\u00f3ximo a\u00f1o, y traer a su hija de 5 a\u00f1os. &#8220;Me siento c\u00f3modo en la Isle-aux-Grues, \u00a1no quiero irme a otro lado!&#8221;.<\/p>\t\t\t\t\t\t\t\t<\/div>\n\t\t\t\t<\/div>\n\t\t\t\t\t<\/div>\n\t\t<\/div>\n\t\t\t\t\t<\/div>\n\t\t<\/section>\n\t\t\t\t\t<\/div>\n\t\t<\/div>\n\t\t\t\t\t<\/div>\n\t\t<\/section>\n\t\t\t\t<section class=\"elementor-section elementor-top-section elementor-element elementor-element-49d848a elementor-section-boxed elementor-section-height-default elementor-section-height-default\" data-id=\"49d848a\" data-element_type=\"section\" data-e-type=\"section\">\n\t\t\t\t\t\t<div class=\"elementor-container elementor-column-gap-default\">\n\t\t\t\t\t<div class=\"elementor-column elementor-col-100 elementor-top-column elementor-element elementor-element-23320d4\" data-id=\"23320d4\" data-element_type=\"column\" data-e-type=\"column\">\n\t\t\t<div class=\"elementor-widget-wrap elementor-element-populated\">\n\t\t\t\t\t\t<section class=\"elementor-section elementor-inner-section elementor-element elementor-element-d2f9448 elementor-section-boxed elementor-section-height-default elementor-section-height-default\" data-id=\"d2f9448\" data-element_type=\"section\" data-e-type=\"section\">\n\t\t\t\t\t\t<div class=\"elementor-container elementor-column-gap-default\">\n\t\t\t\t\t<div class=\"elementor-column elementor-col-50 elementor-inner-column elementor-element elementor-element-3bdf2ab\" data-id=\"3bdf2ab\" data-element_type=\"column\" data-e-type=\"column\">\n\t\t\t<div class=\"elementor-widget-wrap elementor-element-populated\">\n\t\t\t\t\t\t<div class=\"elementor-element elementor-element-a19b7cb elementor-widget elementor-widget-text-editor\" data-id=\"a19b7cb\" data-element_type=\"widget\" data-e-type=\"widget\" data-widget_type=\"text-editor.default\">\n\t\t\t\t<div class=\"elementor-widget-container\">\n\t\t\t\t\t\t\t\t\t<p><strong>Jonh Fredy Cifuentes Bedoya, Colombia<\/strong><\/p>\n<p>Jonh lleg\u00f3 a Isle-aux-Grues en las mismas circunstancias que sus compatriotas Edison y Yudi, con un PTOTV. Se siente a gusto en este lugar tranquilo y pac\u00edfico, ya que \u00e9l mismo es de naturaleza calmada. Su deseo es &#8220;forjar un futuro mejor, ya que la situaci\u00f3n en Colombia es compleja en varios aspectos&#8221;. Lo primero que quiere hacer es dominar perfectamente el franc\u00e9s para poder solicitar la residencia permanente. \u00bfQui\u00e9n sabe? Quiz\u00e1s tambi\u00e9n encuentre el amor de su vida, se pregunta. Estar lejos de sus padres, que se quedaron en Colombia, es un desaf\u00edo, pero &#8220;son situaciones que debemos afrontar, \u00a1porque as\u00ed es la vida!&#8221;.<\/p>\t\t\t\t\t\t\t\t<\/div>\n\t\t\t\t<\/div>\n\t\t\t\t\t<\/div>\n\t\t<\/div>\n\t\t\t\t<div class=\"elementor-column elementor-col-50 elementor-inner-column elementor-element elementor-element-8453575\" data-id=\"8453575\" data-element_type=\"column\" data-e-type=\"column\">\n\t\t\t<div class=\"elementor-widget-wrap elementor-element-populated\">\n\t\t\t\t\t\t<div class=\"elementor-element elementor-element-7a02f66 elementor-widget elementor-widget-image\" data-id=\"7a02f66\" data-element_type=\"widget\" data-e-type=\"widget\" data-widget_type=\"image.default\">\n\t\t\t\t<div class=\"elementor-widget-container\">\n\t\t\t\t\t\t\t\t\t\t\t\t\t\t\t<img loading=\"lazy\" decoding=\"async\" width=\"1024\" height=\"683\" src=\"https:\/\/www.infotetquebec.com\/wp-content\/uploads\/2024\/08\/0T0A7650-1024x683.jpg\" class=\"attachment-large size-large wp-image-15565\" alt=\"\" srcset=\"https:\/\/www.infotetquebec.com\/wp-content\/uploads\/2024\/08\/0T0A7650-1024x683.jpg 1024w, https:\/\/www.infotetquebec.com\/wp-content\/uploads\/2024\/08\/0T0A7650-300x200.jpg 300w, https:\/\/www.infotetquebec.com\/wp-content\/uploads\/2024\/08\/0T0A7650-768x512.jpg 768w\" sizes=\"(max-width: 1024px) 100vw, 1024px\" \/>\t\t\t\t\t\t\t\t\t\t\t\t\t\t\t<\/div>\n\t\t\t\t<\/div>\n\t\t\t\t\t<\/div>\n\t\t<\/div>\n\t\t\t\t\t<\/div>\n\t\t<\/section>\n\t\t\t\t\t<\/div>\n\t\t<\/div>\n\t\t\t\t\t<\/div>\n\t\t<\/section>\n\t\t\t\t<section class=\"elementor-section elementor-top-section elementor-element elementor-element-94ccdbf elementor-section-boxed elementor-section-height-default elementor-section-height-default\" data-id=\"94ccdbf\" data-element_type=\"section\" data-e-type=\"section\">\n\t\t\t\t\t\t<div class=\"elementor-container elementor-column-gap-default\">\n\t\t\t\t\t<div class=\"elementor-column elementor-col-100 elementor-top-column elementor-element elementor-element-b86022b\" data-id=\"b86022b\" data-element_type=\"column\" data-e-type=\"column\">\n\t\t\t<div class=\"elementor-widget-wrap elementor-element-populated\">\n\t\t\t\t\t\t<section class=\"elementor-section elementor-inner-section elementor-element elementor-element-4419c70 elementor-section-boxed elementor-section-height-default elementor-section-height-default\" data-id=\"4419c70\" data-element_type=\"section\" data-e-type=\"section\">\n\t\t\t\t\t\t<div class=\"elementor-container elementor-column-gap-default\">\n\t\t\t\t\t<div class=\"elementor-column elementor-col-50 elementor-inner-column elementor-element elementor-element-d6f0d5d\" data-id=\"d6f0d5d\" data-element_type=\"column\" data-e-type=\"column\">\n\t\t\t<div class=\"elementor-widget-wrap elementor-element-populated\">\n\t\t\t\t\t\t<div class=\"elementor-element elementor-element-5ee2e2c elementor-widget elementor-widget-image\" data-id=\"5ee2e2c\" data-element_type=\"widget\" data-e-type=\"widget\" data-widget_type=\"image.default\">\n\t\t\t\t<div class=\"elementor-widget-container\">\n\t\t\t\t\t\t\t\t\t\t\t\t\t\t\t<img loading=\"lazy\" decoding=\"async\" width=\"1024\" height=\"683\" src=\"https:\/\/www.infotetquebec.com\/wp-content\/uploads\/2024\/08\/0T0A7599-1024x683.jpg\" class=\"attachment-large size-large wp-image-15568\" alt=\"\" srcset=\"https:\/\/www.infotetquebec.com\/wp-content\/uploads\/2024\/08\/0T0A7599-1024x683.jpg 1024w, https:\/\/www.infotetquebec.com\/wp-content\/uploads\/2024\/08\/0T0A7599-300x200.jpg 300w, https:\/\/www.infotetquebec.com\/wp-content\/uploads\/2024\/08\/0T0A7599-768x512.jpg 768w, https:\/\/www.infotetquebec.com\/wp-content\/uploads\/2024\/08\/0T0A7599-1536x1024.jpg 1536w, https:\/\/www.infotetquebec.com\/wp-content\/uploads\/2024\/08\/0T0A7599-2048x1365.jpg 2048w\" sizes=\"(max-width: 1024px) 100vw, 1024px\" \/>\t\t\t\t\t\t\t\t\t\t\t\t\t\t\t<\/div>\n\t\t\t\t<\/div>\n\t\t\t\t\t<\/div>\n\t\t<\/div>\n\t\t\t\t<div class=\"elementor-column elementor-col-50 elementor-inner-column elementor-element elementor-element-208801b\" data-id=\"208801b\" data-element_type=\"column\" data-e-type=\"column\">\n\t\t\t<div class=\"elementor-widget-wrap elementor-element-populated\">\n\t\t\t\t\t\t<div class=\"elementor-element elementor-element-47ef434 elementor-widget elementor-widget-text-editor\" data-id=\"47ef434\" data-element_type=\"widget\" data-e-type=\"widget\" data-widget_type=\"text-editor.default\">\n\t\t\t\t<div class=\"elementor-widget-container\">\n\t\t\t\t\t\t\t\t\t<p><strong>Lucio Rodolfo Hurtado Navas, Guatemala<\/strong><\/p>\n<p>Lucio, originario de Santa Rosa, Guatemala, est\u00e1 trabajando este a\u00f1o en su tercera temporada en una granja lechera de la isla, que suministra leche a la queser\u00eda. &#8220;No ten\u00eda un trabajo estable en Guatemala. Mi hermano me recomend\u00f3 venir aqu\u00ed, y fue una gran oportunidad&#8221;, se\u00f1ala. Generalmente llega en febrero o marzo y se va en septiembre. La primera vez que lleg\u00f3 a este lugar aislado, le tom\u00f3 algunos meses adaptarse, pero lo logr\u00f3, porque el cuerpo se adapta a todo, dice. &#8220;\u00a1Incluso le dije al jefe que quer\u00eda ver la nieve antes de regresar a Guatemala!&#8221;, dice, quien disfruta de las temperaturas m\u00e1s frescas.<\/p>\n\t\t\t\t\t\t\t\t<\/div>\n\t\t\t\t<\/div>\n\t\t\t\t\t<\/div>\n\t\t<\/div>\n\t\t\t\t\t<\/div>\n\t\t<\/section>\n\t\t\t\t\t<\/div>\n\t\t<\/div>\n\t\t\t\t\t<\/div>\n\t\t<\/section>\n\t\t\t\t<section class=\"elementor-section elementor-top-section elementor-element elementor-element-0be7ea6 elementor-section-boxed elementor-section-height-default elementor-section-height-default\" data-id=\"0be7ea6\" data-element_type=\"section\" data-e-type=\"section\">\n\t\t\t\t\t\t<div class=\"elementor-container elementor-column-gap-default\">\n\t\t\t\t\t<div class=\"elementor-column elementor-col-100 elementor-top-column elementor-element elementor-element-e6617ca\" data-id=\"e6617ca\" data-element_type=\"column\" data-e-type=\"column\">\n\t\t\t<div class=\"elementor-widget-wrap elementor-element-populated\">\n\t\t\t\t\t\t<div class=\"elementor-element elementor-element-3470bf4 elementor-widget elementor-widget-video\" data-id=\"3470bf4\" data-element_type=\"widget\" data-e-type=\"widget\" data-settings=\"{&quot;youtube_url&quot;:&quot;https:\\\/\\\/youtu.be\\\/nc9m9zNsyEk&quot;,&quot;video_type&quot;:&quot;youtube&quot;,&quot;controls&quot;:&quot;yes&quot;}\" data-widget_type=\"video.default\">\n\t\t\t\t<div class=\"elementor-widget-container\">\n\t\t\t\t\t\t\t<div class=\"elementor-wrapper elementor-open-inline\">\n\t\t\t<div class=\"elementor-video\"><\/div>\t\t<\/div>\n\t\t\t\t\t\t<\/div>\n\t\t\t\t<\/div>\n\t\t\t\t\t<\/div>\n\t\t<\/div>\n\t\t\t\t\t<\/div>\n\t\t<\/section>\n\t\t\t\t<\/div>\n\t\t","protected":false},"excerpt":{"rendered":"<p>Situada a unos pocos kil\u00f3metros de Montmagny, la Isle-aux-Grues es la \u00fanica de las 21 islas del archipi\u00e9lago que est\u00e1 habitada durante todo el a\u00f1o. De los aproximadamente 130 habitantes&#8230; <a class=\"more-link\" href=\"https:\/\/www.infotetquebec.com\/es\/lisle-aux-grues-inmersion-en-un-estilo-de-vida-insular\/\">Leer m\u00e1s<\/a><\/p>\n","protected":false},"author":17,"featured_media":15542,"comment_status":"closed","ping_status":"open","sticky":false,"template":"","format":"standard","meta":{"_genesis_hide_title":false,"_genesis_hide_breadcrumbs":false,"_genesis_hide_singular_image":false,"_genesis_hide_footer_widgets":false,"_genesis_custom_body_class":"","_genesis_custom_post_class":"","_genesis_layout":"","footnotes":""},"categories":[54],"tags":[225],"class_list":["post-15576","post","type-post","status-publish","format-standard","has-post-thumbnail","category-noticias","tag-corporation-de-developpement-economique-de-la-mrc-de-montmagny-cdemm-es","entry"],"yoast_head":"<!-- This site is optimized with the Yoast SEO plugin v27.5 - https:\/\/yoast.com\/product\/yoast-seo-wordpress\/ -->\n<title>Isle-aux-Grues: inmersi\u00f3n en un estilo de vida insular - Infotetquebec<\/title>\n<meta name=\"robots\" content=\"index, follow, max-snippet:-1, max-image-preview:large, max-video-preview:-1\" \/>\n<link rel=\"canonical\" href=\"https:\/\/www.infotetquebec.com\/es\/lisle-aux-grues-inmersion-en-un-estilo-de-vida-insular\/\" \/>\n<meta property=\"og:locale\" content=\"es_ES\" \/>\n<meta property=\"og:type\" content=\"article\" \/>\n<meta property=\"og:title\" content=\"Isle-aux-Grues: inmersi\u00f3n en un estilo de vida insular - Infotetquebec\" \/>\n<meta property=\"og:description\" content=\"Situada a unos pocos kil\u00f3metros de Montmagny, la Isle-aux-Grues es la \u00fanica de las 21 islas del archipi\u00e9lago que est\u00e1 habitada durante todo el a\u00f1o. De los aproximadamente 130 habitantes... Leer m\u00e1s\" \/>\n<meta property=\"og:url\" content=\"https:\/\/www.infotetquebec.com\/es\/lisle-aux-grues-inmersion-en-un-estilo-de-vida-insular\/\" \/>\n<meta property=\"og:site_name\" content=\"Infotetquebec\" \/>\n<meta property=\"article:publisher\" content=\"https:\/\/www.facebook.com\/profile.php?id=100089616676260\" \/>\n<meta property=\"article:published_time\" content=\"2024-08-20T15:13:34+00:00\" \/>\n<meta property=\"article:modified_time\" content=\"2024-08-21T15:44:31+00:00\" \/>\n<meta property=\"og:image\" content=\"https:\/\/www.infotetquebec.com\/wp-content\/uploads\/2024\/08\/Yudi_Edison_1-scaled.jpg\" \/>\n\t<meta property=\"og:image:width\" content=\"2560\" \/>\n\t<meta property=\"og:image:height\" content=\"1925\" \/>\n\t<meta property=\"og:image:type\" content=\"image\/jpeg\" \/>\n<meta name=\"author\" content=\"Francisco Salazar\" \/>\n<meta name=\"twitter:card\" content=\"summary_large_image\" \/>\n<meta name=\"twitter:label1\" content=\"Escrito por\" \/>\n\t<meta name=\"twitter:data1\" content=\"Francisco Salazar\" \/>\n\t<meta name=\"twitter:label2\" content=\"Tiempo de lectura\" \/>\n\t<meta name=\"twitter:data2\" content=\"6 minutos\" \/>\n<script type=\"application\/ld+json\" class=\"yoast-schema-graph\">{\"@context\":\"https:\\\/\\\/schema.org\",\"@graph\":[{\"@type\":\"Article\",\"@id\":\"https:\\\/\\\/www.infotetquebec.com\\\/es\\\/lisle-aux-grues-inmersion-en-un-estilo-de-vida-insular\\\/#article\",\"isPartOf\":{\"@id\":\"https:\\\/\\\/www.infotetquebec.com\\\/es\\\/lisle-aux-grues-inmersion-en-un-estilo-de-vida-insular\\\/\"},\"author\":{\"name\":\"Francisco Salazar\",\"@id\":\"https:\\\/\\\/www.infotetquebec.com\\\/es\\\/#\\\/schema\\\/person\\\/2e6e3396cc4022408f480098052d9329\"},\"headline\":\"Isle-aux-Grues: inmersi\u00f3n en un estilo de vida insular\",\"datePublished\":\"2024-08-20T15:13:34+00:00\",\"dateModified\":\"2024-08-21T15:44:31+00:00\",\"mainEntityOfPage\":{\"@id\":\"https:\\\/\\\/www.infotetquebec.com\\\/es\\\/lisle-aux-grues-inmersion-en-un-estilo-de-vida-insular\\\/\"},\"wordCount\":1019,\"publisher\":{\"@id\":\"https:\\\/\\\/www.infotetquebec.com\\\/es\\\/#organization\"},\"image\":{\"@id\":\"https:\\\/\\\/www.infotetquebec.com\\\/es\\\/lisle-aux-grues-inmersion-en-un-estilo-de-vida-insular\\\/#primaryimage\"},\"thumbnailUrl\":\"https:\\\/\\\/www.infotetquebec.com\\\/wp-content\\\/uploads\\\/2024\\\/08\\\/Yudi_Edison_1-scaled.jpg\",\"keywords\":[\"Corporation de d\u00e9veloppement \u00e9conomique de la MRC de Montmagny (CDEMM)\"],\"articleSection\":[\"Art\u00edculos\"],\"inLanguage\":\"es\"},{\"@type\":\"WebPage\",\"@id\":\"https:\\\/\\\/www.infotetquebec.com\\\/es\\\/lisle-aux-grues-inmersion-en-un-estilo-de-vida-insular\\\/\",\"url\":\"https:\\\/\\\/www.infotetquebec.com\\\/es\\\/lisle-aux-grues-inmersion-en-un-estilo-de-vida-insular\\\/\",\"name\":\"Isle-aux-Grues: inmersi\u00f3n en un estilo de vida insular - Infotetquebec\",\"isPartOf\":{\"@id\":\"https:\\\/\\\/www.infotetquebec.com\\\/es\\\/#website\"},\"primaryImageOfPage\":{\"@id\":\"https:\\\/\\\/www.infotetquebec.com\\\/es\\\/lisle-aux-grues-inmersion-en-un-estilo-de-vida-insular\\\/#primaryimage\"},\"image\":{\"@id\":\"https:\\\/\\\/www.infotetquebec.com\\\/es\\\/lisle-aux-grues-inmersion-en-un-estilo-de-vida-insular\\\/#primaryimage\"},\"thumbnailUrl\":\"https:\\\/\\\/www.infotetquebec.com\\\/wp-content\\\/uploads\\\/2024\\\/08\\\/Yudi_Edison_1-scaled.jpg\",\"datePublished\":\"2024-08-20T15:13:34+00:00\",\"dateModified\":\"2024-08-21T15:44:31+00:00\",\"breadcrumb\":{\"@id\":\"https:\\\/\\\/www.infotetquebec.com\\\/es\\\/lisle-aux-grues-inmersion-en-un-estilo-de-vida-insular\\\/#breadcrumb\"},\"inLanguage\":\"es\",\"potentialAction\":[{\"@type\":\"ReadAction\",\"target\":[\"https:\\\/\\\/www.infotetquebec.com\\\/es\\\/lisle-aux-grues-inmersion-en-un-estilo-de-vida-insular\\\/\"]}]},{\"@type\":\"ImageObject\",\"inLanguage\":\"es\",\"@id\":\"https:\\\/\\\/www.infotetquebec.com\\\/es\\\/lisle-aux-grues-inmersion-en-un-estilo-de-vida-insular\\\/#primaryimage\",\"url\":\"https:\\\/\\\/www.infotetquebec.com\\\/wp-content\\\/uploads\\\/2024\\\/08\\\/Yudi_Edison_1-scaled.jpg\",\"contentUrl\":\"https:\\\/\\\/www.infotetquebec.com\\\/wp-content\\\/uploads\\\/2024\\\/08\\\/Yudi_Edison_1-scaled.jpg\",\"width\":2560,\"height\":1925},{\"@type\":\"BreadcrumbList\",\"@id\":\"https:\\\/\\\/www.infotetquebec.com\\\/es\\\/lisle-aux-grues-inmersion-en-un-estilo-de-vida-insular\\\/#breadcrumb\",\"itemListElement\":[{\"@type\":\"ListItem\",\"position\":1,\"name\":\"Accueil\",\"item\":\"https:\\\/\\\/www.infotetquebec.com\\\/es\\\/\"},{\"@type\":\"ListItem\",\"position\":2,\"name\":\"Isle-aux-Grues: inmersi\u00f3n en un estilo de vida insular\"}]},{\"@type\":\"WebSite\",\"@id\":\"https:\\\/\\\/www.infotetquebec.com\\\/es\\\/#website\",\"url\":\"https:\\\/\\\/www.infotetquebec.com\\\/es\\\/\",\"name\":\"Infotetquebec\",\"description\":\"Info et soutien aux TET\",\"publisher\":{\"@id\":\"https:\\\/\\\/www.infotetquebec.com\\\/es\\\/#organization\"},\"potentialAction\":[{\"@type\":\"SearchAction\",\"target\":{\"@type\":\"EntryPoint\",\"urlTemplate\":\"https:\\\/\\\/www.infotetquebec.com\\\/es\\\/?s={search_term_string}\"},\"query-input\":{\"@type\":\"PropertyValueSpecification\",\"valueRequired\":true,\"valueName\":\"search_term_string\"}}],\"inLanguage\":\"es\"},{\"@type\":\"Organization\",\"@id\":\"https:\\\/\\\/www.infotetquebec.com\\\/es\\\/#organization\",\"name\":\"InfoTETQuebec\",\"url\":\"https:\\\/\\\/www.infotetquebec.com\\\/es\\\/\",\"logo\":{\"@type\":\"ImageObject\",\"inLanguage\":\"es\",\"@id\":\"https:\\\/\\\/www.infotetquebec.com\\\/es\\\/#\\\/schema\\\/logo\\\/image\\\/\",\"url\":\"https:\\\/\\\/www.infotetquebec.com\\\/wp-content\\\/uploads\\\/2021\\\/02\\\/cropped-IMQC_TET_Favicon_Fav-Icon_Fav-Icon-1.png\",\"contentUrl\":\"https:\\\/\\\/www.infotetquebec.com\\\/wp-content\\\/uploads\\\/2021\\\/02\\\/cropped-IMQC_TET_Favicon_Fav-Icon_Fav-Icon-1.png\",\"width\":512,\"height\":512,\"caption\":\"InfoTETQuebec\"},\"image\":{\"@id\":\"https:\\\/\\\/www.infotetquebec.com\\\/es\\\/#\\\/schema\\\/logo\\\/image\\\/\"},\"sameAs\":[\"https:\\\/\\\/www.facebook.com\\\/profile.php?id=100089616676260\"]},{\"@type\":\"Person\",\"@id\":\"https:\\\/\\\/www.infotetquebec.com\\\/es\\\/#\\\/schema\\\/person\\\/2e6e3396cc4022408f480098052d9329\",\"name\":\"Francisco Salazar\",\"image\":{\"@type\":\"ImageObject\",\"inLanguage\":\"es\",\"@id\":\"https:\\\/\\\/secure.gravatar.com\\\/avatar\\\/817253c5e9df69797a44385a77c231c8e9f92864af0861b091a2081006623cc3?s=96&d=mm&r=g\",\"url\":\"https:\\\/\\\/secure.gravatar.com\\\/avatar\\\/817253c5e9df69797a44385a77c231c8e9f92864af0861b091a2081006623cc3?s=96&d=mm&r=g\",\"contentUrl\":\"https:\\\/\\\/secure.gravatar.com\\\/avatar\\\/817253c5e9df69797a44385a77c231c8e9f92864af0861b091a2081006623cc3?s=96&d=mm&r=g\",\"caption\":\"Francisco Salazar\"},\"description\":\"Superviseur \u00e0 la coordination\",\"url\":\"https:\\\/\\\/www.infotetquebec.com\\\/es\\\/author\\\/francisco-salazarimmigrantquebec-com\\\/\"}]}<\/script>\n<!-- \/ Yoast SEO plugin. -->","yoast_head_json":{"title":"Isle-aux-Grues: inmersi\u00f3n en un estilo de vida insular - Infotetquebec","robots":{"index":"index","follow":"follow","max-snippet":"max-snippet:-1","max-image-preview":"max-image-preview:large","max-video-preview":"max-video-preview:-1"},"canonical":"https:\/\/www.infotetquebec.com\/es\/lisle-aux-grues-inmersion-en-un-estilo-de-vida-insular\/","og_locale":"es_ES","og_type":"article","og_title":"Isle-aux-Grues: inmersi\u00f3n en un estilo de vida insular - Infotetquebec","og_description":"Situada a unos pocos kil\u00f3metros de Montmagny, la Isle-aux-Grues es la \u00fanica de las 21 islas del archipi\u00e9lago que est\u00e1 habitada durante todo el a\u00f1o. De los aproximadamente 130 habitantes... Leer m\u00e1s","og_url":"https:\/\/www.infotetquebec.com\/es\/lisle-aux-grues-inmersion-en-un-estilo-de-vida-insular\/","og_site_name":"Infotetquebec","article_publisher":"https:\/\/www.facebook.com\/profile.php?id=100089616676260","article_published_time":"2024-08-20T15:13:34+00:00","article_modified_time":"2024-08-21T15:44:31+00:00","og_image":[{"width":2560,"height":1925,"url":"https:\/\/www.infotetquebec.com\/wp-content\/uploads\/2024\/08\/Yudi_Edison_1-scaled.jpg","type":"image\/jpeg"}],"author":"Francisco Salazar","twitter_card":"summary_large_image","twitter_misc":{"Escrito por":"Francisco Salazar","Tiempo de lectura":"6 minutos"},"schema":{"@context":"https:\/\/schema.org","@graph":[{"@type":"Article","@id":"https:\/\/www.infotetquebec.com\/es\/lisle-aux-grues-inmersion-en-un-estilo-de-vida-insular\/#article","isPartOf":{"@id":"https:\/\/www.infotetquebec.com\/es\/lisle-aux-grues-inmersion-en-un-estilo-de-vida-insular\/"},"author":{"name":"Francisco Salazar","@id":"https:\/\/www.infotetquebec.com\/es\/#\/schema\/person\/2e6e3396cc4022408f480098052d9329"},"headline":"Isle-aux-Grues: inmersi\u00f3n en un estilo de vida insular","datePublished":"2024-08-20T15:13:34+00:00","dateModified":"2024-08-21T15:44:31+00:00","mainEntityOfPage":{"@id":"https:\/\/www.infotetquebec.com\/es\/lisle-aux-grues-inmersion-en-un-estilo-de-vida-insular\/"},"wordCount":1019,"publisher":{"@id":"https:\/\/www.infotetquebec.com\/es\/#organization"},"image":{"@id":"https:\/\/www.infotetquebec.com\/es\/lisle-aux-grues-inmersion-en-un-estilo-de-vida-insular\/#primaryimage"},"thumbnailUrl":"https:\/\/www.infotetquebec.com\/wp-content\/uploads\/2024\/08\/Yudi_Edison_1-scaled.jpg","keywords":["Corporation de d\u00e9veloppement \u00e9conomique de la MRC de Montmagny (CDEMM)"],"articleSection":["Art\u00edculos"],"inLanguage":"es"},{"@type":"WebPage","@id":"https:\/\/www.infotetquebec.com\/es\/lisle-aux-grues-inmersion-en-un-estilo-de-vida-insular\/","url":"https:\/\/www.infotetquebec.com\/es\/lisle-aux-grues-inmersion-en-un-estilo-de-vida-insular\/","name":"Isle-aux-Grues: inmersi\u00f3n en un estilo de vida insular - Infotetquebec","isPartOf":{"@id":"https:\/\/www.infotetquebec.com\/es\/#website"},"primaryImageOfPage":{"@id":"https:\/\/www.infotetquebec.com\/es\/lisle-aux-grues-inmersion-en-un-estilo-de-vida-insular\/#primaryimage"},"image":{"@id":"https:\/\/www.infotetquebec.com\/es\/lisle-aux-grues-inmersion-en-un-estilo-de-vida-insular\/#primaryimage"},"thumbnailUrl":"https:\/\/www.infotetquebec.com\/wp-content\/uploads\/2024\/08\/Yudi_Edison_1-scaled.jpg","datePublished":"2024-08-20T15:13:34+00:00","dateModified":"2024-08-21T15:44:31+00:00","breadcrumb":{"@id":"https:\/\/www.infotetquebec.com\/es\/lisle-aux-grues-inmersion-en-un-estilo-de-vida-insular\/#breadcrumb"},"inLanguage":"es","potentialAction":[{"@type":"ReadAction","target":["https:\/\/www.infotetquebec.com\/es\/lisle-aux-grues-inmersion-en-un-estilo-de-vida-insular\/"]}]},{"@type":"ImageObject","inLanguage":"es","@id":"https:\/\/www.infotetquebec.com\/es\/lisle-aux-grues-inmersion-en-un-estilo-de-vida-insular\/#primaryimage","url":"https:\/\/www.infotetquebec.com\/wp-content\/uploads\/2024\/08\/Yudi_Edison_1-scaled.jpg","contentUrl":"https:\/\/www.infotetquebec.com\/wp-content\/uploads\/2024\/08\/Yudi_Edison_1-scaled.jpg","width":2560,"height":1925},{"@type":"BreadcrumbList","@id":"https:\/\/www.infotetquebec.com\/es\/lisle-aux-grues-inmersion-en-un-estilo-de-vida-insular\/#breadcrumb","itemListElement":[{"@type":"ListItem","position":1,"name":"Accueil","item":"https:\/\/www.infotetquebec.com\/es\/"},{"@type":"ListItem","position":2,"name":"Isle-aux-Grues: inmersi\u00f3n en un estilo de vida insular"}]},{"@type":"WebSite","@id":"https:\/\/www.infotetquebec.com\/es\/#website","url":"https:\/\/www.infotetquebec.com\/es\/","name":"Infotetquebec","description":"Info et soutien aux TET","publisher":{"@id":"https:\/\/www.infotetquebec.com\/es\/#organization"},"potentialAction":[{"@type":"SearchAction","target":{"@type":"EntryPoint","urlTemplate":"https:\/\/www.infotetquebec.com\/es\/?s={search_term_string}"},"query-input":{"@type":"PropertyValueSpecification","valueRequired":true,"valueName":"search_term_string"}}],"inLanguage":"es"},{"@type":"Organization","@id":"https:\/\/www.infotetquebec.com\/es\/#organization","name":"InfoTETQuebec","url":"https:\/\/www.infotetquebec.com\/es\/","logo":{"@type":"ImageObject","inLanguage":"es","@id":"https:\/\/www.infotetquebec.com\/es\/#\/schema\/logo\/image\/","url":"https:\/\/www.infotetquebec.com\/wp-content\/uploads\/2021\/02\/cropped-IMQC_TET_Favicon_Fav-Icon_Fav-Icon-1.png","contentUrl":"https:\/\/www.infotetquebec.com\/wp-content\/uploads\/2021\/02\/cropped-IMQC_TET_Favicon_Fav-Icon_Fav-Icon-1.png","width":512,"height":512,"caption":"InfoTETQuebec"},"image":{"@id":"https:\/\/www.infotetquebec.com\/es\/#\/schema\/logo\/image\/"},"sameAs":["https:\/\/www.facebook.com\/profile.php?id=100089616676260"]},{"@type":"Person","@id":"https:\/\/www.infotetquebec.com\/es\/#\/schema\/person\/2e6e3396cc4022408f480098052d9329","name":"Francisco Salazar","image":{"@type":"ImageObject","inLanguage":"es","@id":"https:\/\/secure.gravatar.com\/avatar\/817253c5e9df69797a44385a77c231c8e9f92864af0861b091a2081006623cc3?s=96&d=mm&r=g","url":"https:\/\/secure.gravatar.com\/avatar\/817253c5e9df69797a44385a77c231c8e9f92864af0861b091a2081006623cc3?s=96&d=mm&r=g","contentUrl":"https:\/\/secure.gravatar.com\/avatar\/817253c5e9df69797a44385a77c231c8e9f92864af0861b091a2081006623cc3?s=96&d=mm&r=g","caption":"Francisco Salazar"},"description":"Superviseur \u00e0 la coordination","url":"https:\/\/www.infotetquebec.com\/es\/author\/francisco-salazarimmigrantquebec-com\/"}]}},"rttpg_featured_image_url":{"full":["https:\/\/www.infotetquebec.com\/wp-content\/uploads\/2024\/08\/Yudi_Edison_1-scaled.jpg",2560,1925,false],"landscape":["https:\/\/www.infotetquebec.com\/wp-content\/uploads\/2024\/08\/Yudi_Edison_1-scaled.jpg",2560,1925,false],"portraits":["https:\/\/www.infotetquebec.com\/wp-content\/uploads\/2024\/08\/Yudi_Edison_1-scaled.jpg",2560,1925,false],"thumbnail":["https:\/\/www.infotetquebec.com\/wp-content\/uploads\/2024\/08\/Yudi_Edison_1-300x150.jpg",300,150,true],"medium":["https:\/\/www.infotetquebec.com\/wp-content\/uploads\/2024\/08\/Yudi_Edison_1-300x226.jpg",300,226,true],"large":["https:\/\/www.infotetquebec.com\/wp-content\/uploads\/2024\/08\/Yudi_Edison_1-1024x770.jpg",1024,770,true],"1536x1536":["https:\/\/www.infotetquebec.com\/wp-content\/uploads\/2024\/08\/Yudi_Edison_1-1536x1155.jpg",1536,1155,true],"2048x2048":["https:\/\/www.infotetquebec.com\/wp-content\/uploads\/2024\/08\/Yudi_Edison_1-2048x1540.jpg",2048,1540,true],"sidebar-featured":["https:\/\/www.infotetquebec.com\/wp-content\/uploads\/2024\/08\/Yudi_Edison_1-75x75.jpg",75,75,true],"genesis-singular-images":["https:\/\/www.infotetquebec.com\/wp-content\/uploads\/2024\/08\/Yudi_Edison_1-702x526.jpg",702,526,true]},"rttpg_author":{"display_name":"Francisco Salazar","author_link":"https:\/\/www.infotetquebec.com\/es\/author\/francisco-salazarimmigrantquebec-com\/"},"rttpg_comment":0,"rttpg_category":"<a href=\"https:\/\/www.infotetquebec.com\/es\/noticias\/\" rel=\"category tag\">Art\u00edculos<\/a>","rttpg_excerpt":"Situada a unos pocos kil\u00f3metros de Montmagny, la Isle-aux-Grues es la \u00fanica de las 21 islas del archipi\u00e9lago que est\u00e1 habitada durante todo el a\u00f1o. De los aproximadamente 130 habitantes... Leer m\u00e1s","_links":{"self":[{"href":"https:\/\/www.infotetquebec.com\/es\/wp-json\/wp\/v2\/posts\/15576","targetHints":{"allow":["GET"]}}],"collection":[{"href":"https:\/\/www.infotetquebec.com\/es\/wp-json\/wp\/v2\/posts"}],"about":[{"href":"https:\/\/www.infotetquebec.com\/es\/wp-json\/wp\/v2\/types\/post"}],"author":[{"embeddable":true,"href":"https:\/\/www.infotetquebec.com\/es\/wp-json\/wp\/v2\/users\/17"}],"replies":[{"embeddable":true,"href":"https:\/\/www.infotetquebec.com\/es\/wp-json\/wp\/v2\/comments?post=15576"}],"version-history":[{"count":15,"href":"https:\/\/www.infotetquebec.com\/es\/wp-json\/wp\/v2\/posts\/15576\/revisions"}],"predecessor-version":[{"id":15604,"href":"https:\/\/www.infotetquebec.com\/es\/wp-json\/wp\/v2\/posts\/15576\/revisions\/15604"}],"wp:featuredmedia":[{"embeddable":true,"href":"https:\/\/www.infotetquebec.com\/es\/wp-json\/wp\/v2\/media\/15542"}],"wp:attachment":[{"href":"https:\/\/www.infotetquebec.com\/es\/wp-json\/wp\/v2\/media?parent=15576"}],"wp:term":[{"taxonomy":"category","embeddable":true,"href":"https:\/\/www.infotetquebec.com\/es\/wp-json\/wp\/v2\/categories?post=15576"},{"taxonomy":"post_tag","embeddable":true,"href":"https:\/\/www.infotetquebec.com\/es\/wp-json\/wp\/v2\/tags?post=15576"}],"curies":[{"name":"wp","href":"https:\/\/api.w.org\/{rel}","templated":true}]}}