{"id":15102,"date":"2024-07-25T13:37:48","date_gmt":"2024-07-25T17:37:48","guid":{"rendered":"https:\/\/www.infotetquebec.com\/tet-en-regiones-aisladas-para-rosa-maria-la-tranquilidad-es-lo-primero\/"},"modified":"2024-07-26T12:03:00","modified_gmt":"2024-07-26T16:03:00","slug":"tet-en-regiones-aisladas-para-rosa-maria-la-tranquilidad-es-lo-primero","status":"publish","type":"post","link":"https:\/\/www.infotetquebec.com\/es\/tet-en-regiones-aisladas-para-rosa-maria-la-tranquilidad-es-lo-primero\/","title":{"rendered":"Para Rosa Mar\u00eda, la tranquilidad es lo primero"},"content":{"rendered":"\t\t<div data-elementor-type=\"wp-post\" data-elementor-id=\"15102\" class=\"elementor elementor-15102 elementor-15084\" data-elementor-post-type=\"post\">\n\t\t\t\t\t\t<section class=\"elementor-section elementor-top-section elementor-element elementor-element-ee2d0d8 elementor-section-boxed elementor-section-height-default elementor-section-height-default\" data-id=\"ee2d0d8\" data-element_type=\"section\" data-e-type=\"section\">\n\t\t\t\t\t\t<div class=\"elementor-container elementor-column-gap-default\">\n\t\t\t\t\t<div class=\"elementor-column elementor-col-100 elementor-top-column elementor-element elementor-element-1cfcefd\" data-id=\"1cfcefd\" data-element_type=\"column\" data-e-type=\"column\">\n\t\t\t<div class=\"elementor-widget-wrap elementor-element-populated\">\n\t\t\t\t\t\t<div class=\"elementor-element elementor-element-097f3be elementor-alert-info elementor-widget elementor-widget-alert\" data-id=\"097f3be\" data-element_type=\"widget\" data-e-type=\"widget\" data-widget_type=\"alert.default\">\n\t\t\t\t<div class=\"elementor-widget-container\">\n\t\t\t\t\t\t\t<div class=\"elementor-alert\" role=\"alert\">\n\n\t\t\t\t\t\t<span class=\"elementor-alert-title\">Informe especial: TET en regiones aisladas<\/span>\n\t\t\t\n\t\t\t\t\t\t<span class=\"elementor-alert-description\"><p>No es tarea f\u00e1cil viajar miles de kil\u00f3metros para trabajar en Quebec. Aunque las perspectivas profesionales y personales son tentadoras, esta importante transici\u00f3n conlleva varios desaf\u00edos para los trabajadores extranjeros temporales. Adem\u00e1s de cambiar de pa\u00eds, algunos TET tienen que instalarse en regiones aisladas como la C\u00f4te-Nord, las \u00celes-de-la-Madeleine y el Nord-du-Qu\u00e9bec. \u00bfEs esto una ventaja, una desventaja, o ambas? Descube m\u00e1s en este informe especial.<\/p>\n<\/span>\n\t\t\t\n\t\t\t\t\t\t<button type=\"button\" class=\"elementor-alert-dismiss\" aria-label=\"Descartar esta alerta.\">\n\t\t\t\t\t\t\t\t\t<span aria-hidden=\"true\">&times;<\/span>\n\t\t\t\t\t\t\t<\/button>\n\t\t\t\n\t\t<\/div>\n\t\t\t\t\t\t<\/div>\n\t\t\t\t<\/div>\n\t\t\t\t\t<\/div>\n\t\t<\/div>\n\t\t\t\t\t<\/div>\n\t\t<\/section>\n\t\t\t\t<section class=\"elementor-section elementor-top-section elementor-element elementor-element-088cfcd elementor-section-boxed elementor-section-height-default elementor-section-height-default\" data-id=\"088cfcd\" data-element_type=\"section\" data-e-type=\"section\">\n\t\t\t\t\t\t<div class=\"elementor-container elementor-column-gap-default\">\n\t\t\t\t\t<div class=\"elementor-column elementor-col-100 elementor-top-column elementor-element elementor-element-4cc7868\" data-id=\"4cc7868\" data-element_type=\"column\" data-e-type=\"column\">\n\t\t\t<div class=\"elementor-widget-wrap elementor-element-populated\">\n\t\t\t\t\t\t<div class=\"elementor-element elementor-element-61bc5b3 elementor-widget elementor-widget-text-editor\" data-id=\"61bc5b3\" data-element_type=\"widget\" data-e-type=\"widget\" data-widget_type=\"text-editor.default\">\n\t\t\t\t<div class=\"elementor-widget-container\">\n\t\t\t\t\t\t\t\t\t<h5><strong>Texto y fotos : Marie-Anne Day\u00e9 \/ Traducci\u00f3n : Francisco Salazar<\/strong><\/h5><p>\u201c\u00a1Me gusta el invierno!\u201d, dice Rosa Mar\u00eda Gonz\u00e1lez P\u00e9rez durante la conversaci\u00f3n. \u201cHay muchas cosas que hacer, no es necesario quedarte encerrado, \u00a1hay que salir! Puedes ir de excusi\u00f3n con tus raquetas de nieve, adem\u00e1s el sol brilla, el cielo es claro y azul, \u00a1todo es genial\u201d.<\/p><p>Hace dos a\u00f1os, Rosa Mar\u00eda dej\u00f3 Toluca, M\u00e9xico para vivir una nueva experiencia en Sept-\u00celes. Su ciudad natal de clima templado est\u00e1 cerca de la Ciudad de M\u00e9xico, a unos 2,668 km sobre el nivel del mar. Esta mexicana de sonrisa contagiosa est\u00e1 acostumbrada a las temperaturas frescas e incluso no le gusta el calor. Tambi\u00e9n, la necesidad de seguridad fue un factor determinante en la elecci\u00f3n de su destino. \u201cAqu\u00ed me siento libre, estoy bien. El estr\u00e9s que ten\u00eda en M\u00e9xico no se puede comparar con la paz y la tranquilidad que puedo disfrutar aqu\u00ed\u201d. Sept-\u00celes estaba dise\u00f1ada para ella.<\/p>\t\t\t\t\t\t\t\t<\/div>\n\t\t\t\t<\/div>\n\t\t\t\t<section class=\"elementor-section elementor-inner-section elementor-element elementor-element-d18ae8d elementor-section-boxed elementor-section-height-default elementor-section-height-default\" data-id=\"d18ae8d\" data-element_type=\"section\" data-e-type=\"section\">\n\t\t\t\t\t\t<div class=\"elementor-container elementor-column-gap-default\">\n\t\t\t\t\t<div class=\"elementor-column elementor-col-50 elementor-inner-column elementor-element elementor-element-1fa9cd5\" data-id=\"1fa9cd5\" data-element_type=\"column\" data-e-type=\"column\">\n\t\t\t<div class=\"elementor-widget-wrap elementor-element-populated\">\n\t\t\t\t\t\t<div class=\"elementor-element elementor-element-14f794d elementor-widget elementor-widget-text-editor\" data-id=\"14f794d\" data-element_type=\"widget\" data-e-type=\"widget\" data-widget_type=\"text-editor.default\">\n\t\t\t\t<div class=\"elementor-widget-container\">\n\t\t\t\t\t\t\t\t\t<p><strong>Una nueva etapa <\/strong><\/p>\n<p>Mar\u00eda es licenciada en gastronom\u00eda, durante 18 a\u00f1os tuvo un negocio en su ciudad natal hasta que la pandemia complic\u00f3 sus planes. Por desgracia, su padre muri\u00f3 a consecuencia de la Covid-19 y todo cambi\u00f3 en su familia, explica. \u201cInici\u00e9 los tr\u00e1mites para venir a Canad\u00e1 y me seleccionaron. En ese momento pens\u00e9 que ser\u00eda mi mejor opci\u00f3n. Al final, puedo decir que s\u00ed, soy feliz aqu\u00ed\u201d.<\/p>\n<p>Su empleador, la Pescader\u00eda <em>Fortier<\/em>, la contrat\u00f3 como jefa de cocina. Ahora en la secci\u00f3n de comida preparada, Rosa Mar\u00eda elabora nuevas recetas como los <em>poke bowls<\/em>, pizzas de marisco y ensaladas con productos locales. \u201cMe encanta mi trabajo, me gusta ser creativa y siempre me ha fascinado cocinar\u201d, confiesa Rosa Mar\u00eda.<\/p>\n\t\t\t\t\t\t\t\t<\/div>\n\t\t\t\t<\/div>\n\t\t\t\t\t<\/div>\n\t\t<\/div>\n\t\t\t\t<div class=\"elementor-column elementor-col-50 elementor-inner-column elementor-element elementor-element-407d452\" data-id=\"407d452\" data-element_type=\"column\" data-e-type=\"column\">\n\t\t\t<div class=\"elementor-widget-wrap elementor-element-populated\">\n\t\t\t\t\t\t<div class=\"elementor-element elementor-element-bedb9db elementor-widget elementor-widget-image\" data-id=\"bedb9db\" data-element_type=\"widget\" data-e-type=\"widget\" data-widget_type=\"image.default\">\n\t\t\t\t<div class=\"elementor-widget-container\">\n\t\t\t\t\t\t\t\t\t\t\t\t\t\t\t<img fetchpriority=\"high\" decoding=\"async\" width=\"1024\" height=\"683\" src=\"https:\/\/www.infotetquebec.com\/wp-content\/uploads\/2024\/07\/0T0A7406-1024x683.jpg\" class=\"attachment-large size-large wp-image-15093\" alt=\"\" srcset=\"https:\/\/www.infotetquebec.com\/wp-content\/uploads\/2024\/07\/0T0A7406-1024x683.jpg 1024w, https:\/\/www.infotetquebec.com\/wp-content\/uploads\/2024\/07\/0T0A7406-300x200.jpg 300w, https:\/\/www.infotetquebec.com\/wp-content\/uploads\/2024\/07\/0T0A7406-768x512.jpg 768w, https:\/\/www.infotetquebec.com\/wp-content\/uploads\/2024\/07\/0T0A7406-1536x1024.jpg 1536w, https:\/\/www.infotetquebec.com\/wp-content\/uploads\/2024\/07\/0T0A7406-2048x1365.jpg 2048w\" sizes=\"(max-width: 1024px) 100vw, 1024px\" \/>\t\t\t\t\t\t\t\t\t\t\t\t\t\t\t<\/div>\n\t\t\t\t<\/div>\n\t\t\t\t\t<\/div>\n\t\t<\/div>\n\t\t\t\t\t<\/div>\n\t\t<\/section>\n\t\t\t\t\t<\/div>\n\t\t<\/div>\n\t\t\t\t\t<\/div>\n\t\t<\/section>\n\t\t\t\t<section class=\"elementor-section elementor-top-section elementor-element elementor-element-0150af5 elementor-section-boxed elementor-section-height-default elementor-section-height-default\" data-id=\"0150af5\" data-element_type=\"section\" data-e-type=\"section\">\n\t\t\t\t\t\t<div class=\"elementor-container elementor-column-gap-default\">\n\t\t\t\t\t<div class=\"elementor-column elementor-col-100 elementor-top-column elementor-element elementor-element-3a6dbf0\" data-id=\"3a6dbf0\" data-element_type=\"column\" data-e-type=\"column\">\n\t\t\t<div class=\"elementor-widget-wrap elementor-element-populated\">\n\t\t\t\t\t\t<div class=\"elementor-element elementor-element-619e569 elementor-widget elementor-widget-text-editor\" data-id=\"619e569\" data-element_type=\"widget\" data-e-type=\"widget\" data-widget_type=\"text-editor.default\">\n\t\t\t\t<div class=\"elementor-widget-container\">\n\t\t\t\t\t\t\t\t\t<p><strong>Tan lejos y tan cerca<\/strong><\/p><p>Vivir tan lejos de su familia es el principal reto para Rosa Mar\u00eda, especialmente de su madre quien padece demencia y a la cual est\u00e1 muy unida. Afortunadamente, hablan con regularidad e incluso, el a\u00f1o pasado pudieron reunirse en Sept-\u00celes durante un mes. \u201cEstar lejos de la familia es dif\u00edcil para m\u00ed, y s\u00e9 que tengo que afrontar todas estos retos y dar gracias a Dios por seguir disfrutando de ellos y a trav\u00e9s de todas las formas posibles, ya sea por <em>Zoom<\/em> o por tel\u00e9fono\u201d, dice.<\/p><p>Rosa Mar\u00eda ha tenido la oportunidad de viajar a varios pa\u00edses y planea seguir haci\u00e9ndolo. Pero es en Sept-\u00celes donde quiere establecerse, sobre todo porque all\u00ed ha encontrado el amor. Alg\u00fan d\u00eda le gustar\u00eda abrir su propio negocio y seguir viviendo de su pasi\u00f3n, la cocina.<\/p>\t\t\t\t\t\t\t\t<\/div>\n\t\t\t\t<\/div>\n\t\t\t\t<div class=\"elementor-element elementor-element-adf25ce elementor-widget elementor-widget-video\" data-id=\"adf25ce\" data-element_type=\"widget\" data-e-type=\"widget\" data-settings=\"{&quot;youtube_url&quot;:&quot;https:\\\/\\\/youtu.be\\\/RCq57W4dlQ8&quot;,&quot;video_type&quot;:&quot;youtube&quot;,&quot;controls&quot;:&quot;yes&quot;}\" data-widget_type=\"video.default\">\n\t\t\t\t<div class=\"elementor-widget-container\">\n\t\t\t\t\t\t\t<div class=\"elementor-wrapper elementor-open-inline\">\n\t\t\t<div class=\"elementor-video\"><\/div>\t\t<\/div>\n\t\t\t\t\t\t<\/div>\n\t\t\t\t<\/div>\n\t\t\t\t\t<\/div>\n\t\t<\/div>\n\t\t\t\t\t<\/div>\n\t\t<\/section>\n\t\t\t\t<section class=\"elementor-section elementor-top-section elementor-element elementor-element-0e2695b elementor-section-boxed elementor-section-height-default elementor-section-height-default\" data-id=\"0e2695b\" data-element_type=\"section\" data-e-type=\"section\">\n\t\t\t\t\t\t<div class=\"elementor-container elementor-column-gap-default\">\n\t\t\t\t\t<div class=\"elementor-column elementor-col-100 elementor-top-column elementor-element elementor-element-dda924c\" data-id=\"dda924c\" data-element_type=\"column\" data-e-type=\"column\">\n\t\t\t<div class=\"elementor-widget-wrap\">\n\t\t\t\t\t\t\t<\/div>\n\t\t<\/div>\n\t\t\t\t\t<\/div>\n\t\t<\/section>\n\t\t\t\t<\/div>\n\t\t","protected":false},"excerpt":{"rendered":"<p>Informe especial: TET en regiones aisladas No es tarea f\u00e1cil viajar miles de kil\u00f3metros para trabajar en Quebec. Aunque las perspectivas profesionales y personales son tentadoras, esta importante transici\u00f3n conlleva&#8230; <a class=\"more-link\" href=\"https:\/\/www.infotetquebec.com\/es\/tet-en-regiones-aisladas-para-rosa-maria-la-tranquilidad-es-lo-primero\/\">Leer m\u00e1s<\/a><\/p>\n","protected":false},"author":17,"featured_media":15090,"comment_status":"closed","ping_status":"open","sticky":false,"template":"","format":"standard","meta":{"_genesis_hide_title":false,"_genesis_hide_breadcrumbs":false,"_genesis_hide_singular_image":false,"_genesis_hide_footer_widgets":false,"_genesis_custom_body_class":"","_genesis_custom_post_class":"","_genesis_layout":"","footnotes":""},"categories":[54],"tags":[],"class_list":["post-15102","post","type-post","status-publish","format-standard","has-post-thumbnail","category-noticias","entry"],"yoast_head":"<!-- This site is optimized with the Yoast SEO plugin v27.5 - https:\/\/yoast.com\/product\/yoast-seo-wordpress\/ -->\n<title>Para Rosa Mar\u00eda, la tranquilidad es lo primero - Infotetquebec<\/title>\n<meta name=\"description\" content=\"TET en una regi\u00f3n aislada: tranquilidad ante todo para Rosa Maria Gonzales, trabajadora extranjera establecida en Sept-\u00celes.\" \/>\n<meta name=\"robots\" content=\"index, follow, max-snippet:-1, max-image-preview:large, max-video-preview:-1\" \/>\n<link rel=\"canonical\" href=\"https:\/\/www.infotetquebec.com\/es\/tet-en-regiones-aisladas-para-rosa-maria-la-tranquilidad-es-lo-primero\/\" \/>\n<meta property=\"og:locale\" content=\"es_ES\" \/>\n<meta property=\"og:type\" content=\"article\" \/>\n<meta property=\"og:title\" content=\"Para Rosa Mar\u00eda, la tranquilidad es lo primero - Infotetquebec\" \/>\n<meta property=\"og:description\" content=\"TET en una regi\u00f3n aislada: tranquilidad ante todo para Rosa Maria Gonzales, trabajadora extranjera establecida en Sept-\u00celes.\" \/>\n<meta property=\"og:url\" content=\"https:\/\/www.infotetquebec.com\/es\/tet-en-regiones-aisladas-para-rosa-maria-la-tranquilidad-es-lo-primero\/\" \/>\n<meta property=\"og:site_name\" content=\"Infotetquebec\" \/>\n<meta property=\"article:publisher\" content=\"https:\/\/www.facebook.com\/profile.php?id=100089616676260\" \/>\n<meta property=\"article:published_time\" content=\"2024-07-25T17:37:48+00:00\" \/>\n<meta property=\"article:modified_time\" content=\"2024-07-26T16:03:00+00:00\" \/>\n<meta property=\"og:image\" content=\"https:\/\/www.infotetquebec.com\/wp-content\/uploads\/2024\/07\/0T0A7389-scaled.jpg\" \/>\n\t<meta property=\"og:image:width\" content=\"2560\" \/>\n\t<meta property=\"og:image:height\" content=\"1707\" \/>\n\t<meta property=\"og:image:type\" content=\"image\/jpeg\" \/>\n<meta name=\"author\" content=\"Francisco Salazar\" \/>\n<meta name=\"twitter:card\" content=\"summary_large_image\" \/>\n<meta name=\"twitter:label1\" content=\"Escrito por\" \/>\n\t<meta name=\"twitter:data1\" content=\"Francisco Salazar\" \/>\n\t<meta name=\"twitter:label2\" content=\"Tiempo de lectura\" \/>\n\t<meta name=\"twitter:data2\" content=\"3 minutos\" \/>\n<script type=\"application\/ld+json\" class=\"yoast-schema-graph\">{\"@context\":\"https:\\\/\\\/schema.org\",\"@graph\":[{\"@type\":\"Article\",\"@id\":\"https:\\\/\\\/www.infotetquebec.com\\\/es\\\/tet-en-regiones-aisladas-para-rosa-maria-la-tranquilidad-es-lo-primero\\\/#article\",\"isPartOf\":{\"@id\":\"https:\\\/\\\/www.infotetquebec.com\\\/es\\\/tet-en-regiones-aisladas-para-rosa-maria-la-tranquilidad-es-lo-primero\\\/\"},\"author\":{\"name\":\"Francisco Salazar\",\"@id\":\"https:\\\/\\\/www.infotetquebec.com\\\/es\\\/#\\\/schema\\\/person\\\/2e6e3396cc4022408f480098052d9329\"},\"headline\":\"Para Rosa Mar\u00eda, la tranquilidad es lo primero\",\"datePublished\":\"2024-07-25T17:37:48+00:00\",\"dateModified\":\"2024-07-26T16:03:00+00:00\",\"mainEntityOfPage\":{\"@id\":\"https:\\\/\\\/www.infotetquebec.com\\\/es\\\/tet-en-regiones-aisladas-para-rosa-maria-la-tranquilidad-es-lo-primero\\\/\"},\"wordCount\":556,\"publisher\":{\"@id\":\"https:\\\/\\\/www.infotetquebec.com\\\/es\\\/#organization\"},\"image\":{\"@id\":\"https:\\\/\\\/www.infotetquebec.com\\\/es\\\/tet-en-regiones-aisladas-para-rosa-maria-la-tranquilidad-es-lo-primero\\\/#primaryimage\"},\"thumbnailUrl\":\"https:\\\/\\\/www.infotetquebec.com\\\/wp-content\\\/uploads\\\/2024\\\/07\\\/0T0A7389-scaled.jpg\",\"articleSection\":[\"Art\u00edculos\"],\"inLanguage\":\"es\"},{\"@type\":\"WebPage\",\"@id\":\"https:\\\/\\\/www.infotetquebec.com\\\/es\\\/tet-en-regiones-aisladas-para-rosa-maria-la-tranquilidad-es-lo-primero\\\/\",\"url\":\"https:\\\/\\\/www.infotetquebec.com\\\/es\\\/tet-en-regiones-aisladas-para-rosa-maria-la-tranquilidad-es-lo-primero\\\/\",\"name\":\"Para Rosa Mar\u00eda, la tranquilidad es lo primero - Infotetquebec\",\"isPartOf\":{\"@id\":\"https:\\\/\\\/www.infotetquebec.com\\\/es\\\/#website\"},\"primaryImageOfPage\":{\"@id\":\"https:\\\/\\\/www.infotetquebec.com\\\/es\\\/tet-en-regiones-aisladas-para-rosa-maria-la-tranquilidad-es-lo-primero\\\/#primaryimage\"},\"image\":{\"@id\":\"https:\\\/\\\/www.infotetquebec.com\\\/es\\\/tet-en-regiones-aisladas-para-rosa-maria-la-tranquilidad-es-lo-primero\\\/#primaryimage\"},\"thumbnailUrl\":\"https:\\\/\\\/www.infotetquebec.com\\\/wp-content\\\/uploads\\\/2024\\\/07\\\/0T0A7389-scaled.jpg\",\"datePublished\":\"2024-07-25T17:37:48+00:00\",\"dateModified\":\"2024-07-26T16:03:00+00:00\",\"description\":\"TET en una regi\u00f3n aislada: tranquilidad ante todo para Rosa Maria Gonzales, trabajadora extranjera establecida en Sept-\u00celes.\",\"breadcrumb\":{\"@id\":\"https:\\\/\\\/www.infotetquebec.com\\\/es\\\/tet-en-regiones-aisladas-para-rosa-maria-la-tranquilidad-es-lo-primero\\\/#breadcrumb\"},\"inLanguage\":\"es\",\"potentialAction\":[{\"@type\":\"ReadAction\",\"target\":[\"https:\\\/\\\/www.infotetquebec.com\\\/es\\\/tet-en-regiones-aisladas-para-rosa-maria-la-tranquilidad-es-lo-primero\\\/\"]}]},{\"@type\":\"ImageObject\",\"inLanguage\":\"es\",\"@id\":\"https:\\\/\\\/www.infotetquebec.com\\\/es\\\/tet-en-regiones-aisladas-para-rosa-maria-la-tranquilidad-es-lo-primero\\\/#primaryimage\",\"url\":\"https:\\\/\\\/www.infotetquebec.com\\\/wp-content\\\/uploads\\\/2024\\\/07\\\/0T0A7389-scaled.jpg\",\"contentUrl\":\"https:\\\/\\\/www.infotetquebec.com\\\/wp-content\\\/uploads\\\/2024\\\/07\\\/0T0A7389-scaled.jpg\",\"width\":2560,\"height\":1707},{\"@type\":\"BreadcrumbList\",\"@id\":\"https:\\\/\\\/www.infotetquebec.com\\\/es\\\/tet-en-regiones-aisladas-para-rosa-maria-la-tranquilidad-es-lo-primero\\\/#breadcrumb\",\"itemListElement\":[{\"@type\":\"ListItem\",\"position\":1,\"name\":\"Accueil\",\"item\":\"https:\\\/\\\/www.infotetquebec.com\\\/es\\\/\"},{\"@type\":\"ListItem\",\"position\":2,\"name\":\"Para Rosa Mar\u00eda, la tranquilidad es lo primero\"}]},{\"@type\":\"WebSite\",\"@id\":\"https:\\\/\\\/www.infotetquebec.com\\\/es\\\/#website\",\"url\":\"https:\\\/\\\/www.infotetquebec.com\\\/es\\\/\",\"name\":\"Infotetquebec\",\"description\":\"Info et soutien aux TET\",\"publisher\":{\"@id\":\"https:\\\/\\\/www.infotetquebec.com\\\/es\\\/#organization\"},\"potentialAction\":[{\"@type\":\"SearchAction\",\"target\":{\"@type\":\"EntryPoint\",\"urlTemplate\":\"https:\\\/\\\/www.infotetquebec.com\\\/es\\\/?s={search_term_string}\"},\"query-input\":{\"@type\":\"PropertyValueSpecification\",\"valueRequired\":true,\"valueName\":\"search_term_string\"}}],\"inLanguage\":\"es\"},{\"@type\":\"Organization\",\"@id\":\"https:\\\/\\\/www.infotetquebec.com\\\/es\\\/#organization\",\"name\":\"InfoTETQuebec\",\"url\":\"https:\\\/\\\/www.infotetquebec.com\\\/es\\\/\",\"logo\":{\"@type\":\"ImageObject\",\"inLanguage\":\"es\",\"@id\":\"https:\\\/\\\/www.infotetquebec.com\\\/es\\\/#\\\/schema\\\/logo\\\/image\\\/\",\"url\":\"https:\\\/\\\/www.infotetquebec.com\\\/wp-content\\\/uploads\\\/2021\\\/02\\\/cropped-IMQC_TET_Favicon_Fav-Icon_Fav-Icon-1.png\",\"contentUrl\":\"https:\\\/\\\/www.infotetquebec.com\\\/wp-content\\\/uploads\\\/2021\\\/02\\\/cropped-IMQC_TET_Favicon_Fav-Icon_Fav-Icon-1.png\",\"width\":512,\"height\":512,\"caption\":\"InfoTETQuebec\"},\"image\":{\"@id\":\"https:\\\/\\\/www.infotetquebec.com\\\/es\\\/#\\\/schema\\\/logo\\\/image\\\/\"},\"sameAs\":[\"https:\\\/\\\/www.facebook.com\\\/profile.php?id=100089616676260\"]},{\"@type\":\"Person\",\"@id\":\"https:\\\/\\\/www.infotetquebec.com\\\/es\\\/#\\\/schema\\\/person\\\/2e6e3396cc4022408f480098052d9329\",\"name\":\"Francisco Salazar\",\"image\":{\"@type\":\"ImageObject\",\"inLanguage\":\"es\",\"@id\":\"https:\\\/\\\/secure.gravatar.com\\\/avatar\\\/817253c5e9df69797a44385a77c231c8e9f92864af0861b091a2081006623cc3?s=96&d=mm&r=g\",\"url\":\"https:\\\/\\\/secure.gravatar.com\\\/avatar\\\/817253c5e9df69797a44385a77c231c8e9f92864af0861b091a2081006623cc3?s=96&d=mm&r=g\",\"contentUrl\":\"https:\\\/\\\/secure.gravatar.com\\\/avatar\\\/817253c5e9df69797a44385a77c231c8e9f92864af0861b091a2081006623cc3?s=96&d=mm&r=g\",\"caption\":\"Francisco Salazar\"},\"description\":\"Superviseur \u00e0 la coordination\",\"url\":\"https:\\\/\\\/www.infotetquebec.com\\\/es\\\/author\\\/francisco-salazarimmigrantquebec-com\\\/\"}]}<\/script>\n<!-- \/ Yoast SEO plugin. -->","yoast_head_json":{"title":"Para Rosa Mar\u00eda, la tranquilidad es lo primero - Infotetquebec","description":"TET en una regi\u00f3n aislada: tranquilidad ante todo para Rosa Maria Gonzales, trabajadora extranjera establecida en Sept-\u00celes.","robots":{"index":"index","follow":"follow","max-snippet":"max-snippet:-1","max-image-preview":"max-image-preview:large","max-video-preview":"max-video-preview:-1"},"canonical":"https:\/\/www.infotetquebec.com\/es\/tet-en-regiones-aisladas-para-rosa-maria-la-tranquilidad-es-lo-primero\/","og_locale":"es_ES","og_type":"article","og_title":"Para Rosa Mar\u00eda, la tranquilidad es lo primero - Infotetquebec","og_description":"TET en una regi\u00f3n aislada: tranquilidad ante todo para Rosa Maria Gonzales, trabajadora extranjera establecida en Sept-\u00celes.","og_url":"https:\/\/www.infotetquebec.com\/es\/tet-en-regiones-aisladas-para-rosa-maria-la-tranquilidad-es-lo-primero\/","og_site_name":"Infotetquebec","article_publisher":"https:\/\/www.facebook.com\/profile.php?id=100089616676260","article_published_time":"2024-07-25T17:37:48+00:00","article_modified_time":"2024-07-26T16:03:00+00:00","og_image":[{"width":2560,"height":1707,"url":"https:\/\/www.infotetquebec.com\/wp-content\/uploads\/2024\/07\/0T0A7389-scaled.jpg","type":"image\/jpeg"}],"author":"Francisco Salazar","twitter_card":"summary_large_image","twitter_misc":{"Escrito por":"Francisco Salazar","Tiempo de lectura":"3 minutos"},"schema":{"@context":"https:\/\/schema.org","@graph":[{"@type":"Article","@id":"https:\/\/www.infotetquebec.com\/es\/tet-en-regiones-aisladas-para-rosa-maria-la-tranquilidad-es-lo-primero\/#article","isPartOf":{"@id":"https:\/\/www.infotetquebec.com\/es\/tet-en-regiones-aisladas-para-rosa-maria-la-tranquilidad-es-lo-primero\/"},"author":{"name":"Francisco Salazar","@id":"https:\/\/www.infotetquebec.com\/es\/#\/schema\/person\/2e6e3396cc4022408f480098052d9329"},"headline":"Para Rosa Mar\u00eda, la tranquilidad es lo primero","datePublished":"2024-07-25T17:37:48+00:00","dateModified":"2024-07-26T16:03:00+00:00","mainEntityOfPage":{"@id":"https:\/\/www.infotetquebec.com\/es\/tet-en-regiones-aisladas-para-rosa-maria-la-tranquilidad-es-lo-primero\/"},"wordCount":556,"publisher":{"@id":"https:\/\/www.infotetquebec.com\/es\/#organization"},"image":{"@id":"https:\/\/www.infotetquebec.com\/es\/tet-en-regiones-aisladas-para-rosa-maria-la-tranquilidad-es-lo-primero\/#primaryimage"},"thumbnailUrl":"https:\/\/www.infotetquebec.com\/wp-content\/uploads\/2024\/07\/0T0A7389-scaled.jpg","articleSection":["Art\u00edculos"],"inLanguage":"es"},{"@type":"WebPage","@id":"https:\/\/www.infotetquebec.com\/es\/tet-en-regiones-aisladas-para-rosa-maria-la-tranquilidad-es-lo-primero\/","url":"https:\/\/www.infotetquebec.com\/es\/tet-en-regiones-aisladas-para-rosa-maria-la-tranquilidad-es-lo-primero\/","name":"Para Rosa Mar\u00eda, la tranquilidad es lo primero - Infotetquebec","isPartOf":{"@id":"https:\/\/www.infotetquebec.com\/es\/#website"},"primaryImageOfPage":{"@id":"https:\/\/www.infotetquebec.com\/es\/tet-en-regiones-aisladas-para-rosa-maria-la-tranquilidad-es-lo-primero\/#primaryimage"},"image":{"@id":"https:\/\/www.infotetquebec.com\/es\/tet-en-regiones-aisladas-para-rosa-maria-la-tranquilidad-es-lo-primero\/#primaryimage"},"thumbnailUrl":"https:\/\/www.infotetquebec.com\/wp-content\/uploads\/2024\/07\/0T0A7389-scaled.jpg","datePublished":"2024-07-25T17:37:48+00:00","dateModified":"2024-07-26T16:03:00+00:00","description":"TET en una regi\u00f3n aislada: tranquilidad ante todo para Rosa Maria Gonzales, trabajadora extranjera establecida en Sept-\u00celes.","breadcrumb":{"@id":"https:\/\/www.infotetquebec.com\/es\/tet-en-regiones-aisladas-para-rosa-maria-la-tranquilidad-es-lo-primero\/#breadcrumb"},"inLanguage":"es","potentialAction":[{"@type":"ReadAction","target":["https:\/\/www.infotetquebec.com\/es\/tet-en-regiones-aisladas-para-rosa-maria-la-tranquilidad-es-lo-primero\/"]}]},{"@type":"ImageObject","inLanguage":"es","@id":"https:\/\/www.infotetquebec.com\/es\/tet-en-regiones-aisladas-para-rosa-maria-la-tranquilidad-es-lo-primero\/#primaryimage","url":"https:\/\/www.infotetquebec.com\/wp-content\/uploads\/2024\/07\/0T0A7389-scaled.jpg","contentUrl":"https:\/\/www.infotetquebec.com\/wp-content\/uploads\/2024\/07\/0T0A7389-scaled.jpg","width":2560,"height":1707},{"@type":"BreadcrumbList","@id":"https:\/\/www.infotetquebec.com\/es\/tet-en-regiones-aisladas-para-rosa-maria-la-tranquilidad-es-lo-primero\/#breadcrumb","itemListElement":[{"@type":"ListItem","position":1,"name":"Accueil","item":"https:\/\/www.infotetquebec.com\/es\/"},{"@type":"ListItem","position":2,"name":"Para Rosa Mar\u00eda, la tranquilidad es lo primero"}]},{"@type":"WebSite","@id":"https:\/\/www.infotetquebec.com\/es\/#website","url":"https:\/\/www.infotetquebec.com\/es\/","name":"Infotetquebec","description":"Info et soutien aux TET","publisher":{"@id":"https:\/\/www.infotetquebec.com\/es\/#organization"},"potentialAction":[{"@type":"SearchAction","target":{"@type":"EntryPoint","urlTemplate":"https:\/\/www.infotetquebec.com\/es\/?s={search_term_string}"},"query-input":{"@type":"PropertyValueSpecification","valueRequired":true,"valueName":"search_term_string"}}],"inLanguage":"es"},{"@type":"Organization","@id":"https:\/\/www.infotetquebec.com\/es\/#organization","name":"InfoTETQuebec","url":"https:\/\/www.infotetquebec.com\/es\/","logo":{"@type":"ImageObject","inLanguage":"es","@id":"https:\/\/www.infotetquebec.com\/es\/#\/schema\/logo\/image\/","url":"https:\/\/www.infotetquebec.com\/wp-content\/uploads\/2021\/02\/cropped-IMQC_TET_Favicon_Fav-Icon_Fav-Icon-1.png","contentUrl":"https:\/\/www.infotetquebec.com\/wp-content\/uploads\/2021\/02\/cropped-IMQC_TET_Favicon_Fav-Icon_Fav-Icon-1.png","width":512,"height":512,"caption":"InfoTETQuebec"},"image":{"@id":"https:\/\/www.infotetquebec.com\/es\/#\/schema\/logo\/image\/"},"sameAs":["https:\/\/www.facebook.com\/profile.php?id=100089616676260"]},{"@type":"Person","@id":"https:\/\/www.infotetquebec.com\/es\/#\/schema\/person\/2e6e3396cc4022408f480098052d9329","name":"Francisco Salazar","image":{"@type":"ImageObject","inLanguage":"es","@id":"https:\/\/secure.gravatar.com\/avatar\/817253c5e9df69797a44385a77c231c8e9f92864af0861b091a2081006623cc3?s=96&d=mm&r=g","url":"https:\/\/secure.gravatar.com\/avatar\/817253c5e9df69797a44385a77c231c8e9f92864af0861b091a2081006623cc3?s=96&d=mm&r=g","contentUrl":"https:\/\/secure.gravatar.com\/avatar\/817253c5e9df69797a44385a77c231c8e9f92864af0861b091a2081006623cc3?s=96&d=mm&r=g","caption":"Francisco Salazar"},"description":"Superviseur \u00e0 la coordination","url":"https:\/\/www.infotetquebec.com\/es\/author\/francisco-salazarimmigrantquebec-com\/"}]}},"rttpg_featured_image_url":{"full":["https:\/\/www.infotetquebec.com\/wp-content\/uploads\/2024\/07\/0T0A7389-scaled.jpg",2560,1707,false],"landscape":["https:\/\/www.infotetquebec.com\/wp-content\/uploads\/2024\/07\/0T0A7389-scaled.jpg",2560,1707,false],"portraits":["https:\/\/www.infotetquebec.com\/wp-content\/uploads\/2024\/07\/0T0A7389-scaled.jpg",2560,1707,false],"thumbnail":["https:\/\/www.infotetquebec.com\/wp-content\/uploads\/2024\/07\/0T0A7389-300x150.jpg",300,150,true],"medium":["https:\/\/www.infotetquebec.com\/wp-content\/uploads\/2024\/07\/0T0A7389-300x200.jpg",300,200,true],"large":["https:\/\/www.infotetquebec.com\/wp-content\/uploads\/2024\/07\/0T0A7389-1024x683.jpg",1024,683,true],"1536x1536":["https:\/\/www.infotetquebec.com\/wp-content\/uploads\/2024\/07\/0T0A7389-1536x1024.jpg",1536,1024,true],"2048x2048":["https:\/\/www.infotetquebec.com\/wp-content\/uploads\/2024\/07\/0T0A7389-2048x1365.jpg",2048,1365,true],"sidebar-featured":["https:\/\/www.infotetquebec.com\/wp-content\/uploads\/2024\/07\/0T0A7389-75x75.jpg",75,75,true],"genesis-singular-images":["https:\/\/www.infotetquebec.com\/wp-content\/uploads\/2024\/07\/0T0A7389-702x526.jpg",702,526,true]},"rttpg_author":{"display_name":"Francisco Salazar","author_link":"https:\/\/www.infotetquebec.com\/es\/author\/francisco-salazarimmigrantquebec-com\/"},"rttpg_comment":0,"rttpg_category":"<a href=\"https:\/\/www.infotetquebec.com\/es\/noticias\/\" rel=\"category tag\">Art\u00edculos<\/a>","rttpg_excerpt":"Informe especial: TET en regiones aisladas No es tarea f\u00e1cil viajar miles de kil\u00f3metros para trabajar en Quebec. Aunque las perspectivas profesionales y personales son tentadoras, esta importante transici\u00f3n conlleva... Leer m\u00e1s","_links":{"self":[{"href":"https:\/\/www.infotetquebec.com\/es\/wp-json\/wp\/v2\/posts\/15102","targetHints":{"allow":["GET"]}}],"collection":[{"href":"https:\/\/www.infotetquebec.com\/es\/wp-json\/wp\/v2\/posts"}],"about":[{"href":"https:\/\/www.infotetquebec.com\/es\/wp-json\/wp\/v2\/types\/post"}],"author":[{"embeddable":true,"href":"https:\/\/www.infotetquebec.com\/es\/wp-json\/wp\/v2\/users\/17"}],"replies":[{"embeddable":true,"href":"https:\/\/www.infotetquebec.com\/es\/wp-json\/wp\/v2\/comments?post=15102"}],"version-history":[{"count":11,"href":"https:\/\/www.infotetquebec.com\/es\/wp-json\/wp\/v2\/posts\/15102\/revisions"}],"predecessor-version":[{"id":15146,"href":"https:\/\/www.infotetquebec.com\/es\/wp-json\/wp\/v2\/posts\/15102\/revisions\/15146"}],"wp:featuredmedia":[{"embeddable":true,"href":"https:\/\/www.infotetquebec.com\/es\/wp-json\/wp\/v2\/media\/15090"}],"wp:attachment":[{"href":"https:\/\/www.infotetquebec.com\/es\/wp-json\/wp\/v2\/media?parent=15102"}],"wp:term":[{"taxonomy":"category","embeddable":true,"href":"https:\/\/www.infotetquebec.com\/es\/wp-json\/wp\/v2\/categories?post=15102"},{"taxonomy":"post_tag","embeddable":true,"href":"https:\/\/www.infotetquebec.com\/es\/wp-json\/wp\/v2\/tags?post=15102"}],"curies":[{"name":"wp","href":"https:\/\/api.w.org\/{rel}","templated":true}]}}