{"id":1499,"date":"2021-05-05T15:45:00","date_gmt":"2021-05-05T20:45:00","guid":{"rendered":"https:\/\/www.infotetquebec.com\/?p=1499"},"modified":"2021-05-07T09:27:52","modified_gmt":"2021-05-07T14:27:52","slug":"trabajadores-extranjeros-temporales-los-impacos-del-covid-19-en-su-situacion","status":"publish","type":"post","link":"https:\/\/www.infotetquebec.com\/es\/trabajadores-extranjeros-temporales-los-impacos-del-covid-19-en-su-situacion\/","title":{"rendered":"Trabajadores extranjeros temporales: los impacos del COVID-19 en su situaci\u00f3n"},"content":{"rendered":"\n<p class=\"has-black-color has-text-color\">Usted es un trabajador internacional: tanto si esta a punto de llegar al terrotorio como si ya est\u00e1 asentado en la region de Capitale-Nationale o Chaudi\u00e8re-Appalaches, Quebec international le ofrece una conferencia web especialmente dise\u00f1ada para informarle y orientarle, equiparse y responder a sus preguntas relacionadas. a las repercusiones de la crisis sanitaria del COVID-19.<\/p>\n\n\n\n<p class=\"has-black-color has-text-color\">Los abogados de inmigraci\u00f3n (BB Immigration) proporcionar\u00e1n una descripci\u00f3n general de las medidas implementadas por el gobierno.<\/p>\n\n\n\n<p class=\"has-black-color has-text-color\">Varias fechas en mayo y junio de 2021.<\/p>\n\n\n\n<p class=\"has-black-color has-text-color\">Un evento gratuito organizado por Quebec International.<\/p>\n\n\n\n<p class=\"has-black-color has-text-color\"><a href=\"https:\/\/www.eventbrite.ca\/e\/billets-travailleurs-etrangers-les-impacts-de-la-covid-19-sur-votre-situation-149937064797\" target=\"_blank\" rel=\"noreferrer noopener\">Registrar aqu\u00ed<\/a> (seminario web en franc\u00e9s)<\/p>\n","protected":false},"excerpt":{"rendered":"<p>Usted es un trabajador internacional: tanto si esta a punto de llegar al terrotorio como si ya est\u00e1 asentado&#8230;<\/p>\n","protected":false},"author":3,"featured_media":1490,"comment_status":"closed","ping_status":"open","sticky":false,"template":"","format":"standard","meta":{"_genesis_hide_title":false,"_genesis_hide_breadcrumbs":false,"_genesis_hide_singular_image":false,"_genesis_hide_footer_widgets":false,"_genesis_custom_body_class":"","_genesis_custom_post_class":"","_genesis_layout":"","footnotes":""},"categories":[56],"tags":[],"class_list":["post-1499","post","type-post","status-publish","format-standard","has-post-thumbnail","category-seminarios","entry"],"yoast_head":"<!-- This site is optimized with the Yoast SEO plugin v27.5 - https:\/\/yoast.com\/product\/yoast-seo-wordpress\/ -->\n<title>Trabajadores extranjeros temporales: los impacos del COVID-19 en su situaci\u00f3n - Infotetquebec<\/title>\n<meta name=\"robots\" content=\"index, follow, max-snippet:-1, max-image-preview:large, max-video-preview:-1\" \/>\n<link rel=\"canonical\" href=\"https:\/\/www.infotetquebec.com\/es\/trabajadores-extranjeros-temporales-los-impacos-del-covid-19-en-su-situacion\/\" \/>\n<meta property=\"og:locale\" content=\"es_ES\" \/>\n<meta property=\"og:type\" content=\"article\" \/>\n<meta property=\"og:title\" content=\"Trabajadores extranjeros temporales: los impacos del COVID-19 en su situaci\u00f3n - Infotetquebec\" \/>\n<meta property=\"og:description\" content=\"Usted es un trabajador internacional: tanto si esta a punto de llegar al terrotorio como si ya est\u00e1 asentado...\" \/>\n<meta property=\"og:url\" content=\"https:\/\/www.infotetquebec.com\/es\/trabajadores-extranjeros-temporales-los-impacos-del-covid-19-en-su-situacion\/\" \/>\n<meta property=\"og:site_name\" content=\"Infotetquebec\" \/>\n<meta property=\"article:publisher\" content=\"https:\/\/www.facebook.com\/profile.php?id=100089616676260\" \/>\n<meta property=\"article:published_time\" content=\"2021-05-05T20:45:00+00:00\" \/>\n<meta property=\"article:modified_time\" content=\"2021-05-07T14:27:52+00:00\" \/>\n<meta property=\"og:image\" content=\"https:\/\/infotetquebec.com\/wp-content\/uploads\/2021\/05\/Travailleurs-e\u0301trangers-les-impacts-de-la-COVID-19-sur-votre-situation-2.jpg\" \/>\n\t<meta property=\"og:image:width\" content=\"2160\" \/>\n\t<meta property=\"og:image:height\" content=\"1080\" \/>\n\t<meta property=\"og:image:type\" content=\"image\/jpeg\" \/>\n<meta name=\"author\" content=\"Agn\u00e8s Merlin\" \/>\n<meta name=\"twitter:card\" content=\"summary_large_image\" \/>\n<meta name=\"twitter:label1\" content=\"Escrito por\" \/>\n\t<meta name=\"twitter:data1\" content=\"Agn\u00e8s Merlin\" \/>\n\t<meta name=\"twitter:label2\" content=\"Tiempo de lectura\" \/>\n\t<meta name=\"twitter:data2\" content=\"1 minuto\" \/>\n<script type=\"application\/ld+json\" class=\"yoast-schema-graph\">{\"@context\":\"https:\\\/\\\/schema.org\",\"@graph\":[{\"@type\":\"Article\",\"@id\":\"https:\\\/\\\/www.infotetquebec.com\\\/es\\\/trabajadores-extranjeros-temporales-los-impacos-del-covid-19-en-su-situacion\\\/#article\",\"isPartOf\":{\"@id\":\"https:\\\/\\\/www.infotetquebec.com\\\/es\\\/trabajadores-extranjeros-temporales-los-impacos-del-covid-19-en-su-situacion\\\/\"},\"author\":{\"name\":\"Agn\u00e8s Merlin\",\"@id\":\"https:\\\/\\\/www.infotetquebec.com\\\/es\\\/#\\\/schema\\\/person\\\/59ab46dfada94bee373fc31a611584e1\"},\"headline\":\"Trabajadores extranjeros temporales: los impacos del COVID-19 en su situaci\u00f3n\",\"datePublished\":\"2021-05-05T20:45:00+00:00\",\"dateModified\":\"2021-05-07T14:27:52+00:00\",\"mainEntityOfPage\":{\"@id\":\"https:\\\/\\\/www.infotetquebec.com\\\/es\\\/trabajadores-extranjeros-temporales-los-impacos-del-covid-19-en-su-situacion\\\/\"},\"wordCount\":109,\"publisher\":{\"@id\":\"https:\\\/\\\/www.infotetquebec.com\\\/es\\\/#organization\"},\"image\":{\"@id\":\"https:\\\/\\\/www.infotetquebec.com\\\/es\\\/trabajadores-extranjeros-temporales-los-impacos-del-covid-19-en-su-situacion\\\/#primaryimage\"},\"thumbnailUrl\":\"https:\\\/\\\/www.infotetquebec.com\\\/wp-content\\\/uploads\\\/2021\\\/05\\\/Travailleurs-e\u0301trangers-les-impacts-de-la-COVID-19-sur-votre-situation-2.jpg\",\"articleSection\":[\"Seminarios\"],\"inLanguage\":\"es\"},{\"@type\":\"WebPage\",\"@id\":\"https:\\\/\\\/www.infotetquebec.com\\\/es\\\/trabajadores-extranjeros-temporales-los-impacos-del-covid-19-en-su-situacion\\\/\",\"url\":\"https:\\\/\\\/www.infotetquebec.com\\\/es\\\/trabajadores-extranjeros-temporales-los-impacos-del-covid-19-en-su-situacion\\\/\",\"name\":\"Trabajadores extranjeros temporales: los impacos del COVID-19 en su situaci\u00f3n - Infotetquebec\",\"isPartOf\":{\"@id\":\"https:\\\/\\\/www.infotetquebec.com\\\/es\\\/#website\"},\"primaryImageOfPage\":{\"@id\":\"https:\\\/\\\/www.infotetquebec.com\\\/es\\\/trabajadores-extranjeros-temporales-los-impacos-del-covid-19-en-su-situacion\\\/#primaryimage\"},\"image\":{\"@id\":\"https:\\\/\\\/www.infotetquebec.com\\\/es\\\/trabajadores-extranjeros-temporales-los-impacos-del-covid-19-en-su-situacion\\\/#primaryimage\"},\"thumbnailUrl\":\"https:\\\/\\\/www.infotetquebec.com\\\/wp-content\\\/uploads\\\/2021\\\/05\\\/Travailleurs-e\u0301trangers-les-impacts-de-la-COVID-19-sur-votre-situation-2.jpg\",\"datePublished\":\"2021-05-05T20:45:00+00:00\",\"dateModified\":\"2021-05-07T14:27:52+00:00\",\"breadcrumb\":{\"@id\":\"https:\\\/\\\/www.infotetquebec.com\\\/es\\\/trabajadores-extranjeros-temporales-los-impacos-del-covid-19-en-su-situacion\\\/#breadcrumb\"},\"inLanguage\":\"es\",\"potentialAction\":[{\"@type\":\"ReadAction\",\"target\":[\"https:\\\/\\\/www.infotetquebec.com\\\/es\\\/trabajadores-extranjeros-temporales-los-impacos-del-covid-19-en-su-situacion\\\/\"]}]},{\"@type\":\"ImageObject\",\"inLanguage\":\"es\",\"@id\":\"https:\\\/\\\/www.infotetquebec.com\\\/es\\\/trabajadores-extranjeros-temporales-los-impacos-del-covid-19-en-su-situacion\\\/#primaryimage\",\"url\":\"https:\\\/\\\/www.infotetquebec.com\\\/wp-content\\\/uploads\\\/2021\\\/05\\\/Travailleurs-e\u0301trangers-les-impacts-de-la-COVID-19-sur-votre-situation-2.jpg\",\"contentUrl\":\"https:\\\/\\\/www.infotetquebec.com\\\/wp-content\\\/uploads\\\/2021\\\/05\\\/Travailleurs-e\u0301trangers-les-impacts-de-la-COVID-19-sur-votre-situation-2.jpg\",\"width\":2160,\"height\":1080},{\"@type\":\"BreadcrumbList\",\"@id\":\"https:\\\/\\\/www.infotetquebec.com\\\/es\\\/trabajadores-extranjeros-temporales-los-impacos-del-covid-19-en-su-situacion\\\/#breadcrumb\",\"itemListElement\":[{\"@type\":\"ListItem\",\"position\":1,\"name\":\"Accueil\",\"item\":\"https:\\\/\\\/www.infotetquebec.com\\\/es\\\/\"},{\"@type\":\"ListItem\",\"position\":2,\"name\":\"Trabajadores extranjeros temporales: los impacos del COVID-19 en su situaci\u00f3n\"}]},{\"@type\":\"WebSite\",\"@id\":\"https:\\\/\\\/www.infotetquebec.com\\\/es\\\/#website\",\"url\":\"https:\\\/\\\/www.infotetquebec.com\\\/es\\\/\",\"name\":\"Infotetquebec\",\"description\":\"Info et soutien aux TET\",\"publisher\":{\"@id\":\"https:\\\/\\\/www.infotetquebec.com\\\/es\\\/#organization\"},\"potentialAction\":[{\"@type\":\"SearchAction\",\"target\":{\"@type\":\"EntryPoint\",\"urlTemplate\":\"https:\\\/\\\/www.infotetquebec.com\\\/es\\\/?s={search_term_string}\"},\"query-input\":{\"@type\":\"PropertyValueSpecification\",\"valueRequired\":true,\"valueName\":\"search_term_string\"}}],\"inLanguage\":\"es\"},{\"@type\":\"Organization\",\"@id\":\"https:\\\/\\\/www.infotetquebec.com\\\/es\\\/#organization\",\"name\":\"InfoTETQuebec\",\"url\":\"https:\\\/\\\/www.infotetquebec.com\\\/es\\\/\",\"logo\":{\"@type\":\"ImageObject\",\"inLanguage\":\"es\",\"@id\":\"https:\\\/\\\/www.infotetquebec.com\\\/es\\\/#\\\/schema\\\/logo\\\/image\\\/\",\"url\":\"https:\\\/\\\/www.infotetquebec.com\\\/wp-content\\\/uploads\\\/2021\\\/02\\\/cropped-IMQC_TET_Favicon_Fav-Icon_Fav-Icon-1.png\",\"contentUrl\":\"https:\\\/\\\/www.infotetquebec.com\\\/wp-content\\\/uploads\\\/2021\\\/02\\\/cropped-IMQC_TET_Favicon_Fav-Icon_Fav-Icon-1.png\",\"width\":512,\"height\":512,\"caption\":\"InfoTETQuebec\"},\"image\":{\"@id\":\"https:\\\/\\\/www.infotetquebec.com\\\/es\\\/#\\\/schema\\\/logo\\\/image\\\/\"},\"sameAs\":[\"https:\\\/\\\/www.facebook.com\\\/profile.php?id=100089616676260\"]},{\"@type\":\"Person\",\"@id\":\"https:\\\/\\\/www.infotetquebec.com\\\/es\\\/#\\\/schema\\\/person\\\/59ab46dfada94bee373fc31a611584e1\",\"name\":\"Agn\u00e8s Merlin\",\"image\":{\"@type\":\"ImageObject\",\"inLanguage\":\"es\",\"@id\":\"https:\\\/\\\/secure.gravatar.com\\\/avatar\\\/65615f80167257e6939023bc23b44f4e19de6139cde5e8e0002b59f9120a2fa0?s=96&d=mm&r=g\",\"url\":\"https:\\\/\\\/secure.gravatar.com\\\/avatar\\\/65615f80167257e6939023bc23b44f4e19de6139cde5e8e0002b59f9120a2fa0?s=96&d=mm&r=g\",\"contentUrl\":\"https:\\\/\\\/secure.gravatar.com\\\/avatar\\\/65615f80167257e6939023bc23b44f4e19de6139cde5e8e0002b59f9120a2fa0?s=96&d=mm&r=g\",\"caption\":\"Agn\u00e8s Merlin\"},\"sameAs\":[\"https:\\\/\\\/www.infotetquebec.com\\\/wp-login.php\"],\"url\":\"https:\\\/\\\/www.infotetquebec.com\\\/es\\\/author\\\/agnes-merlinimmigrantquebec-com\\\/\"}]}<\/script>\n<!-- \/ Yoast SEO plugin. -->","yoast_head_json":{"title":"Trabajadores extranjeros temporales: los impacos del COVID-19 en su situaci\u00f3n - Infotetquebec","robots":{"index":"index","follow":"follow","max-snippet":"max-snippet:-1","max-image-preview":"max-image-preview:large","max-video-preview":"max-video-preview:-1"},"canonical":"https:\/\/www.infotetquebec.com\/es\/trabajadores-extranjeros-temporales-los-impacos-del-covid-19-en-su-situacion\/","og_locale":"es_ES","og_type":"article","og_title":"Trabajadores extranjeros temporales: los impacos del COVID-19 en su situaci\u00f3n - Infotetquebec","og_description":"Usted es un trabajador internacional: tanto si esta a punto de llegar al terrotorio como si ya est\u00e1 asentado...","og_url":"https:\/\/www.infotetquebec.com\/es\/trabajadores-extranjeros-temporales-los-impacos-del-covid-19-en-su-situacion\/","og_site_name":"Infotetquebec","article_publisher":"https:\/\/www.facebook.com\/profile.php?id=100089616676260","article_published_time":"2021-05-05T20:45:00+00:00","article_modified_time":"2021-05-07T14:27:52+00:00","og_image":[{"width":2160,"height":1080,"url":"https:\/\/infotetquebec.com\/wp-content\/uploads\/2021\/05\/Travailleurs-e\u0301trangers-les-impacts-de-la-COVID-19-sur-votre-situation-2.jpg","type":"image\/jpeg"}],"author":"Agn\u00e8s Merlin","twitter_card":"summary_large_image","twitter_misc":{"Escrito por":"Agn\u00e8s Merlin","Tiempo de lectura":"1 minuto"},"schema":{"@context":"https:\/\/schema.org","@graph":[{"@type":"Article","@id":"https:\/\/www.infotetquebec.com\/es\/trabajadores-extranjeros-temporales-los-impacos-del-covid-19-en-su-situacion\/#article","isPartOf":{"@id":"https:\/\/www.infotetquebec.com\/es\/trabajadores-extranjeros-temporales-los-impacos-del-covid-19-en-su-situacion\/"},"author":{"name":"Agn\u00e8s Merlin","@id":"https:\/\/www.infotetquebec.com\/es\/#\/schema\/person\/59ab46dfada94bee373fc31a611584e1"},"headline":"Trabajadores extranjeros temporales: los impacos del COVID-19 en su situaci\u00f3n","datePublished":"2021-05-05T20:45:00+00:00","dateModified":"2021-05-07T14:27:52+00:00","mainEntityOfPage":{"@id":"https:\/\/www.infotetquebec.com\/es\/trabajadores-extranjeros-temporales-los-impacos-del-covid-19-en-su-situacion\/"},"wordCount":109,"publisher":{"@id":"https:\/\/www.infotetquebec.com\/es\/#organization"},"image":{"@id":"https:\/\/www.infotetquebec.com\/es\/trabajadores-extranjeros-temporales-los-impacos-del-covid-19-en-su-situacion\/#primaryimage"},"thumbnailUrl":"https:\/\/www.infotetquebec.com\/wp-content\/uploads\/2021\/05\/Travailleurs-e\u0301trangers-les-impacts-de-la-COVID-19-sur-votre-situation-2.jpg","articleSection":["Seminarios"],"inLanguage":"es"},{"@type":"WebPage","@id":"https:\/\/www.infotetquebec.com\/es\/trabajadores-extranjeros-temporales-los-impacos-del-covid-19-en-su-situacion\/","url":"https:\/\/www.infotetquebec.com\/es\/trabajadores-extranjeros-temporales-los-impacos-del-covid-19-en-su-situacion\/","name":"Trabajadores extranjeros temporales: los impacos del COVID-19 en su situaci\u00f3n - Infotetquebec","isPartOf":{"@id":"https:\/\/www.infotetquebec.com\/es\/#website"},"primaryImageOfPage":{"@id":"https:\/\/www.infotetquebec.com\/es\/trabajadores-extranjeros-temporales-los-impacos-del-covid-19-en-su-situacion\/#primaryimage"},"image":{"@id":"https:\/\/www.infotetquebec.com\/es\/trabajadores-extranjeros-temporales-los-impacos-del-covid-19-en-su-situacion\/#primaryimage"},"thumbnailUrl":"https:\/\/www.infotetquebec.com\/wp-content\/uploads\/2021\/05\/Travailleurs-e\u0301trangers-les-impacts-de-la-COVID-19-sur-votre-situation-2.jpg","datePublished":"2021-05-05T20:45:00+00:00","dateModified":"2021-05-07T14:27:52+00:00","breadcrumb":{"@id":"https:\/\/www.infotetquebec.com\/es\/trabajadores-extranjeros-temporales-los-impacos-del-covid-19-en-su-situacion\/#breadcrumb"},"inLanguage":"es","potentialAction":[{"@type":"ReadAction","target":["https:\/\/www.infotetquebec.com\/es\/trabajadores-extranjeros-temporales-los-impacos-del-covid-19-en-su-situacion\/"]}]},{"@type":"ImageObject","inLanguage":"es","@id":"https:\/\/www.infotetquebec.com\/es\/trabajadores-extranjeros-temporales-los-impacos-del-covid-19-en-su-situacion\/#primaryimage","url":"https:\/\/www.infotetquebec.com\/wp-content\/uploads\/2021\/05\/Travailleurs-e\u0301trangers-les-impacts-de-la-COVID-19-sur-votre-situation-2.jpg","contentUrl":"https:\/\/www.infotetquebec.com\/wp-content\/uploads\/2021\/05\/Travailleurs-e\u0301trangers-les-impacts-de-la-COVID-19-sur-votre-situation-2.jpg","width":2160,"height":1080},{"@type":"BreadcrumbList","@id":"https:\/\/www.infotetquebec.com\/es\/trabajadores-extranjeros-temporales-los-impacos-del-covid-19-en-su-situacion\/#breadcrumb","itemListElement":[{"@type":"ListItem","position":1,"name":"Accueil","item":"https:\/\/www.infotetquebec.com\/es\/"},{"@type":"ListItem","position":2,"name":"Trabajadores extranjeros temporales: los impacos del COVID-19 en su situaci\u00f3n"}]},{"@type":"WebSite","@id":"https:\/\/www.infotetquebec.com\/es\/#website","url":"https:\/\/www.infotetquebec.com\/es\/","name":"Infotetquebec","description":"Info et soutien aux TET","publisher":{"@id":"https:\/\/www.infotetquebec.com\/es\/#organization"},"potentialAction":[{"@type":"SearchAction","target":{"@type":"EntryPoint","urlTemplate":"https:\/\/www.infotetquebec.com\/es\/?s={search_term_string}"},"query-input":{"@type":"PropertyValueSpecification","valueRequired":true,"valueName":"search_term_string"}}],"inLanguage":"es"},{"@type":"Organization","@id":"https:\/\/www.infotetquebec.com\/es\/#organization","name":"InfoTETQuebec","url":"https:\/\/www.infotetquebec.com\/es\/","logo":{"@type":"ImageObject","inLanguage":"es","@id":"https:\/\/www.infotetquebec.com\/es\/#\/schema\/logo\/image\/","url":"https:\/\/www.infotetquebec.com\/wp-content\/uploads\/2021\/02\/cropped-IMQC_TET_Favicon_Fav-Icon_Fav-Icon-1.png","contentUrl":"https:\/\/www.infotetquebec.com\/wp-content\/uploads\/2021\/02\/cropped-IMQC_TET_Favicon_Fav-Icon_Fav-Icon-1.png","width":512,"height":512,"caption":"InfoTETQuebec"},"image":{"@id":"https:\/\/www.infotetquebec.com\/es\/#\/schema\/logo\/image\/"},"sameAs":["https:\/\/www.facebook.com\/profile.php?id=100089616676260"]},{"@type":"Person","@id":"https:\/\/www.infotetquebec.com\/es\/#\/schema\/person\/59ab46dfada94bee373fc31a611584e1","name":"Agn\u00e8s Merlin","image":{"@type":"ImageObject","inLanguage":"es","@id":"https:\/\/secure.gravatar.com\/avatar\/65615f80167257e6939023bc23b44f4e19de6139cde5e8e0002b59f9120a2fa0?s=96&d=mm&r=g","url":"https:\/\/secure.gravatar.com\/avatar\/65615f80167257e6939023bc23b44f4e19de6139cde5e8e0002b59f9120a2fa0?s=96&d=mm&r=g","contentUrl":"https:\/\/secure.gravatar.com\/avatar\/65615f80167257e6939023bc23b44f4e19de6139cde5e8e0002b59f9120a2fa0?s=96&d=mm&r=g","caption":"Agn\u00e8s Merlin"},"sameAs":["https:\/\/www.infotetquebec.com\/wp-login.php"],"url":"https:\/\/www.infotetquebec.com\/es\/author\/agnes-merlinimmigrantquebec-com\/"}]}},"rttpg_featured_image_url":{"full":["https:\/\/www.infotetquebec.com\/wp-content\/uploads\/2021\/05\/Travailleurs-e\u0301trangers-les-impacts-de-la-COVID-19-sur-votre-situation-2.jpg",2160,1080,false],"landscape":["https:\/\/www.infotetquebec.com\/wp-content\/uploads\/2021\/05\/Travailleurs-e\u0301trangers-les-impacts-de-la-COVID-19-sur-votre-situation-2.jpg",2160,1080,false],"portraits":["https:\/\/www.infotetquebec.com\/wp-content\/uploads\/2021\/05\/Travailleurs-e\u0301trangers-les-impacts-de-la-COVID-19-sur-votre-situation-2.jpg",2160,1080,false],"thumbnail":["https:\/\/www.infotetquebec.com\/wp-content\/uploads\/2021\/05\/Travailleurs-e\u0301trangers-les-impacts-de-la-COVID-19-sur-votre-situation-2-300x150.jpg",300,150,true],"medium":["https:\/\/www.infotetquebec.com\/wp-content\/uploads\/2021\/05\/Travailleurs-e\u0301trangers-les-impacts-de-la-COVID-19-sur-votre-situation-2-300x150.jpg",300,150,true],"large":["https:\/\/www.infotetquebec.com\/wp-content\/uploads\/2021\/05\/Travailleurs-e\u0301trangers-les-impacts-de-la-COVID-19-sur-votre-situation-2-1024x512.jpg",1024,512,true],"1536x1536":["https:\/\/www.infotetquebec.com\/wp-content\/uploads\/2021\/05\/Travailleurs-e\u0301trangers-les-impacts-de-la-COVID-19-sur-votre-situation-2-1536x768.jpg",1536,768,true],"2048x2048":["https:\/\/www.infotetquebec.com\/wp-content\/uploads\/2021\/05\/Travailleurs-e\u0301trangers-les-impacts-de-la-COVID-19-sur-votre-situation-2-2048x1024.jpg",2048,1024,true],"sidebar-featured":["https:\/\/www.infotetquebec.com\/wp-content\/uploads\/2021\/05\/Travailleurs-e\u0301trangers-les-impacts-de-la-COVID-19-sur-votre-situation-2-75x75.jpg",75,75,true],"genesis-singular-images":["https:\/\/www.infotetquebec.com\/wp-content\/uploads\/2021\/05\/Travailleurs-e\u0301trangers-les-impacts-de-la-COVID-19-sur-votre-situation-2-702x526.jpg",702,526,true]},"rttpg_author":{"display_name":"Agn\u00e8s Merlin","author_link":"https:\/\/www.infotetquebec.com\/es\/author\/agnes-merlinimmigrantquebec-com\/"},"rttpg_comment":0,"rttpg_category":"<a href=\"https:\/\/www.infotetquebec.com\/es\/seminarios\/\" rel=\"category tag\">Seminarios<\/a>","rttpg_excerpt":"Usted es un trabajador internacional: tanto si esta a punto de llegar al terrotorio como si ya est\u00e1 asentado...","_links":{"self":[{"href":"https:\/\/www.infotetquebec.com\/es\/wp-json\/wp\/v2\/posts\/1499","targetHints":{"allow":["GET"]}}],"collection":[{"href":"https:\/\/www.infotetquebec.com\/es\/wp-json\/wp\/v2\/posts"}],"about":[{"href":"https:\/\/www.infotetquebec.com\/es\/wp-json\/wp\/v2\/types\/post"}],"author":[{"embeddable":true,"href":"https:\/\/www.infotetquebec.com\/es\/wp-json\/wp\/v2\/users\/3"}],"replies":[{"embeddable":true,"href":"https:\/\/www.infotetquebec.com\/es\/wp-json\/wp\/v2\/comments?post=1499"}],"version-history":[{"count":0,"href":"https:\/\/www.infotetquebec.com\/es\/wp-json\/wp\/v2\/posts\/1499\/revisions"}],"wp:featuredmedia":[{"embeddable":true,"href":"https:\/\/www.infotetquebec.com\/es\/wp-json\/wp\/v2\/media\/1490"}],"wp:attachment":[{"href":"https:\/\/www.infotetquebec.com\/es\/wp-json\/wp\/v2\/media?parent=1499"}],"wp:term":[{"taxonomy":"category","embeddable":true,"href":"https:\/\/www.infotetquebec.com\/es\/wp-json\/wp\/v2\/categories?post=1499"},{"taxonomy":"post_tag","embeddable":true,"href":"https:\/\/www.infotetquebec.com\/es\/wp-json\/wp\/v2\/tags?post=1499"}],"curies":[{"name":"wp","href":"https:\/\/api.w.org\/{rel}","templated":true}]}}