{"id":1350,"date":"2021-03-26T13:57:16","date_gmt":"2021-03-26T18:57:16","guid":{"rendered":"https:\/\/www.infotetquebec.com\/?p=1350"},"modified":"2021-05-12T08:18:50","modified_gmt":"2021-05-12T13:18:50","slug":"hormigon-para-apoyar-a-los-trabajadores-extranjeros-temporales","status":"publish","type":"post","link":"https:\/\/www.infotetquebec.com\/es\/hormigon-para-apoyar-a-los-trabajadores-extranjeros-temporales\/","title":{"rendered":"Hormig\u00f3n para apoyar a los trabajadores extranjeros temporales"},"content":{"rendered":"\n<p class=\"has-black-color has-text-color\">&nbsp;La Union des producteurs agricoles (UPA) y el Centro de Trabajadores Inmigrantes (CTI) son las dos primeras organizaciones en beneficiarse de la nueva medida de apoyo a los trabajadores extranjeros temporales afectados por COVID-19, lanzada el pasado mes de febrero. Estos son sus planes.<\/p>\n\n\n\n<div style=\"height:31px\" aria-hidden=\"true\" class=\"wp-block-spacer\"><\/div>\n\n\n\n<h3 class=\"has-black-color has-text-color wp-block-heading\"><strong>Gu\u00ede a los trabajadores a trav\u00e9s del laberinto de medidas<\/strong><\/h3>\n\n\n\n<p class=\"has-black-color has-text-color\">Los trabajadores extranjeros temporales est\u00e1n cubiertos por diversas medidas relacionadas con COVID-19. Pero entre los programas del gobierno federal, las medidas provinciales y los seguros privados, puede ser dif\u00edcil encontrar el camino, especialmente para alguien que no est\u00e1 familiarizado con el sistema de Quebec.<\/p>\n\n\n\n<p class=\"has-black-color has-text-color\">Es por ello que la Union des producteurs agricoles (UPA) ha decidido establecer un &#8220;\u00e1rbol de decisiones&#8221; que permitir\u00e1 a los trabajadores agr\u00edcolas extranjeros &#8211; y a sus empleadores &#8211; orientarse m\u00e1s f\u00e1cilmente en sus procedimientos, y comprender mejor las diferentes medidas que se aplican en relaci\u00f3n con COVID-19. \u201cEl objetivo del proyecto es ante todo tranquilizar a los trabajadores para que sepan que existen mecanismos de protecci\u00f3n si hay que ponerlos a prueba\u201d, explica Denis Roy, tesorero y director del Departamento de Finanzas y Administraci\u00f3n Laboral Agr\u00edcola. Una forma de evitar que algunos vayan al campo aunque tengan s\u00edntomas, por miedo a perder su salario.<\/p>\n\n\n\n<p class=\"has-black-color has-text-color\">Por lo tanto, el equipo comenzar\u00e1 por enumerar todas las medidas de apoyo salarial que existen, as\u00ed como los requisitos y condiciones para acceder a ellas, dice. \u201cPor ejemplo, en algunos casos, tienes que haber trabajado en Canad\u00e1 el a\u00f1o pasado para recibir un beneficio, mientras que en otros casos, se hacen acuerdos con aseguradoras privadas. &#8220;Este mapeo tambi\u00e9n permitir\u00e1 verificar que no haya situaciones en las que los trabajadores se encuentren sin protecci\u00f3n&#8221;, dice Denis Roy. \u201cSi es as\u00ed, haremos gestiones ante los organismos gubernamentales para garantizar que los trabajadores no se queden solos. &#8220;<\/p>\n\n\n\n<p class=\"has-black-color has-text-color\">Esta herramienta deber\u00eda estar disponible a partir de mediados de abril, se traducir\u00e1 al espa\u00f1ol con el fin de llegar m\u00e1s f\u00e1cilmente a los 16.000 trabajadores extranjeros temporales que se suman a unas 2.000 empresas agr\u00edcolas de la provincia. De este n\u00famero alrededor del 90% al 95% son hispanohablantes dice Denis Roy. Adem\u00e1s de estar disponible en el sitio web de la UPA, este \u201c\u00e1rbol de decisiones\u201d&nbsp; tambi\u00e9n se integrar\u00e1 en la plataforma de connexion AGRI y de AGRIcarrieres.&nbsp;&nbsp;<\/p>\n\n\n\n<div style=\"height:30px\" aria-hidden=\"true\" class=\"wp-block-spacer\"><\/div>\n\n\n\n<h3 class=\"wp-block-heading\"><strong><strong>&nbsp;<\/strong>Conozca y haga valer sus derechos<\/strong><\/h3>\n\n\n\n<p class=\"has-black-color has-text-color\">\u00bfQu\u00e9 pasa si un trabajador contrae el COVID-19 y su empleador ya no quiere que viva en su casa? \u00bfCu\u00e1les son los recursos para los trabajadores de una granja que deben aislarse? La pandemia ha acentuado varios problemas que padecen los trabajadores extranjeros temporales, se\u00f1ala Manuel Salamanca Cardona, miembro de la junta directiva del Centro de Trabajadores Inmigrantes (CTI). \u201cLas solicitudes son m\u00e1s numerosas, m\u00e1s urgentes y en ocasiones m\u00e1s complejas. &#8220;<\/p>\n\n\n\n<p class=\"has-black-color has-text-color\">Para satisfacer estas necesidades crecientes, la organizaci\u00f3n ha puesto en marcha nuevos servicios, complementarios a su misi\u00f3n, adem\u00e1s de aumentar los que ya estaban en funcionamiento. Ya, el apoyo financiero de Immigrant Quebec permitir\u00e1 al CTI contratar un nuevo recurso para unirse al equipo responsable de apoyar a los trabajadores. Servicios que van desde el apoyo a las personas para que comprendan su recurso o los pasos a seguir, hasta un seguimiento m\u00e1s personalizado.<\/p>\n\n\n\n<p class=\"has-black-color has-text-color\">La CTI tambi\u00e9n tiene la intenci\u00f3n de aumentar el n\u00famero de reuniones en las comunidades, con el fin de construir puentes, en particular con los trabajadores agr\u00edcolas en las diversas regiones de Quebec. \u201cVamos a algunos lugares que frecuentan en sus d\u00edas libres, como al supermercado\u201d, dice Manuel Salamanca Cardona. Esto nos permite establecer un primer contacto. Entonces saben que pueden acudir a nosotros cuando sea necesario. &#8220;<\/p>\n\n\n\n<p class=\"has-black-color has-text-color\">Asimismo, la organizaci\u00f3n est\u00e1 elaborando una serie de gu\u00edas informativas para ayudar a los trabajadores a conocer m\u00e1s sobre sus derechos, como folletos y videos. Adem\u00e1s, hay varios grupos de discusi\u00f3n virtuales establecidos durante la pandemia. &#8220;Esto no solo les da informaci\u00f3n, sino que tambi\u00e9n les da la oportunidad de compartir sus realidades&#8221;, apunta Manuel Salamanca Cardona. Un pulso en el terreno que tambi\u00e9n alimenta a la organizaci\u00f3n en sus representaciones ante las autoridades gubernamentales para mejorar la situaci\u00f3n de los trabajadores inmigrantes.<\/p>\n\n\n\n<p class=\"has-black-color has-text-color\">Recuerde que la nueva medida de apoyo a los trabajadores extranjeros temporales afectados por COVID-19 fue lanzada el pasado mes de febrero y permite a las organizaciones sin \u00e1nimo de lucro (OSFL) obtener apoyo econ\u00f3mico para poner en marcha proyectos de apoyo, informaci\u00f3n y apoyo a estos empleados. Hasta el momento, 17 iniciativas han recibido la aprobaci\u00f3n de Immigrant Qu\u00e9bec, responsable de la convocatoria de proyectos. Otros tambi\u00e9n podr\u00edan aceptarse, ya que todav\u00eda quedan fondos en el sobre de 1 mill\u00f3n de d\u00f3lares canadienses otorgado por Empleo y Desarrollo Social de Canad\u00e1 (ESDC). Las organizaciones que deseen hacerlo a\u00fan pueden postularse. Sin embargo, los proyectos deben completarse antes del 30 de junio de 2021.<\/p>\n\n\n\n<p class=\"has-black-color has-text-color\">M\u00e1s informaci\u00f3n: <a href=\"https:\/\/www.infotetquebec.com\/mandat-edsc\/\" target=\"_blank\" rel=\"noreferrer noopener\">https:\/\/www.infotetquebec.com\/mandat-edsc\/<\/a><\/p>\n","protected":false},"excerpt":{"rendered":"<p>&nbsp;La Union des producteurs agricoles (UPA) y el Centro de Trabajadores Inmigrantes (CTI) son las dos primeras organizaciones en beneficiarse de la nueva medida de apoyo a los trabajadores extranjeros&#8230; <a class=\"more-link\" href=\"https:\/\/www.infotetquebec.com\/es\/hormigon-para-apoyar-a-los-trabajadores-extranjeros-temporales\/\">Leer m\u00e1s<\/a><\/p>\n","protected":false},"author":3,"featured_media":1346,"comment_status":"closed","ping_status":"open","sticky":false,"template":"","format":"standard","meta":{"_genesis_hide_title":false,"_genesis_hide_breadcrumbs":false,"_genesis_hide_singular_image":false,"_genesis_hide_footer_widgets":false,"_genesis_custom_body_class":"","_genesis_custom_post_class":"","_genesis_layout":"","footnotes":""},"categories":[54],"tags":[126],"class_list":["post-1350","post","type-post","status-publish","format-standard","has-post-thumbnail","category-noticias","tag-upa-es","entry"],"yoast_head":"<!-- This site is optimized with the Yoast SEO plugin v27.5 - https:\/\/yoast.com\/product\/yoast-seo-wordpress\/ -->\n<title>Hormig\u00f3n para apoyar a los trabajadores extranjeros temporales - Infotetquebec<\/title>\n<meta name=\"robots\" content=\"index, follow, max-snippet:-1, max-image-preview:large, max-video-preview:-1\" \/>\n<link rel=\"canonical\" href=\"https:\/\/www.infotetquebec.com\/es\/hormigon-para-apoyar-a-los-trabajadores-extranjeros-temporales\/\" \/>\n<meta property=\"og:locale\" content=\"es_ES\" \/>\n<meta property=\"og:type\" content=\"article\" \/>\n<meta property=\"og:title\" content=\"Hormig\u00f3n para apoyar a los trabajadores extranjeros temporales - Infotetquebec\" \/>\n<meta property=\"og:description\" content=\"&nbsp;La Union des producteurs agricoles (UPA) y el Centro de Trabajadores Inmigrantes (CTI) son las dos primeras organizaciones en beneficiarse de la nueva medida de apoyo a los trabajadores extranjeros... Leer m\u00e1s\" \/>\n<meta property=\"og:url\" content=\"https:\/\/www.infotetquebec.com\/es\/hormigon-para-apoyar-a-los-trabajadores-extranjeros-temporales\/\" \/>\n<meta property=\"og:site_name\" content=\"Infotetquebec\" \/>\n<meta property=\"article:publisher\" content=\"https:\/\/www.facebook.com\/profile.php?id=100089616676260\" \/>\n<meta property=\"article:published_time\" content=\"2021-03-26T18:57:16+00:00\" \/>\n<meta property=\"article:modified_time\" content=\"2021-05-12T13:18:50+00:00\" \/>\n<meta property=\"og:image\" content=\"https:\/\/infotetquebec.com\/wp-content\/uploads\/2021\/03\/shutterstock_1849284355-scaled.jpg\" \/>\n\t<meta property=\"og:image:width\" content=\"2560\" \/>\n\t<meta property=\"og:image:height\" content=\"1707\" \/>\n\t<meta property=\"og:image:type\" content=\"image\/jpeg\" \/>\n<meta name=\"author\" content=\"Agn\u00e8s Merlin\" \/>\n<meta name=\"twitter:card\" content=\"summary_large_image\" \/>\n<meta name=\"twitter:label1\" content=\"Escrito por\" \/>\n\t<meta name=\"twitter:data1\" content=\"Agn\u00e8s Merlin\" \/>\n\t<meta name=\"twitter:label2\" content=\"Tiempo de lectura\" \/>\n\t<meta name=\"twitter:data2\" content=\"4 minutos\" \/>\n<script type=\"application\/ld+json\" class=\"yoast-schema-graph\">{\"@context\":\"https:\\\/\\\/schema.org\",\"@graph\":[{\"@type\":\"Article\",\"@id\":\"https:\\\/\\\/www.infotetquebec.com\\\/es\\\/hormigon-para-apoyar-a-los-trabajadores-extranjeros-temporales\\\/#article\",\"isPartOf\":{\"@id\":\"https:\\\/\\\/www.infotetquebec.com\\\/es\\\/hormigon-para-apoyar-a-los-trabajadores-extranjeros-temporales\\\/\"},\"author\":{\"name\":\"Agn\u00e8s Merlin\",\"@id\":\"https:\\\/\\\/www.infotetquebec.com\\\/es\\\/#\\\/schema\\\/person\\\/59ab46dfada94bee373fc31a611584e1\"},\"headline\":\"Hormig\u00f3n para apoyar a los trabajadores extranjeros temporales\",\"datePublished\":\"2021-03-26T18:57:16+00:00\",\"dateModified\":\"2021-05-12T13:18:50+00:00\",\"mainEntityOfPage\":{\"@id\":\"https:\\\/\\\/www.infotetquebec.com\\\/es\\\/hormigon-para-apoyar-a-los-trabajadores-extranjeros-temporales\\\/\"},\"wordCount\":865,\"publisher\":{\"@id\":\"https:\\\/\\\/www.infotetquebec.com\\\/es\\\/#organization\"},\"image\":{\"@id\":\"https:\\\/\\\/www.infotetquebec.com\\\/es\\\/hormigon-para-apoyar-a-los-trabajadores-extranjeros-temporales\\\/#primaryimage\"},\"thumbnailUrl\":\"https:\\\/\\\/www.infotetquebec.com\\\/wp-content\\\/uploads\\\/2021\\\/03\\\/shutterstock_1849284355-scaled.jpg\",\"keywords\":[\"UPA\"],\"articleSection\":[\"Art\u00edculos\"],\"inLanguage\":\"es\"},{\"@type\":\"WebPage\",\"@id\":\"https:\\\/\\\/www.infotetquebec.com\\\/es\\\/hormigon-para-apoyar-a-los-trabajadores-extranjeros-temporales\\\/\",\"url\":\"https:\\\/\\\/www.infotetquebec.com\\\/es\\\/hormigon-para-apoyar-a-los-trabajadores-extranjeros-temporales\\\/\",\"name\":\"Hormig\u00f3n para apoyar a los trabajadores extranjeros temporales - Infotetquebec\",\"isPartOf\":{\"@id\":\"https:\\\/\\\/www.infotetquebec.com\\\/es\\\/#website\"},\"primaryImageOfPage\":{\"@id\":\"https:\\\/\\\/www.infotetquebec.com\\\/es\\\/hormigon-para-apoyar-a-los-trabajadores-extranjeros-temporales\\\/#primaryimage\"},\"image\":{\"@id\":\"https:\\\/\\\/www.infotetquebec.com\\\/es\\\/hormigon-para-apoyar-a-los-trabajadores-extranjeros-temporales\\\/#primaryimage\"},\"thumbnailUrl\":\"https:\\\/\\\/www.infotetquebec.com\\\/wp-content\\\/uploads\\\/2021\\\/03\\\/shutterstock_1849284355-scaled.jpg\",\"datePublished\":\"2021-03-26T18:57:16+00:00\",\"dateModified\":\"2021-05-12T13:18:50+00:00\",\"breadcrumb\":{\"@id\":\"https:\\\/\\\/www.infotetquebec.com\\\/es\\\/hormigon-para-apoyar-a-los-trabajadores-extranjeros-temporales\\\/#breadcrumb\"},\"inLanguage\":\"es\",\"potentialAction\":[{\"@type\":\"ReadAction\",\"target\":[\"https:\\\/\\\/www.infotetquebec.com\\\/es\\\/hormigon-para-apoyar-a-los-trabajadores-extranjeros-temporales\\\/\"]}]},{\"@type\":\"ImageObject\",\"inLanguage\":\"es\",\"@id\":\"https:\\\/\\\/www.infotetquebec.com\\\/es\\\/hormigon-para-apoyar-a-los-trabajadores-extranjeros-temporales\\\/#primaryimage\",\"url\":\"https:\\\/\\\/www.infotetquebec.com\\\/wp-content\\\/uploads\\\/2021\\\/03\\\/shutterstock_1849284355-scaled.jpg\",\"contentUrl\":\"https:\\\/\\\/www.infotetquebec.com\\\/wp-content\\\/uploads\\\/2021\\\/03\\\/shutterstock_1849284355-scaled.jpg\",\"width\":2560,\"height\":1707},{\"@type\":\"BreadcrumbList\",\"@id\":\"https:\\\/\\\/www.infotetquebec.com\\\/es\\\/hormigon-para-apoyar-a-los-trabajadores-extranjeros-temporales\\\/#breadcrumb\",\"itemListElement\":[{\"@type\":\"ListItem\",\"position\":1,\"name\":\"Accueil\",\"item\":\"https:\\\/\\\/www.infotetquebec.com\\\/es\\\/\"},{\"@type\":\"ListItem\",\"position\":2,\"name\":\"Hormig\u00f3n para apoyar a los trabajadores extranjeros temporales\"}]},{\"@type\":\"WebSite\",\"@id\":\"https:\\\/\\\/www.infotetquebec.com\\\/es\\\/#website\",\"url\":\"https:\\\/\\\/www.infotetquebec.com\\\/es\\\/\",\"name\":\"Infotetquebec\",\"description\":\"Info et soutien aux TET\",\"publisher\":{\"@id\":\"https:\\\/\\\/www.infotetquebec.com\\\/es\\\/#organization\"},\"potentialAction\":[{\"@type\":\"SearchAction\",\"target\":{\"@type\":\"EntryPoint\",\"urlTemplate\":\"https:\\\/\\\/www.infotetquebec.com\\\/es\\\/?s={search_term_string}\"},\"query-input\":{\"@type\":\"PropertyValueSpecification\",\"valueRequired\":true,\"valueName\":\"search_term_string\"}}],\"inLanguage\":\"es\"},{\"@type\":\"Organization\",\"@id\":\"https:\\\/\\\/www.infotetquebec.com\\\/es\\\/#organization\",\"name\":\"InfoTETQuebec\",\"url\":\"https:\\\/\\\/www.infotetquebec.com\\\/es\\\/\",\"logo\":{\"@type\":\"ImageObject\",\"inLanguage\":\"es\",\"@id\":\"https:\\\/\\\/www.infotetquebec.com\\\/es\\\/#\\\/schema\\\/logo\\\/image\\\/\",\"url\":\"https:\\\/\\\/www.infotetquebec.com\\\/wp-content\\\/uploads\\\/2021\\\/02\\\/cropped-IMQC_TET_Favicon_Fav-Icon_Fav-Icon-1.png\",\"contentUrl\":\"https:\\\/\\\/www.infotetquebec.com\\\/wp-content\\\/uploads\\\/2021\\\/02\\\/cropped-IMQC_TET_Favicon_Fav-Icon_Fav-Icon-1.png\",\"width\":512,\"height\":512,\"caption\":\"InfoTETQuebec\"},\"image\":{\"@id\":\"https:\\\/\\\/www.infotetquebec.com\\\/es\\\/#\\\/schema\\\/logo\\\/image\\\/\"},\"sameAs\":[\"https:\\\/\\\/www.facebook.com\\\/profile.php?id=100089616676260\"]},{\"@type\":\"Person\",\"@id\":\"https:\\\/\\\/www.infotetquebec.com\\\/es\\\/#\\\/schema\\\/person\\\/59ab46dfada94bee373fc31a611584e1\",\"name\":\"Agn\u00e8s Merlin\",\"image\":{\"@type\":\"ImageObject\",\"inLanguage\":\"es\",\"@id\":\"https:\\\/\\\/secure.gravatar.com\\\/avatar\\\/65615f80167257e6939023bc23b44f4e19de6139cde5e8e0002b59f9120a2fa0?s=96&d=mm&r=g\",\"url\":\"https:\\\/\\\/secure.gravatar.com\\\/avatar\\\/65615f80167257e6939023bc23b44f4e19de6139cde5e8e0002b59f9120a2fa0?s=96&d=mm&r=g\",\"contentUrl\":\"https:\\\/\\\/secure.gravatar.com\\\/avatar\\\/65615f80167257e6939023bc23b44f4e19de6139cde5e8e0002b59f9120a2fa0?s=96&d=mm&r=g\",\"caption\":\"Agn\u00e8s Merlin\"},\"sameAs\":[\"https:\\\/\\\/www.infotetquebec.com\\\/wp-login.php\"],\"url\":\"https:\\\/\\\/www.infotetquebec.com\\\/es\\\/author\\\/agnes-merlinimmigrantquebec-com\\\/\"}]}<\/script>\n<!-- \/ Yoast SEO plugin. -->","yoast_head_json":{"title":"Hormig\u00f3n para apoyar a los trabajadores extranjeros temporales - Infotetquebec","robots":{"index":"index","follow":"follow","max-snippet":"max-snippet:-1","max-image-preview":"max-image-preview:large","max-video-preview":"max-video-preview:-1"},"canonical":"https:\/\/www.infotetquebec.com\/es\/hormigon-para-apoyar-a-los-trabajadores-extranjeros-temporales\/","og_locale":"es_ES","og_type":"article","og_title":"Hormig\u00f3n para apoyar a los trabajadores extranjeros temporales - Infotetquebec","og_description":"&nbsp;La Union des producteurs agricoles (UPA) y el Centro de Trabajadores Inmigrantes (CTI) son las dos primeras organizaciones en beneficiarse de la nueva medida de apoyo a los trabajadores extranjeros... Leer m\u00e1s","og_url":"https:\/\/www.infotetquebec.com\/es\/hormigon-para-apoyar-a-los-trabajadores-extranjeros-temporales\/","og_site_name":"Infotetquebec","article_publisher":"https:\/\/www.facebook.com\/profile.php?id=100089616676260","article_published_time":"2021-03-26T18:57:16+00:00","article_modified_time":"2021-05-12T13:18:50+00:00","og_image":[{"width":2560,"height":1707,"url":"https:\/\/infotetquebec.com\/wp-content\/uploads\/2021\/03\/shutterstock_1849284355-scaled.jpg","type":"image\/jpeg"}],"author":"Agn\u00e8s Merlin","twitter_card":"summary_large_image","twitter_misc":{"Escrito por":"Agn\u00e8s Merlin","Tiempo de lectura":"4 minutos"},"schema":{"@context":"https:\/\/schema.org","@graph":[{"@type":"Article","@id":"https:\/\/www.infotetquebec.com\/es\/hormigon-para-apoyar-a-los-trabajadores-extranjeros-temporales\/#article","isPartOf":{"@id":"https:\/\/www.infotetquebec.com\/es\/hormigon-para-apoyar-a-los-trabajadores-extranjeros-temporales\/"},"author":{"name":"Agn\u00e8s Merlin","@id":"https:\/\/www.infotetquebec.com\/es\/#\/schema\/person\/59ab46dfada94bee373fc31a611584e1"},"headline":"Hormig\u00f3n para apoyar a los trabajadores extranjeros temporales","datePublished":"2021-03-26T18:57:16+00:00","dateModified":"2021-05-12T13:18:50+00:00","mainEntityOfPage":{"@id":"https:\/\/www.infotetquebec.com\/es\/hormigon-para-apoyar-a-los-trabajadores-extranjeros-temporales\/"},"wordCount":865,"publisher":{"@id":"https:\/\/www.infotetquebec.com\/es\/#organization"},"image":{"@id":"https:\/\/www.infotetquebec.com\/es\/hormigon-para-apoyar-a-los-trabajadores-extranjeros-temporales\/#primaryimage"},"thumbnailUrl":"https:\/\/www.infotetquebec.com\/wp-content\/uploads\/2021\/03\/shutterstock_1849284355-scaled.jpg","keywords":["UPA"],"articleSection":["Art\u00edculos"],"inLanguage":"es"},{"@type":"WebPage","@id":"https:\/\/www.infotetquebec.com\/es\/hormigon-para-apoyar-a-los-trabajadores-extranjeros-temporales\/","url":"https:\/\/www.infotetquebec.com\/es\/hormigon-para-apoyar-a-los-trabajadores-extranjeros-temporales\/","name":"Hormig\u00f3n para apoyar a los trabajadores extranjeros temporales - Infotetquebec","isPartOf":{"@id":"https:\/\/www.infotetquebec.com\/es\/#website"},"primaryImageOfPage":{"@id":"https:\/\/www.infotetquebec.com\/es\/hormigon-para-apoyar-a-los-trabajadores-extranjeros-temporales\/#primaryimage"},"image":{"@id":"https:\/\/www.infotetquebec.com\/es\/hormigon-para-apoyar-a-los-trabajadores-extranjeros-temporales\/#primaryimage"},"thumbnailUrl":"https:\/\/www.infotetquebec.com\/wp-content\/uploads\/2021\/03\/shutterstock_1849284355-scaled.jpg","datePublished":"2021-03-26T18:57:16+00:00","dateModified":"2021-05-12T13:18:50+00:00","breadcrumb":{"@id":"https:\/\/www.infotetquebec.com\/es\/hormigon-para-apoyar-a-los-trabajadores-extranjeros-temporales\/#breadcrumb"},"inLanguage":"es","potentialAction":[{"@type":"ReadAction","target":["https:\/\/www.infotetquebec.com\/es\/hormigon-para-apoyar-a-los-trabajadores-extranjeros-temporales\/"]}]},{"@type":"ImageObject","inLanguage":"es","@id":"https:\/\/www.infotetquebec.com\/es\/hormigon-para-apoyar-a-los-trabajadores-extranjeros-temporales\/#primaryimage","url":"https:\/\/www.infotetquebec.com\/wp-content\/uploads\/2021\/03\/shutterstock_1849284355-scaled.jpg","contentUrl":"https:\/\/www.infotetquebec.com\/wp-content\/uploads\/2021\/03\/shutterstock_1849284355-scaled.jpg","width":2560,"height":1707},{"@type":"BreadcrumbList","@id":"https:\/\/www.infotetquebec.com\/es\/hormigon-para-apoyar-a-los-trabajadores-extranjeros-temporales\/#breadcrumb","itemListElement":[{"@type":"ListItem","position":1,"name":"Accueil","item":"https:\/\/www.infotetquebec.com\/es\/"},{"@type":"ListItem","position":2,"name":"Hormig\u00f3n para apoyar a los trabajadores extranjeros temporales"}]},{"@type":"WebSite","@id":"https:\/\/www.infotetquebec.com\/es\/#website","url":"https:\/\/www.infotetquebec.com\/es\/","name":"Infotetquebec","description":"Info et soutien aux TET","publisher":{"@id":"https:\/\/www.infotetquebec.com\/es\/#organization"},"potentialAction":[{"@type":"SearchAction","target":{"@type":"EntryPoint","urlTemplate":"https:\/\/www.infotetquebec.com\/es\/?s={search_term_string}"},"query-input":{"@type":"PropertyValueSpecification","valueRequired":true,"valueName":"search_term_string"}}],"inLanguage":"es"},{"@type":"Organization","@id":"https:\/\/www.infotetquebec.com\/es\/#organization","name":"InfoTETQuebec","url":"https:\/\/www.infotetquebec.com\/es\/","logo":{"@type":"ImageObject","inLanguage":"es","@id":"https:\/\/www.infotetquebec.com\/es\/#\/schema\/logo\/image\/","url":"https:\/\/www.infotetquebec.com\/wp-content\/uploads\/2021\/02\/cropped-IMQC_TET_Favicon_Fav-Icon_Fav-Icon-1.png","contentUrl":"https:\/\/www.infotetquebec.com\/wp-content\/uploads\/2021\/02\/cropped-IMQC_TET_Favicon_Fav-Icon_Fav-Icon-1.png","width":512,"height":512,"caption":"InfoTETQuebec"},"image":{"@id":"https:\/\/www.infotetquebec.com\/es\/#\/schema\/logo\/image\/"},"sameAs":["https:\/\/www.facebook.com\/profile.php?id=100089616676260"]},{"@type":"Person","@id":"https:\/\/www.infotetquebec.com\/es\/#\/schema\/person\/59ab46dfada94bee373fc31a611584e1","name":"Agn\u00e8s Merlin","image":{"@type":"ImageObject","inLanguage":"es","@id":"https:\/\/secure.gravatar.com\/avatar\/65615f80167257e6939023bc23b44f4e19de6139cde5e8e0002b59f9120a2fa0?s=96&d=mm&r=g","url":"https:\/\/secure.gravatar.com\/avatar\/65615f80167257e6939023bc23b44f4e19de6139cde5e8e0002b59f9120a2fa0?s=96&d=mm&r=g","contentUrl":"https:\/\/secure.gravatar.com\/avatar\/65615f80167257e6939023bc23b44f4e19de6139cde5e8e0002b59f9120a2fa0?s=96&d=mm&r=g","caption":"Agn\u00e8s Merlin"},"sameAs":["https:\/\/www.infotetquebec.com\/wp-login.php"],"url":"https:\/\/www.infotetquebec.com\/es\/author\/agnes-merlinimmigrantquebec-com\/"}]}},"rttpg_featured_image_url":{"full":["https:\/\/www.infotetquebec.com\/wp-content\/uploads\/2021\/03\/shutterstock_1849284355-scaled.jpg",2560,1707,false],"landscape":["https:\/\/www.infotetquebec.com\/wp-content\/uploads\/2021\/03\/shutterstock_1849284355-scaled.jpg",2560,1707,false],"portraits":["https:\/\/www.infotetquebec.com\/wp-content\/uploads\/2021\/03\/shutterstock_1849284355-scaled.jpg",2560,1707,false],"thumbnail":["https:\/\/www.infotetquebec.com\/wp-content\/uploads\/2021\/03\/shutterstock_1849284355-scaled-300x150.jpg",300,150,true],"medium":["https:\/\/www.infotetquebec.com\/wp-content\/uploads\/2021\/03\/shutterstock_1849284355-scaled-300x200.jpg",300,200,true],"large":["https:\/\/www.infotetquebec.com\/wp-content\/uploads\/2021\/03\/shutterstock_1849284355-scaled-1024x683.jpg",1024,683,true],"1536x1536":["https:\/\/www.infotetquebec.com\/wp-content\/uploads\/2021\/03\/shutterstock_1849284355-scaled-1536x1024.jpg",1536,1024,true],"2048x2048":["https:\/\/www.infotetquebec.com\/wp-content\/uploads\/2021\/03\/shutterstock_1849284355-scaled-2048x1366.jpg",2048,1366,true],"sidebar-featured":["https:\/\/www.infotetquebec.com\/wp-content\/uploads\/2021\/03\/shutterstock_1849284355-scaled-75x75.jpg",75,75,true],"genesis-singular-images":["https:\/\/www.infotetquebec.com\/wp-content\/uploads\/2021\/03\/shutterstock_1849284355-scaled-702x526.jpg",702,526,true]},"rttpg_author":{"display_name":"Agn\u00e8s Merlin","author_link":"https:\/\/www.infotetquebec.com\/es\/author\/agnes-merlinimmigrantquebec-com\/"},"rttpg_comment":0,"rttpg_category":"<a href=\"https:\/\/www.infotetquebec.com\/es\/noticias\/\" rel=\"category tag\">Art\u00edculos<\/a>","rttpg_excerpt":"&nbsp;La Union des producteurs agricoles (UPA) y el Centro de Trabajadores Inmigrantes (CTI) son las dos primeras organizaciones en beneficiarse de la nueva medida de apoyo a los trabajadores extranjeros... Leer m\u00e1s","_links":{"self":[{"href":"https:\/\/www.infotetquebec.com\/es\/wp-json\/wp\/v2\/posts\/1350","targetHints":{"allow":["GET"]}}],"collection":[{"href":"https:\/\/www.infotetquebec.com\/es\/wp-json\/wp\/v2\/posts"}],"about":[{"href":"https:\/\/www.infotetquebec.com\/es\/wp-json\/wp\/v2\/types\/post"}],"author":[{"embeddable":true,"href":"https:\/\/www.infotetquebec.com\/es\/wp-json\/wp\/v2\/users\/3"}],"replies":[{"embeddable":true,"href":"https:\/\/www.infotetquebec.com\/es\/wp-json\/wp\/v2\/comments?post=1350"}],"version-history":[{"count":0,"href":"https:\/\/www.infotetquebec.com\/es\/wp-json\/wp\/v2\/posts\/1350\/revisions"}],"wp:featuredmedia":[{"embeddable":true,"href":"https:\/\/www.infotetquebec.com\/es\/wp-json\/wp\/v2\/media\/1346"}],"wp:attachment":[{"href":"https:\/\/www.infotetquebec.com\/es\/wp-json\/wp\/v2\/media?parent=1350"}],"wp:term":[{"taxonomy":"category","embeddable":true,"href":"https:\/\/www.infotetquebec.com\/es\/wp-json\/wp\/v2\/categories?post=1350"},{"taxonomy":"post_tag","embeddable":true,"href":"https:\/\/www.infotetquebec.com\/es\/wp-json\/wp\/v2\/tags?post=1350"}],"curies":[{"name":"wp","href":"https:\/\/api.w.org\/{rel}","templated":true}]}}