{"id":12523,"date":"2024-02-13T15:26:58","date_gmt":"2024-02-13T20:26:58","guid":{"rendered":"https:\/\/www.infotetquebec.com\/mariem-y-chawki-un-nuevo-capitulo-en-saint-ubalde\/"},"modified":"2024-02-15T13:54:02","modified_gmt":"2024-02-15T18:54:02","slug":"mariem-y-chawki-un-nuevo-capitulo-en-saint-ubalde","status":"publish","type":"post","link":"https:\/\/www.infotetquebec.com\/es\/mariem-y-chawki-un-nuevo-capitulo-en-saint-ubalde\/","title":{"rendered":"Mariem y Chawki : un nuevo cap\u00edtulo en Saint-Ubalde"},"content":{"rendered":"\t\t<div data-elementor-type=\"wp-post\" data-elementor-id=\"12523\" class=\"elementor elementor-12523 elementor-12506\" data-elementor-post-type=\"post\">\n\t\t\t\t\t\t<section class=\"elementor-section elementor-top-section elementor-element elementor-element-736856f elementor-section-boxed elementor-section-height-default elementor-section-height-default\" data-id=\"736856f\" data-element_type=\"section\" data-e-type=\"section\">\n\t\t\t\t\t\t<div class=\"elementor-container elementor-column-gap-default\">\n\t\t\t\t\t<div class=\"elementor-column elementor-col-100 elementor-top-column elementor-element elementor-element-877866c\" data-id=\"877866c\" data-element_type=\"column\" data-e-type=\"column\">\n\t\t\t<div class=\"elementor-widget-wrap elementor-element-populated\">\n\t\t\t\t\t\t<div class=\"elementor-element elementor-element-5231d92 elementor-widget elementor-widget-text-editor\" data-id=\"5231d92\" data-element_type=\"widget\" data-e-type=\"widget\" data-widget_type=\"text-editor.default\">\n\t\t\t\t<div class=\"elementor-widget-container\">\n\t\t\t\t\t\t\t\t\t<p><strong><span dir=\"ltr\" role=\"presentation\">Despu\u00e9s de estar por m\u00e1s de dos a\u00f1os separados a miles de kil\u00f3metros, los tunecinos <\/span><span dir=\"ltr\" role=\"presentation\">Mariem Ksaier y Chawki Tallous pudieron rencontrarse. Ahora, est\u00e1n bien instalados en <\/span><span dir=\"ltr\" role=\"presentation\">su cu\u00e1druplex de Saint-Ubalde, siendo residentes permanentes y con su peque\u00f1o beb\u00e9. <\/span><\/strong><strong><span dir=\"ltr\" role=\"presentation\">\u00a1La paciencia y la perseverancia han dado sus frutos!<\/span><\/strong><\/p><p>Texto y fotos: Marie-Anne Day\u00e9<\/p><p>Traducci\u00f3n en espa\u00f1ol: Francisco Salazar<\/p>\t\t\t\t\t\t\t\t<\/div>\n\t\t\t\t<\/div>\n\t\t\t\t\t<\/div>\n\t\t<\/div>\n\t\t\t\t\t<\/div>\n\t\t<\/section>\n\t\t\t\t<section class=\"elementor-section elementor-top-section elementor-element elementor-element-8cc2e5b elementor-section-boxed elementor-section-height-default elementor-section-height-default\" data-id=\"8cc2e5b\" data-element_type=\"section\" data-e-type=\"section\">\n\t\t\t\t\t\t<div class=\"elementor-container elementor-column-gap-default\">\n\t\t\t\t\t<div class=\"elementor-column elementor-col-100 elementor-top-column elementor-element elementor-element-03abf99\" data-id=\"03abf99\" data-element_type=\"column\" data-e-type=\"column\">\n\t\t\t<div class=\"elementor-widget-wrap elementor-element-populated\">\n\t\t\t\t\t\t<section class=\"elementor-section elementor-inner-section elementor-element elementor-element-197b0ef elementor-section-boxed elementor-section-height-default elementor-section-height-default\" data-id=\"197b0ef\" data-element_type=\"section\" data-e-type=\"section\">\n\t\t\t\t\t\t<div class=\"elementor-container elementor-column-gap-default\">\n\t\t\t\t\t<div class=\"elementor-column elementor-col-50 elementor-inner-column elementor-element elementor-element-d19b635\" data-id=\"d19b635\" data-element_type=\"column\" data-e-type=\"column\">\n\t\t\t<div class=\"elementor-widget-wrap elementor-element-populated\">\n\t\t\t\t\t\t<div class=\"elementor-element elementor-element-074bf37 elementor-widget elementor-widget-text-editor\" data-id=\"074bf37\" data-element_type=\"widget\" data-e-type=\"widget\" data-widget_type=\"text-editor.default\">\n\t\t\t\t<div class=\"elementor-widget-container\">\n\t\t\t\t\t\t\t\t\t<div class=\"react-pdf__Page__textContent textLayer\" data-main-rotation=\"0\"><span dir=\"ltr\" role=\"presentation\">La decoraci\u00f3n en el interior de una de las unidades del cu\u00e1druplex que la pareja compr\u00f3 <\/span><span dir=\"ltr\" role=\"presentation\">recientemente evoca la calidez de T\u00fanez. Los cuadros colgados de las paredes, las telas, <\/span><span dir=\"ltr\" role=\"presentation\">los aperitivos y el t\u00e9 de menta colocado sobre la mesa de centro nos permitieron entrar <\/span><span dir=\"ltr\" role=\"presentation\">en ambiente. Incluso los platos son aut\u00e9nticos. \u201c\u00a1Sacrifiqu\u00e9 una maleta de 23 kg para <\/span><span dir=\"ltr\" role=\"presentation\">traer los platos!\u201d, dice Mariem. La hospitalidad tunecina no es un mito: los hu\u00e9spedes <\/span><span dir=\"ltr\" role=\"presentation\">que entran en esta casa se sumergen en la cultura tunecina, motivo de orgullo para esta <\/span><span dir=\"ltr\" role=\"presentation\">pareja de treinta y tantos a\u00f1os.<\/span><\/div><h6 data-main-rotation=\"0\"><em style=\"color: var( --e-global-color-text ); letter-spacing: 0px;\"><span dir=\"ltr\" role=\"presentation\">Foto: Mariem prepar\u00f3 el<\/span> <span dir=\"ltr\" role=\"presentation\">Blankit<\/span><span dir=\"ltr\" role=\"presentation\">, una entrada compuesta por pan baguette, salsa<\/span> <span dir=\"ltr\" role=\"presentation\">harissa<\/span><span dir=\"ltr\" role=\"presentation\">, ensalada de <\/span><\/em><em style=\"color: var( --e-global-color-text ); letter-spacing: 0px;\"><span dir=\"ltr\" role=\"presentation\">pimientos asados, huevos, at\u00fan y aceitunas. \u201cAbrir un restaurante es mi sue\u00f1o de infancia, pero antes <\/span><\/em><em style=\"color: var( --e-global-color-text ); letter-spacing: 0px;\"><span dir=\"ltr\" role=\"presentation\">estaba concentrada con mis estudios de ingenier\u00eda. Aqu\u00ed he retomado esta pasi\u00f3n y la gente disfruta de <\/span><\/em><em style=\"color: var( --e-global-color-text ); letter-spacing: 0px;\"><span dir=\"ltr\" role=\"presentation\">mi comida\u201d, afirma.<\/span><\/em><\/h6>\t\t\t\t\t\t\t\t<\/div>\n\t\t\t\t<\/div>\n\t\t\t\t\t<\/div>\n\t\t<\/div>\n\t\t\t\t<div class=\"elementor-column elementor-col-50 elementor-inner-column elementor-element elementor-element-fc6fe7f\" data-id=\"fc6fe7f\" data-element_type=\"column\" data-e-type=\"column\">\n\t\t\t<div class=\"elementor-widget-wrap elementor-element-populated\">\n\t\t\t\t\t\t<div class=\"elementor-element elementor-element-bc3873d elementor-widget elementor-widget-image\" data-id=\"bc3873d\" data-element_type=\"widget\" data-e-type=\"widget\" data-widget_type=\"image.default\">\n\t\t\t\t<div class=\"elementor-widget-container\">\n\t\t\t\t\t\t\t\t\t\t\t\t\t\t\t<img fetchpriority=\"high\" decoding=\"async\" width=\"768\" height=\"512\" src=\"https:\/\/www.infotetquebec.com\/wp-content\/uploads\/2024\/02\/Chawki_Mariem_1-2-768x512.jpg\" class=\"attachment-medium_large size-medium_large wp-image-12510\" alt=\"\" srcset=\"https:\/\/www.infotetquebec.com\/wp-content\/uploads\/2024\/02\/Chawki_Mariem_1-2-768x512.jpg 768w, https:\/\/www.infotetquebec.com\/wp-content\/uploads\/2024\/02\/Chawki_Mariem_1-2-300x200.jpg 300w, https:\/\/www.infotetquebec.com\/wp-content\/uploads\/2024\/02\/Chawki_Mariem_1-2-1024x683.jpg 1024w, https:\/\/www.infotetquebec.com\/wp-content\/uploads\/2024\/02\/Chawki_Mariem_1-2-1536x1024.jpg 1536w, https:\/\/www.infotetquebec.com\/wp-content\/uploads\/2024\/02\/Chawki_Mariem_1-2-2048x1365.jpg 2048w\" sizes=\"(max-width: 768px) 100vw, 768px\" \/>\t\t\t\t\t\t\t\t\t\t\t\t\t\t\t<\/div>\n\t\t\t\t<\/div>\n\t\t\t\t\t<\/div>\n\t\t<\/div>\n\t\t\t\t\t<\/div>\n\t\t<\/section>\n\t\t\t\t\t<\/div>\n\t\t<\/div>\n\t\t\t\t\t<\/div>\n\t\t<\/section>\n\t\t\t\t<section class=\"elementor-section elementor-top-section elementor-element elementor-element-1fabc0e elementor-section-boxed elementor-section-height-default elementor-section-height-default\" data-id=\"1fabc0e\" data-element_type=\"section\" data-e-type=\"section\">\n\t\t\t\t\t\t<div class=\"elementor-container elementor-column-gap-default\">\n\t\t\t\t\t<div class=\"elementor-column elementor-col-100 elementor-top-column elementor-element elementor-element-026f4ba\" data-id=\"026f4ba\" data-element_type=\"column\" data-e-type=\"column\">\n\t\t\t<div class=\"elementor-widget-wrap elementor-element-populated\">\n\t\t\t\t\t\t<div class=\"elementor-element elementor-element-4a42dc4 elementor-widget elementor-widget-text-editor\" data-id=\"4a42dc4\" data-element_type=\"widget\" data-e-type=\"widget\" data-widget_type=\"text-editor.default\">\n\t\t\t\t<div class=\"elementor-widget-container\">\n\t\t\t\t\t\t\t\t\t<p><span dir=\"ltr\" role=\"presentation\">El nacimiento de su primer hijo y la adquisici\u00f3n de una propiedad marcaron oficialmente <\/span><span dir=\"ltr\" role=\"presentation\">su instalaci\u00f3n en Quebec, concretamente en Saint-Ubalde, municipio de Portneuf. <\/span><span dir=\"ltr\" role=\"presentation\">Despu\u00e9s de casarse en 2019, Chawki comenz\u00f3 los tr\u00e1mites para trabajar en Quebec. <\/span><span dir=\"ltr\" role=\"presentation\">Como ingeniero biol\u00f3gico y agroalimentario, siempre so\u00f1\u00f3 con realizar una especialidad <\/span><span dir=\"ltr\" role=\"presentation\">en Canad\u00e1. Consciente de que ser\u00eda dif\u00edcil encontrar un empleo en su \u00e1rea, firm\u00f3 en <\/span><span dir=\"ltr\" role=\"presentation\">2019 un contrato con<\/span> <span dir=\"ltr\" role=\"presentation\">Patates Dolbec<\/span><span dir=\"ltr\" role=\"presentation\">. Ese mismo a\u00f1o recibi\u00f3 el<\/span> <span dir=\"ltr\" role=\"presentation\">EIMT<\/span> <span dir=\"ltr\" role=\"presentation\">y el Certificado de <\/span><span dir=\"ltr\" role=\"presentation\">Aceptaci\u00f3n de Quebec (CAQ), para finalmente empezar a trabajar en enero de 2020. Un <\/span><span dir=\"ltr\" role=\"presentation\">empleo como obrero estaba lejos de sus aspiraciones profesionales, pero este fue s\u00f3lo <\/span><span dir=\"ltr\" role=\"presentation\">el primer paso. \u201cLa \u00fanica soluci\u00f3n para lograr un futuro mejor fue esta decisi\u00f3n. Esta fue <\/span><span dir=\"ltr\" role=\"presentation\">una de las soluciones menos complicadas. Lo m\u00e1s importante es el objetivo: mejorar <\/span><span dir=\"ltr\" role=\"presentation\">nuestras condiciones, la familia, vivir en un pa\u00eds que nos respete, donde nuestros <\/span><span dir=\"ltr\" role=\"presentation\">derechos sean iguales para todos\u201d, afirma Chawki.<\/span><\/p><p>Alejado de su c\u00f3nyuge, intent\u00f3 varias opciones para que ella se uniera a \u00e9l, ya sea con un permiso abierto o con una visa de turista. Sin embargo, los prolongados tiempos de respuesta y las negativas acabaron con la paciencia de la pareja. Las restricciones pand\u00e9micas tampoco ayudaron. \u201cFue realmente una gran prueba para cada nosotros y para nuestra relaci\u00f3n\u201d, subraya Meriem. \u201cPens\u00e1bamos que ser\u00eda un poco m\u00e1s f\u00e1cil, pero al venir aqu\u00ed descubrimos otra realidad\u201d, a\u00f1ade Chawki. \u201cEn ocasiones las leyes son injustas, especialmente para los reci\u00e9n llegados. Canad\u00e1 y Quebec necesitan gente cualificada. \u00bfPor qu\u00e9 nos hacen la vida dif\u00edcil, alejados de nuestras familias? La familia es parte del desarrollo, la prosperidad y la calidad de vida de una persona\u201d, contin\u00faa.<\/p>\t\t\t\t\t\t\t\t<\/div>\n\t\t\t\t<\/div>\n\t\t\t\t\t<\/div>\n\t\t<\/div>\n\t\t\t\t\t<\/div>\n\t\t<\/section>\n\t\t\t\t<section class=\"elementor-section elementor-top-section elementor-element elementor-element-07b0ee4 elementor-section-boxed elementor-section-height-default elementor-section-height-default\" data-id=\"07b0ee4\" data-element_type=\"section\" data-e-type=\"section\">\n\t\t\t\t\t\t<div class=\"elementor-container elementor-column-gap-default\">\n\t\t\t\t\t<div class=\"elementor-column elementor-col-100 elementor-top-column elementor-element elementor-element-da27c0f\" data-id=\"da27c0f\" data-element_type=\"column\" data-e-type=\"column\">\n\t\t\t<div class=\"elementor-widget-wrap elementor-element-populated\">\n\t\t\t\t\t\t<div class=\"elementor-element elementor-element-68bfb74 elementor-alert-info elementor-widget elementor-widget-alert\" data-id=\"68bfb74\" data-element_type=\"widget\" data-e-type=\"widget\" data-widget_type=\"alert.default\">\n\t\t\t\t<div class=\"elementor-widget-container\">\n\t\t\t\t\t\t\t<div class=\"elementor-alert\" role=\"alert\">\n\n\t\t\t\t\t\t<span class=\"elementor-alert-title\">Permiso de trabajo abierto para la familia<br><\/span>\n\t\t\t\n\t\t\t\t\t\t<span class=\"elementor-alert-description\"><div class=\"react-pdf__Page__textContent textLayer\" data-main-rotation=\"0\">\n<div class=\"react-pdf__Page__annotations annotationLayer\" data-main-rotation=\"0\"><span dir=\"ltr\" role=\"presentation\">Actualmente, los trabajadores extranjeros temporales categor\u00edas<\/span> <span dir=\"ltr\" role=\"presentation\">FEER<\/span> <span dir=\"ltr\" role=\"presentation\">4 y 5 a bajos <\/span><span dir=\"ltr\" role=\"presentation\" style=\"font-family: var( --e-global-typography-text-font-family ), Sans-serif;font-weight: var( --e-global-typography-text-font-weight )\">salarios, as\u00ed como los trabajadores temporales del<\/span><span style=\"font-family: var( --e-global-typography-text-font-family ), Sans-serif;font-weight: var( --e-global-typography-text-font-weight )\"> <\/span><span dir=\"ltr\" role=\"presentation\" style=\"font-family: var( --e-global-typography-text-font-family ), Sans-serif;font-weight: var( --e-global-typography-text-font-weight )\">PTAS<\/span><span style=\"font-family: var( --e-global-typography-text-font-family ), Sans-serif;font-weight: var( --e-global-typography-text-font-weight )\"> <\/span><span dir=\"ltr\" role=\"presentation\" style=\"font-family: var( --e-global-typography-text-font-family ), Sans-serif;font-weight: var( --e-global-typography-text-font-weight )\">y el programa agr\u00edcola no <\/span><span style=\"font-family: var( --e-global-typography-text-font-family ), Sans-serif;font-weight: var( --e-global-typography-text-font-weight )\">pueden incluir a su c\u00f3nyuge en su permiso de trabajo ni acceder a un permiso de <\/span><span style=\"font-family: var( --e-global-typography-text-font-family ), Sans-serif;font-weight: var( --e-global-typography-text-font-weight )\">trabajo abierto. Los acompa\u00f1antes tienen la posibilidad de venir a Quebec como <\/span><span style=\"font-family: var( --e-global-typography-text-font-family ), Sans-serif;font-weight: var( --e-global-typography-text-font-weight )\">estudiantes extranjeros o con su propio permiso de trabajo cerrado, como fue el caso de <\/span><span style=\"font-family: var( --e-global-typography-text-font-family ), Sans-serif;font-weight: var( --e-global-typography-text-font-weight )\">Mariem. Desde el 30 de enero de 2023, los trabajadores extranjeros temporales a altos <\/span><span dir=\"ltr\" role=\"presentation\" style=\"font-family: var( --e-global-typography-text-font-family ), Sans-serif;font-weight: var( --e-global-typography-text-font-weight )\">salarios, independientemente de la categor\u00eda<\/span><span style=\"font-family: var( --e-global-typography-text-font-family ), Sans-serif;font-weight: var( --e-global-typography-text-font-weight )\"> <\/span><span dir=\"ltr\" role=\"presentation\" style=\"font-family: var( --e-global-typography-text-font-family ), Sans-serif;font-weight: var( --e-global-typography-text-font-weight )\">FEER<\/span><span style=\"font-family: var( --e-global-typography-text-font-family ), Sans-serif;font-weight: var( --e-global-typography-text-font-weight )\"> <\/span><span dir=\"ltr\" role=\"presentation\" style=\"font-family: var( --e-global-typography-text-font-family ), Sans-serif;font-weight: var( --e-global-typography-text-font-weight )\">del solicitante principal, son elegibles <\/span><span style=\"font-family: var( --e-global-typography-text-font-family ), Sans-serif;font-weight: var( --e-global-typography-text-font-weight )\">al permiso abierto para su familia.<\/span><\/div><\/div><\/span>\n\t\t\t\n\t\t\t\t\t\t<button type=\"button\" class=\"elementor-alert-dismiss\" aria-label=\"Descartar esta alerta.\">\n\t\t\t\t\t\t\t\t\t<span aria-hidden=\"true\">&times;<\/span>\n\t\t\t\t\t\t\t<\/button>\n\t\t\t\n\t\t<\/div>\n\t\t\t\t\t\t<\/div>\n\t\t\t\t<\/div>\n\t\t\t\t\t<\/div>\n\t\t<\/div>\n\t\t\t\t\t<\/div>\n\t\t<\/section>\n\t\t\t\t<section class=\"elementor-section elementor-top-section elementor-element elementor-element-3e8acac elementor-section-boxed elementor-section-height-default elementor-section-height-default\" data-id=\"3e8acac\" data-element_type=\"section\" data-e-type=\"section\">\n\t\t\t\t\t\t<div class=\"elementor-container elementor-column-gap-default\">\n\t\t\t\t\t<div class=\"elementor-column elementor-col-100 elementor-top-column elementor-element elementor-element-dee8242\" data-id=\"dee8242\" data-element_type=\"column\" data-e-type=\"column\">\n\t\t\t<div class=\"elementor-widget-wrap elementor-element-populated\">\n\t\t\t\t\t\t<div class=\"elementor-element elementor-element-c4bf4a7 elementor-widget elementor-widget-button\" data-id=\"c4bf4a7\" data-element_type=\"widget\" data-e-type=\"widget\" data-widget_type=\"button.default\">\n\t\t\t\t<div class=\"elementor-widget-container\">\n\t\t\t\t\t\t\t\t\t<div class=\"elementor-button-wrapper\">\n\t\t\t\t\t<a class=\"elementor-button elementor-button-link elementor-size-sm\" href=\"https:\/\/www.quebec.ca\/immigration\/travailler-quebec\/travailleurs-temporaires\/programme-travailleurs-etrangers-temporaires\/conjoint-et-enfants#:~:text=Depuis%20le%2030%20janvier%202023,de%20la%20personne%20demandeuse%20principale.\" target=\"_blank\">\n\t\t\t\t\t\t<span class=\"elementor-button-content-wrapper\">\n\t\t\t\t\t\t<span class=\"elementor-button-icon\">\n\t\t\t\t<svg aria-hidden=\"true\" class=\"e-font-icon-svg e-fas-angle-double-right\" viewBox=\"0 0 448 512\" xmlns=\"http:\/\/www.w3.org\/2000\/svg\"><path d=\"M224.3 273l-136 136c-9.4 9.4-24.6 9.4-33.9 0l-22.6-22.6c-9.4-9.4-9.4-24.6 0-33.9l96.4-96.4-96.4-96.4c-9.4-9.4-9.4-24.6 0-33.9L54.3 103c9.4-9.4 24.6-9.4 33.9 0l136 136c9.5 9.4 9.5 24.6.1 34zm192-34l-136-136c-9.4-9.4-24.6-9.4-33.9 0l-22.6 22.6c-9.4 9.4-9.4 24.6 0 33.9l96.4 96.4-96.4 96.4c-9.4 9.4-9.4 24.6 0 33.9l22.6 22.6c9.4 9.4 24.6 9.4 33.9 0l136-136c9.4-9.2 9.4-24.4 0-33.8z\"><\/path><\/svg>\t\t\t<\/span>\n\t\t\t\t\t\t\t\t\t<span class=\"elementor-button-text\">Permiso de trabajo abierto para la familia<\/span>\n\t\t\t\t\t<\/span>\n\t\t\t\t\t<\/a>\n\t\t\t\t<\/div>\n\t\t\t\t\t\t\t\t<\/div>\n\t\t\t\t<\/div>\n\t\t\t\t\t<\/div>\n\t\t<\/div>\n\t\t\t\t\t<\/div>\n\t\t<\/section>\n\t\t\t\t<section class=\"elementor-section elementor-top-section elementor-element elementor-element-73fa763 elementor-section-boxed elementor-section-height-default elementor-section-height-default\" data-id=\"73fa763\" data-element_type=\"section\" data-e-type=\"section\">\n\t\t\t\t\t\t<div class=\"elementor-container elementor-column-gap-default\">\n\t\t\t\t\t<div class=\"elementor-column elementor-col-100 elementor-top-column elementor-element elementor-element-e517620\" data-id=\"e517620\" data-element_type=\"column\" data-e-type=\"column\">\n\t\t\t<div class=\"elementor-widget-wrap elementor-element-populated\">\n\t\t\t\t\t\t<div class=\"elementor-element elementor-element-a03391c elementor-widget elementor-widget-text-editor\" data-id=\"a03391c\" data-element_type=\"widget\" data-e-type=\"widget\" data-widget_type=\"text-editor.default\">\n\t\t\t\t<div class=\"elementor-widget-container\">\n\t\t\t\t\t\t\t\t\t<div id=\"pdf_asset_id_1284688087_page_4\" class=\"pdf-preview-page-wrapper with-margin\"><div class=\"react-pdf__Page\" data-page-number=\"3\"><div class=\"react-pdf__Page__textContent textLayer\" data-main-rotation=\"0\"><p><span dir=\"ltr\" role=\"presentation\">En junio de 2022, dos a\u00f1os y medio despu\u00e9s, Mariem finalmente lleg\u00f3 a Quebec. Chawki <\/span><span dir=\"ltr\" role=\"presentation\">convenci\u00f3 a su empleador<\/span> <span dir=\"ltr\" role=\"presentation\">Patates Dolbec<\/span> <span dir=\"ltr\" role=\"presentation\">para que la contratara como trabajadora <\/span><span dir=\"ltr\" role=\"presentation\">extranjera temporal, a pesar de que ella tambi\u00e9n es ingeniera de formaci\u00f3n. &#8220;Nos <\/span><span dir=\"ltr\" role=\"presentation\">hicieron un gran favor&#8221;, dice. <\/span><span dir=\"ltr\" role=\"presentation\">El reencuentro era esperado, pero con algunos recelos. Chawki ya hab\u00eda pasado por el <\/span><span dir=\"ltr\" role=\"presentation\">per\u00edodo de adaptaci\u00f3n al idioma (el acento quebequense), a las costumbres, a las <\/span><span dir=\"ltr\" role=\"presentation\">interacciones en el lugar de trabajo y al clima. Chawki tuvo que acostumbrarse<\/span><br role=\"presentation\" \/><span dir=\"ltr\" role=\"presentation\">nuevamente a vivir en pareja despu\u00e9s de haber vivido \u201csolo\u201d y de compartir vivienda <\/span><span dir=\"ltr\" role=\"presentation\">con sus colegas tunecinos y latinoamericanos. \u201cCuando llegu\u00e9 aqu\u00ed, descubr\u00ed que no era <\/span><span dir=\"ltr\" role=\"presentation\">la misma persona que conoc\u00eda desde hac\u00eda varios a\u00f1os\u201d, dice Mariem. \u201cHasta el punto <\/span><span dir=\"ltr\" role=\"presentation\">de que le dije: \u00bfno est\u00e1s contento con mi presencia? \u00a1Puedo irme!\u201d, dice Mariem <\/span><span dir=\"ltr\" role=\"presentation\">soltando algunas carcajadas. <\/span><\/p><p><strong><span dir=\"ltr\" role=\"presentation\">De temporales a permanentes<\/span><\/strong><\/p><p><span dir=\"ltr\" role=\"presentation\">Chawki inici\u00f3 el proceso en 2021 para obtener su residencia permanente, as\u00ed como la de <\/span><span dir=\"ltr\" role=\"presentation\">su esposa (es necesario solicitar un <a href=\"https:\/\/www.quebec.ca\/immigration\/travailler-quebec\/travailleurs-temporaires\/programme-travailleurs-etrangers-temporaires\/demeurer-de-facon-permanente\" target=\"_blank\" rel=\"noopener\">certificado de selecci\u00f3n de Quebec<\/a> en uno de los <\/span><span dir=\"ltr\" role=\"presentation\">programas espec\u00edficos, tener un nivel 7 de franc\u00e9s y <a href=\"https:\/\/www.quebec.ca\/immigration\/travailler-quebec\/travailleurs-qualifies\/residence-permanente\" target=\"_blank\" rel=\"noopener\">solicitar la residencia permanente <\/a><\/span><span dir=\"ltr\" role=\"presentation\">con el Gobierno de Canad\u00e1). En noviembre de 2022 lo obtuvieron. \u201cCanad\u00e1 o Quebec, <\/span><span dir=\"ltr\" role=\"presentation\">no es un per\u00edodo de transici\u00f3n en nuestra vida, es la vida que hemos elegido\u201d, asegura <\/span><span dir=\"ltr\" role=\"presentation\">Mariem. \u201cAhora, Saint-Ubalde es parte de nosotros. Creamos un sentimiento de <\/span><span dir=\"ltr\" role=\"presentation\">pertenencia\u201d, a\u00f1ade Chawki. <\/span><\/p><p><strong><span dir=\"ltr\" role=\"presentation\">Transformar las diferencias en triunfos<\/span><\/strong><\/p><p><span dir=\"ltr\" role=\"presentation\">Su integraci\u00f3n en Quebec se produjo de forma paulatina, pero el hecho de hablar <\/span><span dir=\"ltr\" role=\"presentation\">franc\u00e9s facilit\u00f3 el proceso. En lugar de ver las diferencias culturales como obst\u00e1culos, <\/span><span dir=\"ltr\" role=\"presentation\">Mariem y Chawki las utilizaron para crear conexiones con los dem\u00e1s. Recibieron todo <\/span><span dir=\"ltr\" role=\"presentation\">tipo de preguntas: \u00bfte transportas en camello por T\u00fanez? \u00bfHay internet? Ven este <\/span><span dir=\"ltr\" role=\"presentation\">desconocimiento como una forma de intercambiar y dar a conocer a su pa\u00eds de origen. <\/span><span dir=\"ltr\" role=\"presentation\">Adem\u00e1s, la pareja particip\u00f3 en varias actividades organizadas por el organismo local <\/span><a href=\"https:\/\/www.infotetquebec.com\/acces-travail-portneuf-travailleurs-etrangers-temporaires-infotet\/\" target=\"_blank\" rel=\"noopener\">Acc\u00e8s Travail Portneu<span dir=\"ltr\" role=\"presentation\">f<\/span><\/a><span dir=\"ltr\" role=\"presentation\">, incluidos comedores comunitarios y un d\u00eda dedicado a T\u00fanez. <\/span><span dir=\"ltr\" role=\"presentation\">Mariem y Chawki presentaron las tradiciones culinarias y la vestimenta de su pa\u00eds, los <\/span><span dir=\"ltr\" role=\"presentation\">rituales relacionados con el matrimonio, el Ramad\u00e1n, etc<\/span><span dir=\"ltr\" role=\"presentation\">.<\/span><\/p><p><strong><span dir=\"ltr\" role=\"presentation\">Indispensables los organismos de ayuda <\/span><\/strong><\/p><p><span dir=\"ltr\" role=\"presentation\">Chawki insiste en que sin organismos de ayuda como Acc\u00e8s Travail Portneuf su <\/span><span dir=\"ltr\" role=\"presentation\">adaptaci\u00f3n no habr\u00eda sido tan r\u00e1pida. \u201cFernand y Yoann contribuyeron en mi <\/span><span dir=\"ltr\" role=\"presentation\">adaptaci\u00f3n, porque si no me hubieran ayudado a descubrir tantas cosas, me habr\u00eda <\/span><span dir=\"ltr\" role=\"presentation\">quedado dentro de mi caparaz\u00f3n. Trabajar, volver a casa, hablar un poco con mi familia, <\/span><span dir=\"ltr\" role=\"presentation\">nada m\u00e1s\u201d, dice Chawki. \u201cTambi\u00e9n encontr\u00f3 en ellos la amistad. Una relaci\u00f3n que es <\/span><span dir=\"ltr\" role=\"presentation\">m\u00e1s fuerte que una simple relaci\u00f3n de servicio\u201d, a\u00f1ade. Gracias a un programa de <\/span><span dir=\"ltr\" role=\"presentation\">intercambio intercultural llevado a cabo por el organismo, Chawki pudo conocer a una <\/span><span dir=\"ltr\" role=\"presentation\">se\u00f1ora con quien pudo charlar y qui\u00e9n respondi\u00f3 a todas sus preguntas. Con el tiempo y <\/span><span dir=\"ltr\" role=\"presentation\">tras la llegada de Mariem, esta se\u00f1ora se convirti\u00f3 en un miembro m\u00e1s de la familia, <\/span><span dir=\"ltr\" role=\"presentation\">afirm\u00f3 la pareja. Ella tambi\u00e9n organiz\u00f3 el<\/span> <span dir=\"ltr\" role=\"presentation\">baby shower<\/span> <span dir=\"ltr\" role=\"presentation\">y los invit\u00f3 a las fiestas de a\u00f1o <\/span>nuevo. \u201cLa importancia de estas organizaciones es que abren una peque\u00f1a ventana a la sociedad quebequense\u201d, a\u00f1ade Mariem.<\/p><p><em>Este proyecto est\u00e1 financiado por el Gobierno de Canad\u00e1<\/em><\/p><\/div><\/div><\/div>\t\t\t\t\t\t\t\t<\/div>\n\t\t\t\t<\/div>\n\t\t\t\t\t<\/div>\n\t\t<\/div>\n\t\t\t\t\t<\/div>\n\t\t<\/section>\n\t\t\t\t<\/div>\n\t\t","protected":false},"excerpt":{"rendered":"<p>Despu\u00e9s de estar por m\u00e1s de dos a\u00f1os separados a miles de kil\u00f3metros, los tunecinos Mariem Ksaier y Chawki Tallous pudieron rencontrarse. Ahora, est\u00e1n bien instalados en su cu\u00e1druplex de&#8230; <a class=\"more-link\" href=\"https:\/\/www.infotetquebec.com\/es\/mariem-y-chawki-un-nuevo-capitulo-en-saint-ubalde\/\">Leer m\u00e1s<\/a><\/p>\n","protected":false},"author":17,"featured_media":12514,"comment_status":"closed","ping_status":"open","sticky":false,"template":"","format":"standard","meta":{"_genesis_hide_title":false,"_genesis_hide_breadcrumbs":false,"_genesis_hide_singular_image":false,"_genesis_hide_footer_widgets":false,"_genesis_custom_body_class":"","_genesis_custom_post_class":"","_genesis_layout":"","footnotes":""},"categories":[53,54],"tags":[128],"class_list":["post-12523","post","type-post","status-publish","format-standard","has-post-thumbnail","category-articles","category-noticias","tag-acces-travail-portneuf-es","entry"],"yoast_head":"<!-- This site is optimized with the Yoast SEO plugin v27.5 - https:\/\/yoast.com\/product\/yoast-seo-wordpress\/ -->\n<title>Mariem y Chawki : un nuevo cap\u00edtulo en Saint-Ubalde - Infotetquebec<\/title>\n<meta name=\"description\" content=\"Mariem Ksaier y Chawki Tallous, tunecinas de nacimiento y anteriormente trabajadoras temporales extranjeras, pudieron reunirse y ya est\u00e1n instaladas en su cu\u00e1druplex de Saint-Ubalde con su beb\u00e9, residencia permanente en mano.\" \/>\n<meta name=\"robots\" content=\"index, follow, max-snippet:-1, max-image-preview:large, max-video-preview:-1\" \/>\n<link rel=\"canonical\" href=\"https:\/\/www.infotetquebec.com\/es\/mariem-y-chawki-un-nuevo-capitulo-en-saint-ubalde\/\" \/>\n<meta property=\"og:locale\" content=\"es_ES\" \/>\n<meta property=\"og:type\" content=\"article\" \/>\n<meta property=\"og:title\" content=\"Mariem y Chawki : un nuevo cap\u00edtulo en Saint-Ubalde - Infotetquebec\" \/>\n<meta property=\"og:description\" content=\"Mariem Ksaier y Chawki Tallous, tunecinas de nacimiento y anteriormente trabajadoras temporales extranjeras, pudieron reunirse y ya est\u00e1n instaladas en su cu\u00e1druplex de Saint-Ubalde con su beb\u00e9, residencia permanente en mano.\" \/>\n<meta property=\"og:url\" content=\"https:\/\/www.infotetquebec.com\/es\/mariem-y-chawki-un-nuevo-capitulo-en-saint-ubalde\/\" \/>\n<meta property=\"og:site_name\" content=\"Infotetquebec\" \/>\n<meta property=\"article:publisher\" content=\"https:\/\/www.facebook.com\/profile.php?id=100089616676260\" \/>\n<meta property=\"article:published_time\" content=\"2024-02-13T20:26:58+00:00\" \/>\n<meta property=\"article:modified_time\" content=\"2024-02-15T18:54:02+00:00\" \/>\n<meta property=\"og:image\" content=\"https:\/\/www.infotetquebec.com\/wp-content\/uploads\/2024\/02\/Chawki_Mariem_2-2-scaled.jpg\" \/>\n\t<meta property=\"og:image:width\" content=\"2560\" \/>\n\t<meta property=\"og:image:height\" content=\"1707\" \/>\n\t<meta property=\"og:image:type\" content=\"image\/jpeg\" \/>\n<meta name=\"author\" content=\"Francisco Salazar\" \/>\n<meta name=\"twitter:card\" content=\"summary_large_image\" \/>\n<meta name=\"twitter:label1\" content=\"Escrito por\" \/>\n\t<meta name=\"twitter:data1\" content=\"Francisco Salazar\" \/>\n\t<meta name=\"twitter:label2\" content=\"Tiempo de lectura\" \/>\n\t<meta name=\"twitter:data2\" content=\"5 minutos\" \/>\n<script type=\"application\/ld+json\" class=\"yoast-schema-graph\">{\"@context\":\"https:\\\/\\\/schema.org\",\"@graph\":[{\"@type\":\"Article\",\"@id\":\"https:\\\/\\\/www.infotetquebec.com\\\/es\\\/mariem-y-chawki-un-nuevo-capitulo-en-saint-ubalde\\\/#article\",\"isPartOf\":{\"@id\":\"https:\\\/\\\/www.infotetquebec.com\\\/es\\\/mariem-y-chawki-un-nuevo-capitulo-en-saint-ubalde\\\/\"},\"author\":{\"name\":\"Francisco Salazar\",\"@id\":\"https:\\\/\\\/www.infotetquebec.com\\\/es\\\/#\\\/schema\\\/person\\\/2e6e3396cc4022408f480098052d9329\"},\"headline\":\"Mariem y Chawki : un nuevo cap\u00edtulo en Saint-Ubalde\",\"datePublished\":\"2024-02-13T20:26:58+00:00\",\"dateModified\":\"2024-02-15T18:54:02+00:00\",\"mainEntityOfPage\":{\"@id\":\"https:\\\/\\\/www.infotetquebec.com\\\/es\\\/mariem-y-chawki-un-nuevo-capitulo-en-saint-ubalde\\\/\"},\"wordCount\":1223,\"publisher\":{\"@id\":\"https:\\\/\\\/www.infotetquebec.com\\\/es\\\/#organization\"},\"image\":{\"@id\":\"https:\\\/\\\/www.infotetquebec.com\\\/es\\\/mariem-y-chawki-un-nuevo-capitulo-en-saint-ubalde\\\/#primaryimage\"},\"thumbnailUrl\":\"https:\\\/\\\/www.infotetquebec.com\\\/wp-content\\\/uploads\\\/2024\\\/02\\\/Chawki_Mariem_2-2-scaled.jpg\",\"keywords\":[\"Acc\u00e8s Travail Portneuf\"],\"articleSection\":[\"Articles\",\"Art\u00edculos\"],\"inLanguage\":\"es\"},{\"@type\":\"WebPage\",\"@id\":\"https:\\\/\\\/www.infotetquebec.com\\\/es\\\/mariem-y-chawki-un-nuevo-capitulo-en-saint-ubalde\\\/\",\"url\":\"https:\\\/\\\/www.infotetquebec.com\\\/es\\\/mariem-y-chawki-un-nuevo-capitulo-en-saint-ubalde\\\/\",\"name\":\"Mariem y Chawki : un nuevo cap\u00edtulo en Saint-Ubalde - Infotetquebec\",\"isPartOf\":{\"@id\":\"https:\\\/\\\/www.infotetquebec.com\\\/es\\\/#website\"},\"primaryImageOfPage\":{\"@id\":\"https:\\\/\\\/www.infotetquebec.com\\\/es\\\/mariem-y-chawki-un-nuevo-capitulo-en-saint-ubalde\\\/#primaryimage\"},\"image\":{\"@id\":\"https:\\\/\\\/www.infotetquebec.com\\\/es\\\/mariem-y-chawki-un-nuevo-capitulo-en-saint-ubalde\\\/#primaryimage\"},\"thumbnailUrl\":\"https:\\\/\\\/www.infotetquebec.com\\\/wp-content\\\/uploads\\\/2024\\\/02\\\/Chawki_Mariem_2-2-scaled.jpg\",\"datePublished\":\"2024-02-13T20:26:58+00:00\",\"dateModified\":\"2024-02-15T18:54:02+00:00\",\"description\":\"Mariem Ksaier y Chawki Tallous, tunecinas de nacimiento y anteriormente trabajadoras temporales extranjeras, pudieron reunirse y ya est\u00e1n instaladas en su cu\u00e1druplex de Saint-Ubalde con su beb\u00e9, residencia permanente en mano.\",\"breadcrumb\":{\"@id\":\"https:\\\/\\\/www.infotetquebec.com\\\/es\\\/mariem-y-chawki-un-nuevo-capitulo-en-saint-ubalde\\\/#breadcrumb\"},\"inLanguage\":\"es\",\"potentialAction\":[{\"@type\":\"ReadAction\",\"target\":[\"https:\\\/\\\/www.infotetquebec.com\\\/es\\\/mariem-y-chawki-un-nuevo-capitulo-en-saint-ubalde\\\/\"]}]},{\"@type\":\"ImageObject\",\"inLanguage\":\"es\",\"@id\":\"https:\\\/\\\/www.infotetquebec.com\\\/es\\\/mariem-y-chawki-un-nuevo-capitulo-en-saint-ubalde\\\/#primaryimage\",\"url\":\"https:\\\/\\\/www.infotetquebec.com\\\/wp-content\\\/uploads\\\/2024\\\/02\\\/Chawki_Mariem_2-2-scaled.jpg\",\"contentUrl\":\"https:\\\/\\\/www.infotetquebec.com\\\/wp-content\\\/uploads\\\/2024\\\/02\\\/Chawki_Mariem_2-2-scaled.jpg\",\"width\":2560,\"height\":1707},{\"@type\":\"BreadcrumbList\",\"@id\":\"https:\\\/\\\/www.infotetquebec.com\\\/es\\\/mariem-y-chawki-un-nuevo-capitulo-en-saint-ubalde\\\/#breadcrumb\",\"itemListElement\":[{\"@type\":\"ListItem\",\"position\":1,\"name\":\"Accueil\",\"item\":\"https:\\\/\\\/www.infotetquebec.com\\\/es\\\/\"},{\"@type\":\"ListItem\",\"position\":2,\"name\":\"Mariem y Chawki : un nuevo cap\u00edtulo en Saint-Ubalde\"}]},{\"@type\":\"WebSite\",\"@id\":\"https:\\\/\\\/www.infotetquebec.com\\\/es\\\/#website\",\"url\":\"https:\\\/\\\/www.infotetquebec.com\\\/es\\\/\",\"name\":\"Infotetquebec\",\"description\":\"Info et soutien aux TET\",\"publisher\":{\"@id\":\"https:\\\/\\\/www.infotetquebec.com\\\/es\\\/#organization\"},\"potentialAction\":[{\"@type\":\"SearchAction\",\"target\":{\"@type\":\"EntryPoint\",\"urlTemplate\":\"https:\\\/\\\/www.infotetquebec.com\\\/es\\\/?s={search_term_string}\"},\"query-input\":{\"@type\":\"PropertyValueSpecification\",\"valueRequired\":true,\"valueName\":\"search_term_string\"}}],\"inLanguage\":\"es\"},{\"@type\":\"Organization\",\"@id\":\"https:\\\/\\\/www.infotetquebec.com\\\/es\\\/#organization\",\"name\":\"InfoTETQuebec\",\"url\":\"https:\\\/\\\/www.infotetquebec.com\\\/es\\\/\",\"logo\":{\"@type\":\"ImageObject\",\"inLanguage\":\"es\",\"@id\":\"https:\\\/\\\/www.infotetquebec.com\\\/es\\\/#\\\/schema\\\/logo\\\/image\\\/\",\"url\":\"https:\\\/\\\/www.infotetquebec.com\\\/wp-content\\\/uploads\\\/2021\\\/02\\\/cropped-IMQC_TET_Favicon_Fav-Icon_Fav-Icon-1.png\",\"contentUrl\":\"https:\\\/\\\/www.infotetquebec.com\\\/wp-content\\\/uploads\\\/2021\\\/02\\\/cropped-IMQC_TET_Favicon_Fav-Icon_Fav-Icon-1.png\",\"width\":512,\"height\":512,\"caption\":\"InfoTETQuebec\"},\"image\":{\"@id\":\"https:\\\/\\\/www.infotetquebec.com\\\/es\\\/#\\\/schema\\\/logo\\\/image\\\/\"},\"sameAs\":[\"https:\\\/\\\/www.facebook.com\\\/profile.php?id=100089616676260\"]},{\"@type\":\"Person\",\"@id\":\"https:\\\/\\\/www.infotetquebec.com\\\/es\\\/#\\\/schema\\\/person\\\/2e6e3396cc4022408f480098052d9329\",\"name\":\"Francisco Salazar\",\"image\":{\"@type\":\"ImageObject\",\"inLanguage\":\"es\",\"@id\":\"https:\\\/\\\/secure.gravatar.com\\\/avatar\\\/817253c5e9df69797a44385a77c231c8e9f92864af0861b091a2081006623cc3?s=96&d=mm&r=g\",\"url\":\"https:\\\/\\\/secure.gravatar.com\\\/avatar\\\/817253c5e9df69797a44385a77c231c8e9f92864af0861b091a2081006623cc3?s=96&d=mm&r=g\",\"contentUrl\":\"https:\\\/\\\/secure.gravatar.com\\\/avatar\\\/817253c5e9df69797a44385a77c231c8e9f92864af0861b091a2081006623cc3?s=96&d=mm&r=g\",\"caption\":\"Francisco Salazar\"},\"description\":\"Superviseur \u00e0 la coordination\",\"url\":\"https:\\\/\\\/www.infotetquebec.com\\\/es\\\/author\\\/francisco-salazarimmigrantquebec-com\\\/\"}]}<\/script>\n<!-- \/ Yoast SEO plugin. -->","yoast_head_json":{"title":"Mariem y Chawki : un nuevo cap\u00edtulo en Saint-Ubalde - Infotetquebec","description":"Mariem Ksaier y Chawki Tallous, tunecinas de nacimiento y anteriormente trabajadoras temporales extranjeras, pudieron reunirse y ya est\u00e1n instaladas en su cu\u00e1druplex de Saint-Ubalde con su beb\u00e9, residencia permanente en mano.","robots":{"index":"index","follow":"follow","max-snippet":"max-snippet:-1","max-image-preview":"max-image-preview:large","max-video-preview":"max-video-preview:-1"},"canonical":"https:\/\/www.infotetquebec.com\/es\/mariem-y-chawki-un-nuevo-capitulo-en-saint-ubalde\/","og_locale":"es_ES","og_type":"article","og_title":"Mariem y Chawki : un nuevo cap\u00edtulo en Saint-Ubalde - Infotetquebec","og_description":"Mariem Ksaier y Chawki Tallous, tunecinas de nacimiento y anteriormente trabajadoras temporales extranjeras, pudieron reunirse y ya est\u00e1n instaladas en su cu\u00e1druplex de Saint-Ubalde con su beb\u00e9, residencia permanente en mano.","og_url":"https:\/\/www.infotetquebec.com\/es\/mariem-y-chawki-un-nuevo-capitulo-en-saint-ubalde\/","og_site_name":"Infotetquebec","article_publisher":"https:\/\/www.facebook.com\/profile.php?id=100089616676260","article_published_time":"2024-02-13T20:26:58+00:00","article_modified_time":"2024-02-15T18:54:02+00:00","og_image":[{"width":2560,"height":1707,"url":"https:\/\/www.infotetquebec.com\/wp-content\/uploads\/2024\/02\/Chawki_Mariem_2-2-scaled.jpg","type":"image\/jpeg"}],"author":"Francisco Salazar","twitter_card":"summary_large_image","twitter_misc":{"Escrito por":"Francisco Salazar","Tiempo de lectura":"5 minutos"},"schema":{"@context":"https:\/\/schema.org","@graph":[{"@type":"Article","@id":"https:\/\/www.infotetquebec.com\/es\/mariem-y-chawki-un-nuevo-capitulo-en-saint-ubalde\/#article","isPartOf":{"@id":"https:\/\/www.infotetquebec.com\/es\/mariem-y-chawki-un-nuevo-capitulo-en-saint-ubalde\/"},"author":{"name":"Francisco Salazar","@id":"https:\/\/www.infotetquebec.com\/es\/#\/schema\/person\/2e6e3396cc4022408f480098052d9329"},"headline":"Mariem y Chawki : un nuevo cap\u00edtulo en Saint-Ubalde","datePublished":"2024-02-13T20:26:58+00:00","dateModified":"2024-02-15T18:54:02+00:00","mainEntityOfPage":{"@id":"https:\/\/www.infotetquebec.com\/es\/mariem-y-chawki-un-nuevo-capitulo-en-saint-ubalde\/"},"wordCount":1223,"publisher":{"@id":"https:\/\/www.infotetquebec.com\/es\/#organization"},"image":{"@id":"https:\/\/www.infotetquebec.com\/es\/mariem-y-chawki-un-nuevo-capitulo-en-saint-ubalde\/#primaryimage"},"thumbnailUrl":"https:\/\/www.infotetquebec.com\/wp-content\/uploads\/2024\/02\/Chawki_Mariem_2-2-scaled.jpg","keywords":["Acc\u00e8s Travail Portneuf"],"articleSection":["Articles","Art\u00edculos"],"inLanguage":"es"},{"@type":"WebPage","@id":"https:\/\/www.infotetquebec.com\/es\/mariem-y-chawki-un-nuevo-capitulo-en-saint-ubalde\/","url":"https:\/\/www.infotetquebec.com\/es\/mariem-y-chawki-un-nuevo-capitulo-en-saint-ubalde\/","name":"Mariem y Chawki : un nuevo cap\u00edtulo en Saint-Ubalde - Infotetquebec","isPartOf":{"@id":"https:\/\/www.infotetquebec.com\/es\/#website"},"primaryImageOfPage":{"@id":"https:\/\/www.infotetquebec.com\/es\/mariem-y-chawki-un-nuevo-capitulo-en-saint-ubalde\/#primaryimage"},"image":{"@id":"https:\/\/www.infotetquebec.com\/es\/mariem-y-chawki-un-nuevo-capitulo-en-saint-ubalde\/#primaryimage"},"thumbnailUrl":"https:\/\/www.infotetquebec.com\/wp-content\/uploads\/2024\/02\/Chawki_Mariem_2-2-scaled.jpg","datePublished":"2024-02-13T20:26:58+00:00","dateModified":"2024-02-15T18:54:02+00:00","description":"Mariem Ksaier y Chawki Tallous, tunecinas de nacimiento y anteriormente trabajadoras temporales extranjeras, pudieron reunirse y ya est\u00e1n instaladas en su cu\u00e1druplex de Saint-Ubalde con su beb\u00e9, residencia permanente en mano.","breadcrumb":{"@id":"https:\/\/www.infotetquebec.com\/es\/mariem-y-chawki-un-nuevo-capitulo-en-saint-ubalde\/#breadcrumb"},"inLanguage":"es","potentialAction":[{"@type":"ReadAction","target":["https:\/\/www.infotetquebec.com\/es\/mariem-y-chawki-un-nuevo-capitulo-en-saint-ubalde\/"]}]},{"@type":"ImageObject","inLanguage":"es","@id":"https:\/\/www.infotetquebec.com\/es\/mariem-y-chawki-un-nuevo-capitulo-en-saint-ubalde\/#primaryimage","url":"https:\/\/www.infotetquebec.com\/wp-content\/uploads\/2024\/02\/Chawki_Mariem_2-2-scaled.jpg","contentUrl":"https:\/\/www.infotetquebec.com\/wp-content\/uploads\/2024\/02\/Chawki_Mariem_2-2-scaled.jpg","width":2560,"height":1707},{"@type":"BreadcrumbList","@id":"https:\/\/www.infotetquebec.com\/es\/mariem-y-chawki-un-nuevo-capitulo-en-saint-ubalde\/#breadcrumb","itemListElement":[{"@type":"ListItem","position":1,"name":"Accueil","item":"https:\/\/www.infotetquebec.com\/es\/"},{"@type":"ListItem","position":2,"name":"Mariem y Chawki : un nuevo cap\u00edtulo en Saint-Ubalde"}]},{"@type":"WebSite","@id":"https:\/\/www.infotetquebec.com\/es\/#website","url":"https:\/\/www.infotetquebec.com\/es\/","name":"Infotetquebec","description":"Info et soutien aux TET","publisher":{"@id":"https:\/\/www.infotetquebec.com\/es\/#organization"},"potentialAction":[{"@type":"SearchAction","target":{"@type":"EntryPoint","urlTemplate":"https:\/\/www.infotetquebec.com\/es\/?s={search_term_string}"},"query-input":{"@type":"PropertyValueSpecification","valueRequired":true,"valueName":"search_term_string"}}],"inLanguage":"es"},{"@type":"Organization","@id":"https:\/\/www.infotetquebec.com\/es\/#organization","name":"InfoTETQuebec","url":"https:\/\/www.infotetquebec.com\/es\/","logo":{"@type":"ImageObject","inLanguage":"es","@id":"https:\/\/www.infotetquebec.com\/es\/#\/schema\/logo\/image\/","url":"https:\/\/www.infotetquebec.com\/wp-content\/uploads\/2021\/02\/cropped-IMQC_TET_Favicon_Fav-Icon_Fav-Icon-1.png","contentUrl":"https:\/\/www.infotetquebec.com\/wp-content\/uploads\/2021\/02\/cropped-IMQC_TET_Favicon_Fav-Icon_Fav-Icon-1.png","width":512,"height":512,"caption":"InfoTETQuebec"},"image":{"@id":"https:\/\/www.infotetquebec.com\/es\/#\/schema\/logo\/image\/"},"sameAs":["https:\/\/www.facebook.com\/profile.php?id=100089616676260"]},{"@type":"Person","@id":"https:\/\/www.infotetquebec.com\/es\/#\/schema\/person\/2e6e3396cc4022408f480098052d9329","name":"Francisco Salazar","image":{"@type":"ImageObject","inLanguage":"es","@id":"https:\/\/secure.gravatar.com\/avatar\/817253c5e9df69797a44385a77c231c8e9f92864af0861b091a2081006623cc3?s=96&d=mm&r=g","url":"https:\/\/secure.gravatar.com\/avatar\/817253c5e9df69797a44385a77c231c8e9f92864af0861b091a2081006623cc3?s=96&d=mm&r=g","contentUrl":"https:\/\/secure.gravatar.com\/avatar\/817253c5e9df69797a44385a77c231c8e9f92864af0861b091a2081006623cc3?s=96&d=mm&r=g","caption":"Francisco Salazar"},"description":"Superviseur \u00e0 la coordination","url":"https:\/\/www.infotetquebec.com\/es\/author\/francisco-salazarimmigrantquebec-com\/"}]}},"rttpg_featured_image_url":{"full":["https:\/\/www.infotetquebec.com\/wp-content\/uploads\/2024\/02\/Chawki_Mariem_2-2-scaled.jpg",2560,1707,false],"landscape":["https:\/\/www.infotetquebec.com\/wp-content\/uploads\/2024\/02\/Chawki_Mariem_2-2-scaled.jpg",2560,1707,false],"portraits":["https:\/\/www.infotetquebec.com\/wp-content\/uploads\/2024\/02\/Chawki_Mariem_2-2-scaled.jpg",2560,1707,false],"thumbnail":["https:\/\/www.infotetquebec.com\/wp-content\/uploads\/2024\/02\/Chawki_Mariem_2-2-300x150.jpg",300,150,true],"medium":["https:\/\/www.infotetquebec.com\/wp-content\/uploads\/2024\/02\/Chawki_Mariem_2-2-300x200.jpg",300,200,true],"large":["https:\/\/www.infotetquebec.com\/wp-content\/uploads\/2024\/02\/Chawki_Mariem_2-2-1024x683.jpg",1024,683,true],"1536x1536":["https:\/\/www.infotetquebec.com\/wp-content\/uploads\/2024\/02\/Chawki_Mariem_2-2-1536x1024.jpg",1536,1024,true],"2048x2048":["https:\/\/www.infotetquebec.com\/wp-content\/uploads\/2024\/02\/Chawki_Mariem_2-2-2048x1365.jpg",2048,1365,true],"sidebar-featured":["https:\/\/www.infotetquebec.com\/wp-content\/uploads\/2024\/02\/Chawki_Mariem_2-2-75x75.jpg",75,75,true],"genesis-singular-images":["https:\/\/www.infotetquebec.com\/wp-content\/uploads\/2024\/02\/Chawki_Mariem_2-2-702x526.jpg",702,526,true]},"rttpg_author":{"display_name":"Francisco Salazar","author_link":"https:\/\/www.infotetquebec.com\/es\/author\/francisco-salazarimmigrantquebec-com\/"},"rttpg_comment":0,"rttpg_category":"<a href=\"https:\/\/www.infotetquebec.com\/en\/articles\/\" rel=\"category tag\">Articles<\/a> <a href=\"https:\/\/www.infotetquebec.com\/es\/noticias\/\" rel=\"category tag\">Art\u00edculos<\/a>","rttpg_excerpt":"Despu\u00e9s de estar por m\u00e1s de dos a\u00f1os separados a miles de kil\u00f3metros, los tunecinos Mariem Ksaier y Chawki Tallous pudieron rencontrarse. Ahora, est\u00e1n bien instalados en su cu\u00e1druplex de... Leer m\u00e1s","_links":{"self":[{"href":"https:\/\/www.infotetquebec.com\/es\/wp-json\/wp\/v2\/posts\/12523","targetHints":{"allow":["GET"]}}],"collection":[{"href":"https:\/\/www.infotetquebec.com\/es\/wp-json\/wp\/v2\/posts"}],"about":[{"href":"https:\/\/www.infotetquebec.com\/es\/wp-json\/wp\/v2\/types\/post"}],"author":[{"embeddable":true,"href":"https:\/\/www.infotetquebec.com\/es\/wp-json\/wp\/v2\/users\/17"}],"replies":[{"embeddable":true,"href":"https:\/\/www.infotetquebec.com\/es\/wp-json\/wp\/v2\/comments?post=12523"}],"version-history":[{"count":10,"href":"https:\/\/www.infotetquebec.com\/es\/wp-json\/wp\/v2\/posts\/12523\/revisions"}],"predecessor-version":[{"id":12558,"href":"https:\/\/www.infotetquebec.com\/es\/wp-json\/wp\/v2\/posts\/12523\/revisions\/12558"}],"wp:featuredmedia":[{"embeddable":true,"href":"https:\/\/www.infotetquebec.com\/es\/wp-json\/wp\/v2\/media\/12514"}],"wp:attachment":[{"href":"https:\/\/www.infotetquebec.com\/es\/wp-json\/wp\/v2\/media?parent=12523"}],"wp:term":[{"taxonomy":"category","embeddable":true,"href":"https:\/\/www.infotetquebec.com\/es\/wp-json\/wp\/v2\/categories?post=12523"},{"taxonomy":"post_tag","embeddable":true,"href":"https:\/\/www.infotetquebec.com\/es\/wp-json\/wp\/v2\/tags?post=12523"}],"curies":[{"name":"wp","href":"https:\/\/api.w.org\/{rel}","templated":true}]}}