{"id":11160,"date":"2024-01-22T11:56:11","date_gmt":"2024-01-22T16:56:11","guid":{"rendered":"https:\/\/www.infotetquebec.com\/?p=11160"},"modified":"2024-01-22T13:24:28","modified_gmt":"2024-01-22T18:24:28","slug":"mexicanos-trabajadores-extranjeros-temporales","status":"publish","type":"post","link":"https:\/\/www.infotetquebec.com\/es\/mexicanos-trabajadores-extranjeros-temporales\/","title":{"rendered":"Mexicanos trabajadores extranjeros temporales: hacia una protecci\u00f3n fortalecida"},"content":{"rendered":"\t\t<div data-elementor-type=\"wp-post\" data-elementor-id=\"11160\" class=\"elementor elementor-11160\" data-elementor-post-type=\"post\">\n\t\t\t\t\t\t<section class=\"elementor-section elementor-top-section elementor-element elementor-element-772ae89 elementor-section-boxed elementor-section-height-default elementor-section-height-default\" data-id=\"772ae89\" data-element_type=\"section\" data-e-type=\"section\">\n\t\t\t\t\t\t<div class=\"elementor-container elementor-column-gap-default\">\n\t\t\t\t\t<div class=\"elementor-column elementor-col-100 elementor-top-column elementor-element elementor-element-8c508f8\" data-id=\"8c508f8\" data-element_type=\"column\" data-e-type=\"column\">\n\t\t\t<div class=\"elementor-widget-wrap elementor-element-populated\">\n\t\t\t\t\t\t<div class=\"elementor-element elementor-element-06fc1cd elementor-widget elementor-widget-text-editor\" data-id=\"06fc1cd\" data-element_type=\"widget\" data-e-type=\"widget\" data-widget_type=\"text-editor.default\">\n\t\t\t\t<div class=\"elementor-widget-container\">\n\t\t\t\t\t\t\t\t\t<p style=\"font-weight: 400;\"><strong>El Departamento de Protecci\u00f3n Consular y el Programa de Trabajadores Agr\u00edcolas Temporales (PTAS) del Consulado de M\u00e9xico en Montreal trabajan de diferentes maneras con los TET mexicanos. Para comprender su misi\u00f3n, nos reunimos con el C\u00f3nsul Felipe Gonz\u00e1lez Lugo M\u00e9ndez, un actor importante del ecosistema que rodea la protecci\u00f3n de estos trabajadores.<\/strong><\/p><p style=\"font-weight: 400;\">Entrevista: Marie-Anne Day\u00e9 \/\u00a0Fotos: Marie-Anne Day\u00e9 \/ Traducci\u00f3n en espa\u00f1ol : Francisco Salazar<\/p><p style=\"font-weight: 400;\">Felipe nos acompa\u00f1a con su habitual sonrisa a pocos metros del Consulado de M\u00e9xico en Montreal, en el Caf\u00e9 Vasco da Gamma de la calle <em>Peel<\/em>. Empezamos la entrevista evocando su amplia carrera diplom\u00e1tica marcada por experiencias a trav\u00e9s de varios a\u00f1os en Am\u00e9rica Latina y \u00c1frica. Despu\u00e9s de estudiar ciencias pol\u00edticas y diplomacia en Francia, trabaj\u00f3 en la Secretar\u00eda de Relaciones Exteriores de M\u00e9xico. Posteriormente, se incorpor\u00f3 en la agencia de cooperaci\u00f3n de la misma Secretar\u00eda. Despu\u00e9s, fue enviado a Marruecos como jefe de asuntos consulares. Luego a El Salvador como jefe de asuntos culturales y de la agenda de cooperaci\u00f3n bilateral con este pa\u00eds y los pa\u00edses del Sistema de Integraci\u00f3n Centroamericana (SICA). Finalmente, a Ghana en calidad de jefe de la Canciller\u00eda en la embajada mexicana.<\/p><p style=\"font-weight: 400;\">\u00bfPor qu\u00e9 Montreal en esta ocasi\u00f3n? \u201cFue un gran descubrimiento. Obviamente, hace fr\u00edo y los inviernos son largos, \u00a1pero me gusta mucho!\u201d, responde Felipe. \u201cEn Montreal hay una mezcla de culturas, es una ciudad internacional y cosmopolita y, al mismo tiempo, tiene una cultura francesa\u201d, a\u00f1ade.<strong>\u00a0<\/strong><\/p><p style=\"font-weight: 400;\"><strong>\u00bfEs la primera vez que trabajas activamente con los trabajadores migrantes?<\/strong><\/p><p style=\"font-weight: 400;\">Siempre me ha fascinado e interesado el tema de la migraci\u00f3n, pero esta es la primera vez que me llaman para trabajar con los trabajadores migrantes temporales. Estuve en contacto con nuestra di\u00e1spora como responsable de asuntos consulares en la embajada de Marruecos. Sin embargo, en Marruecos la realidad es completamente diferente. A pesar de que all\u00e1 hay trabajadores mexicanos, estos son directores de empresas, es decir, su migraron se dio en circunstancias diferentes. En Quebec, nuestra comunidad es muy importante: hay aproximadamente 30,000 mexicanos de la primera a la tercera generaci\u00f3n que residen permanentemente aqu\u00ed, esto sin contar a todos los trabajadores temporales. Seg\u00fan la temporada, en el PTAS hay entre 6,000 a 7,000 trabajadores.<\/p><p style=\"font-weight: 400;\"><strong>\u00bfCu\u00e1l es tu opini\u00f3n sobre las condiciones de los trabajadores agr\u00edcolas temporales en Quebec?<\/strong><\/p><p style=\"font-weight: 400;\">Primeramente, partimos del hecho de que los trabajadores vienen porque tienen una necesidad. Buscan una vida mejor para ellos y para sus familias porque no tienen esta oportunidad en M\u00e9xico. Los PTAS contribuyen con la circularidad migratoria, es decir, saben que pueden venir a trabajar temporalmente, tener una fuente importante de ingresos y regresar a su pa\u00eds, as\u00ed, temporada tras temporada hacen lo mismo. Obviamente hay aspectos positivos, pero tambi\u00e9n aspectos negativos. La migraci\u00f3n tiene un impacto en su vida personal, familiar y profesional. La familia se ve afectada porque el padre (la mayor parte del tiempo, aunque tambi\u00e9n hay mujeres) o el c\u00f3nyuge se ausenta durante varios meses. Sin embargo, considero que en el pa\u00eds de origen deber\u00edamos ofrecerles las mismas oportunidades econ\u00f3micas para que se queden y as\u00ed, la migraci\u00f3n ser\u00eda completamente una elecci\u00f3n y no una necesidad.<\/p><p style=\"font-weight: 400;\"><strong>\u00bfQu\u00e9 haces para apoyar a los TET en el Consulado? <\/strong><\/p><p style=\"font-weight: 400;\">A trav\u00e9s de un enfoque de protecci\u00f3n preventiva brindamos protecci\u00f3n consular y apoyo a los TET. Realizamos visitas y utilizamos herramientas de informaci\u00f3n para que conozcan plenamente sus derechos y responsabilidades en Canad\u00e1.<\/p>\t\t\t\t\t\t\t\t<\/div>\n\t\t\t\t<\/div>\n\t\t\t\t\t<\/div>\n\t\t<\/div>\n\t\t\t\t\t<\/div>\n\t\t<\/section>\n\t\t\t\t<section class=\"elementor-section elementor-top-section elementor-element elementor-element-c97ddad elementor-section-boxed elementor-section-height-default elementor-section-height-default\" data-id=\"c97ddad\" data-element_type=\"section\" data-e-type=\"section\">\n\t\t\t\t\t\t<div class=\"elementor-container elementor-column-gap-default\">\n\t\t\t\t\t<div class=\"elementor-column elementor-col-100 elementor-top-column elementor-element elementor-element-d5b6936\" data-id=\"d5b6936\" data-element_type=\"column\" data-e-type=\"column\">\n\t\t\t<div class=\"elementor-widget-wrap elementor-element-populated\">\n\t\t\t\t\t\t<div class=\"elementor-element elementor-element-ff2f6b3 elementor-widget elementor-widget-image\" data-id=\"ff2f6b3\" data-element_type=\"widget\" data-e-type=\"widget\" data-widget_type=\"image.default\">\n\t\t\t\t<div class=\"elementor-widget-container\">\n\t\t\t\t\t\t\t\t\t\t\t\t<figure class=\"wp-caption\">\n\t\t\t\t\t\t\t\t\t\t<img fetchpriority=\"high\" decoding=\"async\" width=\"768\" height=\"512\" src=\"https:\/\/www.infotetquebec.com\/wp-content\/uploads\/2024\/01\/Felipe_Gonzalez_MarieAnneDaye_5-768x512.jpg\" class=\"attachment-medium_large size-medium_large wp-image-11169\" alt=\"\" srcset=\"https:\/\/www.infotetquebec.com\/wp-content\/uploads\/2024\/01\/Felipe_Gonzalez_MarieAnneDaye_5-768x512.jpg 768w, https:\/\/www.infotetquebec.com\/wp-content\/uploads\/2024\/01\/Felipe_Gonzalez_MarieAnneDaye_5-300x200.jpg 300w, https:\/\/www.infotetquebec.com\/wp-content\/uploads\/2024\/01\/Felipe_Gonzalez_MarieAnneDaye_5-1024x683.jpg 1024w, https:\/\/www.infotetquebec.com\/wp-content\/uploads\/2024\/01\/Felipe_Gonzalez_MarieAnneDaye_5-1536x1024.jpg 1536w, https:\/\/www.infotetquebec.com\/wp-content\/uploads\/2024\/01\/Felipe_Gonzalez_MarieAnneDaye_5-2048x1365.jpg 2048w\" sizes=\"(max-width: 768px) 100vw, 768px\" \/>\t\t\t\t\t\t\t\t\t\t\t<figcaption class=\"widget-image-caption wp-caption-text\">Durante las visitas, el c\u00f3nsul comparte informaci\u00f3n \u00fatil para los trabajadores y distribuye la gu\u00eda de informaci\u00f3n general biling\u00fce espa\u00f1ol-franc\u00e9s concebida por Immigrant Qu\u00e9bec.<\/figcaption>\n\t\t\t\t\t\t\t\t\t\t<\/figure>\n\t\t\t\t\t\t\t\t\t<\/div>\n\t\t\t\t<\/div>\n\t\t\t\t\t<\/div>\n\t\t<\/div>\n\t\t\t\t\t<\/div>\n\t\t<\/section>\n\t\t\t\t<section class=\"elementor-section elementor-top-section elementor-element elementor-element-20aa02a elementor-section-boxed elementor-section-height-default elementor-section-height-default\" data-id=\"20aa02a\" data-element_type=\"section\" data-e-type=\"section\">\n\t\t\t\t\t\t<div class=\"elementor-container elementor-column-gap-default\">\n\t\t\t\t\t<div class=\"elementor-column elementor-col-100 elementor-top-column elementor-element elementor-element-b5d3aa5\" data-id=\"b5d3aa5\" data-element_type=\"column\" data-e-type=\"column\">\n\t\t\t<div class=\"elementor-widget-wrap elementor-element-populated\">\n\t\t\t\t\t\t<div class=\"elementor-element elementor-element-2125aca elementor-widget elementor-widget-image\" data-id=\"2125aca\" data-element_type=\"widget\" data-e-type=\"widget\" data-widget_type=\"image.default\">\n\t\t\t\t<div class=\"elementor-widget-container\">\n\t\t\t\t\t\t\t\t\t\t\t\t\t\t\t<img decoding=\"async\" width=\"768\" height=\"512\" src=\"https:\/\/www.infotetquebec.com\/wp-content\/uploads\/2024\/01\/Felipe_Gonzalez_MarieAnneDaye_7-768x512.jpg\" class=\"attachment-medium_large size-medium_large wp-image-11173\" alt=\"\" srcset=\"https:\/\/www.infotetquebec.com\/wp-content\/uploads\/2024\/01\/Felipe_Gonzalez_MarieAnneDaye_7-768x512.jpg 768w, https:\/\/www.infotetquebec.com\/wp-content\/uploads\/2024\/01\/Felipe_Gonzalez_MarieAnneDaye_7-300x200.jpg 300w, https:\/\/www.infotetquebec.com\/wp-content\/uploads\/2024\/01\/Felipe_Gonzalez_MarieAnneDaye_7-1024x683.jpg 1024w, https:\/\/www.infotetquebec.com\/wp-content\/uploads\/2024\/01\/Felipe_Gonzalez_MarieAnneDaye_7-1536x1025.jpg 1536w, https:\/\/www.infotetquebec.com\/wp-content\/uploads\/2024\/01\/Felipe_Gonzalez_MarieAnneDaye_7.jpg 2048w\" sizes=\"(max-width: 768px) 100vw, 768px\" \/>\t\t\t\t\t\t\t\t\t\t\t\t\t\t\t<\/div>\n\t\t\t\t<\/div>\n\t\t\t\t\t<\/div>\n\t\t<\/div>\n\t\t\t\t\t<\/div>\n\t\t<\/section>\n\t\t\t\t<section class=\"elementor-section elementor-top-section elementor-element elementor-element-69de14c elementor-section-boxed elementor-section-height-default elementor-section-height-default\" data-id=\"69de14c\" data-element_type=\"section\" data-e-type=\"section\">\n\t\t\t\t\t\t<div class=\"elementor-container elementor-column-gap-default\">\n\t\t\t\t\t<div class=\"elementor-column elementor-col-100 elementor-top-column elementor-element elementor-element-579fb91\" data-id=\"579fb91\" data-element_type=\"column\" data-e-type=\"column\">\n\t\t\t<div class=\"elementor-widget-wrap elementor-element-populated\">\n\t\t\t\t\t\t<div class=\"elementor-element elementor-element-30ed75b elementor-widget elementor-widget-text-editor\" data-id=\"30ed75b\" data-element_type=\"widget\" data-e-type=\"widget\" data-widget_type=\"text-editor.default\">\n\t\t\t\t<div class=\"elementor-widget-container\">\n\t\t\t\t\t\t\t\t\t<p style=\"font-weight: 400;\">Adem\u00e1s, tenemos un enfoque de caso por caso, por ejemplo, si existen problemas en cuanto al salario, entablamos negociaciones con los empleadores o supervisores para evaluar, mediar y encontrar una soluci\u00f3n. Somos una representaci\u00f3n extranjera y nuestras acciones se rigen por la Convenci\u00f3n de Viena sobre Relaciones Consulares, por lo que no podemos permitirnos todo, por ejemplo, no podemos realizar inspecciones, porque ese no es nuestro rol. Nuestro papel, sobre todo en el marco del PTAS, son las visitas de cortes\u00eda y verificar si hay inconformidades. Si este es el caso, informamos a nuestros contactos canadienses y quebequenses, en particular a Service Canada y a la CNESST.<\/p><p style=\"font-weight: 400;\"><strong>\u00bfQu\u00e9 cambios deber\u00edan realizarse para mejorar las condiciones de los trabajadores mexicanos en Quebec?<\/strong><\/p><p style=\"font-weight: 400;\">Actualmente, uno de nuestros objetivos es expandir el PTAS hacia otros sectores. Cada vez son m\u00e1s los mexicanos que vienen a trabajar en el sector restaurantero, hoteler\u00eda, servicios, etc. Hay muchos desaf\u00edos en el PTAT, pero el programa permite ubicar a los trabajadores por su nombre y por su lugar de trabajo. Esto nos permite tener un enfoque de protecci\u00f3n preventiva. Esto est\u00e1 muy supervisado y organizado.<\/p><p style=\"font-weight: 400;\">Si es lo que desean, queremos que los trabajadores tengan la oportunidad de permanecer en Canad\u00e1. Que sean contabilizados los a\u00f1os que pasan \u200b\u200baqu\u00ed. La mayor\u00eda quiere venir, ganar algo de dinero y regresar a casa, pero algunos desean quedarse y traer a sus familias. Nos gustar\u00eda darles esa oportunidad en el marco del PTAS. Tambi\u00e9n queremos discutir la posibilidad de eliminar dos cosas: <a href=\"https:\/\/www.canada.ca\/fr\/emploi-developpement-social\/services\/travailleurs-etrangers\/agricoles\/agricoles-saisonniers.html\" target=\"_blank\" rel=\"noopener\">los ocho meses, el plazo m\u00e1ximo para permanecer y la barrera del 15 de diciembre<\/a>. Estas medidas se implementaron para permitir la circularidad del programa, lo cual no est\u00e1 mal, pero nos gustar\u00eda que fuera una opci\u00f3n. Tambi\u00e9n creo que una mayor tasa de sindicalizaci\u00f3n podr\u00eda ayudar a los trabajadores.<\/p><p style=\"font-weight: 400;\">Eventualmente, debemos aspirar a permisos que sean m\u00e1s flexibles, que permitan, en el caso de la PTAS, la transferencia entre lugares de trabajo. Por ejemplo, que en este programa los traslados fueran posibles, dar\u00eda al trabajador la libertad para elegir el lugar de trabajo. Por ejemplo, en el 2023 hubo 1,330 transferencias entre empresas bajo el PTAS de una poblaci\u00f3n de alrededor de 6,500. Quiz\u00e1s incluso deber\u00edamos aspirar a permisos de trabajo sectoriales, permisos de trabajo regionales o incluso permisos de trabajo abierto. Creo que el problema actual con los permisos de trabajo cerrado es que el trabajador est\u00e1 atado a los deseos del empleador. Evidentemente hay muy buenos empleadores, pero cuando un trabajador se encuentra con un mal empleador, puede solicitar el permiso de trabajo abierto para trabajadores vulnerables (PTOTV), que simplemente es una medida temporal. Necesitamos pensar en c\u00f3mo realizar estos cambios de manera ordenada. Evidentemente hay corresponsabilidad entre el gobierno de Canad\u00e1 y el de M\u00e9xico.<\/p><p style=\"font-weight: 400;\"><strong>\u00bfCu\u00e1l es tu mayor logro del 2023 en el consulado?<\/strong><strong>\u00a0<\/strong><\/p><p style=\"font-weight: 400;\">El a\u00f1o 2023 fue bastante complicado porque tuvimos varios casos muy complejos de protecci\u00f3n consular. Lamentablemente tambi\u00e9n tuvimos decesos. Si comparamos el a\u00f1o 2022 con el a\u00f1o 2023, en 2022 tuvimos alrededor de un centenar de casos de protecci\u00f3n consular no PTAS (hay que tener en cuenta el efecto de la pandemia porque en febrero todav\u00eda hab\u00eda restricciones de viaje, por tanto, menos turistas) y en 2023 ser\u00e1n alrededor de 900.<\/p><p style=\"font-weight: 400;\">En el 2023 realizamos m\u00e1s acciones: visitamos 40 centros de trabajo en Quebec y las provincias del Atl\u00e1ntico, fortalecimos nuestros v\u00ednculos con actores clave como<\/p><p style=\"font-weight: 400;\">Service Canada, el Minist\u00e8re de l\u2019Immigration, de la Francisation et de l&#8217;Int\u00e9gration (MIFI), la Commission des normes, de l&#8217;\u00e9quit\u00e9, de la sant\u00e9 et de la s\u00e9curit\u00e9 du travail\u00a0(CNESST), organizaciones sin \u00e1nimo de lucro (OSAL) como Immigrant Qu\u00e9bec con la que vemos los resultados de este trabajo, sobre todo cuando hablamos con los trabajadores: est\u00e1n mucho m\u00e1s informados, m\u00e1s equipados. Tambi\u00e9n nos acercamos a otros actores con los que a\u00fan no trabaj\u00e1bamos, en particular la S\u00fbret\u00e9 du Qu\u00e9bec. En el marco de la protecci\u00f3n preventiva firmamos en el 2022 un acuerdo con Guatemala, El Salvador y Honduras, precisamente por ser pa\u00edses de origen de trabajadores extranjeros temporales. En el 2023 dimos gran importancia a esta colaboraci\u00f3n.<\/p><p style=\"font-weight: 400;\"><strong>\u00bfHay alg\u00fan momento o encuentro que te haya marcado especialmente en el 2023?<\/strong><\/p><p style=\"font-weight: 400;\">Siempre escucho historias cuando visito a los trabajadores, historias que me conmueven. Historias de c\u00f3mo el programa ayud\u00f3 a los trabajadores a pagar la universidad y mejorar las vidas de los ni\u00f1os en todo el pa\u00eds. A menudo no pensamos en el impacto de nuestro trabajo en toda la comunidad.<\/p><p style=\"font-weight: 400;\">Visitamos a las personas que est\u00e1n en prisi\u00f3n, hablamos con ellas, las escuchamos, tratamos de entender por qu\u00e9 est\u00e1n en esa situaci\u00f3n y nos aseguramos de que est\u00e9n representadas por un abogado. A veces hay personas que est\u00e1n hospitalizadas y hay que hablar con sus familiares. A veces hay que anunciar una muerte. Este a\u00f1o tuve que anunciar cuatro. A una semana de mi llegada, comenc\u00e9 con <a href=\"https:\/\/ici.radio-canada.ca\/rci\/fr\/nouvelle\/2030638\/boxe-coroner-zapata-mort#:~:text=\u00e0%20la%20fin%20du%20quatri\u00e8me,boxeuse%20ne%20semblait%20pas%20d\u00e9class\u00e9e%20.\" target=\"_blank\" rel=\"noopener\">el lamentable caso de la boxeadora mexicana que falleci\u00f3<\/a> y tuve que comunic\u00e1rselo a su padre. Lo resent\u00ed. Aprendemos, tenemos herramientas, pero es una carga emocional.<\/p><p style=\"font-weight: 400;\"><strong>\u00bfQu\u00e9 te depara el 2024 dentro del Consulado? <\/strong><\/p><p style=\"font-weight: 400;\">El a\u00f1o 2024 estar\u00e1 marcado por el 50 aniversario de la PTAS. Aspiramos, no solamente a los cambios habituales que se hacen cada a\u00f1o en el contrato, sino que queremos ampliar el espectro de las entidades que se sientan a la mesa de negociaciones con nosotros para cambiar el contrato, actualizarlo, pero tambi\u00e9n actualizar el programa en relaci\u00f3n con las necesidades que tenemos en el 2024. Si en el 2023 terminamos el a\u00f1o con 900 y algunos casos de protecci\u00f3n consular, el a\u00f1o 2024 no ser\u00e1 diferente, ya que nuestra di\u00e1spora est\u00e1 cambiando en n\u00famero y perfiles.<\/p>\t\t\t\t\t\t\t\t<\/div>\n\t\t\t\t<\/div>\n\t\t\t\t\t<\/div>\n\t\t<\/div>\n\t\t\t\t\t<\/div>\n\t\t<\/section>\n\t\t\t\t<section class=\"elementor-section elementor-top-section elementor-element elementor-element-bc75a3d elementor-section-boxed elementor-section-height-default elementor-section-height-default\" data-id=\"bc75a3d\" data-element_type=\"section\" data-e-type=\"section\">\n\t\t\t\t\t\t<div class=\"elementor-container elementor-column-gap-default\">\n\t\t\t\t\t<div class=\"elementor-column elementor-col-100 elementor-top-column elementor-element elementor-element-bba5a66\" data-id=\"bba5a66\" data-element_type=\"column\" data-e-type=\"column\">\n\t\t\t<div class=\"elementor-widget-wrap elementor-element-populated\">\n\t\t\t\t\t\t<div class=\"elementor-element elementor-element-04d0519 elementor-skin-carousel elementor-arrows-yes elementor-pagination-type-bullets elementor-pagination-position-outside elementor-widget elementor-widget-media-carousel\" data-id=\"04d0519\" data-element_type=\"widget\" data-e-type=\"widget\" data-settings=\"{&quot;slides_per_view&quot;:&quot;1&quot;,&quot;space_between&quot;:{&quot;unit&quot;:&quot;px&quot;,&quot;size&quot;:9,&quot;sizes&quot;:[]},&quot;skin&quot;:&quot;carousel&quot;,&quot;effect&quot;:&quot;slide&quot;,&quot;show_arrows&quot;:&quot;yes&quot;,&quot;pagination&quot;:&quot;bullets&quot;,&quot;speed&quot;:500,&quot;autoplay&quot;:&quot;yes&quot;,&quot;autoplay_speed&quot;:5000,&quot;loop&quot;:&quot;yes&quot;,&quot;pause_on_hover&quot;:&quot;yes&quot;,&quot;pause_on_interaction&quot;:&quot;yes&quot;,&quot;space_between_tablet&quot;:{&quot;unit&quot;:&quot;px&quot;,&quot;size&quot;:10,&quot;sizes&quot;:[]},&quot;space_between_mobile&quot;:{&quot;unit&quot;:&quot;px&quot;,&quot;size&quot;:10,&quot;sizes&quot;:[]}}\" data-widget_type=\"media-carousel.default\">\n\t\t\t\t<div class=\"elementor-widget-container\">\n\t\t\t\t\t\t\t\t\t<div class=\"elementor-swiper\">\n\t\t\t\t\t<div class=\"elementor-main-swiper swiper\" role=\"region\" aria-roledescription=\"carousel\" aria-label=\"Diapositivas\">\n\t\t\t\t<div class=\"swiper-wrapper\">\n\t\t\t\t\t\t\t\t\t\t\t<div class=\"swiper-slide\" role=\"group\" aria-roledescription=\"slide\">\n\t\t\t\t\t\t\t\t\t<div class=\"elementor-carousel-image\" role=\"img\" aria-label=\"Felipe_Gonzalez_MarieAnneDaye_2\" style=\"background-image: url(&#039;https:\/\/www.infotetquebec.com\/wp-content\/uploads\/2024\/01\/Felipe_Gonzalez_MarieAnneDaye_2-scaled.jpg&#039;)\">\n\n\t\t\t\n\t\t\t\t\t<\/div>\n\t\t\t\t\t\t\t\t<\/div>\n\t\t\t\t\t\t\t\t\t\t\t<div class=\"swiper-slide\" role=\"group\" aria-roledescription=\"slide\">\n\t\t\t\t\t\t\t\t\t<div class=\"elementor-carousel-image\" role=\"img\" aria-label=\"Felipe_Gonzalez_MarieAnneDaye_6\" style=\"background-image: url(&#039;https:\/\/www.infotetquebec.com\/wp-content\/uploads\/2024\/01\/Felipe_Gonzalez_MarieAnneDaye_6-scaled.jpg&#039;)\">\n\n\t\t\t\n\t\t\t\t\t<\/div>\n\t\t\t\t\t\t\t\t<\/div>\n\t\t\t\t\t\t\t\t\t\t\t<div class=\"swiper-slide\" role=\"group\" aria-roledescription=\"slide\">\n\t\t\t\t\t\t\t\t\t<div class=\"elementor-carousel-image\" role=\"img\" aria-label=\"Felipe_Gonzalez_MarieAnneDaye_4\" style=\"background-image: url(&#039;https:\/\/www.infotetquebec.com\/wp-content\/uploads\/2024\/01\/Felipe_Gonzalez_MarieAnneDaye_4-scaled.jpg&#039;)\">\n\n\t\t\t\n\t\t\t\t\t<\/div>\n\t\t\t\t\t\t\t\t<\/div>\n\t\t\t\t\t\t\t\t\t<\/div>\n\t\t\t\t\t\t\t\t\t\t\t\t\t\t\t<div class=\"elementor-swiper-button elementor-swiper-button-prev\" role=\"button\" tabindex=\"0\" aria-label=\"Anterior\">\n\t\t\t\t\t\t\t<svg aria-hidden=\"true\" class=\"e-font-icon-svg e-eicon-chevron-left\" viewBox=\"0 0 1000 1000\" xmlns=\"http:\/\/www.w3.org\/2000\/svg\"><path d=\"M646 125C629 125 613 133 604 142L308 442C296 454 292 471 292 487 292 504 296 521 308 533L604 854C617 867 629 875 646 875 663 875 679 871 692 858 704 846 713 829 713 812 713 796 708 779 692 767L438 487 692 225C700 217 708 204 708 187 708 171 704 154 692 142 675 129 663 125 646 125Z\"><\/path><\/svg>\t\t\t\t\t\t<\/div>\n\t\t\t\t\t\t<div class=\"elementor-swiper-button elementor-swiper-button-next\" role=\"button\" tabindex=\"0\" aria-label=\"Siguiente\">\n\t\t\t\t\t\t\t<svg aria-hidden=\"true\" class=\"e-font-icon-svg e-eicon-chevron-right\" viewBox=\"0 0 1000 1000\" xmlns=\"http:\/\/www.w3.org\/2000\/svg\"><path d=\"M696 533C708 521 713 504 713 487 713 471 708 454 696 446L400 146C388 133 375 125 354 125 338 125 325 129 313 142 300 154 292 171 292 187 292 204 296 221 308 233L563 492 304 771C292 783 288 800 288 817 288 833 296 850 308 863 321 871 338 875 354 875 371 875 388 867 400 854L696 533Z\"><\/path><\/svg>\t\t\t\t\t\t<\/div>\n\t\t\t\t\t\t\t\t\t\t\t\t\t\t\t\t<div class=\"swiper-pagination\"><\/div>\n\t\t\t\t\t\t\t\t\t\t\t\t<\/div>\n\t\t\t\t<\/div>\n\t\t\t\t\t\t\t\t<\/div>\n\t\t\t\t<\/div>\n\t\t\t\t\t<\/div>\n\t\t<\/div>\n\t\t\t\t\t<\/div>\n\t\t<\/section>\n\t\t\t\t<section class=\"elementor-section elementor-top-section elementor-element elementor-element-e9edec5 elementor-section-boxed elementor-section-height-default elementor-section-height-default\" data-id=\"e9edec5\" data-element_type=\"section\" data-e-type=\"section\">\n\t\t\t\t\t\t<div class=\"elementor-container elementor-column-gap-default\">\n\t\t\t\t\t<div class=\"elementor-column elementor-col-100 elementor-top-column elementor-element elementor-element-e306673\" data-id=\"e306673\" data-element_type=\"column\" data-e-type=\"column\">\n\t\t\t<div class=\"elementor-widget-wrap elementor-element-populated\">\n\t\t\t\t\t\t<div class=\"elementor-element elementor-element-09230b6 elementor-widget elementor-widget-text-editor\" data-id=\"09230b6\" data-element_type=\"widget\" data-e-type=\"widget\" data-widget_type=\"text-editor.default\">\n\t\t\t\t<div class=\"elementor-widget-container\">\n\t\t\t\t\t\t\t\t\t<h6 style=\"font-weight: 400; text-align: center;\"><em>Felipe Gonz\u00e1lez Lugo M\u00e9ndez y una parte de su equipo en el Consulado de M\u00e9xico en Montreal.<\/em><\/h6><p style=\"font-weight: 400; text-align: center;\">\u00a0<\/p>\t\t\t\t\t\t\t\t<\/div>\n\t\t\t\t<\/div>\n\t\t\t\t\t<\/div>\n\t\t<\/div>\n\t\t\t\t\t<\/div>\n\t\t<\/section>\n\t\t\t\t<section class=\"elementor-section elementor-top-section elementor-element elementor-element-d35c8c7 elementor-section-boxed elementor-section-height-default elementor-section-height-default\" data-id=\"d35c8c7\" data-element_type=\"section\" data-e-type=\"section\">\n\t\t\t\t\t\t<div class=\"elementor-container elementor-column-gap-default\">\n\t\t\t\t\t<div class=\"elementor-column elementor-col-100 elementor-top-column elementor-element elementor-element-19eda53\" data-id=\"19eda53\" data-element_type=\"column\" data-e-type=\"column\">\n\t\t\t<div class=\"elementor-widget-wrap elementor-element-populated\">\n\t\t\t\t\t\t<div class=\"elementor-element elementor-element-e71c86a elementor-widget elementor-widget-text-editor\" data-id=\"e71c86a\" data-element_type=\"widget\" data-e-type=\"widget\" data-widget_type=\"text-editor.default\">\n\t\t\t\t<div class=\"elementor-widget-container\">\n\t\t\t\t\t\t\t\t\t<p style=\"font-weight: 400;\">Afortunadamente tengo un equipo muy unido, muy comprometido y que trabaja mucho. En M\u00e9xico decimos \u201cque trae la camiseta bien puesta\u201d. Realmente creen en lo que hacen. Se lo toman muy en serio, muy comprometidos. Tambi\u00e9n tenemos al frente del Consulado a alguien que es muy receptivo, muy abierto y que apoya todo lo que proponemos. Es una cadena donde cada parte es importante.<\/p><p style=\"font-weight: 400;\">Se invita a los trabajadores extranjeros temporales a comunicarse con <a href=\"https:\/\/www.infotetquebec.com\/es\/consulados\/\">el Consulado de M\u00e9xico en Montreal<\/a> si necesitan informaci\u00f3n o protecci\u00f3n consular.<\/p><p><em>Este proyecto est\u00e1 financiado por el Gobierno de Canad\u00e1.<\/em><\/p>\t\t\t\t\t\t\t\t<\/div>\n\t\t\t\t<\/div>\n\t\t\t\t\t<\/div>\n\t\t<\/div>\n\t\t\t\t\t<\/div>\n\t\t<\/section>\n\t\t\t\t<\/div>\n\t\t","protected":false},"excerpt":{"rendered":"<p>El Departamento de Protecci\u00f3n Consular y el Programa de Trabajadores Agr\u00edcolas Temporales (PTAS) del Consulado de M\u00e9xico en Montreal trabajan de diferentes maneras con los TET mexicanos. Para comprender su&#8230; <a class=\"more-link\" href=\"https:\/\/www.infotetquebec.com\/es\/mexicanos-trabajadores-extranjeros-temporales\/\">Leer m\u00e1s<\/a><\/p>\n","protected":false},"author":17,"featured_media":11162,"comment_status":"closed","ping_status":"open","sticky":false,"template":"","format":"standard","meta":{"_genesis_hide_title":false,"_genesis_hide_breadcrumbs":false,"_genesis_hide_singular_image":false,"_genesis_hide_footer_widgets":false,"_genesis_custom_body_class":"","_genesis_custom_post_class":"","_genesis_layout":"","footnotes":""},"categories":[54],"tags":[298],"class_list":["post-11160","post","type-post","status-publish","format-standard","has-post-thumbnail","category-noticias","tag-consulado-mexico-montreal","entry"],"yoast_head":"<!-- This site is optimized with the Yoast SEO plugin v27.5 - https:\/\/yoast.com\/product\/yoast-seo-wordpress\/ -->\n<title>Mexicanos trabajadores extranjeros temporales: hacia una protecci\u00f3n fortalecida - Infotetquebec<\/title>\n<meta name=\"description\" content=\"El Consulado de M\u00e9xico en Montreal trabaja con trabajadores extranjeros temporales mexicanos. Nos reunimos con el C\u00f3nsul Lugo M\u00e9ndez.\" \/>\n<meta name=\"robots\" content=\"index, follow, max-snippet:-1, max-image-preview:large, max-video-preview:-1\" \/>\n<link rel=\"canonical\" href=\"https:\/\/www.infotetquebec.com\/es\/mexicanos-trabajadores-extranjeros-temporales\/\" \/>\n<meta property=\"og:locale\" content=\"es_ES\" \/>\n<meta property=\"og:type\" content=\"article\" \/>\n<meta property=\"og:title\" content=\"Mexicanos trabajadores extranjeros temporales: hacia una protecci\u00f3n fortalecida - Infotetquebec\" \/>\n<meta property=\"og:description\" content=\"El Consulado de M\u00e9xico en Montreal trabaja con trabajadores extranjeros temporales mexicanos. Nos reunimos con el C\u00f3nsul Lugo M\u00e9ndez.\" \/>\n<meta property=\"og:url\" content=\"https:\/\/www.infotetquebec.com\/es\/mexicanos-trabajadores-extranjeros-temporales\/\" \/>\n<meta property=\"og:site_name\" content=\"Infotetquebec\" \/>\n<meta property=\"article:publisher\" content=\"https:\/\/www.facebook.com\/profile.php?id=100089616676260\" \/>\n<meta property=\"article:published_time\" content=\"2024-01-22T16:56:11+00:00\" \/>\n<meta property=\"article:modified_time\" content=\"2024-01-22T18:24:28+00:00\" \/>\n<meta property=\"og:image\" content=\"https:\/\/www.infotetquebec.com\/wp-content\/uploads\/2024\/01\/Felipe_Gonzalez_MarieAnneDaye_1-scaled.jpg\" \/>\n\t<meta property=\"og:image:width\" content=\"2560\" \/>\n\t<meta property=\"og:image:height\" content=\"1707\" \/>\n\t<meta property=\"og:image:type\" content=\"image\/jpeg\" \/>\n<meta name=\"author\" content=\"Francisco Salazar\" \/>\n<meta name=\"twitter:card\" content=\"summary_large_image\" \/>\n<meta name=\"twitter:label1\" content=\"Escrito por\" \/>\n\t<meta name=\"twitter:data1\" content=\"Francisco Salazar\" \/>\n\t<meta name=\"twitter:label2\" content=\"Tiempo de lectura\" \/>\n\t<meta name=\"twitter:data2\" content=\"10 minutos\" \/>\n<script type=\"application\/ld+json\" class=\"yoast-schema-graph\">{\"@context\":\"https:\\\/\\\/schema.org\",\"@graph\":[{\"@type\":\"Article\",\"@id\":\"https:\\\/\\\/www.infotetquebec.com\\\/es\\\/mexicanos-trabajadores-extranjeros-temporales\\\/#article\",\"isPartOf\":{\"@id\":\"https:\\\/\\\/www.infotetquebec.com\\\/es\\\/mexicanos-trabajadores-extranjeros-temporales\\\/\"},\"author\":{\"name\":\"Francisco Salazar\",\"@id\":\"https:\\\/\\\/www.infotetquebec.com\\\/es\\\/#\\\/schema\\\/person\\\/2e6e3396cc4022408f480098052d9329\"},\"headline\":\"Mexicanos trabajadores extranjeros temporales: hacia una protecci\u00f3n fortalecida\",\"datePublished\":\"2024-01-22T16:56:11+00:00\",\"dateModified\":\"2024-01-22T18:24:28+00:00\",\"mainEntityOfPage\":{\"@id\":\"https:\\\/\\\/www.infotetquebec.com\\\/es\\\/mexicanos-trabajadores-extranjeros-temporales\\\/\"},\"wordCount\":1776,\"publisher\":{\"@id\":\"https:\\\/\\\/www.infotetquebec.com\\\/es\\\/#organization\"},\"image\":{\"@id\":\"https:\\\/\\\/www.infotetquebec.com\\\/es\\\/mexicanos-trabajadores-extranjeros-temporales\\\/#primaryimage\"},\"thumbnailUrl\":\"https:\\\/\\\/www.infotetquebec.com\\\/wp-content\\\/uploads\\\/2024\\\/01\\\/Felipe_Gonzalez_MarieAnneDaye_1-scaled.jpg\",\"keywords\":[\"consulado Mexico Montreal\"],\"articleSection\":[\"Art\u00edculos\"],\"inLanguage\":\"es\"},{\"@type\":\"WebPage\",\"@id\":\"https:\\\/\\\/www.infotetquebec.com\\\/es\\\/mexicanos-trabajadores-extranjeros-temporales\\\/\",\"url\":\"https:\\\/\\\/www.infotetquebec.com\\\/es\\\/mexicanos-trabajadores-extranjeros-temporales\\\/\",\"name\":\"Mexicanos trabajadores extranjeros temporales: hacia una protecci\u00f3n fortalecida - Infotetquebec\",\"isPartOf\":{\"@id\":\"https:\\\/\\\/www.infotetquebec.com\\\/es\\\/#website\"},\"primaryImageOfPage\":{\"@id\":\"https:\\\/\\\/www.infotetquebec.com\\\/es\\\/mexicanos-trabajadores-extranjeros-temporales\\\/#primaryimage\"},\"image\":{\"@id\":\"https:\\\/\\\/www.infotetquebec.com\\\/es\\\/mexicanos-trabajadores-extranjeros-temporales\\\/#primaryimage\"},\"thumbnailUrl\":\"https:\\\/\\\/www.infotetquebec.com\\\/wp-content\\\/uploads\\\/2024\\\/01\\\/Felipe_Gonzalez_MarieAnneDaye_1-scaled.jpg\",\"datePublished\":\"2024-01-22T16:56:11+00:00\",\"dateModified\":\"2024-01-22T18:24:28+00:00\",\"description\":\"El Consulado de M\u00e9xico en Montreal trabaja con trabajadores extranjeros temporales mexicanos. Nos reunimos con el C\u00f3nsul Lugo M\u00e9ndez.\",\"breadcrumb\":{\"@id\":\"https:\\\/\\\/www.infotetquebec.com\\\/es\\\/mexicanos-trabajadores-extranjeros-temporales\\\/#breadcrumb\"},\"inLanguage\":\"es\",\"potentialAction\":[{\"@type\":\"ReadAction\",\"target\":[\"https:\\\/\\\/www.infotetquebec.com\\\/es\\\/mexicanos-trabajadores-extranjeros-temporales\\\/\"]}]},{\"@type\":\"ImageObject\",\"inLanguage\":\"es\",\"@id\":\"https:\\\/\\\/www.infotetquebec.com\\\/es\\\/mexicanos-trabajadores-extranjeros-temporales\\\/#primaryimage\",\"url\":\"https:\\\/\\\/www.infotetquebec.com\\\/wp-content\\\/uploads\\\/2024\\\/01\\\/Felipe_Gonzalez_MarieAnneDaye_1-scaled.jpg\",\"contentUrl\":\"https:\\\/\\\/www.infotetquebec.com\\\/wp-content\\\/uploads\\\/2024\\\/01\\\/Felipe_Gonzalez_MarieAnneDaye_1-scaled.jpg\",\"width\":2560,\"height\":1707},{\"@type\":\"BreadcrumbList\",\"@id\":\"https:\\\/\\\/www.infotetquebec.com\\\/es\\\/mexicanos-trabajadores-extranjeros-temporales\\\/#breadcrumb\",\"itemListElement\":[{\"@type\":\"ListItem\",\"position\":1,\"name\":\"Accueil\",\"item\":\"https:\\\/\\\/www.infotetquebec.com\\\/es\\\/\"},{\"@type\":\"ListItem\",\"position\":2,\"name\":\"Mexicanos trabajadores extranjeros temporales: hacia una protecci\u00f3n fortalecida\"}]},{\"@type\":\"WebSite\",\"@id\":\"https:\\\/\\\/www.infotetquebec.com\\\/es\\\/#website\",\"url\":\"https:\\\/\\\/www.infotetquebec.com\\\/es\\\/\",\"name\":\"Infotetquebec\",\"description\":\"Info et soutien aux TET\",\"publisher\":{\"@id\":\"https:\\\/\\\/www.infotetquebec.com\\\/es\\\/#organization\"},\"potentialAction\":[{\"@type\":\"SearchAction\",\"target\":{\"@type\":\"EntryPoint\",\"urlTemplate\":\"https:\\\/\\\/www.infotetquebec.com\\\/es\\\/?s={search_term_string}\"},\"query-input\":{\"@type\":\"PropertyValueSpecification\",\"valueRequired\":true,\"valueName\":\"search_term_string\"}}],\"inLanguage\":\"es\"},{\"@type\":\"Organization\",\"@id\":\"https:\\\/\\\/www.infotetquebec.com\\\/es\\\/#organization\",\"name\":\"InfoTETQuebec\",\"url\":\"https:\\\/\\\/www.infotetquebec.com\\\/es\\\/\",\"logo\":{\"@type\":\"ImageObject\",\"inLanguage\":\"es\",\"@id\":\"https:\\\/\\\/www.infotetquebec.com\\\/es\\\/#\\\/schema\\\/logo\\\/image\\\/\",\"url\":\"https:\\\/\\\/www.infotetquebec.com\\\/wp-content\\\/uploads\\\/2021\\\/02\\\/cropped-IMQC_TET_Favicon_Fav-Icon_Fav-Icon-1.png\",\"contentUrl\":\"https:\\\/\\\/www.infotetquebec.com\\\/wp-content\\\/uploads\\\/2021\\\/02\\\/cropped-IMQC_TET_Favicon_Fav-Icon_Fav-Icon-1.png\",\"width\":512,\"height\":512,\"caption\":\"InfoTETQuebec\"},\"image\":{\"@id\":\"https:\\\/\\\/www.infotetquebec.com\\\/es\\\/#\\\/schema\\\/logo\\\/image\\\/\"},\"sameAs\":[\"https:\\\/\\\/www.facebook.com\\\/profile.php?id=100089616676260\"]},{\"@type\":\"Person\",\"@id\":\"https:\\\/\\\/www.infotetquebec.com\\\/es\\\/#\\\/schema\\\/person\\\/2e6e3396cc4022408f480098052d9329\",\"name\":\"Francisco Salazar\",\"image\":{\"@type\":\"ImageObject\",\"inLanguage\":\"es\",\"@id\":\"https:\\\/\\\/secure.gravatar.com\\\/avatar\\\/817253c5e9df69797a44385a77c231c8e9f92864af0861b091a2081006623cc3?s=96&d=mm&r=g\",\"url\":\"https:\\\/\\\/secure.gravatar.com\\\/avatar\\\/817253c5e9df69797a44385a77c231c8e9f92864af0861b091a2081006623cc3?s=96&d=mm&r=g\",\"contentUrl\":\"https:\\\/\\\/secure.gravatar.com\\\/avatar\\\/817253c5e9df69797a44385a77c231c8e9f92864af0861b091a2081006623cc3?s=96&d=mm&r=g\",\"caption\":\"Francisco Salazar\"},\"description\":\"Superviseur \u00e0 la coordination\",\"url\":\"https:\\\/\\\/www.infotetquebec.com\\\/es\\\/author\\\/francisco-salazarimmigrantquebec-com\\\/\"}]}<\/script>\n<!-- \/ Yoast SEO plugin. -->","yoast_head_json":{"title":"Mexicanos trabajadores extranjeros temporales: hacia una protecci\u00f3n fortalecida - Infotetquebec","description":"El Consulado de M\u00e9xico en Montreal trabaja con trabajadores extranjeros temporales mexicanos. Nos reunimos con el C\u00f3nsul Lugo M\u00e9ndez.","robots":{"index":"index","follow":"follow","max-snippet":"max-snippet:-1","max-image-preview":"max-image-preview:large","max-video-preview":"max-video-preview:-1"},"canonical":"https:\/\/www.infotetquebec.com\/es\/mexicanos-trabajadores-extranjeros-temporales\/","og_locale":"es_ES","og_type":"article","og_title":"Mexicanos trabajadores extranjeros temporales: hacia una protecci\u00f3n fortalecida - Infotetquebec","og_description":"El Consulado de M\u00e9xico en Montreal trabaja con trabajadores extranjeros temporales mexicanos. Nos reunimos con el C\u00f3nsul Lugo M\u00e9ndez.","og_url":"https:\/\/www.infotetquebec.com\/es\/mexicanos-trabajadores-extranjeros-temporales\/","og_site_name":"Infotetquebec","article_publisher":"https:\/\/www.facebook.com\/profile.php?id=100089616676260","article_published_time":"2024-01-22T16:56:11+00:00","article_modified_time":"2024-01-22T18:24:28+00:00","og_image":[{"width":2560,"height":1707,"url":"https:\/\/www.infotetquebec.com\/wp-content\/uploads\/2024\/01\/Felipe_Gonzalez_MarieAnneDaye_1-scaled.jpg","type":"image\/jpeg"}],"author":"Francisco Salazar","twitter_card":"summary_large_image","twitter_misc":{"Escrito por":"Francisco Salazar","Tiempo de lectura":"10 minutos"},"schema":{"@context":"https:\/\/schema.org","@graph":[{"@type":"Article","@id":"https:\/\/www.infotetquebec.com\/es\/mexicanos-trabajadores-extranjeros-temporales\/#article","isPartOf":{"@id":"https:\/\/www.infotetquebec.com\/es\/mexicanos-trabajadores-extranjeros-temporales\/"},"author":{"name":"Francisco Salazar","@id":"https:\/\/www.infotetquebec.com\/es\/#\/schema\/person\/2e6e3396cc4022408f480098052d9329"},"headline":"Mexicanos trabajadores extranjeros temporales: hacia una protecci\u00f3n fortalecida","datePublished":"2024-01-22T16:56:11+00:00","dateModified":"2024-01-22T18:24:28+00:00","mainEntityOfPage":{"@id":"https:\/\/www.infotetquebec.com\/es\/mexicanos-trabajadores-extranjeros-temporales\/"},"wordCount":1776,"publisher":{"@id":"https:\/\/www.infotetquebec.com\/es\/#organization"},"image":{"@id":"https:\/\/www.infotetquebec.com\/es\/mexicanos-trabajadores-extranjeros-temporales\/#primaryimage"},"thumbnailUrl":"https:\/\/www.infotetquebec.com\/wp-content\/uploads\/2024\/01\/Felipe_Gonzalez_MarieAnneDaye_1-scaled.jpg","keywords":["consulado Mexico Montreal"],"articleSection":["Art\u00edculos"],"inLanguage":"es"},{"@type":"WebPage","@id":"https:\/\/www.infotetquebec.com\/es\/mexicanos-trabajadores-extranjeros-temporales\/","url":"https:\/\/www.infotetquebec.com\/es\/mexicanos-trabajadores-extranjeros-temporales\/","name":"Mexicanos trabajadores extranjeros temporales: hacia una protecci\u00f3n fortalecida - Infotetquebec","isPartOf":{"@id":"https:\/\/www.infotetquebec.com\/es\/#website"},"primaryImageOfPage":{"@id":"https:\/\/www.infotetquebec.com\/es\/mexicanos-trabajadores-extranjeros-temporales\/#primaryimage"},"image":{"@id":"https:\/\/www.infotetquebec.com\/es\/mexicanos-trabajadores-extranjeros-temporales\/#primaryimage"},"thumbnailUrl":"https:\/\/www.infotetquebec.com\/wp-content\/uploads\/2024\/01\/Felipe_Gonzalez_MarieAnneDaye_1-scaled.jpg","datePublished":"2024-01-22T16:56:11+00:00","dateModified":"2024-01-22T18:24:28+00:00","description":"El Consulado de M\u00e9xico en Montreal trabaja con trabajadores extranjeros temporales mexicanos. Nos reunimos con el C\u00f3nsul Lugo M\u00e9ndez.","breadcrumb":{"@id":"https:\/\/www.infotetquebec.com\/es\/mexicanos-trabajadores-extranjeros-temporales\/#breadcrumb"},"inLanguage":"es","potentialAction":[{"@type":"ReadAction","target":["https:\/\/www.infotetquebec.com\/es\/mexicanos-trabajadores-extranjeros-temporales\/"]}]},{"@type":"ImageObject","inLanguage":"es","@id":"https:\/\/www.infotetquebec.com\/es\/mexicanos-trabajadores-extranjeros-temporales\/#primaryimage","url":"https:\/\/www.infotetquebec.com\/wp-content\/uploads\/2024\/01\/Felipe_Gonzalez_MarieAnneDaye_1-scaled.jpg","contentUrl":"https:\/\/www.infotetquebec.com\/wp-content\/uploads\/2024\/01\/Felipe_Gonzalez_MarieAnneDaye_1-scaled.jpg","width":2560,"height":1707},{"@type":"BreadcrumbList","@id":"https:\/\/www.infotetquebec.com\/es\/mexicanos-trabajadores-extranjeros-temporales\/#breadcrumb","itemListElement":[{"@type":"ListItem","position":1,"name":"Accueil","item":"https:\/\/www.infotetquebec.com\/es\/"},{"@type":"ListItem","position":2,"name":"Mexicanos trabajadores extranjeros temporales: hacia una protecci\u00f3n fortalecida"}]},{"@type":"WebSite","@id":"https:\/\/www.infotetquebec.com\/es\/#website","url":"https:\/\/www.infotetquebec.com\/es\/","name":"Infotetquebec","description":"Info et soutien aux TET","publisher":{"@id":"https:\/\/www.infotetquebec.com\/es\/#organization"},"potentialAction":[{"@type":"SearchAction","target":{"@type":"EntryPoint","urlTemplate":"https:\/\/www.infotetquebec.com\/es\/?s={search_term_string}"},"query-input":{"@type":"PropertyValueSpecification","valueRequired":true,"valueName":"search_term_string"}}],"inLanguage":"es"},{"@type":"Organization","@id":"https:\/\/www.infotetquebec.com\/es\/#organization","name":"InfoTETQuebec","url":"https:\/\/www.infotetquebec.com\/es\/","logo":{"@type":"ImageObject","inLanguage":"es","@id":"https:\/\/www.infotetquebec.com\/es\/#\/schema\/logo\/image\/","url":"https:\/\/www.infotetquebec.com\/wp-content\/uploads\/2021\/02\/cropped-IMQC_TET_Favicon_Fav-Icon_Fav-Icon-1.png","contentUrl":"https:\/\/www.infotetquebec.com\/wp-content\/uploads\/2021\/02\/cropped-IMQC_TET_Favicon_Fav-Icon_Fav-Icon-1.png","width":512,"height":512,"caption":"InfoTETQuebec"},"image":{"@id":"https:\/\/www.infotetquebec.com\/es\/#\/schema\/logo\/image\/"},"sameAs":["https:\/\/www.facebook.com\/profile.php?id=100089616676260"]},{"@type":"Person","@id":"https:\/\/www.infotetquebec.com\/es\/#\/schema\/person\/2e6e3396cc4022408f480098052d9329","name":"Francisco Salazar","image":{"@type":"ImageObject","inLanguage":"es","@id":"https:\/\/secure.gravatar.com\/avatar\/817253c5e9df69797a44385a77c231c8e9f92864af0861b091a2081006623cc3?s=96&d=mm&r=g","url":"https:\/\/secure.gravatar.com\/avatar\/817253c5e9df69797a44385a77c231c8e9f92864af0861b091a2081006623cc3?s=96&d=mm&r=g","contentUrl":"https:\/\/secure.gravatar.com\/avatar\/817253c5e9df69797a44385a77c231c8e9f92864af0861b091a2081006623cc3?s=96&d=mm&r=g","caption":"Francisco Salazar"},"description":"Superviseur \u00e0 la coordination","url":"https:\/\/www.infotetquebec.com\/es\/author\/francisco-salazarimmigrantquebec-com\/"}]}},"rttpg_featured_image_url":{"full":["https:\/\/www.infotetquebec.com\/wp-content\/uploads\/2024\/01\/Felipe_Gonzalez_MarieAnneDaye_1-scaled.jpg",2560,1707,false],"landscape":["https:\/\/www.infotetquebec.com\/wp-content\/uploads\/2024\/01\/Felipe_Gonzalez_MarieAnneDaye_1-scaled.jpg",2560,1707,false],"portraits":["https:\/\/www.infotetquebec.com\/wp-content\/uploads\/2024\/01\/Felipe_Gonzalez_MarieAnneDaye_1-scaled.jpg",2560,1707,false],"thumbnail":["https:\/\/www.infotetquebec.com\/wp-content\/uploads\/2024\/01\/Felipe_Gonzalez_MarieAnneDaye_1-300x150.jpg",300,150,true],"medium":["https:\/\/www.infotetquebec.com\/wp-content\/uploads\/2024\/01\/Felipe_Gonzalez_MarieAnneDaye_1-300x200.jpg",300,200,true],"large":["https:\/\/www.infotetquebec.com\/wp-content\/uploads\/2024\/01\/Felipe_Gonzalez_MarieAnneDaye_1-1024x683.jpg",1024,683,true],"1536x1536":["https:\/\/www.infotetquebec.com\/wp-content\/uploads\/2024\/01\/Felipe_Gonzalez_MarieAnneDaye_1-1536x1024.jpg",1536,1024,true],"2048x2048":["https:\/\/www.infotetquebec.com\/wp-content\/uploads\/2024\/01\/Felipe_Gonzalez_MarieAnneDaye_1-2048x1365.jpg",2048,1365,true],"sidebar-featured":["https:\/\/www.infotetquebec.com\/wp-content\/uploads\/2024\/01\/Felipe_Gonzalez_MarieAnneDaye_1-75x75.jpg",75,75,true],"genesis-singular-images":["https:\/\/www.infotetquebec.com\/wp-content\/uploads\/2024\/01\/Felipe_Gonzalez_MarieAnneDaye_1-702x526.jpg",702,526,true]},"rttpg_author":{"display_name":"Francisco Salazar","author_link":"https:\/\/www.infotetquebec.com\/es\/author\/francisco-salazarimmigrantquebec-com\/"},"rttpg_comment":0,"rttpg_category":"<a href=\"https:\/\/www.infotetquebec.com\/es\/noticias\/\" rel=\"category tag\">Art\u00edculos<\/a>","rttpg_excerpt":"El Departamento de Protecci\u00f3n Consular y el Programa de Trabajadores Agr\u00edcolas Temporales (PTAS) del Consulado de M\u00e9xico en Montreal trabajan de diferentes maneras con los TET mexicanos. Para comprender su... Leer m\u00e1s","_links":{"self":[{"href":"https:\/\/www.infotetquebec.com\/es\/wp-json\/wp\/v2\/posts\/11160","targetHints":{"allow":["GET"]}}],"collection":[{"href":"https:\/\/www.infotetquebec.com\/es\/wp-json\/wp\/v2\/posts"}],"about":[{"href":"https:\/\/www.infotetquebec.com\/es\/wp-json\/wp\/v2\/types\/post"}],"author":[{"embeddable":true,"href":"https:\/\/www.infotetquebec.com\/es\/wp-json\/wp\/v2\/users\/17"}],"replies":[{"embeddable":true,"href":"https:\/\/www.infotetquebec.com\/es\/wp-json\/wp\/v2\/comments?post=11160"}],"version-history":[{"count":11,"href":"https:\/\/www.infotetquebec.com\/es\/wp-json\/wp\/v2\/posts\/11160\/revisions"}],"predecessor-version":[{"id":11231,"href":"https:\/\/www.infotetquebec.com\/es\/wp-json\/wp\/v2\/posts\/11160\/revisions\/11231"}],"wp:featuredmedia":[{"embeddable":true,"href":"https:\/\/www.infotetquebec.com\/es\/wp-json\/wp\/v2\/media\/11162"}],"wp:attachment":[{"href":"https:\/\/www.infotetquebec.com\/es\/wp-json\/wp\/v2\/media?parent=11160"}],"wp:term":[{"taxonomy":"category","embeddable":true,"href":"https:\/\/www.infotetquebec.com\/es\/wp-json\/wp\/v2\/categories?post=11160"},{"taxonomy":"post_tag","embeddable":true,"href":"https:\/\/www.infotetquebec.com\/es\/wp-json\/wp\/v2\/tags?post=11160"}],"curies":[{"name":"wp","href":"https:\/\/api.w.org\/{rel}","templated":true}]}}