{"id":11114,"date":"2024-01-09T15:42:07","date_gmt":"2024-01-09T20:42:07","guid":{"rendered":"https:\/\/www.infotetquebec.com\/conducir-en-invierno-la-saaq-da-sus-consejos\/"},"modified":"2024-01-09T15:50:11","modified_gmt":"2024-01-09T20:50:11","slug":"conducir-en-invierno-la-saaq-da-sus-consejos","status":"publish","type":"post","link":"https:\/\/www.infotetquebec.com\/es\/conducir-en-invierno-la-saaq-da-sus-consejos\/","title":{"rendered":"Conducir en invierno : la SAAQ da sus consejos"},"content":{"rendered":"\t\t<div data-elementor-type=\"wp-post\" data-elementor-id=\"11114\" class=\"elementor elementor-11114 elementor-11102\" data-elementor-post-type=\"post\">\n\t\t\t\t\t\t<section class=\"elementor-section elementor-top-section elementor-element elementor-element-d681d56 elementor-section-boxed elementor-section-height-default elementor-section-height-default\" data-id=\"d681d56\" data-element_type=\"section\" data-e-type=\"section\">\n\t\t\t\t\t\t<div class=\"elementor-container elementor-column-gap-default\">\n\t\t\t\t\t<div class=\"elementor-column elementor-col-100 elementor-top-column elementor-element elementor-element-45bf9ce\" data-id=\"45bf9ce\" data-element_type=\"column\" data-e-type=\"column\">\n\t\t\t<div class=\"elementor-widget-wrap elementor-element-populated\">\n\t\t\t\t\t\t<div class=\"elementor-element elementor-element-783be67 elementor-widget elementor-widget-text-editor\" data-id=\"783be67\" data-element_type=\"widget\" data-e-type=\"widget\" data-widget_type=\"text-editor.default\">\n\t\t\t\t<div class=\"elementor-widget-container\">\n\t\t\t\t\t\t\t\t\t<p><strong>InfoTET Qu\u00e9bec y la Soci\u00e9t\u00e9 de l&#8217;assurance automobile du Qu\u00e9bec (SAAQ) han producido v\u00eddeos destinados a los trabajadores temporales extranjeros para informarles sobre determinados temas relacionados con la conducci\u00f3n en Quebec. \u00a1Aqu\u00ed est\u00e1 el primero de la serie, sobre la conducci\u00f3n en invierno!<\/strong><\/p>\n<p>V\u00eddeo Marie-Anne Day\u00e9<\/p>\n\t\t\t\t\t\t\t\t<\/div>\n\t\t\t\t<\/div>\n\t\t\t\t\t<\/div>\n\t\t<\/div>\n\t\t\t\t\t<\/div>\n\t\t<\/section>\n\t\t\t\t<section class=\"elementor-section elementor-top-section elementor-element elementor-element-c1ea6ae elementor-section-boxed elementor-section-height-default elementor-section-height-default\" data-id=\"c1ea6ae\" data-element_type=\"section\" data-e-type=\"section\">\n\t\t\t\t\t\t<div class=\"elementor-container elementor-column-gap-default\">\n\t\t\t\t\t<div class=\"elementor-column elementor-col-100 elementor-top-column elementor-element elementor-element-0e5cc1b\" data-id=\"0e5cc1b\" data-element_type=\"column\" data-e-type=\"column\">\n\t\t\t<div class=\"elementor-widget-wrap elementor-element-populated\">\n\t\t\t\t\t\t<div class=\"elementor-element elementor-element-a31f7d8 elementor-widget elementor-widget-video\" data-id=\"a31f7d8\" data-element_type=\"widget\" data-e-type=\"widget\" data-settings=\"{&quot;youtube_url&quot;:&quot;https:\\\/\\\/www.youtube.com\\\/watch?v=Nadx9u9SpzU&quot;,&quot;video_type&quot;:&quot;youtube&quot;,&quot;controls&quot;:&quot;yes&quot;}\" data-widget_type=\"video.default\">\n\t\t\t\t<div class=\"elementor-widget-container\">\n\t\t\t\t\t\t\t<div class=\"elementor-wrapper elementor-open-inline\">\n\t\t\t<div class=\"elementor-video\"><\/div>\t\t<\/div>\n\t\t\t\t\t\t<\/div>\n\t\t\t\t<\/div>\n\t\t\t\t\t<\/div>\n\t\t<\/div>\n\t\t\t\t\t<\/div>\n\t\t<\/section>\n\t\t\t\t<\/div>\n\t\t","protected":false},"excerpt":{"rendered":"<p>InfoTET Qu\u00e9bec y la Soci\u00e9t\u00e9 de l&#8217;assurance automobile du Qu\u00e9bec (SAAQ) han producido v\u00eddeos destinados a los trabajadores temporales extranjeros para informarles sobre determinados temas relacionados con la conducci\u00f3n en&#8230; <a class=\"more-link\" href=\"https:\/\/www.infotetquebec.com\/es\/conducir-en-invierno-la-saaq-da-sus-consejos\/\">Leer m\u00e1s<\/a><\/p>\n","protected":false},"author":17,"featured_media":11118,"comment_status":"closed","ping_status":"open","sticky":false,"template":"","format":"standard","meta":{"_genesis_hide_title":false,"_genesis_hide_breadcrumbs":false,"_genesis_hide_singular_image":false,"_genesis_hide_footer_widgets":false,"_genesis_custom_body_class":"","_genesis_custom_post_class":"","_genesis_layout":"","footnotes":""},"categories":[142],"tags":[295],"class_list":["post-11114","post","type-post","status-publish","format-standard","has-post-thumbnail","category-breves","tag-societe-de-lassurance-automobile-du-quebec-saaq-es","entry"],"yoast_head":"<!-- This site is optimized with the Yoast SEO plugin v27.4 - https:\/\/yoast.com\/product\/yoast-seo-wordpress\/ -->\n<title>Conducir en invierno : la SAAQ da sus consejos - Infotetquebec<\/title>\n<meta name=\"robots\" content=\"index, follow, max-snippet:-1, max-image-preview:large, max-video-preview:-1\" \/>\n<link rel=\"canonical\" href=\"https:\/\/www.infotetquebec.com\/es\/conducir-en-invierno-la-saaq-da-sus-consejos\/\" \/>\n<meta property=\"og:locale\" content=\"es_ES\" \/>\n<meta property=\"og:type\" content=\"article\" \/>\n<meta property=\"og:title\" content=\"Conducir en invierno : la SAAQ da sus consejos - Infotetquebec\" \/>\n<meta property=\"og:description\" content=\"InfoTET Qu\u00e9bec y la Soci\u00e9t\u00e9 de l&#8217;assurance automobile du Qu\u00e9bec (SAAQ) han producido v\u00eddeos destinados a los trabajadores temporales extranjeros para informarles sobre determinados temas relacionados con la conducci\u00f3n en... Leer m\u00e1s\" \/>\n<meta property=\"og:url\" content=\"https:\/\/www.infotetquebec.com\/es\/conducir-en-invierno-la-saaq-da-sus-consejos\/\" \/>\n<meta property=\"og:site_name\" content=\"Infotetquebec\" \/>\n<meta property=\"article:publisher\" content=\"https:\/\/www.facebook.com\/profile.php?id=100089616676260\" \/>\n<meta property=\"article:published_time\" content=\"2024-01-09T20:42:07+00:00\" \/>\n<meta property=\"article:modified_time\" content=\"2024-01-09T20:50:11+00:00\" \/>\n<meta property=\"og:image\" content=\"https:\/\/www.infotetquebec.com\/wp-content\/uploads\/2024\/01\/Canva_SAAQ-ESP.png\" \/>\n\t<meta property=\"og:image:width\" content=\"1280\" \/>\n\t<meta property=\"og:image:height\" content=\"720\" \/>\n\t<meta property=\"og:image:type\" content=\"image\/png\" \/>\n<meta name=\"author\" content=\"Francisco Salazar\" \/>\n<meta name=\"twitter:card\" content=\"summary_large_image\" \/>\n<meta name=\"twitter:label1\" content=\"Escrito por\" \/>\n\t<meta name=\"twitter:data1\" content=\"Francisco Salazar\" \/>\n\t<meta name=\"twitter:label2\" content=\"Tiempo de lectura\" \/>\n\t<meta name=\"twitter:data2\" content=\"1 minuto\" \/>\n<script type=\"application\/ld+json\" class=\"yoast-schema-graph\">{\"@context\":\"https:\\\/\\\/schema.org\",\"@graph\":[{\"@type\":\"Article\",\"@id\":\"https:\\\/\\\/www.infotetquebec.com\\\/es\\\/conducir-en-invierno-la-saaq-da-sus-consejos\\\/#article\",\"isPartOf\":{\"@id\":\"https:\\\/\\\/www.infotetquebec.com\\\/es\\\/conducir-en-invierno-la-saaq-da-sus-consejos\\\/\"},\"author\":{\"name\":\"Francisco Salazar\",\"@id\":\"https:\\\/\\\/www.infotetquebec.com\\\/es\\\/#\\\/schema\\\/person\\\/2e6e3396cc4022408f480098052d9329\"},\"headline\":\"Conducir en invierno : la SAAQ da sus consejos\",\"datePublished\":\"2024-01-09T20:42:07+00:00\",\"dateModified\":\"2024-01-09T20:50:11+00:00\",\"mainEntityOfPage\":{\"@id\":\"https:\\\/\\\/www.infotetquebec.com\\\/es\\\/conducir-en-invierno-la-saaq-da-sus-consejos\\\/\"},\"wordCount\":71,\"publisher\":{\"@id\":\"https:\\\/\\\/www.infotetquebec.com\\\/es\\\/#organization\"},\"image\":{\"@id\":\"https:\\\/\\\/www.infotetquebec.com\\\/es\\\/conducir-en-invierno-la-saaq-da-sus-consejos\\\/#primaryimage\"},\"thumbnailUrl\":\"https:\\\/\\\/www.infotetquebec.com\\\/wp-content\\\/uploads\\\/2024\\\/01\\\/Canva_SAAQ-ESP.png\",\"keywords\":[\"Soci\u00e9t\u00e9 de l'assurance automobile du Qu\u00e9bec (SAAQ)\"],\"articleSection\":[\"Breves\"],\"inLanguage\":\"es\"},{\"@type\":\"WebPage\",\"@id\":\"https:\\\/\\\/www.infotetquebec.com\\\/es\\\/conducir-en-invierno-la-saaq-da-sus-consejos\\\/\",\"url\":\"https:\\\/\\\/www.infotetquebec.com\\\/es\\\/conducir-en-invierno-la-saaq-da-sus-consejos\\\/\",\"name\":\"Conducir en invierno : la SAAQ da sus consejos - Infotetquebec\",\"isPartOf\":{\"@id\":\"https:\\\/\\\/www.infotetquebec.com\\\/es\\\/#website\"},\"primaryImageOfPage\":{\"@id\":\"https:\\\/\\\/www.infotetquebec.com\\\/es\\\/conducir-en-invierno-la-saaq-da-sus-consejos\\\/#primaryimage\"},\"image\":{\"@id\":\"https:\\\/\\\/www.infotetquebec.com\\\/es\\\/conducir-en-invierno-la-saaq-da-sus-consejos\\\/#primaryimage\"},\"thumbnailUrl\":\"https:\\\/\\\/www.infotetquebec.com\\\/wp-content\\\/uploads\\\/2024\\\/01\\\/Canva_SAAQ-ESP.png\",\"datePublished\":\"2024-01-09T20:42:07+00:00\",\"dateModified\":\"2024-01-09T20:50:11+00:00\",\"breadcrumb\":{\"@id\":\"https:\\\/\\\/www.infotetquebec.com\\\/es\\\/conducir-en-invierno-la-saaq-da-sus-consejos\\\/#breadcrumb\"},\"inLanguage\":\"es\",\"potentialAction\":[{\"@type\":\"ReadAction\",\"target\":[\"https:\\\/\\\/www.infotetquebec.com\\\/es\\\/conducir-en-invierno-la-saaq-da-sus-consejos\\\/\"]}]},{\"@type\":\"ImageObject\",\"inLanguage\":\"es\",\"@id\":\"https:\\\/\\\/www.infotetquebec.com\\\/es\\\/conducir-en-invierno-la-saaq-da-sus-consejos\\\/#primaryimage\",\"url\":\"https:\\\/\\\/www.infotetquebec.com\\\/wp-content\\\/uploads\\\/2024\\\/01\\\/Canva_SAAQ-ESP.png\",\"contentUrl\":\"https:\\\/\\\/www.infotetquebec.com\\\/wp-content\\\/uploads\\\/2024\\\/01\\\/Canva_SAAQ-ESP.png\",\"width\":1280,\"height\":720},{\"@type\":\"BreadcrumbList\",\"@id\":\"https:\\\/\\\/www.infotetquebec.com\\\/es\\\/conducir-en-invierno-la-saaq-da-sus-consejos\\\/#breadcrumb\",\"itemListElement\":[{\"@type\":\"ListItem\",\"position\":1,\"name\":\"Accueil\",\"item\":\"https:\\\/\\\/www.infotetquebec.com\\\/es\\\/\"},{\"@type\":\"ListItem\",\"position\":2,\"name\":\"Conducir en invierno : la SAAQ da sus consejos\"}]},{\"@type\":\"WebSite\",\"@id\":\"https:\\\/\\\/www.infotetquebec.com\\\/es\\\/#website\",\"url\":\"https:\\\/\\\/www.infotetquebec.com\\\/es\\\/\",\"name\":\"Infotetquebec\",\"description\":\"Info et soutien aux TET\",\"publisher\":{\"@id\":\"https:\\\/\\\/www.infotetquebec.com\\\/es\\\/#organization\"},\"potentialAction\":[{\"@type\":\"SearchAction\",\"target\":{\"@type\":\"EntryPoint\",\"urlTemplate\":\"https:\\\/\\\/www.infotetquebec.com\\\/es\\\/?s={search_term_string}\"},\"query-input\":{\"@type\":\"PropertyValueSpecification\",\"valueRequired\":true,\"valueName\":\"search_term_string\"}}],\"inLanguage\":\"es\"},{\"@type\":\"Organization\",\"@id\":\"https:\\\/\\\/www.infotetquebec.com\\\/es\\\/#organization\",\"name\":\"InfoTETQuebec\",\"url\":\"https:\\\/\\\/www.infotetquebec.com\\\/es\\\/\",\"logo\":{\"@type\":\"ImageObject\",\"inLanguage\":\"es\",\"@id\":\"https:\\\/\\\/www.infotetquebec.com\\\/es\\\/#\\\/schema\\\/logo\\\/image\\\/\",\"url\":\"https:\\\/\\\/www.infotetquebec.com\\\/wp-content\\\/uploads\\\/2021\\\/02\\\/cropped-IMQC_TET_Favicon_Fav-Icon_Fav-Icon-1.png\",\"contentUrl\":\"https:\\\/\\\/www.infotetquebec.com\\\/wp-content\\\/uploads\\\/2021\\\/02\\\/cropped-IMQC_TET_Favicon_Fav-Icon_Fav-Icon-1.png\",\"width\":512,\"height\":512,\"caption\":\"InfoTETQuebec\"},\"image\":{\"@id\":\"https:\\\/\\\/www.infotetquebec.com\\\/es\\\/#\\\/schema\\\/logo\\\/image\\\/\"},\"sameAs\":[\"https:\\\/\\\/www.facebook.com\\\/profile.php?id=100089616676260\"]},{\"@type\":\"Person\",\"@id\":\"https:\\\/\\\/www.infotetquebec.com\\\/es\\\/#\\\/schema\\\/person\\\/2e6e3396cc4022408f480098052d9329\",\"name\":\"Francisco Salazar\",\"image\":{\"@type\":\"ImageObject\",\"inLanguage\":\"es\",\"@id\":\"https:\\\/\\\/secure.gravatar.com\\\/avatar\\\/817253c5e9df69797a44385a77c231c8e9f92864af0861b091a2081006623cc3?s=96&d=mm&r=g\",\"url\":\"https:\\\/\\\/secure.gravatar.com\\\/avatar\\\/817253c5e9df69797a44385a77c231c8e9f92864af0861b091a2081006623cc3?s=96&d=mm&r=g\",\"contentUrl\":\"https:\\\/\\\/secure.gravatar.com\\\/avatar\\\/817253c5e9df69797a44385a77c231c8e9f92864af0861b091a2081006623cc3?s=96&d=mm&r=g\",\"caption\":\"Francisco Salazar\"},\"description\":\"Superviseur \u00e0 la coordination\",\"url\":\"https:\\\/\\\/www.infotetquebec.com\\\/es\\\/author\\\/francisco-salazarimmigrantquebec-com\\\/\"}]}<\/script>\n<!-- \/ Yoast SEO plugin. -->","yoast_head_json":{"title":"Conducir en invierno : la SAAQ da sus consejos - Infotetquebec","robots":{"index":"index","follow":"follow","max-snippet":"max-snippet:-1","max-image-preview":"max-image-preview:large","max-video-preview":"max-video-preview:-1"},"canonical":"https:\/\/www.infotetquebec.com\/es\/conducir-en-invierno-la-saaq-da-sus-consejos\/","og_locale":"es_ES","og_type":"article","og_title":"Conducir en invierno : la SAAQ da sus consejos - Infotetquebec","og_description":"InfoTET Qu\u00e9bec y la Soci\u00e9t\u00e9 de l&#8217;assurance automobile du Qu\u00e9bec (SAAQ) han producido v\u00eddeos destinados a los trabajadores temporales extranjeros para informarles sobre determinados temas relacionados con la conducci\u00f3n en... Leer m\u00e1s","og_url":"https:\/\/www.infotetquebec.com\/es\/conducir-en-invierno-la-saaq-da-sus-consejos\/","og_site_name":"Infotetquebec","article_publisher":"https:\/\/www.facebook.com\/profile.php?id=100089616676260","article_published_time":"2024-01-09T20:42:07+00:00","article_modified_time":"2024-01-09T20:50:11+00:00","og_image":[{"width":1280,"height":720,"url":"https:\/\/www.infotetquebec.com\/wp-content\/uploads\/2024\/01\/Canva_SAAQ-ESP.png","type":"image\/png"}],"author":"Francisco Salazar","twitter_card":"summary_large_image","twitter_misc":{"Escrito por":"Francisco Salazar","Tiempo de lectura":"1 minuto"},"schema":{"@context":"https:\/\/schema.org","@graph":[{"@type":"Article","@id":"https:\/\/www.infotetquebec.com\/es\/conducir-en-invierno-la-saaq-da-sus-consejos\/#article","isPartOf":{"@id":"https:\/\/www.infotetquebec.com\/es\/conducir-en-invierno-la-saaq-da-sus-consejos\/"},"author":{"name":"Francisco Salazar","@id":"https:\/\/www.infotetquebec.com\/es\/#\/schema\/person\/2e6e3396cc4022408f480098052d9329"},"headline":"Conducir en invierno : la SAAQ da sus consejos","datePublished":"2024-01-09T20:42:07+00:00","dateModified":"2024-01-09T20:50:11+00:00","mainEntityOfPage":{"@id":"https:\/\/www.infotetquebec.com\/es\/conducir-en-invierno-la-saaq-da-sus-consejos\/"},"wordCount":71,"publisher":{"@id":"https:\/\/www.infotetquebec.com\/es\/#organization"},"image":{"@id":"https:\/\/www.infotetquebec.com\/es\/conducir-en-invierno-la-saaq-da-sus-consejos\/#primaryimage"},"thumbnailUrl":"https:\/\/www.infotetquebec.com\/wp-content\/uploads\/2024\/01\/Canva_SAAQ-ESP.png","keywords":["Soci\u00e9t\u00e9 de l'assurance automobile du Qu\u00e9bec (SAAQ)"],"articleSection":["Breves"],"inLanguage":"es"},{"@type":"WebPage","@id":"https:\/\/www.infotetquebec.com\/es\/conducir-en-invierno-la-saaq-da-sus-consejos\/","url":"https:\/\/www.infotetquebec.com\/es\/conducir-en-invierno-la-saaq-da-sus-consejos\/","name":"Conducir en invierno : la SAAQ da sus consejos - Infotetquebec","isPartOf":{"@id":"https:\/\/www.infotetquebec.com\/es\/#website"},"primaryImageOfPage":{"@id":"https:\/\/www.infotetquebec.com\/es\/conducir-en-invierno-la-saaq-da-sus-consejos\/#primaryimage"},"image":{"@id":"https:\/\/www.infotetquebec.com\/es\/conducir-en-invierno-la-saaq-da-sus-consejos\/#primaryimage"},"thumbnailUrl":"https:\/\/www.infotetquebec.com\/wp-content\/uploads\/2024\/01\/Canva_SAAQ-ESP.png","datePublished":"2024-01-09T20:42:07+00:00","dateModified":"2024-01-09T20:50:11+00:00","breadcrumb":{"@id":"https:\/\/www.infotetquebec.com\/es\/conducir-en-invierno-la-saaq-da-sus-consejos\/#breadcrumb"},"inLanguage":"es","potentialAction":[{"@type":"ReadAction","target":["https:\/\/www.infotetquebec.com\/es\/conducir-en-invierno-la-saaq-da-sus-consejos\/"]}]},{"@type":"ImageObject","inLanguage":"es","@id":"https:\/\/www.infotetquebec.com\/es\/conducir-en-invierno-la-saaq-da-sus-consejos\/#primaryimage","url":"https:\/\/www.infotetquebec.com\/wp-content\/uploads\/2024\/01\/Canva_SAAQ-ESP.png","contentUrl":"https:\/\/www.infotetquebec.com\/wp-content\/uploads\/2024\/01\/Canva_SAAQ-ESP.png","width":1280,"height":720},{"@type":"BreadcrumbList","@id":"https:\/\/www.infotetquebec.com\/es\/conducir-en-invierno-la-saaq-da-sus-consejos\/#breadcrumb","itemListElement":[{"@type":"ListItem","position":1,"name":"Accueil","item":"https:\/\/www.infotetquebec.com\/es\/"},{"@type":"ListItem","position":2,"name":"Conducir en invierno : la SAAQ da sus consejos"}]},{"@type":"WebSite","@id":"https:\/\/www.infotetquebec.com\/es\/#website","url":"https:\/\/www.infotetquebec.com\/es\/","name":"Infotetquebec","description":"Info et soutien aux TET","publisher":{"@id":"https:\/\/www.infotetquebec.com\/es\/#organization"},"potentialAction":[{"@type":"SearchAction","target":{"@type":"EntryPoint","urlTemplate":"https:\/\/www.infotetquebec.com\/es\/?s={search_term_string}"},"query-input":{"@type":"PropertyValueSpecification","valueRequired":true,"valueName":"search_term_string"}}],"inLanguage":"es"},{"@type":"Organization","@id":"https:\/\/www.infotetquebec.com\/es\/#organization","name":"InfoTETQuebec","url":"https:\/\/www.infotetquebec.com\/es\/","logo":{"@type":"ImageObject","inLanguage":"es","@id":"https:\/\/www.infotetquebec.com\/es\/#\/schema\/logo\/image\/","url":"https:\/\/www.infotetquebec.com\/wp-content\/uploads\/2021\/02\/cropped-IMQC_TET_Favicon_Fav-Icon_Fav-Icon-1.png","contentUrl":"https:\/\/www.infotetquebec.com\/wp-content\/uploads\/2021\/02\/cropped-IMQC_TET_Favicon_Fav-Icon_Fav-Icon-1.png","width":512,"height":512,"caption":"InfoTETQuebec"},"image":{"@id":"https:\/\/www.infotetquebec.com\/es\/#\/schema\/logo\/image\/"},"sameAs":["https:\/\/www.facebook.com\/profile.php?id=100089616676260"]},{"@type":"Person","@id":"https:\/\/www.infotetquebec.com\/es\/#\/schema\/person\/2e6e3396cc4022408f480098052d9329","name":"Francisco Salazar","image":{"@type":"ImageObject","inLanguage":"es","@id":"https:\/\/secure.gravatar.com\/avatar\/817253c5e9df69797a44385a77c231c8e9f92864af0861b091a2081006623cc3?s=96&d=mm&r=g","url":"https:\/\/secure.gravatar.com\/avatar\/817253c5e9df69797a44385a77c231c8e9f92864af0861b091a2081006623cc3?s=96&d=mm&r=g","contentUrl":"https:\/\/secure.gravatar.com\/avatar\/817253c5e9df69797a44385a77c231c8e9f92864af0861b091a2081006623cc3?s=96&d=mm&r=g","caption":"Francisco Salazar"},"description":"Superviseur \u00e0 la coordination","url":"https:\/\/www.infotetquebec.com\/es\/author\/francisco-salazarimmigrantquebec-com\/"}]}},"rttpg_featured_image_url":{"full":["https:\/\/www.infotetquebec.com\/wp-content\/uploads\/2024\/01\/Canva_SAAQ-ESP.png",1280,720,false],"landscape":["https:\/\/www.infotetquebec.com\/wp-content\/uploads\/2024\/01\/Canva_SAAQ-ESP.png",1280,720,false],"portraits":["https:\/\/www.infotetquebec.com\/wp-content\/uploads\/2024\/01\/Canva_SAAQ-ESP.png",1280,720,false],"thumbnail":["https:\/\/www.infotetquebec.com\/wp-content\/uploads\/2024\/01\/Canva_SAAQ-ESP-300x150.png",300,150,true],"medium":["https:\/\/www.infotetquebec.com\/wp-content\/uploads\/2024\/01\/Canva_SAAQ-ESP-300x169.png",300,169,true],"large":["https:\/\/www.infotetquebec.com\/wp-content\/uploads\/2024\/01\/Canva_SAAQ-ESP-1024x576.png",1024,576,true],"1536x1536":["https:\/\/www.infotetquebec.com\/wp-content\/uploads\/2024\/01\/Canva_SAAQ-ESP.png",1280,720,false],"2048x2048":["https:\/\/www.infotetquebec.com\/wp-content\/uploads\/2024\/01\/Canva_SAAQ-ESP.png",1280,720,false],"sidebar-featured":["https:\/\/www.infotetquebec.com\/wp-content\/uploads\/2024\/01\/Canva_SAAQ-ESP-75x75.png",75,75,true],"genesis-singular-images":["https:\/\/www.infotetquebec.com\/wp-content\/uploads\/2024\/01\/Canva_SAAQ-ESP-702x526.png",702,526,true]},"rttpg_author":{"display_name":"Francisco Salazar","author_link":"https:\/\/www.infotetquebec.com\/es\/author\/francisco-salazarimmigrantquebec-com\/"},"rttpg_comment":0,"rttpg_category":"<a href=\"https:\/\/www.infotetquebec.com\/es\/breves\/\" rel=\"category tag\">Breves<\/a>","rttpg_excerpt":"InfoTET Qu\u00e9bec y la Soci\u00e9t\u00e9 de l&#8217;assurance automobile du Qu\u00e9bec (SAAQ) han producido v\u00eddeos destinados a los trabajadores temporales extranjeros para informarles sobre determinados temas relacionados con la conducci\u00f3n en... Leer m\u00e1s","_links":{"self":[{"href":"https:\/\/www.infotetquebec.com\/es\/wp-json\/wp\/v2\/posts\/11114","targetHints":{"allow":["GET"]}}],"collection":[{"href":"https:\/\/www.infotetquebec.com\/es\/wp-json\/wp\/v2\/posts"}],"about":[{"href":"https:\/\/www.infotetquebec.com\/es\/wp-json\/wp\/v2\/types\/post"}],"author":[{"embeddable":true,"href":"https:\/\/www.infotetquebec.com\/es\/wp-json\/wp\/v2\/users\/17"}],"replies":[{"embeddable":true,"href":"https:\/\/www.infotetquebec.com\/es\/wp-json\/wp\/v2\/comments?post=11114"}],"version-history":[{"count":2,"href":"https:\/\/www.infotetquebec.com\/es\/wp-json\/wp\/v2\/posts\/11114\/revisions"}],"predecessor-version":[{"id":11121,"href":"https:\/\/www.infotetquebec.com\/es\/wp-json\/wp\/v2\/posts\/11114\/revisions\/11121"}],"wp:featuredmedia":[{"embeddable":true,"href":"https:\/\/www.infotetquebec.com\/es\/wp-json\/wp\/v2\/media\/11118"}],"wp:attachment":[{"href":"https:\/\/www.infotetquebec.com\/es\/wp-json\/wp\/v2\/media?parent=11114"}],"wp:term":[{"taxonomy":"category","embeddable":true,"href":"https:\/\/www.infotetquebec.com\/es\/wp-json\/wp\/v2\/categories?post=11114"},{"taxonomy":"post_tag","embeddable":true,"href":"https:\/\/www.infotetquebec.com\/es\/wp-json\/wp\/v2\/tags?post=11114"}],"curies":[{"name":"wp","href":"https:\/\/api.w.org\/{rel}","templated":true}]}}