{"id":28461,"date":"2026-04-22T09:12:10","date_gmt":"2026-04-22T13:12:10","guid":{"rendered":"https:\/\/www.infotetquebec.com\/tradition-and-connection-a-cabane-a-sucre-experience-for-temporary-foreign-workers\/"},"modified":"2026-04-29T09:13:06","modified_gmt":"2026-04-29T13:13:06","slug":"tradition-and-connection-a-cabane-a-sucre-experience-for-temporary-foreign-workers","status":"publish","type":"post","link":"https:\/\/www.infotetquebec.com\/en\/tradition-and-connection-a-cabane-a-sucre-experience-for-temporary-foreign-workers\/","title":{"rendered":"Tradition and connection: a cabane \u00e0 sucre experience for Temporary Foreign Workers"},"content":{"rendered":"\t\t<div data-elementor-type=\"wp-post\" data-elementor-id=\"28461\" class=\"elementor elementor-28461 elementor-28436\" data-elementor-post-type=\"post\">\n\t\t\t\t\t\t<section class=\"elementor-section elementor-top-section elementor-element elementor-element-d168431 elementor-section-boxed elementor-section-height-default elementor-section-height-default\" data-id=\"d168431\" data-element_type=\"section\" data-e-type=\"section\">\n\t\t\t\t\t\t<div class=\"elementor-container elementor-column-gap-default\">\n\t\t\t\t\t<div class=\"elementor-column elementor-col-100 elementor-top-column elementor-element elementor-element-29bfb24\" data-id=\"29bfb24\" data-element_type=\"column\" data-e-type=\"column\">\n\t\t\t<div class=\"elementor-widget-wrap elementor-element-populated\">\n\t\t\t\t\t\t<div class=\"elementor-element elementor-element-29bd6bc elementor-widget elementor-widget-text-editor\" data-id=\"29bd6bc\" data-element_type=\"widget\" data-e-type=\"widget\" data-widget_type=\"text-editor.default\">\n\t\t\t\t<div class=\"elementor-widget-container\">\n\t\t\t\t\t\t\t\t\t<p><span style=\"font-weight: 400;\">On March 22, 2026, a cultural activity took place at a cabane \u00e0 sucre in Mont-Saint-Gr\u00e9goire, organized by the organization <\/span><a href=\"https:\/\/lancre.ca\/\"><b>L\u2019ANCRE<\/b><\/a><span style=\"font-weight: 400;\">. The event was held at \u00c9rabli\u00e8re au Palais Sucr\u00e9, offering participants an authentic experience centered around one of Qu\u00e9bec\u2019s most iconic traditions.<\/span><\/p>\n\t\t\t\t\t\t\t\t<\/div>\n\t\t\t\t<\/div>\n\t\t\t\t<section class=\"elementor-section elementor-inner-section elementor-element elementor-element-184de26 elementor-section-boxed elementor-section-height-default elementor-section-height-default\" data-id=\"184de26\" data-element_type=\"section\" data-e-type=\"section\">\n\t\t\t\t\t\t<div class=\"elementor-container elementor-column-gap-default\">\n\t\t\t\t\t<div class=\"elementor-column elementor-col-50 elementor-inner-column elementor-element elementor-element-2016142\" data-id=\"2016142\" data-element_type=\"column\" data-e-type=\"column\">\n\t\t\t<div class=\"elementor-widget-wrap elementor-element-populated\">\n\t\t\t\t\t\t<div class=\"elementor-element elementor-element-a54b13b elementor-widget elementor-widget-image\" data-id=\"a54b13b\" data-element_type=\"widget\" data-e-type=\"widget\" data-widget_type=\"image.default\">\n\t\t\t\t<div class=\"elementor-widget-container\">\n\t\t\t\t\t\t\t\t\t\t\t\t\t\t\t<img fetchpriority=\"high\" decoding=\"async\" width=\"702\" height=\"526\" src=\"https:\/\/www.infotetquebec.com\/wp-content\/uploads\/2026\/04\/6.-Mont-Saint-Gregoire-QC_Cabane-a-sucre-pour-les-TET.--702x526.jpeg\" class=\"attachment-genesis-singular-images size-genesis-singular-images wp-image-28445\" alt=\"\" \/>\t\t\t\t\t\t\t\t\t\t\t\t\t\t\t<\/div>\n\t\t\t\t<\/div>\n\t\t\t\t\t<\/div>\n\t\t<\/div>\n\t\t\t\t<div class=\"elementor-column elementor-col-50 elementor-inner-column elementor-element elementor-element-b94a237\" data-id=\"b94a237\" data-element_type=\"column\" data-e-type=\"column\">\n\t\t\t<div class=\"elementor-widget-wrap elementor-element-populated\">\n\t\t\t\t\t\t<div class=\"elementor-element elementor-element-e82ce25 elementor-widget elementor-widget-text-editor\" data-id=\"e82ce25\" data-element_type=\"widget\" data-e-type=\"widget\" data-widget_type=\"text-editor.default\">\n\t\t\t\t<div class=\"elementor-widget-container\">\n\t\t\t\t\t\t\t\t\t<p><span style=\"font-weight: 400;\">Temporary Foreign Workers (TFWs) from Honduras, Colombia, and Guatemala participated in this activity, which took place in a warm, welcoming, and culturally engaging atmosphere. For many, it was a unique opportunity to discover local customs and experience the \u201csugar season\u201d firsthand. Throughout the day, participants enjoyed a traditional Qu\u00e9bec meal and outdoor activities that encouraged social interaction and strengthened connections among attendees. These types of experiences not only allow participants to explore local culture but also create spaces for connection and well-being outside of the workplace.<\/span><\/p>\n\t\t\t\t\t\t\t\t<\/div>\n\t\t\t\t<\/div>\n\t\t\t\t\t<\/div>\n\t\t<\/div>\n\t\t\t\t\t<\/div>\n\t\t<\/section>\n\t\t\t\t<div class=\"elementor-element elementor-element-50026ba elementor-widget elementor-widget-text-editor\" data-id=\"50026ba\" data-element_type=\"widget\" data-e-type=\"widget\" data-widget_type=\"text-editor.default\">\n\t\t\t\t<div class=\"elementor-widget-container\">\n\t\t\t\t\t\t\t\t\t<p><span style=\"font-weight: 400;\">As part of the activity, Jonathan Buitrago, Regional Coordinator of <\/span><a href=\"https:\/\/www.infotetquebec.com\/en\/\"><b>InfoTET<\/b><\/a><span style=\"font-weight: 400;\"> at <\/span><a href=\"https:\/\/immigrantquebec.com\/fr\/\"><b>Immigrant Qu\u00e9bec<\/b><\/a><span style=\"font-weight: 400;\">, presented the <\/span><a href=\"https:\/\/www.infotetquebec.com\/en\/\"><b>InfoTET<\/b><\/a><span style=\"font-weight: 400;\"> Qu\u00e9bec program and distributed the informational guide for TFWs. This resource provides practical tools on workers\u2019 rights and obligations, as well as key information about services and resources available across the province. The interaction with participants was especially enriching, making it possible to answer questions, identify needs, and reinforce <\/span><a href=\"https:\/\/www.infotetquebec.com\/en\/\"><b>InfoTET<\/b><\/a><span style=\"font-weight: 400;\">\u2019s mission: to provide clear, accessible, and useful information to support Temporary Foreign Workers throughout their stay in Qu\u00e9bec.<\/span><\/p>\n<p><span style=\"font-weight: 400;\">From <\/span><a href=\"https:\/\/www.infotetquebec.com\/en\/\"><b>InfoTET<\/b><\/a><span style=\"font-weight: 400;\">\u2019s perspective at <\/span><a href=\"https:\/\/immigrantquebec.com\/fr\/\"><b>Immigrant Qu\u00e9bec<\/b><\/a><span style=\"font-weight: 400;\">, this type of initiative plays a key role in promoting social integration, well-being, and access to essential information for TFWs. Activities like this help create meaningful spaces for connection, learning, and support, which are fundamental to the migration experience.<\/span><\/p>\n\t\t\t\t\t\t\t\t<\/div>\n\t\t\t\t<\/div>\n\t\t\t\t<section class=\"elementor-section elementor-inner-section elementor-element elementor-element-2747342 elementor-section-boxed elementor-section-height-default elementor-section-height-default\" data-id=\"2747342\" data-element_type=\"section\" data-e-type=\"section\">\n\t\t\t\t\t\t<div class=\"elementor-container elementor-column-gap-default\">\n\t\t\t\t\t<div class=\"elementor-column elementor-col-50 elementor-inner-column elementor-element elementor-element-c8c09bd\" data-id=\"c8c09bd\" data-element_type=\"column\" data-e-type=\"column\">\n\t\t\t<div class=\"elementor-widget-wrap elementor-element-populated\">\n\t\t\t\t\t\t<div class=\"elementor-element elementor-element-dfac326 elementor-widget elementor-widget-image\" data-id=\"dfac326\" data-element_type=\"widget\" data-e-type=\"widget\" data-widget_type=\"image.default\">\n\t\t\t\t<div class=\"elementor-widget-container\">\n\t\t\t\t\t\t\t\t\t\t\t\t\t\t\t<img decoding=\"async\" width=\"702\" height=\"526\" src=\"https:\/\/www.infotetquebec.com\/wp-content\/uploads\/2026\/04\/4.Mont-Saint-Gregoire-QC_Cabane-a-sucre-pour-les-TET.--702x526.jpeg\" class=\"attachment-genesis-singular-images size-genesis-singular-images wp-image-28448\" alt=\"\" srcset=\"https:\/\/www.infotetquebec.com\/wp-content\/uploads\/2026\/04\/4.Mont-Saint-Gregoire-QC_Cabane-a-sucre-pour-les-TET.--702x526.jpeg 702w, https:\/\/www.infotetquebec.com\/wp-content\/uploads\/2026\/04\/4.Mont-Saint-Gregoire-QC_Cabane-a-sucre-pour-les-TET.--300x225.jpeg 300w, https:\/\/www.infotetquebec.com\/wp-content\/uploads\/2026\/04\/4.Mont-Saint-Gregoire-QC_Cabane-a-sucre-pour-les-TET.--1024x768.jpeg 1024w, https:\/\/www.infotetquebec.com\/wp-content\/uploads\/2026\/04\/4.Mont-Saint-Gregoire-QC_Cabane-a-sucre-pour-les-TET.--768x576.jpeg 768w, https:\/\/www.infotetquebec.com\/wp-content\/uploads\/2026\/04\/4.Mont-Saint-Gregoire-QC_Cabane-a-sucre-pour-les-TET.-.jpeg 1280w\" sizes=\"(max-width: 702px) 100vw, 702px\" \/>\t\t\t\t\t\t\t\t\t\t\t\t\t\t\t<\/div>\n\t\t\t\t<\/div>\n\t\t\t\t\t<\/div>\n\t\t<\/div>\n\t\t\t\t<div class=\"elementor-column elementor-col-50 elementor-inner-column elementor-element elementor-element-ed3865e\" data-id=\"ed3865e\" data-element_type=\"column\" data-e-type=\"column\">\n\t\t\t<div class=\"elementor-widget-wrap elementor-element-populated\">\n\t\t\t\t\t\t<div class=\"elementor-element elementor-element-3184e83 elementor-widget elementor-widget-image\" data-id=\"3184e83\" data-element_type=\"widget\" data-e-type=\"widget\" data-widget_type=\"image.default\">\n\t\t\t\t<div class=\"elementor-widget-container\">\n\t\t\t\t\t\t\t\t\t\t\t\t\t\t\t<img decoding=\"async\" width=\"702\" height=\"526\" src=\"https:\/\/www.infotetquebec.com\/wp-content\/uploads\/2026\/04\/3.-Mont-Saint-Gregoire-QC_Cabane-a-sucre-pour-les-TET.--702x526.jpeg\" class=\"attachment-genesis-singular-images size-genesis-singular-images wp-image-28451\" alt=\"\" \/>\t\t\t\t\t\t\t\t\t\t\t\t\t\t\t<\/div>\n\t\t\t\t<\/div>\n\t\t\t\t\t<\/div>\n\t\t<\/div>\n\t\t\t\t\t<\/div>\n\t\t<\/section>\n\t\t\t\t<div class=\"elementor-element elementor-element-f258df2 elementor-widget elementor-widget-text-editor\" data-id=\"f258df2\" data-element_type=\"widget\" data-e-type=\"widget\" data-widget_type=\"text-editor.default\">\n\t\t\t\t<div class=\"elementor-widget-container\">\n\t\t\t\t\t\t\t\t\t<p><span style=\"font-weight: 400;\">We would like to sincerely thank the organization <\/span><a href=\"https:\/\/lancre.ca\/\"><b>L\u2019ANCRE<\/b><\/a><span style=\"font-weight: 400;\"> for coordinating this activity, as well as <\/span><b>Karla Duenas<\/b><span style=\"font-weight: 400;\"> for her commitment, dedication, and work in organizing the event. Their efforts make it possible for Temporary Foreign Workers to enjoy meaningful experiences that strengthen their integration and quality of life in Qu\u00e9bec.<\/span><\/p>\n\t\t\t\t\t\t\t\t<\/div>\n\t\t\t\t<\/div>\n\t\t\t\t\t<\/div>\n\t\t<\/div>\n\t\t\t\t\t<\/div>\n\t\t<\/section>\n\t\t\t\t<\/div>\n\t\t","protected":false},"excerpt":{"rendered":"<p>On March 22, 2026, a cultural activity took place at a cabane \u00e0 sucre in Mont-Saint-Gr\u00e9goire, organized by the organization L\u2019ANCRE. The event was held at \u00c9rabli\u00e8re au Palais Sucr\u00e9,&#8230; <a class=\"more-link\" href=\"https:\/\/www.infotetquebec.com\/en\/tradition-and-connection-a-cabane-a-sucre-experience-for-temporary-foreign-workers\/\">Read more<\/a><\/p>\n","protected":false},"author":24,"featured_media":28442,"comment_status":"closed","ping_status":"open","sticky":false,"template":"","format":"standard","meta":{"_genesis_hide_title":false,"_genesis_hide_breadcrumbs":false,"_genesis_hide_singular_image":false,"_genesis_hide_footer_widgets":false,"_genesis_custom_body_class":"","_genesis_custom_post_class":"","_genesis_layout":"","footnotes":""},"categories":[53],"tags":[],"class_list":["post-28461","post","type-post","status-publish","format-standard","has-post-thumbnail","category-articles","entry"],"yoast_head":"<!-- This site is optimized with the Yoast SEO plugin v27.5 - https:\/\/yoast.com\/product\/yoast-seo-wordpress\/ -->\n<title>Tradition and connection: a cabane \u00e0 sucre experience for Temporary Foreign Workers - Infotetquebec<\/title>\n<meta name=\"robots\" content=\"index, follow, max-snippet:-1, max-image-preview:large, max-video-preview:-1\" \/>\n<link rel=\"canonical\" href=\"https:\/\/www.infotetquebec.com\/en\/tradition-and-connection-a-cabane-a-sucre-experience-for-temporary-foreign-workers\/\" \/>\n<meta property=\"og:locale\" content=\"en_US\" \/>\n<meta property=\"og:type\" content=\"article\" \/>\n<meta property=\"og:title\" content=\"Tradition and connection: a cabane \u00e0 sucre experience for Temporary Foreign Workers - Infotetquebec\" \/>\n<meta property=\"og:description\" content=\"On March 22, 2026, a cultural activity took place at a cabane \u00e0 sucre in Mont-Saint-Gr\u00e9goire, organized by the organization L\u2019ANCRE. The event was held at \u00c9rabli\u00e8re au Palais Sucr\u00e9,... Read more\" \/>\n<meta property=\"og:url\" content=\"https:\/\/www.infotetquebec.com\/en\/tradition-and-connection-a-cabane-a-sucre-experience-for-temporary-foreign-workers\/\" \/>\n<meta property=\"og:site_name\" content=\"Infotetquebec\" \/>\n<meta property=\"article:publisher\" content=\"https:\/\/www.facebook.com\/profile.php?id=100089616676260\" \/>\n<meta property=\"article:published_time\" content=\"2026-04-22T13:12:10+00:00\" \/>\n<meta property=\"article:modified_time\" content=\"2026-04-29T13:13:06+00:00\" \/>\n<meta property=\"og:image\" content=\"https:\/\/www.infotetquebec.com\/wp-content\/uploads\/2026\/04\/120a497d-2e54-4a2b-a2bd-bfb7f0295c97.jpg\" \/>\n\t<meta property=\"og:image:width\" content=\"1600\" \/>\n\t<meta property=\"og:image:height\" content=\"744\" \/>\n\t<meta property=\"og:image:type\" content=\"image\/jpeg\" \/>\n<meta name=\"author\" content=\"Alejandra Salas\" \/>\n<meta name=\"twitter:card\" content=\"summary_large_image\" \/>\n<meta name=\"twitter:label1\" content=\"Written by\" \/>\n\t<meta name=\"twitter:data1\" content=\"Alejandra Salas\" \/>\n\t<meta name=\"twitter:label2\" content=\"Est. reading time\" \/>\n\t<meta name=\"twitter:data2\" content=\"3 minutes\" \/>\n<script type=\"application\/ld+json\" class=\"yoast-schema-graph\">{\"@context\":\"https:\\\/\\\/schema.org\",\"@graph\":[{\"@type\":\"Article\",\"@id\":\"https:\\\/\\\/www.infotetquebec.com\\\/en\\\/tradition-and-connection-a-cabane-a-sucre-experience-for-temporary-foreign-workers\\\/#article\",\"isPartOf\":{\"@id\":\"https:\\\/\\\/www.infotetquebec.com\\\/en\\\/tradition-and-connection-a-cabane-a-sucre-experience-for-temporary-foreign-workers\\\/\"},\"author\":{\"name\":\"Alejandra Salas\",\"@id\":\"https:\\\/\\\/www.infotetquebec.com\\\/en\\\/#\\\/schema\\\/person\\\/4d7d5cae14ea1c0896c0d0a1f00a3f77\"},\"headline\":\"Tradition and connection: a cabane \u00e0 sucre experience for Temporary Foreign Workers\",\"datePublished\":\"2026-04-22T13:12:10+00:00\",\"dateModified\":\"2026-04-29T13:13:06+00:00\",\"mainEntityOfPage\":{\"@id\":\"https:\\\/\\\/www.infotetquebec.com\\\/en\\\/tradition-and-connection-a-cabane-a-sucre-experience-for-temporary-foreign-workers\\\/\"},\"wordCount\":332,\"publisher\":{\"@id\":\"https:\\\/\\\/www.infotetquebec.com\\\/en\\\/#organization\"},\"image\":{\"@id\":\"https:\\\/\\\/www.infotetquebec.com\\\/en\\\/tradition-and-connection-a-cabane-a-sucre-experience-for-temporary-foreign-workers\\\/#primaryimage\"},\"thumbnailUrl\":\"https:\\\/\\\/www.infotetquebec.com\\\/wp-content\\\/uploads\\\/2026\\\/04\\\/120a497d-2e54-4a2b-a2bd-bfb7f0295c97.jpg\",\"articleSection\":[\"Articles\"],\"inLanguage\":\"en-US\"},{\"@type\":\"WebPage\",\"@id\":\"https:\\\/\\\/www.infotetquebec.com\\\/en\\\/tradition-and-connection-a-cabane-a-sucre-experience-for-temporary-foreign-workers\\\/\",\"url\":\"https:\\\/\\\/www.infotetquebec.com\\\/en\\\/tradition-and-connection-a-cabane-a-sucre-experience-for-temporary-foreign-workers\\\/\",\"name\":\"Tradition and connection: a cabane \u00e0 sucre experience for Temporary Foreign Workers - Infotetquebec\",\"isPartOf\":{\"@id\":\"https:\\\/\\\/www.infotetquebec.com\\\/en\\\/#website\"},\"primaryImageOfPage\":{\"@id\":\"https:\\\/\\\/www.infotetquebec.com\\\/en\\\/tradition-and-connection-a-cabane-a-sucre-experience-for-temporary-foreign-workers\\\/#primaryimage\"},\"image\":{\"@id\":\"https:\\\/\\\/www.infotetquebec.com\\\/en\\\/tradition-and-connection-a-cabane-a-sucre-experience-for-temporary-foreign-workers\\\/#primaryimage\"},\"thumbnailUrl\":\"https:\\\/\\\/www.infotetquebec.com\\\/wp-content\\\/uploads\\\/2026\\\/04\\\/120a497d-2e54-4a2b-a2bd-bfb7f0295c97.jpg\",\"datePublished\":\"2026-04-22T13:12:10+00:00\",\"dateModified\":\"2026-04-29T13:13:06+00:00\",\"breadcrumb\":{\"@id\":\"https:\\\/\\\/www.infotetquebec.com\\\/en\\\/tradition-and-connection-a-cabane-a-sucre-experience-for-temporary-foreign-workers\\\/#breadcrumb\"},\"inLanguage\":\"en-US\",\"potentialAction\":[{\"@type\":\"ReadAction\",\"target\":[\"https:\\\/\\\/www.infotetquebec.com\\\/en\\\/tradition-and-connection-a-cabane-a-sucre-experience-for-temporary-foreign-workers\\\/\"]}]},{\"@type\":\"ImageObject\",\"inLanguage\":\"en-US\",\"@id\":\"https:\\\/\\\/www.infotetquebec.com\\\/en\\\/tradition-and-connection-a-cabane-a-sucre-experience-for-temporary-foreign-workers\\\/#primaryimage\",\"url\":\"https:\\\/\\\/www.infotetquebec.com\\\/wp-content\\\/uploads\\\/2026\\\/04\\\/120a497d-2e54-4a2b-a2bd-bfb7f0295c97.jpg\",\"contentUrl\":\"https:\\\/\\\/www.infotetquebec.com\\\/wp-content\\\/uploads\\\/2026\\\/04\\\/120a497d-2e54-4a2b-a2bd-bfb7f0295c97.jpg\",\"width\":1600,\"height\":744},{\"@type\":\"BreadcrumbList\",\"@id\":\"https:\\\/\\\/www.infotetquebec.com\\\/en\\\/tradition-and-connection-a-cabane-a-sucre-experience-for-temporary-foreign-workers\\\/#breadcrumb\",\"itemListElement\":[{\"@type\":\"ListItem\",\"position\":1,\"name\":\"Accueil\",\"item\":\"https:\\\/\\\/www.infotetquebec.com\\\/en\\\/\"},{\"@type\":\"ListItem\",\"position\":2,\"name\":\"Tradition and connection: a cabane \u00e0 sucre experience for Temporary Foreign Workers\"}]},{\"@type\":\"WebSite\",\"@id\":\"https:\\\/\\\/www.infotetquebec.com\\\/en\\\/#website\",\"url\":\"https:\\\/\\\/www.infotetquebec.com\\\/en\\\/\",\"name\":\"Infotetquebec\",\"description\":\"Info et soutien aux TET\",\"publisher\":{\"@id\":\"https:\\\/\\\/www.infotetquebec.com\\\/en\\\/#organization\"},\"potentialAction\":[{\"@type\":\"SearchAction\",\"target\":{\"@type\":\"EntryPoint\",\"urlTemplate\":\"https:\\\/\\\/www.infotetquebec.com\\\/en\\\/?s={search_term_string}\"},\"query-input\":{\"@type\":\"PropertyValueSpecification\",\"valueRequired\":true,\"valueName\":\"search_term_string\"}}],\"inLanguage\":\"en-US\"},{\"@type\":\"Organization\",\"@id\":\"https:\\\/\\\/www.infotetquebec.com\\\/en\\\/#organization\",\"name\":\"InfoTETQuebec\",\"url\":\"https:\\\/\\\/www.infotetquebec.com\\\/en\\\/\",\"logo\":{\"@type\":\"ImageObject\",\"inLanguage\":\"en-US\",\"@id\":\"https:\\\/\\\/www.infotetquebec.com\\\/en\\\/#\\\/schema\\\/logo\\\/image\\\/\",\"url\":\"https:\\\/\\\/www.infotetquebec.com\\\/wp-content\\\/uploads\\\/2021\\\/02\\\/cropped-IMQC_TET_Favicon_Fav-Icon_Fav-Icon-1.png\",\"contentUrl\":\"https:\\\/\\\/www.infotetquebec.com\\\/wp-content\\\/uploads\\\/2021\\\/02\\\/cropped-IMQC_TET_Favicon_Fav-Icon_Fav-Icon-1.png\",\"width\":512,\"height\":512,\"caption\":\"InfoTETQuebec\"},\"image\":{\"@id\":\"https:\\\/\\\/www.infotetquebec.com\\\/en\\\/#\\\/schema\\\/logo\\\/image\\\/\"},\"sameAs\":[\"https:\\\/\\\/www.facebook.com\\\/profile.php?id=100089616676260\"]},{\"@type\":\"Person\",\"@id\":\"https:\\\/\\\/www.infotetquebec.com\\\/en\\\/#\\\/schema\\\/person\\\/4d7d5cae14ea1c0896c0d0a1f00a3f77\",\"name\":\"Alejandra Salas\",\"image\":{\"@type\":\"ImageObject\",\"inLanguage\":\"en-US\",\"@id\":\"https:\\\/\\\/secure.gravatar.com\\\/avatar\\\/f4349ead7189b7991510bb355af676e7cf0f0627b750dbc8bcd4a69e99cd1341?s=96&d=mm&r=g\",\"url\":\"https:\\\/\\\/secure.gravatar.com\\\/avatar\\\/f4349ead7189b7991510bb355af676e7cf0f0627b750dbc8bcd4a69e99cd1341?s=96&d=mm&r=g\",\"contentUrl\":\"https:\\\/\\\/secure.gravatar.com\\\/avatar\\\/f4349ead7189b7991510bb355af676e7cf0f0627b750dbc8bcd4a69e99cd1341?s=96&d=mm&r=g\",\"caption\":\"Alejandra Salas\"},\"url\":\"https:\\\/\\\/www.infotetquebec.com\\\/en\\\/author\\\/alejandra-salas\\\/\"}]}<\/script>\n<!-- \/ Yoast SEO plugin. -->","yoast_head_json":{"title":"Tradition and connection: a cabane \u00e0 sucre experience for Temporary Foreign Workers - Infotetquebec","robots":{"index":"index","follow":"follow","max-snippet":"max-snippet:-1","max-image-preview":"max-image-preview:large","max-video-preview":"max-video-preview:-1"},"canonical":"https:\/\/www.infotetquebec.com\/en\/tradition-and-connection-a-cabane-a-sucre-experience-for-temporary-foreign-workers\/","og_locale":"en_US","og_type":"article","og_title":"Tradition and connection: a cabane \u00e0 sucre experience for Temporary Foreign Workers - Infotetquebec","og_description":"On March 22, 2026, a cultural activity took place at a cabane \u00e0 sucre in Mont-Saint-Gr\u00e9goire, organized by the organization L\u2019ANCRE. The event was held at \u00c9rabli\u00e8re au Palais Sucr\u00e9,... Read more","og_url":"https:\/\/www.infotetquebec.com\/en\/tradition-and-connection-a-cabane-a-sucre-experience-for-temporary-foreign-workers\/","og_site_name":"Infotetquebec","article_publisher":"https:\/\/www.facebook.com\/profile.php?id=100089616676260","article_published_time":"2026-04-22T13:12:10+00:00","article_modified_time":"2026-04-29T13:13:06+00:00","og_image":[{"width":1600,"height":744,"url":"https:\/\/www.infotetquebec.com\/wp-content\/uploads\/2026\/04\/120a497d-2e54-4a2b-a2bd-bfb7f0295c97.jpg","type":"image\/jpeg"}],"author":"Alejandra Salas","twitter_card":"summary_large_image","twitter_misc":{"Written by":"Alejandra Salas","Est. reading time":"3 minutes"},"schema":{"@context":"https:\/\/schema.org","@graph":[{"@type":"Article","@id":"https:\/\/www.infotetquebec.com\/en\/tradition-and-connection-a-cabane-a-sucre-experience-for-temporary-foreign-workers\/#article","isPartOf":{"@id":"https:\/\/www.infotetquebec.com\/en\/tradition-and-connection-a-cabane-a-sucre-experience-for-temporary-foreign-workers\/"},"author":{"name":"Alejandra Salas","@id":"https:\/\/www.infotetquebec.com\/en\/#\/schema\/person\/4d7d5cae14ea1c0896c0d0a1f00a3f77"},"headline":"Tradition and connection: a cabane \u00e0 sucre experience for Temporary Foreign Workers","datePublished":"2026-04-22T13:12:10+00:00","dateModified":"2026-04-29T13:13:06+00:00","mainEntityOfPage":{"@id":"https:\/\/www.infotetquebec.com\/en\/tradition-and-connection-a-cabane-a-sucre-experience-for-temporary-foreign-workers\/"},"wordCount":332,"publisher":{"@id":"https:\/\/www.infotetquebec.com\/en\/#organization"},"image":{"@id":"https:\/\/www.infotetquebec.com\/en\/tradition-and-connection-a-cabane-a-sucre-experience-for-temporary-foreign-workers\/#primaryimage"},"thumbnailUrl":"https:\/\/www.infotetquebec.com\/wp-content\/uploads\/2026\/04\/120a497d-2e54-4a2b-a2bd-bfb7f0295c97.jpg","articleSection":["Articles"],"inLanguage":"en-US"},{"@type":"WebPage","@id":"https:\/\/www.infotetquebec.com\/en\/tradition-and-connection-a-cabane-a-sucre-experience-for-temporary-foreign-workers\/","url":"https:\/\/www.infotetquebec.com\/en\/tradition-and-connection-a-cabane-a-sucre-experience-for-temporary-foreign-workers\/","name":"Tradition and connection: a cabane \u00e0 sucre experience for Temporary Foreign Workers - Infotetquebec","isPartOf":{"@id":"https:\/\/www.infotetquebec.com\/en\/#website"},"primaryImageOfPage":{"@id":"https:\/\/www.infotetquebec.com\/en\/tradition-and-connection-a-cabane-a-sucre-experience-for-temporary-foreign-workers\/#primaryimage"},"image":{"@id":"https:\/\/www.infotetquebec.com\/en\/tradition-and-connection-a-cabane-a-sucre-experience-for-temporary-foreign-workers\/#primaryimage"},"thumbnailUrl":"https:\/\/www.infotetquebec.com\/wp-content\/uploads\/2026\/04\/120a497d-2e54-4a2b-a2bd-bfb7f0295c97.jpg","datePublished":"2026-04-22T13:12:10+00:00","dateModified":"2026-04-29T13:13:06+00:00","breadcrumb":{"@id":"https:\/\/www.infotetquebec.com\/en\/tradition-and-connection-a-cabane-a-sucre-experience-for-temporary-foreign-workers\/#breadcrumb"},"inLanguage":"en-US","potentialAction":[{"@type":"ReadAction","target":["https:\/\/www.infotetquebec.com\/en\/tradition-and-connection-a-cabane-a-sucre-experience-for-temporary-foreign-workers\/"]}]},{"@type":"ImageObject","inLanguage":"en-US","@id":"https:\/\/www.infotetquebec.com\/en\/tradition-and-connection-a-cabane-a-sucre-experience-for-temporary-foreign-workers\/#primaryimage","url":"https:\/\/www.infotetquebec.com\/wp-content\/uploads\/2026\/04\/120a497d-2e54-4a2b-a2bd-bfb7f0295c97.jpg","contentUrl":"https:\/\/www.infotetquebec.com\/wp-content\/uploads\/2026\/04\/120a497d-2e54-4a2b-a2bd-bfb7f0295c97.jpg","width":1600,"height":744},{"@type":"BreadcrumbList","@id":"https:\/\/www.infotetquebec.com\/en\/tradition-and-connection-a-cabane-a-sucre-experience-for-temporary-foreign-workers\/#breadcrumb","itemListElement":[{"@type":"ListItem","position":1,"name":"Accueil","item":"https:\/\/www.infotetquebec.com\/en\/"},{"@type":"ListItem","position":2,"name":"Tradition and connection: a cabane \u00e0 sucre experience for Temporary Foreign Workers"}]},{"@type":"WebSite","@id":"https:\/\/www.infotetquebec.com\/en\/#website","url":"https:\/\/www.infotetquebec.com\/en\/","name":"Infotetquebec","description":"Info et soutien aux TET","publisher":{"@id":"https:\/\/www.infotetquebec.com\/en\/#organization"},"potentialAction":[{"@type":"SearchAction","target":{"@type":"EntryPoint","urlTemplate":"https:\/\/www.infotetquebec.com\/en\/?s={search_term_string}"},"query-input":{"@type":"PropertyValueSpecification","valueRequired":true,"valueName":"search_term_string"}}],"inLanguage":"en-US"},{"@type":"Organization","@id":"https:\/\/www.infotetquebec.com\/en\/#organization","name":"InfoTETQuebec","url":"https:\/\/www.infotetquebec.com\/en\/","logo":{"@type":"ImageObject","inLanguage":"en-US","@id":"https:\/\/www.infotetquebec.com\/en\/#\/schema\/logo\/image\/","url":"https:\/\/www.infotetquebec.com\/wp-content\/uploads\/2021\/02\/cropped-IMQC_TET_Favicon_Fav-Icon_Fav-Icon-1.png","contentUrl":"https:\/\/www.infotetquebec.com\/wp-content\/uploads\/2021\/02\/cropped-IMQC_TET_Favicon_Fav-Icon_Fav-Icon-1.png","width":512,"height":512,"caption":"InfoTETQuebec"},"image":{"@id":"https:\/\/www.infotetquebec.com\/en\/#\/schema\/logo\/image\/"},"sameAs":["https:\/\/www.facebook.com\/profile.php?id=100089616676260"]},{"@type":"Person","@id":"https:\/\/www.infotetquebec.com\/en\/#\/schema\/person\/4d7d5cae14ea1c0896c0d0a1f00a3f77","name":"Alejandra Salas","image":{"@type":"ImageObject","inLanguage":"en-US","@id":"https:\/\/secure.gravatar.com\/avatar\/f4349ead7189b7991510bb355af676e7cf0f0627b750dbc8bcd4a69e99cd1341?s=96&d=mm&r=g","url":"https:\/\/secure.gravatar.com\/avatar\/f4349ead7189b7991510bb355af676e7cf0f0627b750dbc8bcd4a69e99cd1341?s=96&d=mm&r=g","contentUrl":"https:\/\/secure.gravatar.com\/avatar\/f4349ead7189b7991510bb355af676e7cf0f0627b750dbc8bcd4a69e99cd1341?s=96&d=mm&r=g","caption":"Alejandra Salas"},"url":"https:\/\/www.infotetquebec.com\/en\/author\/alejandra-salas\/"}]}},"rttpg_featured_image_url":{"full":["https:\/\/www.infotetquebec.com\/wp-content\/uploads\/2026\/04\/120a497d-2e54-4a2b-a2bd-bfb7f0295c97.jpg",1600,744,false],"landscape":["https:\/\/www.infotetquebec.com\/wp-content\/uploads\/2026\/04\/120a497d-2e54-4a2b-a2bd-bfb7f0295c97.jpg",1600,744,false],"portraits":["https:\/\/www.infotetquebec.com\/wp-content\/uploads\/2026\/04\/120a497d-2e54-4a2b-a2bd-bfb7f0295c97.jpg",1600,744,false],"thumbnail":["https:\/\/www.infotetquebec.com\/wp-content\/uploads\/2026\/04\/120a497d-2e54-4a2b-a2bd-bfb7f0295c97-300x150.jpg",300,150,true],"medium":["https:\/\/www.infotetquebec.com\/wp-content\/uploads\/2026\/04\/120a497d-2e54-4a2b-a2bd-bfb7f0295c97-300x140.jpg",300,140,true],"large":["https:\/\/www.infotetquebec.com\/wp-content\/uploads\/2026\/04\/120a497d-2e54-4a2b-a2bd-bfb7f0295c97-1024x476.jpg",1024,476,true],"1536x1536":["https:\/\/www.infotetquebec.com\/wp-content\/uploads\/2026\/04\/120a497d-2e54-4a2b-a2bd-bfb7f0295c97-1536x714.jpg",1536,714,true],"2048x2048":["https:\/\/www.infotetquebec.com\/wp-content\/uploads\/2026\/04\/120a497d-2e54-4a2b-a2bd-bfb7f0295c97.jpg",1600,744,false],"sidebar-featured":["https:\/\/www.infotetquebec.com\/wp-content\/uploads\/2026\/04\/120a497d-2e54-4a2b-a2bd-bfb7f0295c97-75x75.jpg",75,75,true],"genesis-singular-images":["https:\/\/www.infotetquebec.com\/wp-content\/uploads\/2026\/04\/120a497d-2e54-4a2b-a2bd-bfb7f0295c97-702x526.jpg",702,526,true]},"rttpg_author":{"display_name":"Alejandra Salas","author_link":"https:\/\/www.infotetquebec.com\/en\/author\/alejandra-salas\/"},"rttpg_comment":0,"rttpg_category":"<a href=\"https:\/\/www.infotetquebec.com\/en\/articles\/\" rel=\"category tag\">Articles<\/a>","rttpg_excerpt":"On March 22, 2026, a cultural activity took place at a cabane \u00e0 sucre in Mont-Saint-Gr\u00e9goire, organized by the organization L\u2019ANCRE. The event was held at \u00c9rabli\u00e8re au Palais Sucr\u00e9,... Read more","_links":{"self":[{"href":"https:\/\/www.infotetquebec.com\/en\/wp-json\/wp\/v2\/posts\/28461","targetHints":{"allow":["GET"]}}],"collection":[{"href":"https:\/\/www.infotetquebec.com\/en\/wp-json\/wp\/v2\/posts"}],"about":[{"href":"https:\/\/www.infotetquebec.com\/en\/wp-json\/wp\/v2\/types\/post"}],"author":[{"embeddable":true,"href":"https:\/\/www.infotetquebec.com\/en\/wp-json\/wp\/v2\/users\/24"}],"replies":[{"embeddable":true,"href":"https:\/\/www.infotetquebec.com\/en\/wp-json\/wp\/v2\/comments?post=28461"}],"version-history":[{"count":4,"href":"https:\/\/www.infotetquebec.com\/en\/wp-json\/wp\/v2\/posts\/28461\/revisions"}],"predecessor-version":[{"id":28466,"href":"https:\/\/www.infotetquebec.com\/en\/wp-json\/wp\/v2\/posts\/28461\/revisions\/28466"}],"wp:featuredmedia":[{"embeddable":true,"href":"https:\/\/www.infotetquebec.com\/en\/wp-json\/wp\/v2\/media\/28442"}],"wp:attachment":[{"href":"https:\/\/www.infotetquebec.com\/en\/wp-json\/wp\/v2\/media?parent=28461"}],"wp:term":[{"taxonomy":"category","embeddable":true,"href":"https:\/\/www.infotetquebec.com\/en\/wp-json\/wp\/v2\/categories?post=28461"},{"taxonomy":"post_tag","embeddable":true,"href":"https:\/\/www.infotetquebec.com\/en\/wp-json\/wp\/v2\/tags?post=28461"}],"curies":[{"name":"wp","href":"https:\/\/api.w.org\/{rel}","templated":true}]}}