{"id":18729,"date":"2025-02-10T13:33:18","date_gmt":"2025-02-10T18:33:18","guid":{"rendered":"https:\/\/www.infotetquebec.com\/temporary-workers-barred-from-public-employment-services\/"},"modified":"2025-02-10T13:41:59","modified_gmt":"2025-02-10T18:41:59","slug":"temporary-workers-barred-from-public-employment-services","status":"publish","type":"post","link":"https:\/\/www.infotetquebec.com\/en\/temporary-workers-barred-from-public-employment-services\/","title":{"rendered":"Temporary workers barred from public employment services"},"content":{"rendered":"\t\t<div data-elementor-type=\"wp-post\" data-elementor-id=\"18729\" class=\"elementor elementor-18729 elementor-18691\" data-elementor-post-type=\"post\">\n\t\t\t\t\t\t<section class=\"elementor-section elementor-top-section elementor-element elementor-element-137d605 elementor-section-boxed elementor-section-height-default elementor-section-height-default\" data-id=\"137d605\" data-element_type=\"section\" data-e-type=\"section\">\n\t\t\t\t\t\t<div class=\"elementor-container elementor-column-gap-default\">\n\t\t\t\t\t<div class=\"elementor-column elementor-col-100 elementor-top-column elementor-element elementor-element-704ac0f\" data-id=\"704ac0f\" data-element_type=\"column\" data-e-type=\"column\">\n\t\t\t<div class=\"elementor-widget-wrap elementor-element-populated\">\n\t\t\t\t\t\t<div class=\"elementor-element elementor-element-25c3663 elementor-widget elementor-widget-text-editor\" data-id=\"25c3663\" data-element_type=\"widget\" data-e-type=\"widget\" data-widget_type=\"text-editor.default\">\n\t\t\t\t<div class=\"elementor-widget-container\">\n\t\t\t\t\t\t\t\t\t<h5><strong>Texte: Basile Moratille \/ Translator\u2019s Francisco Salazar<\/strong><\/h5>\n<h5><strong>Photo: Kateryna Hliznitsova<\/strong><\/h5>\n<p><em>Effective February 1, 2025, temporary foreign workers\u2014as well as the spouses and common-law partners attached to a primary permit\u2014will no longer be eligible for employment services in Quebec.<\/em><\/p>\n\t\t\t\t\t\t\t\t<\/div>\n\t\t\t\t<\/div>\n\t\t\t\t\t<\/div>\n\t\t<\/div>\n\t\t\t\t\t<\/div>\n\t\t<\/section>\n\t\t\t\t<section class=\"elementor-section elementor-top-section elementor-element elementor-element-3dc722b elementor-section-boxed elementor-section-height-default elementor-section-height-default\" data-id=\"3dc722b\" data-element_type=\"section\" data-e-type=\"section\">\n\t\t\t\t\t\t<div class=\"elementor-container elementor-column-gap-default\">\n\t\t\t\t\t<div class=\"elementor-column elementor-col-100 elementor-top-column elementor-element elementor-element-e50a03a\" data-id=\"e50a03a\" data-element_type=\"column\" data-e-type=\"column\">\n\t\t\t<div class=\"elementor-widget-wrap elementor-element-populated\">\n\t\t\t\t\t\t<div class=\"elementor-element elementor-element-109ae09 elementor-widget elementor-widget-text-editor\" data-id=\"109ae09\" data-element_type=\"widget\" data-e-type=\"widget\" data-widget_type=\"text-editor.default\">\n\t\t\t\t<div class=\"elementor-widget-container\">\n\t\t\t\t\t\t\t\t\t<p>Funded by the Quebec government, these services are delivered by a network of non-profit organizations across the province, many of which operate under the banner of the <a href=\"https:\/\/tcri.qc.ca\/projets\/rosini\/\"><em>R\u00e9seau des organismes sp\u00e9cialis\u00e9s dans l\u2019int\u00e9gration en emploi des nouveaux immigrants<\/em><\/a><em>\u00a0<\/em> (ROSINI).<\/p>\n<p>These organizations are tasked with:<\/p>\n\t\t\t\t\t\t\t\t<\/div>\n\t\t\t\t<\/div>\n\t\t\t\t\t<\/div>\n\t\t<\/div>\n\t\t\t\t\t<\/div>\n\t\t<\/section>\n\t\t\t\t<section class=\"elementor-section elementor-top-section elementor-element elementor-element-5681668 elementor-section-boxed elementor-section-height-default elementor-section-height-default\" data-id=\"5681668\" data-element_type=\"section\" data-e-type=\"section\">\n\t\t\t\t\t\t<div class=\"elementor-container elementor-column-gap-default\">\n\t\t\t\t\t<div class=\"elementor-column elementor-col-33 elementor-top-column elementor-element elementor-element-47f598e\" data-id=\"47f598e\" data-element_type=\"column\" data-e-type=\"column\">\n\t\t\t<div class=\"elementor-widget-wrap elementor-element-populated\">\n\t\t\t\t\t\t<div class=\"elementor-element elementor-element-afab248 elementor-widget elementor-widget-text-editor\" data-id=\"afab248\" data-element_type=\"widget\" data-e-type=\"widget\" data-widget_type=\"text-editor.default\">\n\t\t\t\t<div class=\"elementor-widget-container\">\n\t\t\t\t\t\t\t\t\t<ul>\n<li style=\"text-align: left;\">raising awareness and preparing the foreign workforce for the Quebec labor market: They provide information and support\u2014both in groups and on an individual basis\u2014to help newcomers understand the job market, adapt their communication to local norms, and even prepare for job interviews, among other things,<\/li>\n<\/ul>\n\t\t\t\t\t\t\t\t<\/div>\n\t\t\t\t<\/div>\n\t\t\t\t\t<\/div>\n\t\t<\/div>\n\t\t\t\t<div class=\"elementor-column elementor-col-33 elementor-top-column elementor-element elementor-element-8faf32c\" data-id=\"8faf32c\" data-element_type=\"column\" data-e-type=\"column\">\n\t\t\t<div class=\"elementor-widget-wrap elementor-element-populated\">\n\t\t\t\t\t\t<div class=\"elementor-element elementor-element-6eeedcc elementor-widget elementor-widget-text-editor\" data-id=\"6eeedcc\" data-element_type=\"widget\" data-e-type=\"widget\" data-widget_type=\"text-editor.default\">\n\t\t\t\t<div class=\"elementor-widget-container\">\n\t\t\t\t\t\t\t\t\t<ul>\n<li style=\"text-align: left;\">facilitating connections between job seekers and employers: They help companies in finding potential candidates who might be a good fit for their needs,<\/li>\n<\/ul>\n\t\t\t\t\t\t\t\t<\/div>\n\t\t\t\t<\/div>\n\t\t\t\t\t<\/div>\n\t\t<\/div>\n\t\t\t\t<div class=\"elementor-column elementor-col-33 elementor-top-column elementor-element elementor-element-cf5a814\" data-id=\"cf5a814\" data-element_type=\"column\" data-e-type=\"column\">\n\t\t\t<div class=\"elementor-widget-wrap elementor-element-populated\">\n\t\t\t\t\t\t<div class=\"elementor-element elementor-element-ae830cb elementor-widget elementor-widget-text-editor\" data-id=\"ae830cb\" data-element_type=\"widget\" data-e-type=\"widget\" data-widget_type=\"text-editor.default\">\n\t\t\t\t<div class=\"elementor-widget-container\">\n\t\t\t\t\t\t\t\t\t<ul>\n<li style=\"text-align: left;\">supporting the overall integration of immigrants: They help ensure that newcomers are successfully integrated into both the workforce and Quebec society.<\/li>\n<\/ul>\n\t\t\t\t\t\t\t\t<\/div>\n\t\t\t\t<\/div>\n\t\t\t\t\t<\/div>\n\t\t<\/div>\n\t\t\t\t\t<\/div>\n\t\t<\/section>\n\t\t\t\t<section class=\"elementor-section elementor-top-section elementor-element elementor-element-49fc79d elementor-section-boxed elementor-section-height-default elementor-section-height-default\" data-id=\"49fc79d\" data-element_type=\"section\" data-e-type=\"section\">\n\t\t\t\t\t\t<div class=\"elementor-container elementor-column-gap-default\">\n\t\t\t\t\t<div class=\"elementor-column elementor-col-100 elementor-top-column elementor-element elementor-element-ac4819c\" data-id=\"ac4819c\" data-element_type=\"column\" data-e-type=\"column\">\n\t\t\t<div class=\"elementor-widget-wrap elementor-element-populated\">\n\t\t\t\t\t\t<div class=\"elementor-element elementor-element-5eab88f elementor-widget elementor-widget-text-editor\" data-id=\"5eab88f\" data-element_type=\"widget\" data-e-type=\"widget\" data-widget_type=\"text-editor.default\">\n\t\t\t\t<div class=\"elementor-widget-container\">\n\t\t\t\t\t\t\t\t\t<p>Previously, these services were reserved for permanent residents\u2014or those obtaining permanent residency\u2014who had lived in Quebec for five years or less. However, to address the growing number of temporary immigrants, access was extended to all foreign nationals living in Quebec who are legally eligible to work.<\/p>\n<p>Now, as part of its strategy to reduce the number of temporary residents in Quebec, the government has decided to cut off access to these services for temporary workers starting February 1, 2025.<\/p>\n\t\t\t\t\t\t\t\t<\/div>\n\t\t\t\t<\/div>\n\t\t\t\t\t<\/div>\n\t\t<\/div>\n\t\t\t\t\t<\/div>\n\t\t<\/section>\n\t\t\t\t<section class=\"elementor-section elementor-top-section elementor-element elementor-element-d8eb8c1 elementor-section-boxed elementor-section-height-default elementor-section-height-default\" data-id=\"d8eb8c1\" data-element_type=\"section\" data-e-type=\"section\">\n\t\t\t\t\t\t<div class=\"elementor-container elementor-column-gap-default\">\n\t\t\t\t\t<div class=\"elementor-column elementor-col-100 elementor-top-column elementor-element elementor-element-1b8c253\" data-id=\"1b8c253\" data-element_type=\"column\" data-e-type=\"column\">\n\t\t\t<div class=\"elementor-widget-wrap elementor-element-populated\">\n\t\t\t\t\t\t<div class=\"elementor-element elementor-element-89eab7a elementor-widget elementor-widget-text-editor\" data-id=\"89eab7a\" data-element_type=\"widget\" data-e-type=\"widget\" data-widget_type=\"text-editor.default\">\n\t\t\t\t<div class=\"elementor-widget-container\">\n\t\t\t\t\t\t\t\t\t<p><strong>Who is affected by this change? <\/strong><\/p>\n<p>This measure affects some categories of workers, regardless of the specific program they belong to:<\/p>\n\t\t\t\t\t\t\t\t<\/div>\n\t\t\t\t<\/div>\n\t\t\t\t\t<\/div>\n\t\t<\/div>\n\t\t\t\t\t<\/div>\n\t\t<\/section>\n\t\t\t\t<section class=\"elementor-section elementor-top-section elementor-element elementor-element-f001fe7 elementor-section-boxed elementor-section-height-default elementor-section-height-default\" data-id=\"f001fe7\" data-element_type=\"section\" data-e-type=\"section\">\n\t\t\t\t\t\t<div class=\"elementor-container elementor-column-gap-default\">\n\t\t\t\t\t<div class=\"elementor-column elementor-col-25 elementor-top-column elementor-element elementor-element-e1739f3\" data-id=\"e1739f3\" data-element_type=\"column\" data-e-type=\"column\">\n\t\t\t<div class=\"elementor-widget-wrap elementor-element-populated\">\n\t\t\t\t\t\t<div class=\"elementor-element elementor-element-cda6bb1 elementor-widget elementor-widget-text-editor\" data-id=\"cda6bb1\" data-element_type=\"widget\" data-e-type=\"widget\" data-widget_type=\"text-editor.default\">\n\t\t\t\t<div class=\"elementor-widget-container\">\n\t\t\t\t\t\t\t\t\t<ul>\n<li style=\"text-align: left;\">Temporary Foreign Worker Program (TFWP): This includes those holding a valid work permit at the time of job loss, who may secure new employment under a closed work permit in line with TFWP rules,<\/li>\n<\/ul>\n\t\t\t\t\t\t\t\t<\/div>\n\t\t\t\t<\/div>\n\t\t\t\t\t<\/div>\n\t\t<\/div>\n\t\t\t\t<div class=\"elementor-column elementor-col-25 elementor-top-column elementor-element elementor-element-0021910\" data-id=\"0021910\" data-element_type=\"column\" data-e-type=\"column\">\n\t\t\t<div class=\"elementor-widget-wrap elementor-element-populated\">\n\t\t\t\t\t\t<div class=\"elementor-element elementor-element-45917cc elementor-widget elementor-widget-text-editor\" data-id=\"45917cc\" data-element_type=\"widget\" data-e-type=\"widget\" data-widget_type=\"text-editor.default\">\n\t\t\t\t<div class=\"elementor-widget-container\">\n\t\t\t\t\t\t\t\t\t<ul>\n<li style=\"text-align: left;\">International Mobility Program (IMP) participants: Whether they hold open or closed work permits,<\/li>\n<\/ul>\n\t\t\t\t\t\t\t\t<\/div>\n\t\t\t\t<\/div>\n\t\t\t\t\t<\/div>\n\t\t<\/div>\n\t\t\t\t<div class=\"elementor-column elementor-col-25 elementor-top-column elementor-element elementor-element-04a637e\" data-id=\"04a637e\" data-element_type=\"column\" data-e-type=\"column\">\n\t\t\t<div class=\"elementor-widget-wrap elementor-element-populated\">\n\t\t\t\t\t\t<div class=\"elementor-element elementor-element-2ab46a1 elementor-widget elementor-widget-text-editor\" data-id=\"2ab46a1\" data-element_type=\"widget\" data-e-type=\"widget\" data-widget_type=\"text-editor.default\">\n\t\t\t\t<div class=\"elementor-widget-container\">\n\t\t\t\t\t\t\t\t\t<ul>\n<li style=\"text-align: left;\">Spouses and common-law partners: Those going with a principal worker or applicant under the IMP (with an open work permit),<\/li>\n<\/ul>\n\t\t\t\t\t\t\t\t<\/div>\n\t\t\t\t<\/div>\n\t\t\t\t\t<\/div>\n\t\t<\/div>\n\t\t\t\t<div class=\"elementor-column elementor-col-25 elementor-top-column elementor-element elementor-element-ed79a3d\" data-id=\"ed79a3d\" data-element_type=\"column\" data-e-type=\"column\">\n\t\t\t<div class=\"elementor-widget-wrap elementor-element-populated\">\n\t\t\t\t\t\t<div class=\"elementor-element elementor-element-75534cc elementor-widget elementor-widget-text-editor\" data-id=\"75534cc\" data-element_type=\"widget\" data-e-type=\"widget\" data-widget_type=\"text-editor.default\">\n\t\t\t\t<div class=\"elementor-widget-container\">\n\t\t\t\t\t\t\t\t\t<ul>\n<li style=\"text-align: left;\">International Experience Canada (IEC) participants: Individuals taking part in any of the program\u2019s streams.<\/li>\n<\/ul>\n\t\t\t\t\t\t\t\t<\/div>\n\t\t\t\t<\/div>\n\t\t\t\t\t<\/div>\n\t\t<\/div>\n\t\t\t\t\t<\/div>\n\t\t<\/section>\n\t\t\t\t<section class=\"elementor-section elementor-top-section elementor-element elementor-element-bd405ba elementor-section-boxed elementor-section-height-default elementor-section-height-default\" data-id=\"bd405ba\" data-element_type=\"section\" data-e-type=\"section\">\n\t\t\t\t\t\t<div class=\"elementor-container elementor-column-gap-default\">\n\t\t\t\t\t<div class=\"elementor-column elementor-col-100 elementor-top-column elementor-element elementor-element-dafc0e4\" data-id=\"dafc0e4\" data-element_type=\"column\" data-e-type=\"column\">\n\t\t\t<div class=\"elementor-widget-wrap elementor-element-populated\">\n\t\t\t\t\t\t<div class=\"elementor-element elementor-element-c9ce1ab elementor-widget elementor-widget-text-editor\" data-id=\"c9ce1ab\" data-element_type=\"widget\" data-e-type=\"widget\" data-widget_type=\"text-editor.default\">\n\t\t\t\t<div class=\"elementor-widget-container\">\n\t\t\t\t\t\t\t\t\t<p><strong>The Exceptions<\/strong><\/p>\n<p>As always, there are exceptions:<\/p>\n<p>Existing Registrations: Anyone already enrolled with a partner organization will continue to receive employment services.<\/p>\n<p>Sector-Specific Exceptions: Special provisions are in place for sectors such as <strong>agriculture<\/strong>, <strong>information technology<\/strong>, and <strong>engineering<\/strong>.<\/p>\n<p>Status-Based Exception: International students who graduated in Quebec and hold a <strong>post-graduation work permit<\/strong> (PGWP) are also exempt from this change.<\/p>\n<p>Affected individuals are strongly encouraged to register with an organization by January 31, 2024.<\/p>\n<p>Naturally, <strong>permanent residents<\/strong> will continue to enjoy full access to these services.<\/p>\n\t\t\t\t\t\t\t\t<\/div>\n\t\t\t\t<\/div>\n\t\t\t\t\t<\/div>\n\t\t<\/div>\n\t\t\t\t\t<\/div>\n\t\t<\/section>\n\t\t\t\t<section class=\"elementor-section elementor-top-section elementor-element elementor-element-4505abb elementor-section-boxed elementor-section-height-default elementor-section-height-default\" data-id=\"4505abb\" data-element_type=\"section\" data-e-type=\"section\">\n\t\t\t\t\t\t<div class=\"elementor-container elementor-column-gap-default\">\n\t\t\t\t\t<div class=\"elementor-column elementor-col-100 elementor-top-column elementor-element elementor-element-fbc08ea\" data-id=\"fbc08ea\" data-element_type=\"column\" data-e-type=\"column\">\n\t\t\t<div class=\"elementor-widget-wrap\">\n\t\t\t\t\t\t\t<\/div>\n\t\t<\/div>\n\t\t\t\t\t<\/div>\n\t\t<\/section>\n\t\t\t\t<section class=\"elementor-section elementor-top-section elementor-element elementor-element-37c3114 elementor-section-boxed elementor-section-height-default elementor-section-height-default\" data-id=\"37c3114\" data-element_type=\"section\" data-e-type=\"section\">\n\t\t\t\t\t\t<div class=\"elementor-container elementor-column-gap-default\">\n\t\t\t\t\t<div class=\"elementor-column elementor-col-100 elementor-top-column elementor-element elementor-element-bb844bc\" data-id=\"bb844bc\" data-element_type=\"column\" data-e-type=\"column\">\n\t\t\t<div class=\"elementor-widget-wrap elementor-element-populated\">\n\t\t\t\t\t\t<div class=\"elementor-element elementor-element-9951eaa elementor-widget elementor-widget-text-editor\" data-id=\"9951eaa\" data-element_type=\"widget\" data-e-type=\"widget\" data-widget_type=\"text-editor.default\">\n\t\t\t\t<div class=\"elementor-widget-container\">\n\t\t\t\t\t\t\t\t\t<p><strong>Uncertainties <\/strong><\/p>\n<p>With the government providing no public notice until less than two days before the measure takes effect, several gray areas are still. For example, it is unclear whether <strong>temporary residents holding a valid Quebec Selection Certificate (CSQ) or those who have already started the process of obtaining permanent residency<\/strong> will be affected.<\/p>\n<p style=\"text-align: left;\">Additionally, with this reduction in public employment services for temporary foreign workers, questions arise about the future of other supports they currently rely on\u2014such as those offered by <em>Qualifications Qu\u00e9bec<\/em> or <em>Accompagnement Qu\u00e9bec<\/em>.<\/p>\n\t\t\t\t\t\t\t\t<\/div>\n\t\t\t\t<\/div>\n\t\t\t\t\t<\/div>\n\t\t<\/div>\n\t\t\t\t\t<\/div>\n\t\t<\/section>\n\t\t\t\t<section class=\"elementor-section elementor-top-section elementor-element elementor-element-17c9cff elementor-section-boxed elementor-section-height-default elementor-section-height-default\" data-id=\"17c9cff\" data-element_type=\"section\" data-e-type=\"section\">\n\t\t\t\t\t\t<div class=\"elementor-container elementor-column-gap-default\">\n\t\t\t\t\t<div class=\"elementor-column elementor-col-100 elementor-top-column elementor-element elementor-element-e21f0ad\" data-id=\"e21f0ad\" data-element_type=\"column\" data-e-type=\"column\">\n\t\t\t<div class=\"elementor-widget-wrap elementor-element-populated\">\n\t\t\t\t\t\t<div class=\"elementor-element elementor-element-884bb28 elementor-widget elementor-widget-text-editor\" data-id=\"884bb28\" data-element_type=\"widget\" data-e-type=\"widget\" data-widget_type=\"text-editor.default\">\n\t\t\t\t<div class=\"elementor-widget-container\">\n\t\t\t\t\t\t\t\t\t<p><strong>What alternatives are available? <\/strong><\/p>\n<p>Employment service organizations, most of which learned of the measure just a week before it goes into effect, are already exploring ways to adjust both their structures and their approaches to serving affected clients.<\/p>\n<p>Keep in mind that, in the absence of an official public statement from the government, most of the available information comes directly from the organizations affected. More details on the implementation of this measure are expected to be released soon.<\/p>\n<p>Meanwhile, feel free to visit our dedicated page on <a href=\"https:\/\/immigrantquebec.com\/fr\/reussir-votre-installation\/emploi\/votre-recherche-d-emploi\/se-faire-accompagner-recherche-emploi\/\">job search support<\/a>.<\/p>\n\t\t\t\t\t\t\t\t<\/div>\n\t\t\t\t<\/div>\n\t\t\t\t\t<\/div>\n\t\t<\/div>\n\t\t\t\t\t<\/div>\n\t\t<\/section>\n\t\t\t\t<\/div>\n\t\t","protected":false},"excerpt":{"rendered":"<p>Texte: Basile Moratille \/ Translator\u2019s Francisco Salazar Photo: Kateryna Hliznitsova Effective February 1, 2025, temporary foreign workers\u2014as well as the spouses and common-law partners attached to a primary permit\u2014will no&#8230; <a class=\"more-link\" href=\"https:\/\/www.infotetquebec.com\/en\/temporary-workers-barred-from-public-employment-services\/\">Read more<\/a><\/p>\n","protected":false},"author":17,"featured_media":18694,"comment_status":"closed","ping_status":"open","sticky":false,"template":"","format":"standard","meta":{"_genesis_hide_title":false,"_genesis_hide_breadcrumbs":false,"_genesis_hide_singular_image":false,"_genesis_hide_footer_widgets":false,"_genesis_custom_body_class":"","_genesis_custom_post_class":"","_genesis_layout":"","footnotes":""},"categories":[53],"tags":[],"class_list":["post-18729","post","type-post","status-publish","format-standard","has-post-thumbnail","category-articles","entry"],"yoast_head":"<!-- This site is optimized with the Yoast SEO plugin v27.5 - https:\/\/yoast.com\/product\/yoast-seo-wordpress\/ -->\n<title>Temporary workers barred from public employment services - Infotetquebec<\/title>\n<meta name=\"description\" content=\"Temporary workers barred from public employment services\" \/>\n<meta name=\"robots\" content=\"index, follow, max-snippet:-1, max-image-preview:large, max-video-preview:-1\" \/>\n<link rel=\"canonical\" href=\"https:\/\/www.infotetquebec.com\/en\/temporary-workers-barred-from-public-employment-services\/\" \/>\n<meta property=\"og:locale\" content=\"en_US\" \/>\n<meta property=\"og:type\" content=\"article\" \/>\n<meta property=\"og:title\" content=\"Temporary workers barred from public employment services - Infotetquebec\" \/>\n<meta property=\"og:description\" content=\"Temporary workers barred from public employment services\" \/>\n<meta property=\"og:url\" content=\"https:\/\/www.infotetquebec.com\/en\/temporary-workers-barred-from-public-employment-services\/\" \/>\n<meta property=\"og:site_name\" content=\"Infotetquebec\" \/>\n<meta property=\"article:publisher\" content=\"https:\/\/www.facebook.com\/profile.php?id=100089616676260\" \/>\n<meta property=\"article:published_time\" content=\"2025-02-10T18:33:18+00:00\" \/>\n<meta property=\"article:modified_time\" content=\"2025-02-10T18:41:59+00:00\" \/>\n<meta property=\"og:image\" content=\"https:\/\/www.infotetquebec.com\/wp-content\/uploads\/2025\/02\/Picture1.jpg\" \/>\n\t<meta property=\"og:image:width\" content=\"470\" \/>\n\t<meta property=\"og:image:height\" content=\"198\" \/>\n\t<meta property=\"og:image:type\" content=\"image\/jpeg\" \/>\n<meta name=\"author\" content=\"Francisco Salazar\" \/>\n<meta name=\"twitter:card\" content=\"summary_large_image\" \/>\n<meta name=\"twitter:label1\" content=\"Written by\" \/>\n\t<meta name=\"twitter:data1\" content=\"Francisco Salazar\" \/>\n\t<meta name=\"twitter:label2\" content=\"Est. reading time\" \/>\n\t<meta name=\"twitter:data2\" content=\"3 minutes\" \/>\n<script type=\"application\/ld+json\" class=\"yoast-schema-graph\">{\"@context\":\"https:\\\/\\\/schema.org\",\"@graph\":[{\"@type\":\"Article\",\"@id\":\"https:\\\/\\\/www.infotetquebec.com\\\/en\\\/temporary-workers-barred-from-public-employment-services\\\/#article\",\"isPartOf\":{\"@id\":\"https:\\\/\\\/www.infotetquebec.com\\\/en\\\/temporary-workers-barred-from-public-employment-services\\\/\"},\"author\":{\"name\":\"Francisco Salazar\",\"@id\":\"https:\\\/\\\/www.infotetquebec.com\\\/en\\\/#\\\/schema\\\/person\\\/2e6e3396cc4022408f480098052d9329\"},\"headline\":\"Temporary workers barred from public employment services\",\"datePublished\":\"2025-02-10T18:33:18+00:00\",\"dateModified\":\"2025-02-10T18:41:59+00:00\",\"mainEntityOfPage\":{\"@id\":\"https:\\\/\\\/www.infotetquebec.com\\\/en\\\/temporary-workers-barred-from-public-employment-services\\\/\"},\"wordCount\":629,\"publisher\":{\"@id\":\"https:\\\/\\\/www.infotetquebec.com\\\/en\\\/#organization\"},\"image\":{\"@id\":\"https:\\\/\\\/www.infotetquebec.com\\\/en\\\/temporary-workers-barred-from-public-employment-services\\\/#primaryimage\"},\"thumbnailUrl\":\"https:\\\/\\\/www.infotetquebec.com\\\/wp-content\\\/uploads\\\/2025\\\/02\\\/Picture1.jpg\",\"articleSection\":[\"Articles\"],\"inLanguage\":\"en-US\"},{\"@type\":\"WebPage\",\"@id\":\"https:\\\/\\\/www.infotetquebec.com\\\/en\\\/temporary-workers-barred-from-public-employment-services\\\/\",\"url\":\"https:\\\/\\\/www.infotetquebec.com\\\/en\\\/temporary-workers-barred-from-public-employment-services\\\/\",\"name\":\"Temporary workers barred from public employment services - Infotetquebec\",\"isPartOf\":{\"@id\":\"https:\\\/\\\/www.infotetquebec.com\\\/en\\\/#website\"},\"primaryImageOfPage\":{\"@id\":\"https:\\\/\\\/www.infotetquebec.com\\\/en\\\/temporary-workers-barred-from-public-employment-services\\\/#primaryimage\"},\"image\":{\"@id\":\"https:\\\/\\\/www.infotetquebec.com\\\/en\\\/temporary-workers-barred-from-public-employment-services\\\/#primaryimage\"},\"thumbnailUrl\":\"https:\\\/\\\/www.infotetquebec.com\\\/wp-content\\\/uploads\\\/2025\\\/02\\\/Picture1.jpg\",\"datePublished\":\"2025-02-10T18:33:18+00:00\",\"dateModified\":\"2025-02-10T18:41:59+00:00\",\"description\":\"Temporary workers barred from public employment services\",\"breadcrumb\":{\"@id\":\"https:\\\/\\\/www.infotetquebec.com\\\/en\\\/temporary-workers-barred-from-public-employment-services\\\/#breadcrumb\"},\"inLanguage\":\"en-US\",\"potentialAction\":[{\"@type\":\"ReadAction\",\"target\":[\"https:\\\/\\\/www.infotetquebec.com\\\/en\\\/temporary-workers-barred-from-public-employment-services\\\/\"]}]},{\"@type\":\"ImageObject\",\"inLanguage\":\"en-US\",\"@id\":\"https:\\\/\\\/www.infotetquebec.com\\\/en\\\/temporary-workers-barred-from-public-employment-services\\\/#primaryimage\",\"url\":\"https:\\\/\\\/www.infotetquebec.com\\\/wp-content\\\/uploads\\\/2025\\\/02\\\/Picture1.jpg\",\"contentUrl\":\"https:\\\/\\\/www.infotetquebec.com\\\/wp-content\\\/uploads\\\/2025\\\/02\\\/Picture1.jpg\",\"width\":470,\"height\":198},{\"@type\":\"BreadcrumbList\",\"@id\":\"https:\\\/\\\/www.infotetquebec.com\\\/en\\\/temporary-workers-barred-from-public-employment-services\\\/#breadcrumb\",\"itemListElement\":[{\"@type\":\"ListItem\",\"position\":1,\"name\":\"Accueil\",\"item\":\"https:\\\/\\\/www.infotetquebec.com\\\/en\\\/\"},{\"@type\":\"ListItem\",\"position\":2,\"name\":\"Temporary workers barred from public employment services\"}]},{\"@type\":\"WebSite\",\"@id\":\"https:\\\/\\\/www.infotetquebec.com\\\/en\\\/#website\",\"url\":\"https:\\\/\\\/www.infotetquebec.com\\\/en\\\/\",\"name\":\"Infotetquebec\",\"description\":\"Info et soutien aux TET\",\"publisher\":{\"@id\":\"https:\\\/\\\/www.infotetquebec.com\\\/en\\\/#organization\"},\"potentialAction\":[{\"@type\":\"SearchAction\",\"target\":{\"@type\":\"EntryPoint\",\"urlTemplate\":\"https:\\\/\\\/www.infotetquebec.com\\\/en\\\/?s={search_term_string}\"},\"query-input\":{\"@type\":\"PropertyValueSpecification\",\"valueRequired\":true,\"valueName\":\"search_term_string\"}}],\"inLanguage\":\"en-US\"},{\"@type\":\"Organization\",\"@id\":\"https:\\\/\\\/www.infotetquebec.com\\\/en\\\/#organization\",\"name\":\"InfoTETQuebec\",\"url\":\"https:\\\/\\\/www.infotetquebec.com\\\/en\\\/\",\"logo\":{\"@type\":\"ImageObject\",\"inLanguage\":\"en-US\",\"@id\":\"https:\\\/\\\/www.infotetquebec.com\\\/en\\\/#\\\/schema\\\/logo\\\/image\\\/\",\"url\":\"https:\\\/\\\/www.infotetquebec.com\\\/wp-content\\\/uploads\\\/2021\\\/02\\\/cropped-IMQC_TET_Favicon_Fav-Icon_Fav-Icon-1.png\",\"contentUrl\":\"https:\\\/\\\/www.infotetquebec.com\\\/wp-content\\\/uploads\\\/2021\\\/02\\\/cropped-IMQC_TET_Favicon_Fav-Icon_Fav-Icon-1.png\",\"width\":512,\"height\":512,\"caption\":\"InfoTETQuebec\"},\"image\":{\"@id\":\"https:\\\/\\\/www.infotetquebec.com\\\/en\\\/#\\\/schema\\\/logo\\\/image\\\/\"},\"sameAs\":[\"https:\\\/\\\/www.facebook.com\\\/profile.php?id=100089616676260\"]},{\"@type\":\"Person\",\"@id\":\"https:\\\/\\\/www.infotetquebec.com\\\/en\\\/#\\\/schema\\\/person\\\/2e6e3396cc4022408f480098052d9329\",\"name\":\"Francisco Salazar\",\"image\":{\"@type\":\"ImageObject\",\"inLanguage\":\"en-US\",\"@id\":\"https:\\\/\\\/secure.gravatar.com\\\/avatar\\\/817253c5e9df69797a44385a77c231c8e9f92864af0861b091a2081006623cc3?s=96&d=mm&r=g\",\"url\":\"https:\\\/\\\/secure.gravatar.com\\\/avatar\\\/817253c5e9df69797a44385a77c231c8e9f92864af0861b091a2081006623cc3?s=96&d=mm&r=g\",\"contentUrl\":\"https:\\\/\\\/secure.gravatar.com\\\/avatar\\\/817253c5e9df69797a44385a77c231c8e9f92864af0861b091a2081006623cc3?s=96&d=mm&r=g\",\"caption\":\"Francisco Salazar\"},\"description\":\"Superviseur \u00e0 la coordination\",\"url\":\"https:\\\/\\\/www.infotetquebec.com\\\/en\\\/author\\\/francisco-salazarimmigrantquebec-com\\\/\"}]}<\/script>\n<!-- \/ Yoast SEO plugin. -->","yoast_head_json":{"title":"Temporary workers barred from public employment services - Infotetquebec","description":"Temporary workers barred from public employment services","robots":{"index":"index","follow":"follow","max-snippet":"max-snippet:-1","max-image-preview":"max-image-preview:large","max-video-preview":"max-video-preview:-1"},"canonical":"https:\/\/www.infotetquebec.com\/en\/temporary-workers-barred-from-public-employment-services\/","og_locale":"en_US","og_type":"article","og_title":"Temporary workers barred from public employment services - Infotetquebec","og_description":"Temporary workers barred from public employment services","og_url":"https:\/\/www.infotetquebec.com\/en\/temporary-workers-barred-from-public-employment-services\/","og_site_name":"Infotetquebec","article_publisher":"https:\/\/www.facebook.com\/profile.php?id=100089616676260","article_published_time":"2025-02-10T18:33:18+00:00","article_modified_time":"2025-02-10T18:41:59+00:00","og_image":[{"width":470,"height":198,"url":"https:\/\/www.infotetquebec.com\/wp-content\/uploads\/2025\/02\/Picture1.jpg","type":"image\/jpeg"}],"author":"Francisco Salazar","twitter_card":"summary_large_image","twitter_misc":{"Written by":"Francisco Salazar","Est. reading time":"3 minutes"},"schema":{"@context":"https:\/\/schema.org","@graph":[{"@type":"Article","@id":"https:\/\/www.infotetquebec.com\/en\/temporary-workers-barred-from-public-employment-services\/#article","isPartOf":{"@id":"https:\/\/www.infotetquebec.com\/en\/temporary-workers-barred-from-public-employment-services\/"},"author":{"name":"Francisco Salazar","@id":"https:\/\/www.infotetquebec.com\/en\/#\/schema\/person\/2e6e3396cc4022408f480098052d9329"},"headline":"Temporary workers barred from public employment services","datePublished":"2025-02-10T18:33:18+00:00","dateModified":"2025-02-10T18:41:59+00:00","mainEntityOfPage":{"@id":"https:\/\/www.infotetquebec.com\/en\/temporary-workers-barred-from-public-employment-services\/"},"wordCount":629,"publisher":{"@id":"https:\/\/www.infotetquebec.com\/en\/#organization"},"image":{"@id":"https:\/\/www.infotetquebec.com\/en\/temporary-workers-barred-from-public-employment-services\/#primaryimage"},"thumbnailUrl":"https:\/\/www.infotetquebec.com\/wp-content\/uploads\/2025\/02\/Picture1.jpg","articleSection":["Articles"],"inLanguage":"en-US"},{"@type":"WebPage","@id":"https:\/\/www.infotetquebec.com\/en\/temporary-workers-barred-from-public-employment-services\/","url":"https:\/\/www.infotetquebec.com\/en\/temporary-workers-barred-from-public-employment-services\/","name":"Temporary workers barred from public employment services - Infotetquebec","isPartOf":{"@id":"https:\/\/www.infotetquebec.com\/en\/#website"},"primaryImageOfPage":{"@id":"https:\/\/www.infotetquebec.com\/en\/temporary-workers-barred-from-public-employment-services\/#primaryimage"},"image":{"@id":"https:\/\/www.infotetquebec.com\/en\/temporary-workers-barred-from-public-employment-services\/#primaryimage"},"thumbnailUrl":"https:\/\/www.infotetquebec.com\/wp-content\/uploads\/2025\/02\/Picture1.jpg","datePublished":"2025-02-10T18:33:18+00:00","dateModified":"2025-02-10T18:41:59+00:00","description":"Temporary workers barred from public employment services","breadcrumb":{"@id":"https:\/\/www.infotetquebec.com\/en\/temporary-workers-barred-from-public-employment-services\/#breadcrumb"},"inLanguage":"en-US","potentialAction":[{"@type":"ReadAction","target":["https:\/\/www.infotetquebec.com\/en\/temporary-workers-barred-from-public-employment-services\/"]}]},{"@type":"ImageObject","inLanguage":"en-US","@id":"https:\/\/www.infotetquebec.com\/en\/temporary-workers-barred-from-public-employment-services\/#primaryimage","url":"https:\/\/www.infotetquebec.com\/wp-content\/uploads\/2025\/02\/Picture1.jpg","contentUrl":"https:\/\/www.infotetquebec.com\/wp-content\/uploads\/2025\/02\/Picture1.jpg","width":470,"height":198},{"@type":"BreadcrumbList","@id":"https:\/\/www.infotetquebec.com\/en\/temporary-workers-barred-from-public-employment-services\/#breadcrumb","itemListElement":[{"@type":"ListItem","position":1,"name":"Accueil","item":"https:\/\/www.infotetquebec.com\/en\/"},{"@type":"ListItem","position":2,"name":"Temporary workers barred from public employment services"}]},{"@type":"WebSite","@id":"https:\/\/www.infotetquebec.com\/en\/#website","url":"https:\/\/www.infotetquebec.com\/en\/","name":"Infotetquebec","description":"Info et soutien aux TET","publisher":{"@id":"https:\/\/www.infotetquebec.com\/en\/#organization"},"potentialAction":[{"@type":"SearchAction","target":{"@type":"EntryPoint","urlTemplate":"https:\/\/www.infotetquebec.com\/en\/?s={search_term_string}"},"query-input":{"@type":"PropertyValueSpecification","valueRequired":true,"valueName":"search_term_string"}}],"inLanguage":"en-US"},{"@type":"Organization","@id":"https:\/\/www.infotetquebec.com\/en\/#organization","name":"InfoTETQuebec","url":"https:\/\/www.infotetquebec.com\/en\/","logo":{"@type":"ImageObject","inLanguage":"en-US","@id":"https:\/\/www.infotetquebec.com\/en\/#\/schema\/logo\/image\/","url":"https:\/\/www.infotetquebec.com\/wp-content\/uploads\/2021\/02\/cropped-IMQC_TET_Favicon_Fav-Icon_Fav-Icon-1.png","contentUrl":"https:\/\/www.infotetquebec.com\/wp-content\/uploads\/2021\/02\/cropped-IMQC_TET_Favicon_Fav-Icon_Fav-Icon-1.png","width":512,"height":512,"caption":"InfoTETQuebec"},"image":{"@id":"https:\/\/www.infotetquebec.com\/en\/#\/schema\/logo\/image\/"},"sameAs":["https:\/\/www.facebook.com\/profile.php?id=100089616676260"]},{"@type":"Person","@id":"https:\/\/www.infotetquebec.com\/en\/#\/schema\/person\/2e6e3396cc4022408f480098052d9329","name":"Francisco Salazar","image":{"@type":"ImageObject","inLanguage":"en-US","@id":"https:\/\/secure.gravatar.com\/avatar\/817253c5e9df69797a44385a77c231c8e9f92864af0861b091a2081006623cc3?s=96&d=mm&r=g","url":"https:\/\/secure.gravatar.com\/avatar\/817253c5e9df69797a44385a77c231c8e9f92864af0861b091a2081006623cc3?s=96&d=mm&r=g","contentUrl":"https:\/\/secure.gravatar.com\/avatar\/817253c5e9df69797a44385a77c231c8e9f92864af0861b091a2081006623cc3?s=96&d=mm&r=g","caption":"Francisco Salazar"},"description":"Superviseur \u00e0 la coordination","url":"https:\/\/www.infotetquebec.com\/en\/author\/francisco-salazarimmigrantquebec-com\/"}]}},"rttpg_featured_image_url":{"full":["https:\/\/www.infotetquebec.com\/wp-content\/uploads\/2025\/02\/Picture1.jpg",470,198,false],"landscape":["https:\/\/www.infotetquebec.com\/wp-content\/uploads\/2025\/02\/Picture1.jpg",470,198,false],"portraits":["https:\/\/www.infotetquebec.com\/wp-content\/uploads\/2025\/02\/Picture1.jpg",470,198,false],"thumbnail":["https:\/\/www.infotetquebec.com\/wp-content\/uploads\/2025\/02\/Picture1-300x150.jpg",300,150,true],"medium":["https:\/\/www.infotetquebec.com\/wp-content\/uploads\/2025\/02\/Picture1-300x126.jpg",300,126,true],"large":["https:\/\/www.infotetquebec.com\/wp-content\/uploads\/2025\/02\/Picture1.jpg",470,198,false],"1536x1536":["https:\/\/www.infotetquebec.com\/wp-content\/uploads\/2025\/02\/Picture1.jpg",470,198,false],"2048x2048":["https:\/\/www.infotetquebec.com\/wp-content\/uploads\/2025\/02\/Picture1.jpg",470,198,false],"sidebar-featured":["https:\/\/www.infotetquebec.com\/wp-content\/uploads\/2025\/02\/Picture1-75x75.jpg",75,75,true],"genesis-singular-images":["https:\/\/www.infotetquebec.com\/wp-content\/uploads\/2025\/02\/Picture1.jpg",470,198,false]},"rttpg_author":{"display_name":"Francisco Salazar","author_link":"https:\/\/www.infotetquebec.com\/en\/author\/francisco-salazarimmigrantquebec-com\/"},"rttpg_comment":0,"rttpg_category":"<a href=\"https:\/\/www.infotetquebec.com\/en\/articles\/\" rel=\"category tag\">Articles<\/a>","rttpg_excerpt":"Texte: Basile Moratille \/ Translator\u2019s Francisco Salazar Photo: Kateryna Hliznitsova Effective February 1, 2025, temporary foreign workers\u2014as well as the spouses and common-law partners attached to a primary permit\u2014will no... Read more","_links":{"self":[{"href":"https:\/\/www.infotetquebec.com\/en\/wp-json\/wp\/v2\/posts\/18729","targetHints":{"allow":["GET"]}}],"collection":[{"href":"https:\/\/www.infotetquebec.com\/en\/wp-json\/wp\/v2\/posts"}],"about":[{"href":"https:\/\/www.infotetquebec.com\/en\/wp-json\/wp\/v2\/types\/post"}],"author":[{"embeddable":true,"href":"https:\/\/www.infotetquebec.com\/en\/wp-json\/wp\/v2\/users\/17"}],"replies":[{"embeddable":true,"href":"https:\/\/www.infotetquebec.com\/en\/wp-json\/wp\/v2\/comments?post=18729"}],"version-history":[{"count":7,"href":"https:\/\/www.infotetquebec.com\/en\/wp-json\/wp\/v2\/posts\/18729\/revisions"}],"predecessor-version":[{"id":18736,"href":"https:\/\/www.infotetquebec.com\/en\/wp-json\/wp\/v2\/posts\/18729\/revisions\/18736"}],"wp:featuredmedia":[{"embeddable":true,"href":"https:\/\/www.infotetquebec.com\/en\/wp-json\/wp\/v2\/media\/18694"}],"wp:attachment":[{"href":"https:\/\/www.infotetquebec.com\/en\/wp-json\/wp\/v2\/media?parent=18729"}],"wp:term":[{"taxonomy":"category","embeddable":true,"href":"https:\/\/www.infotetquebec.com\/en\/wp-json\/wp\/v2\/categories?post=18729"},{"taxonomy":"post_tag","embeddable":true,"href":"https:\/\/www.infotetquebec.com\/en\/wp-json\/wp\/v2\/tags?post=18729"}],"curies":[{"name":"wp","href":"https:\/\/api.w.org\/{rel}","templated":true}]}}